{"id":4791,"date":"2021-05-04T09:24:16","date_gmt":"2021-05-04T07:24:16","guid":{"rendered":"https:\/\/mhf.ro\/mm\/?p=4791"},"modified":"2021-05-06T12:16:11","modified_gmt":"2021-05-06T10:16:11","slug":"au-inflorit-copacii","status":"publish","type":"post","link":"https:\/\/mhf.ro\/mm\/au-inflorit-copacii\/","title":{"rendered":"A \u00eenflorit natura"},"content":{"rendered":"<blockquote><p>Prim\u0103vara are un farmec aparte. C\u0103ldura readuce natura la via\u021b\u0103, totul \u00eencepe s\u0103 \u00eenverzeasc\u0103.<\/p><\/blockquote>\n<p><a href=\"https:\/\/mhf.ro\/mm\/wp-content\/uploads\/2021\/05\/IMG_20210503_133315-scaled.jpg\"><img decoding=\"async\" class=\"alignnone size-medium wp-image-4793\" src=\"https:\/\/mhf.ro\/mm\/wp-content\/uploads\/2021\/05\/IMG_20210503_133315-300x140.jpg\" alt=\"\" width=\"300\" height=\"140\" \/><\/a><\/p>\n<p>Dar minunea apare c\u00e2nd \u00eencep s\u0103 \u00eenfloreasc\u0103, plantele \u0219i arborii.<\/p>\n<p><a href=\"https:\/\/mhf.ro\/mm\/wp-content\/uploads\/2021\/05\/IMG_20210503_133512-scaled.jpg\"><img decoding=\"async\" class=\"alignnone size-medium wp-image-4794\" src=\"https:\/\/mhf.ro\/mm\/wp-content\/uploads\/2021\/05\/IMG_20210503_133512-300x140.jpg\" alt=\"\" width=\"300\" height=\"140\" \/><\/a><\/p>\n<p>Insectele adun\u0103 nectarul florilor f\u0103c\u00e2nd polenizarea, f\u0103r\u0103 de care \u00eens\u0103\u0219i omul ar dispare.<\/p>\n<p><a href=\"https:\/\/mhf.ro\/mm\/wp-content\/uploads\/2021\/05\/IMG_20210503_142843-scaled.jpg\"><img decoding=\"async\" class=\"alignnone size-medium wp-image-4795\" src=\"https:\/\/mhf.ro\/mm\/wp-content\/uploads\/2021\/05\/IMG_20210503_142843-300x140.jpg\" alt=\"\" width=\"300\" height=\"140\" \/><\/a><\/p>\n<h4 style=\"text-align: center;\"><a href=\"https:\/\/riz.ro\/hw\/site.html\">Site-ul pentru afacerea ta<\/a><\/h4>\n<p>&nbsp;<\/p>\n","protected":false},"excerpt":{"rendered":"<p>Prim\u0103vara are un farmec aparte. C\u0103ldura readuce natura la via\u021b\u0103, totul \u00eencepe s\u0103 \u00eenverzeasc\u0103. Dar minunea apare c\u00e2nd \u00eencep s\u0103<\/p>\n","protected":false},"author":1,"featured_media":4792,"comment_status":"open","ping_status":"open","sticky":false,"template":"","format":"standard","meta":{"colormag_page_container_layout":"default_layout","colormag_page_sidebar_layout":"default_layout","footnotes":""},"categories":[7],"tags":[],"class_list":["post-4791","post","type-post","status-publish","format-standard","has-post-thumbnail","hentry","category-nat"],"yoast_head":"<!-- This site is optimized with the Yoast SEO plugin v27.0 - https:\/\/yoast.com\/product\/yoast-seo-wordpress\/ -->\n<title>A \u00eenflorit natura - MHF Photography<\/title>\n<meta name=\"description\" content=\"Drumetie spre Baile Romane de langa Cetea. Prim\u0103vara are un farmec aparte. C\u0103ldura readuce natura la via\u021b\u0103, totul \u00eencepe s\u0103 \u00eenverzeasc\u0103.\" \/>\n<meta name=\"robots\" content=\"index, follow, max-snippet:-1, max-image-preview:large, max-video-preview:-1\" \/>\n<link rel=\"canonical\" href=\"https:\/\/mhf.ro\/mm\/au-inflorit-copacii\/\" \/>\n<meta property=\"og:locale\" content=\"ro_RO\" \/>\n<meta property=\"og:type\" content=\"article\" \/>\n<meta property=\"og:title\" content=\"A \u00eenflorit natura - MHF Photography\" \/>\n<meta property=\"og:description\" content=\"Drumetie spre Baile Romane de langa Cetea. Prim\u0103vara are un farmec aparte. C\u0103ldura readuce natura la via\u021b\u0103, totul \u00eencepe s\u0103 \u00eenverzeasc\u0103.\" \/>\n<meta property=\"og:url\" content=\"https:\/\/mhf.ro\/mm\/au-inflorit-copacii\/\" \/>\n<meta property=\"og:site_name\" content=\"MHF Photography\" \/>\n<meta property=\"article:published_time\" content=\"2021-05-04T07:24:16+00:00\" \/>\n<meta property=\"article:modified_time\" content=\"2021-05-06T10:16:11+00:00\" \/>\n<meta property=\"og:image\" content=\"https:\/\/mhf.ro\/mm\/wp-content\/uploads\/2021\/05\/IMG_20210503_145312-scaled.jpg\" \/>\n\t<meta property=\"og:image:width\" content=\"2560\" \/>\n\t<meta property=\"og:image:height\" content=\"1198\" \/>\n\t<meta property=\"og:image:type\" content=\"image\/jpeg\" \/>\n<meta name=\"author\" content=\"Marius Marcu\" \/>\n<meta name=\"twitter:card\" content=\"summary_large_image\" \/>\n<meta name=\"twitter:label1\" content=\"Scris de\" \/>\n\t<meta name=\"twitter:data1\" content=\"Marius Marcu\" \/>\n\t<meta name=\"twitter:label2\" content=\"Timp estimat pentru citire\" \/>\n\t<meta name=\"twitter:data2\" content=\"1 minut\" \/>\n<script type=\"application\/ld+json\" class=\"yoast-schema-graph\">{\"@context\":\"https:\/\/schema.org\",\"@graph\":[{\"@type\":\"Article\",\"@id\":\"https:\/\/mhf.ro\/mm\/au-inflorit-copacii\/#article\",\"isPartOf\":{\"@id\":\"https:\/\/mhf.ro\/mm\/au-inflorit-copacii\/\"},\"author\":{\"name\":\"Marius Marcu\",\"@id\":\"https:\/\/mhf.ro\/mm\/#\/schema\/person\/a3bebf7bdb4bf12f698aff73c7e46c21\"},\"headline\":\"A \u00eenflorit natura\",\"datePublished\":\"2021-05-04T07:24:16+00:00\",\"dateModified\":\"2021-05-06T10:16:11+00:00\",\"mainEntityOfPage\":{\"@id\":\"https:\/\/mhf.ro\/mm\/au-inflorit-copacii\/\"},\"wordCount\":52,\"commentCount\":0,\"publisher\":{\"@id\":\"https:\/\/mhf.ro\/mm\/#\/schema\/person\/a3bebf7bdb4bf12f698aff73c7e46c21\"},\"image\":{\"@id\":\"https:\/\/mhf.ro\/mm\/au-inflorit-copacii\/#primaryimage\"},\"thumbnailUrl\":\"https:\/\/mhf.ro\/mm\/wp-content\/uploads\/2021\/05\/IMG_20210503_145312-scaled.jpg\",\"articleSection\":[\"Natura\"],\"inLanguage\":\"ro-RO\",\"potentialAction\":[{\"@type\":\"CommentAction\",\"name\":\"Comment\",\"target\":[\"https:\/\/mhf.ro\/mm\/au-inflorit-copacii\/#respond\"]}]},{\"@type\":\"WebPage\",\"@id\":\"https:\/\/mhf.ro\/mm\/au-inflorit-copacii\/\",\"url\":\"https:\/\/mhf.ro\/mm\/au-inflorit-copacii\/\",\"name\":\"A \u00eenflorit natura - MHF Photography\",\"isPartOf\":{\"@id\":\"https:\/\/mhf.ro\/mm\/#website\"},\"primaryImageOfPage\":{\"@id\":\"https:\/\/mhf.ro\/mm\/au-inflorit-copacii\/#primaryimage\"},\"image\":{\"@id\":\"https:\/\/mhf.ro\/mm\/au-inflorit-copacii\/#primaryimage\"},\"thumbnailUrl\":\"https:\/\/mhf.ro\/mm\/wp-content\/uploads\/2021\/05\/IMG_20210503_145312-scaled.jpg\",\"datePublished\":\"2021-05-04T07:24:16+00:00\",\"dateModified\":\"2021-05-06T10:16:11+00:00\",\"description\":\"Drumetie spre Baile Romane de langa Cetea. Prim\u0103vara are un farmec aparte. C\u0103ldura readuce natura la via\u021b\u0103, totul \u00eencepe s\u0103 \u00eenverzeasc\u0103.\",\"breadcrumb\":{\"@id\":\"https:\/\/mhf.ro\/mm\/au-inflorit-copacii\/#breadcrumb\"},\"inLanguage\":\"ro-RO\",\"potentialAction\":[{\"@type\":\"ReadAction\",\"target\":[\"https:\/\/mhf.ro\/mm\/au-inflorit-copacii\/\"]}]},{\"@type\":\"ImageObject\",\"inLanguage\":\"ro-RO\",\"@id\":\"https:\/\/mhf.ro\/mm\/au-inflorit-copacii\/#primaryimage\",\"url\":\"https:\/\/mhf.ro\/mm\/wp-content\/uploads\/2021\/05\/IMG_20210503_145312-scaled.jpg\",\"contentUrl\":\"https:\/\/mhf.ro\/mm\/wp-content\/uploads\/2021\/05\/IMG_20210503_145312-scaled.jpg\",\"width\":2560,\"height\":1198},{\"@type\":\"BreadcrumbList\",\"@id\":\"https:\/\/mhf.ro\/mm\/au-inflorit-copacii\/#breadcrumb\",\"itemListElement\":[{\"@type\":\"ListItem\",\"position\":1,\"name\":\"Prima pagin\u0103\",\"item\":\"https:\/\/mhf.ro\/mm\/\"},{\"@type\":\"ListItem\",\"position\":2,\"name\":\"A \u00eenflorit natura\"}]},{\"@type\":\"WebSite\",\"@id\":\"https:\/\/mhf.ro\/mm\/#website\",\"url\":\"https:\/\/mhf.ro\/mm\/\",\"name\":\"MHF Photography \u2013 Blog de fotografie, natur\u0103 \u0219i tehnic\u0103 divers\u0103\",\"description\":\"Aventur\u0103 \u00een fiecare cadru.\",\"publisher\":{\"@id\":\"https:\/\/mhf.ro\/mm\/#\/schema\/person\/a3bebf7bdb4bf12f698aff73c7e46c21\"},\"potentialAction\":[{\"@type\":\"SearchAction\",\"target\":{\"@type\":\"EntryPoint\",\"urlTemplate\":\"https:\/\/mhf.ro\/mm\/?s={search_term_string}\"},\"query-input\":{\"@type\":\"PropertyValueSpecification\",\"valueRequired\":true,\"valueName\":\"search_term_string\"}}],\"inLanguage\":\"ro-RO\"},{\"@type\":[\"Person\",\"Organization\"],\"@id\":\"https:\/\/mhf.ro\/mm\/#\/schema\/person\/a3bebf7bdb4bf12f698aff73c7e46c21\",\"name\":\"Marius Marcu\",\"image\":{\"@type\":\"ImageObject\",\"inLanguage\":\"ro-RO\",\"@id\":\"https:\/\/mhf.ro\/mm\/#\/schema\/person\/image\/\",\"url\":\"https:\/\/mhf.ro\/mm\/wp-content\/uploads\/2025\/12\/cropped-logo_mhf_2.png\",\"contentUrl\":\"https:\/\/mhf.ro\/mm\/wp-content\/uploads\/2025\/12\/cropped-logo_mhf_2.png\",\"width\":1096,\"height\":457,\"caption\":\"Marius Marcu\"},\"logo\":{\"@id\":\"https:\/\/mhf.ro\/mm\/#\/schema\/person\/image\/\"},\"sameAs\":[\"https:\/\/mhf.ro\/mm\"],\"url\":\"https:\/\/mhf.ro\/mm\/author\/mihai\/\"}]}<\/script>\n<!-- \/ Yoast SEO plugin. -->","yoast_head_json":{"title":"A \u00eenflorit natura - MHF Photography","description":"Drumetie spre Baile Romane de langa Cetea. Prim\u0103vara are un farmec aparte. C\u0103ldura readuce natura la via\u021b\u0103, totul \u00eencepe s\u0103 \u00eenverzeasc\u0103.","robots":{"index":"index","follow":"follow","max-snippet":"max-snippet:-1","max-image-preview":"max-image-preview:large","max-video-preview":"max-video-preview:-1"},"canonical":"https:\/\/mhf.ro\/mm\/au-inflorit-copacii\/","og_locale":"ro_RO","og_type":"article","og_title":"A \u00eenflorit natura - MHF Photography","og_description":"Drumetie spre Baile Romane de langa Cetea. Prim\u0103vara are un farmec aparte. C\u0103ldura readuce natura la via\u021b\u0103, totul \u00eencepe s\u0103 \u00eenverzeasc\u0103.","og_url":"https:\/\/mhf.ro\/mm\/au-inflorit-copacii\/","og_site_name":"MHF Photography","article_published_time":"2021-05-04T07:24:16+00:00","article_modified_time":"2021-05-06T10:16:11+00:00","og_image":[{"width":2560,"height":1198,"url":"https:\/\/mhf.ro\/mm\/wp-content\/uploads\/2021\/05\/IMG_20210503_145312-scaled.jpg","type":"image\/jpeg"}],"author":"Marius Marcu","twitter_card":"summary_large_image","twitter_misc":{"Scris de":"Marius Marcu","Timp estimat pentru citire":"1 minut"},"schema":{"@context":"https:\/\/schema.org","@graph":[{"@type":"Article","@id":"https:\/\/mhf.ro\/mm\/au-inflorit-copacii\/#article","isPartOf":{"@id":"https:\/\/mhf.ro\/mm\/au-inflorit-copacii\/"},"author":{"name":"Marius Marcu","@id":"https:\/\/mhf.ro\/mm\/#\/schema\/person\/a3bebf7bdb4bf12f698aff73c7e46c21"},"headline":"A \u00eenflorit natura","datePublished":"2021-05-04T07:24:16+00:00","dateModified":"2021-05-06T10:16:11+00:00","mainEntityOfPage":{"@id":"https:\/\/mhf.ro\/mm\/au-inflorit-copacii\/"},"wordCount":52,"commentCount":0,"publisher":{"@id":"https:\/\/mhf.ro\/mm\/#\/schema\/person\/a3bebf7bdb4bf12f698aff73c7e46c21"},"image":{"@id":"https:\/\/mhf.ro\/mm\/au-inflorit-copacii\/#primaryimage"},"thumbnailUrl":"https:\/\/mhf.ro\/mm\/wp-content\/uploads\/2021\/05\/IMG_20210503_145312-scaled.jpg","articleSection":["Natura"],"inLanguage":"ro-RO","potentialAction":[{"@type":"CommentAction","name":"Comment","target":["https:\/\/mhf.ro\/mm\/au-inflorit-copacii\/#respond"]}]},{"@type":"WebPage","@id":"https:\/\/mhf.ro\/mm\/au-inflorit-copacii\/","url":"https:\/\/mhf.ro\/mm\/au-inflorit-copacii\/","name":"A \u00eenflorit natura - MHF Photography","isPartOf":{"@id":"https:\/\/mhf.ro\/mm\/#website"},"primaryImageOfPage":{"@id":"https:\/\/mhf.ro\/mm\/au-inflorit-copacii\/#primaryimage"},"image":{"@id":"https:\/\/mhf.ro\/mm\/au-inflorit-copacii\/#primaryimage"},"thumbnailUrl":"https:\/\/mhf.ro\/mm\/wp-content\/uploads\/2021\/05\/IMG_20210503_145312-scaled.jpg","datePublished":"2021-05-04T07:24:16+00:00","dateModified":"2021-05-06T10:16:11+00:00","description":"Drumetie spre Baile Romane de langa Cetea. Prim\u0103vara are un farmec aparte. C\u0103ldura readuce natura la via\u021b\u0103, totul \u00eencepe s\u0103 \u00eenverzeasc\u0103.","breadcrumb":{"@id":"https:\/\/mhf.ro\/mm\/au-inflorit-copacii\/#breadcrumb"},"inLanguage":"ro-RO","potentialAction":[{"@type":"ReadAction","target":["https:\/\/mhf.ro\/mm\/au-inflorit-copacii\/"]}]},{"@type":"ImageObject","inLanguage":"ro-RO","@id":"https:\/\/mhf.ro\/mm\/au-inflorit-copacii\/#primaryimage","url":"https:\/\/mhf.ro\/mm\/wp-content\/uploads\/2021\/05\/IMG_20210503_145312-scaled.jpg","contentUrl":"https:\/\/mhf.ro\/mm\/wp-content\/uploads\/2021\/05\/IMG_20210503_145312-scaled.jpg","width":2560,"height":1198},{"@type":"BreadcrumbList","@id":"https:\/\/mhf.ro\/mm\/au-inflorit-copacii\/#breadcrumb","itemListElement":[{"@type":"ListItem","position":1,"name":"Prima pagin\u0103","item":"https:\/\/mhf.ro\/mm\/"},{"@type":"ListItem","position":2,"name":"A \u00eenflorit natura"}]},{"@type":"WebSite","@id":"https:\/\/mhf.ro\/mm\/#website","url":"https:\/\/mhf.ro\/mm\/","name":"MHF Photography \u2013 Blog de fotografie, natur\u0103 \u0219i tehnic\u0103 divers\u0103","description":"Aventur\u0103 \u00een fiecare cadru.","publisher":{"@id":"https:\/\/mhf.ro\/mm\/#\/schema\/person\/a3bebf7bdb4bf12f698aff73c7e46c21"},"potentialAction":[{"@type":"SearchAction","target":{"@type":"EntryPoint","urlTemplate":"https:\/\/mhf.ro\/mm\/?s={search_term_string}"},"query-input":{"@type":"PropertyValueSpecification","valueRequired":true,"valueName":"search_term_string"}}],"inLanguage":"ro-RO"},{"@type":["Person","Organization"],"@id":"https:\/\/mhf.ro\/mm\/#\/schema\/person\/a3bebf7bdb4bf12f698aff73c7e46c21","name":"Marius Marcu","image":{"@type":"ImageObject","inLanguage":"ro-RO","@id":"https:\/\/mhf.ro\/mm\/#\/schema\/person\/image\/","url":"https:\/\/mhf.ro\/mm\/wp-content\/uploads\/2025\/12\/cropped-logo_mhf_2.png","contentUrl":"https:\/\/mhf.ro\/mm\/wp-content\/uploads\/2025\/12\/cropped-logo_mhf_2.png","width":1096,"height":457,"caption":"Marius Marcu"},"logo":{"@id":"https:\/\/mhf.ro\/mm\/#\/schema\/person\/image\/"},"sameAs":["https:\/\/mhf.ro\/mm"],"url":"https:\/\/mhf.ro\/mm\/author\/mihai\/"}]}},"_links":{"self":[{"href":"https:\/\/mhf.ro\/mm\/wp-json\/wp\/v2\/posts\/4791","targetHints":{"allow":["GET"]}}],"collection":[{"href":"https:\/\/mhf.ro\/mm\/wp-json\/wp\/v2\/posts"}],"about":[{"href":"https:\/\/mhf.ro\/mm\/wp-json\/wp\/v2\/types\/post"}],"author":[{"embeddable":true,"href":"https:\/\/mhf.ro\/mm\/wp-json\/wp\/v2\/users\/1"}],"replies":[{"embeddable":true,"href":"https:\/\/mhf.ro\/mm\/wp-json\/wp\/v2\/comments?post=4791"}],"version-history":[{"count":4,"href":"https:\/\/mhf.ro\/mm\/wp-json\/wp\/v2\/posts\/4791\/revisions"}],"predecessor-version":[{"id":4802,"href":"https:\/\/mhf.ro\/mm\/wp-json\/wp\/v2\/posts\/4791\/revisions\/4802"}],"wp:featuredmedia":[{"embeddable":true,"href":"https:\/\/mhf.ro\/mm\/wp-json\/wp\/v2\/media\/4792"}],"wp:attachment":[{"href":"https:\/\/mhf.ro\/mm\/wp-json\/wp\/v2\/media?parent=4791"}],"wp:term":[{"taxonomy":"category","embeddable":true,"href":"https:\/\/mhf.ro\/mm\/wp-json\/wp\/v2\/categories?post=4791"},{"taxonomy":"post_tag","embeddable":true,"href":"https:\/\/mhf.ro\/mm\/wp-json\/wp\/v2\/tags?post=4791"}],"curies":[{"name":"wp","href":"https:\/\/api.w.org\/{rel}","templated":true}]}}