{"id":4798,"date":"2021-05-06T12:13:05","date_gmt":"2021-05-06T10:13:05","guid":{"rendered":"https:\/\/mhf.ro\/mm\/?p=4798"},"modified":"2021-05-06T12:13:05","modified_gmt":"2021-05-06T10:13:05","slug":"privilegiile-pentru-persoanele-vaccinate-nu-sunt-justificate","status":"publish","type":"post","link":"https:\/\/mhf.ro\/mm\/privilegiile-pentru-persoanele-vaccinate-nu-sunt-justificate\/","title":{"rendered":"Privilegiile pentru persoanele vaccinate nu sunt justificate"},"content":{"rendered":"<p><strong>Potrivit RealitateaPlus, Carmen T\u0103nase, cunoscuta actri\u021b\u0103 a Teatrului Odeon este de p\u0103rere c\u0103 m\u0103surile acordate cet\u0103\u021benilor care s-au vaccinat anti-covid sunt\u00a0 discriminatorii. <\/strong><\/p>\n<p>Aceasta sus\u021bine c\u0103 aceste privilegii nu sunt justificate \u0219i c\u0103 fiecare este liber s\u0103 decid\u0103 singur pentru soarta lui.<\/p>\n<p>\u201eDup\u0103 p\u0103rerea mea umil\u0103, de nespecialist, este u\u0219or grotesc ceea ce se \u00eent\u00e2mpl\u0103. Consider c\u0103 fiecare om trebuie l\u0103sat \u00een pace \u0219i s\u0103 stea \u00een puterea lui s\u0103 decid\u0103 ceea ce face cu\u00a0corpul s\u0103u. Sloganul acesta care se tot \u00eenv\u00e2rte, \u201cLibertatea ta se opre\u0219te atunci c\u00e2nd \u00eemi \u00eencalc\u0103 libertatea mea\u201d deja a devenit un cli\u0219eu. Nu, libertatea mea, libertatea ta \u0219i a oricui nu se opre\u0219te deloc. Este libertatea mea s\u0103 decid dac\u0103 fac ceva sau nu cu propriul meu corp. (\u2026) Ai dreptul s\u0103 po\u021bi face tot ceea ce fac ceilal\u021bi. (\u2026) Cei care nu sunt l\u0103sa\u021bi s\u0103 participe la anumite lucruri ale societ\u0103\u021bii s\u0103 fie scuti\u021bi de plata taxelor \u0219i impozitelor. Ce p\u0103rere ave\u021bi? S\u0103 nu ias\u0103 la vot, de exemplu. Cum ar fi s\u0103 fie campanie electoral\u0103 \u0219i s\u0103 se mearg\u0103 la alegeri. Ar merge doar vaccina\u021bii?<\/p>\n<p>(\u2026) Am putea s\u0103 facem un lucru de bun-sim\u021b, adic\u0103 s\u0103 l\u0103s\u0103m oamenii \u00een pace s\u0103 hot\u0103rasc\u0103 singuri ce au de f\u0103cut. P\u00e2n\u0103 acum nu ne-a dus nimeni de m\u00e2n\u0103, slav\u0103 Domnului, nu a murit nimeni de grij\u0103 p\u00e2n\u0103 acum.\u201d, a declarat aceasta. (Conf Jurnalist.ro)<\/p>\n","protected":false},"excerpt":{"rendered":"<p>Potrivit RealitateaPlus, Carmen T\u0103nase, cunoscuta actri\u021b\u0103 a Teatrului Odeon este de p\u0103rere c\u0103 m\u0103surile acordate cet\u0103\u021benilor care s-au vaccinat anti-covid<\/p>\n","protected":false},"author":1,"featured_media":4799,"comment_status":"open","ping_status":"open","sticky":false,"template":"","format":"standard","meta":{"colormag_page_container_layout":"default_layout","colormag_page_sidebar_layout":"default_layout","footnotes":""},"categories":[5],"tags":[],"class_list":["post-4798","post","type-post","status-publish","format-standard","has-post-thumbnail","hentry","category-locale"],"yoast_head":"<!-- This site is optimized with the Yoast SEO plugin v27.0 - https:\/\/yoast.com\/product\/yoast-seo-wordpress\/ -->\n<title>Privilegiile pentru persoanele vaccinate nu sunt justificate - MHF Photography<\/title>\n<meta name=\"robots\" content=\"index, follow, max-snippet:-1, max-image-preview:large, max-video-preview:-1\" \/>\n<link rel=\"canonical\" href=\"https:\/\/mhf.ro\/mm\/privilegiile-pentru-persoanele-vaccinate-nu-sunt-justificate\/\" \/>\n<meta property=\"og:locale\" content=\"ro_RO\" \/>\n<meta property=\"og:type\" content=\"article\" \/>\n<meta property=\"og:title\" content=\"Privilegiile pentru persoanele vaccinate nu sunt justificate - MHF Photography\" \/>\n<meta property=\"og:description\" content=\"Potrivit RealitateaPlus, Carmen T\u0103nase, cunoscuta actri\u021b\u0103 a Teatrului Odeon este de p\u0103rere c\u0103 m\u0103surile acordate cet\u0103\u021benilor care s-au vaccinat anti-covid\" \/>\n<meta property=\"og:url\" content=\"https:\/\/mhf.ro\/mm\/privilegiile-pentru-persoanele-vaccinate-nu-sunt-justificate\/\" \/>\n<meta property=\"og:site_name\" content=\"MHF Photography\" \/>\n<meta property=\"article:published_time\" content=\"2021-05-06T10:13:05+00:00\" \/>\n<meta property=\"og:image\" content=\"https:\/\/mhf.ro\/mm\/wp-content\/uploads\/2021\/05\/Carmen-Tanase.jpg\" \/>\n\t<meta property=\"og:image:width\" content=\"413\" \/>\n\t<meta property=\"og:image:height\" content=\"310\" \/>\n\t<meta property=\"og:image:type\" content=\"image\/jpeg\" \/>\n<meta name=\"author\" content=\"Marius Marcu\" \/>\n<meta name=\"twitter:card\" content=\"summary_large_image\" \/>\n<meta name=\"twitter:label1\" content=\"Scris de\" \/>\n\t<meta name=\"twitter:data1\" content=\"Marius Marcu\" \/>\n\t<meta name=\"twitter:label2\" content=\"Timp estimat pentru citire\" \/>\n\t<meta name=\"twitter:data2\" content=\"1 minut\" \/>\n<script type=\"application\/ld+json\" class=\"yoast-schema-graph\">{\"@context\":\"https:\/\/schema.org\",\"@graph\":[{\"@type\":\"Article\",\"@id\":\"https:\/\/mhf.ro\/mm\/privilegiile-pentru-persoanele-vaccinate-nu-sunt-justificate\/#article\",\"isPartOf\":{\"@id\":\"https:\/\/mhf.ro\/mm\/privilegiile-pentru-persoanele-vaccinate-nu-sunt-justificate\/\"},\"author\":{\"name\":\"Marius Marcu\",\"@id\":\"https:\/\/mhf.ro\/mm\/#\/schema\/person\/a3bebf7bdb4bf12f698aff73c7e46c21\"},\"headline\":\"Privilegiile pentru persoanele vaccinate nu sunt justificate\",\"datePublished\":\"2021-05-06T10:13:05+00:00\",\"mainEntityOfPage\":{\"@id\":\"https:\/\/mhf.ro\/mm\/privilegiile-pentru-persoanele-vaccinate-nu-sunt-justificate\/\"},\"wordCount\":263,\"commentCount\":0,\"publisher\":{\"@id\":\"https:\/\/mhf.ro\/mm\/#\/schema\/person\/a3bebf7bdb4bf12f698aff73c7e46c21\"},\"image\":{\"@id\":\"https:\/\/mhf.ro\/mm\/privilegiile-pentru-persoanele-vaccinate-nu-sunt-justificate\/#primaryimage\"},\"thumbnailUrl\":\"https:\/\/mhf.ro\/mm\/wp-content\/uploads\/2021\/05\/Carmen-Tanase.jpg\",\"articleSection\":[\"Locale\"],\"inLanguage\":\"ro-RO\",\"potentialAction\":[{\"@type\":\"CommentAction\",\"name\":\"Comment\",\"target\":[\"https:\/\/mhf.ro\/mm\/privilegiile-pentru-persoanele-vaccinate-nu-sunt-justificate\/#respond\"]}]},{\"@type\":\"WebPage\",\"@id\":\"https:\/\/mhf.ro\/mm\/privilegiile-pentru-persoanele-vaccinate-nu-sunt-justificate\/\",\"url\":\"https:\/\/mhf.ro\/mm\/privilegiile-pentru-persoanele-vaccinate-nu-sunt-justificate\/\",\"name\":\"Privilegiile pentru persoanele vaccinate nu sunt justificate - MHF Photography\",\"isPartOf\":{\"@id\":\"https:\/\/mhf.ro\/mm\/#website\"},\"primaryImageOfPage\":{\"@id\":\"https:\/\/mhf.ro\/mm\/privilegiile-pentru-persoanele-vaccinate-nu-sunt-justificate\/#primaryimage\"},\"image\":{\"@id\":\"https:\/\/mhf.ro\/mm\/privilegiile-pentru-persoanele-vaccinate-nu-sunt-justificate\/#primaryimage\"},\"thumbnailUrl\":\"https:\/\/mhf.ro\/mm\/wp-content\/uploads\/2021\/05\/Carmen-Tanase.jpg\",\"datePublished\":\"2021-05-06T10:13:05+00:00\",\"breadcrumb\":{\"@id\":\"https:\/\/mhf.ro\/mm\/privilegiile-pentru-persoanele-vaccinate-nu-sunt-justificate\/#breadcrumb\"},\"inLanguage\":\"ro-RO\",\"potentialAction\":[{\"@type\":\"ReadAction\",\"target\":[\"https:\/\/mhf.ro\/mm\/privilegiile-pentru-persoanele-vaccinate-nu-sunt-justificate\/\"]}]},{\"@type\":\"ImageObject\",\"inLanguage\":\"ro-RO\",\"@id\":\"https:\/\/mhf.ro\/mm\/privilegiile-pentru-persoanele-vaccinate-nu-sunt-justificate\/#primaryimage\",\"url\":\"https:\/\/mhf.ro\/mm\/wp-content\/uploads\/2021\/05\/Carmen-Tanase.jpg\",\"contentUrl\":\"https:\/\/mhf.ro\/mm\/wp-content\/uploads\/2021\/05\/Carmen-Tanase.jpg\",\"width\":413,\"height\":310},{\"@type\":\"BreadcrumbList\",\"@id\":\"https:\/\/mhf.ro\/mm\/privilegiile-pentru-persoanele-vaccinate-nu-sunt-justificate\/#breadcrumb\",\"itemListElement\":[{\"@type\":\"ListItem\",\"position\":1,\"name\":\"Prima pagin\u0103\",\"item\":\"https:\/\/mhf.ro\/mm\/\"},{\"@type\":\"ListItem\",\"position\":2,\"name\":\"Privilegiile pentru persoanele vaccinate nu sunt justificate\"}]},{\"@type\":\"WebSite\",\"@id\":\"https:\/\/mhf.ro\/mm\/#website\",\"url\":\"https:\/\/mhf.ro\/mm\/\",\"name\":\"MHF Photography \u2013 Blog de fotografie, natur\u0103 \u0219i tehnic\u0103 divers\u0103\",\"description\":\"Aventur\u0103 \u00een fiecare cadru.\",\"publisher\":{\"@id\":\"https:\/\/mhf.ro\/mm\/#\/schema\/person\/a3bebf7bdb4bf12f698aff73c7e46c21\"},\"potentialAction\":[{\"@type\":\"SearchAction\",\"target\":{\"@type\":\"EntryPoint\",\"urlTemplate\":\"https:\/\/mhf.ro\/mm\/?s={search_term_string}\"},\"query-input\":{\"@type\":\"PropertyValueSpecification\",\"valueRequired\":true,\"valueName\":\"search_term_string\"}}],\"inLanguage\":\"ro-RO\"},{\"@type\":[\"Person\",\"Organization\"],\"@id\":\"https:\/\/mhf.ro\/mm\/#\/schema\/person\/a3bebf7bdb4bf12f698aff73c7e46c21\",\"name\":\"Marius Marcu\",\"image\":{\"@type\":\"ImageObject\",\"inLanguage\":\"ro-RO\",\"@id\":\"https:\/\/mhf.ro\/mm\/#\/schema\/person\/image\/\",\"url\":\"https:\/\/mhf.ro\/mm\/wp-content\/uploads\/2025\/12\/cropped-logo_mhf_2.png\",\"contentUrl\":\"https:\/\/mhf.ro\/mm\/wp-content\/uploads\/2025\/12\/cropped-logo_mhf_2.png\",\"width\":1096,\"height\":457,\"caption\":\"Marius Marcu\"},\"logo\":{\"@id\":\"https:\/\/mhf.ro\/mm\/#\/schema\/person\/image\/\"},\"sameAs\":[\"https:\/\/mhf.ro\/mm\"],\"url\":\"https:\/\/mhf.ro\/mm\/author\/mihai\/\"}]}<\/script>\n<!-- \/ Yoast SEO plugin. -->","yoast_head_json":{"title":"Privilegiile pentru persoanele vaccinate nu sunt justificate - MHF Photography","robots":{"index":"index","follow":"follow","max-snippet":"max-snippet:-1","max-image-preview":"max-image-preview:large","max-video-preview":"max-video-preview:-1"},"canonical":"https:\/\/mhf.ro\/mm\/privilegiile-pentru-persoanele-vaccinate-nu-sunt-justificate\/","og_locale":"ro_RO","og_type":"article","og_title":"Privilegiile pentru persoanele vaccinate nu sunt justificate - MHF Photography","og_description":"Potrivit RealitateaPlus, Carmen T\u0103nase, cunoscuta actri\u021b\u0103 a Teatrului Odeon este de p\u0103rere c\u0103 m\u0103surile acordate cet\u0103\u021benilor care s-au vaccinat anti-covid","og_url":"https:\/\/mhf.ro\/mm\/privilegiile-pentru-persoanele-vaccinate-nu-sunt-justificate\/","og_site_name":"MHF Photography","article_published_time":"2021-05-06T10:13:05+00:00","og_image":[{"width":413,"height":310,"url":"https:\/\/mhf.ro\/mm\/wp-content\/uploads\/2021\/05\/Carmen-Tanase.jpg","type":"image\/jpeg"}],"author":"Marius Marcu","twitter_card":"summary_large_image","twitter_misc":{"Scris de":"Marius Marcu","Timp estimat pentru citire":"1 minut"},"schema":{"@context":"https:\/\/schema.org","@graph":[{"@type":"Article","@id":"https:\/\/mhf.ro\/mm\/privilegiile-pentru-persoanele-vaccinate-nu-sunt-justificate\/#article","isPartOf":{"@id":"https:\/\/mhf.ro\/mm\/privilegiile-pentru-persoanele-vaccinate-nu-sunt-justificate\/"},"author":{"name":"Marius Marcu","@id":"https:\/\/mhf.ro\/mm\/#\/schema\/person\/a3bebf7bdb4bf12f698aff73c7e46c21"},"headline":"Privilegiile pentru persoanele vaccinate nu sunt justificate","datePublished":"2021-05-06T10:13:05+00:00","mainEntityOfPage":{"@id":"https:\/\/mhf.ro\/mm\/privilegiile-pentru-persoanele-vaccinate-nu-sunt-justificate\/"},"wordCount":263,"commentCount":0,"publisher":{"@id":"https:\/\/mhf.ro\/mm\/#\/schema\/person\/a3bebf7bdb4bf12f698aff73c7e46c21"},"image":{"@id":"https:\/\/mhf.ro\/mm\/privilegiile-pentru-persoanele-vaccinate-nu-sunt-justificate\/#primaryimage"},"thumbnailUrl":"https:\/\/mhf.ro\/mm\/wp-content\/uploads\/2021\/05\/Carmen-Tanase.jpg","articleSection":["Locale"],"inLanguage":"ro-RO","potentialAction":[{"@type":"CommentAction","name":"Comment","target":["https:\/\/mhf.ro\/mm\/privilegiile-pentru-persoanele-vaccinate-nu-sunt-justificate\/#respond"]}]},{"@type":"WebPage","@id":"https:\/\/mhf.ro\/mm\/privilegiile-pentru-persoanele-vaccinate-nu-sunt-justificate\/","url":"https:\/\/mhf.ro\/mm\/privilegiile-pentru-persoanele-vaccinate-nu-sunt-justificate\/","name":"Privilegiile pentru persoanele vaccinate nu sunt justificate - MHF Photography","isPartOf":{"@id":"https:\/\/mhf.ro\/mm\/#website"},"primaryImageOfPage":{"@id":"https:\/\/mhf.ro\/mm\/privilegiile-pentru-persoanele-vaccinate-nu-sunt-justificate\/#primaryimage"},"image":{"@id":"https:\/\/mhf.ro\/mm\/privilegiile-pentru-persoanele-vaccinate-nu-sunt-justificate\/#primaryimage"},"thumbnailUrl":"https:\/\/mhf.ro\/mm\/wp-content\/uploads\/2021\/05\/Carmen-Tanase.jpg","datePublished":"2021-05-06T10:13:05+00:00","breadcrumb":{"@id":"https:\/\/mhf.ro\/mm\/privilegiile-pentru-persoanele-vaccinate-nu-sunt-justificate\/#breadcrumb"},"inLanguage":"ro-RO","potentialAction":[{"@type":"ReadAction","target":["https:\/\/mhf.ro\/mm\/privilegiile-pentru-persoanele-vaccinate-nu-sunt-justificate\/"]}]},{"@type":"ImageObject","inLanguage":"ro-RO","@id":"https:\/\/mhf.ro\/mm\/privilegiile-pentru-persoanele-vaccinate-nu-sunt-justificate\/#primaryimage","url":"https:\/\/mhf.ro\/mm\/wp-content\/uploads\/2021\/05\/Carmen-Tanase.jpg","contentUrl":"https:\/\/mhf.ro\/mm\/wp-content\/uploads\/2021\/05\/Carmen-Tanase.jpg","width":413,"height":310},{"@type":"BreadcrumbList","@id":"https:\/\/mhf.ro\/mm\/privilegiile-pentru-persoanele-vaccinate-nu-sunt-justificate\/#breadcrumb","itemListElement":[{"@type":"ListItem","position":1,"name":"Prima pagin\u0103","item":"https:\/\/mhf.ro\/mm\/"},{"@type":"ListItem","position":2,"name":"Privilegiile pentru persoanele vaccinate nu sunt justificate"}]},{"@type":"WebSite","@id":"https:\/\/mhf.ro\/mm\/#website","url":"https:\/\/mhf.ro\/mm\/","name":"MHF Photography \u2013 Blog de fotografie, natur\u0103 \u0219i tehnic\u0103 divers\u0103","description":"Aventur\u0103 \u00een fiecare cadru.","publisher":{"@id":"https:\/\/mhf.ro\/mm\/#\/schema\/person\/a3bebf7bdb4bf12f698aff73c7e46c21"},"potentialAction":[{"@type":"SearchAction","target":{"@type":"EntryPoint","urlTemplate":"https:\/\/mhf.ro\/mm\/?s={search_term_string}"},"query-input":{"@type":"PropertyValueSpecification","valueRequired":true,"valueName":"search_term_string"}}],"inLanguage":"ro-RO"},{"@type":["Person","Organization"],"@id":"https:\/\/mhf.ro\/mm\/#\/schema\/person\/a3bebf7bdb4bf12f698aff73c7e46c21","name":"Marius Marcu","image":{"@type":"ImageObject","inLanguage":"ro-RO","@id":"https:\/\/mhf.ro\/mm\/#\/schema\/person\/image\/","url":"https:\/\/mhf.ro\/mm\/wp-content\/uploads\/2025\/12\/cropped-logo_mhf_2.png","contentUrl":"https:\/\/mhf.ro\/mm\/wp-content\/uploads\/2025\/12\/cropped-logo_mhf_2.png","width":1096,"height":457,"caption":"Marius Marcu"},"logo":{"@id":"https:\/\/mhf.ro\/mm\/#\/schema\/person\/image\/"},"sameAs":["https:\/\/mhf.ro\/mm"],"url":"https:\/\/mhf.ro\/mm\/author\/mihai\/"}]}},"_links":{"self":[{"href":"https:\/\/mhf.ro\/mm\/wp-json\/wp\/v2\/posts\/4798","targetHints":{"allow":["GET"]}}],"collection":[{"href":"https:\/\/mhf.ro\/mm\/wp-json\/wp\/v2\/posts"}],"about":[{"href":"https:\/\/mhf.ro\/mm\/wp-json\/wp\/v2\/types\/post"}],"author":[{"embeddable":true,"href":"https:\/\/mhf.ro\/mm\/wp-json\/wp\/v2\/users\/1"}],"replies":[{"embeddable":true,"href":"https:\/\/mhf.ro\/mm\/wp-json\/wp\/v2\/comments?post=4798"}],"version-history":[{"count":1,"href":"https:\/\/mhf.ro\/mm\/wp-json\/wp\/v2\/posts\/4798\/revisions"}],"predecessor-version":[{"id":4800,"href":"https:\/\/mhf.ro\/mm\/wp-json\/wp\/v2\/posts\/4798\/revisions\/4800"}],"wp:featuredmedia":[{"embeddable":true,"href":"https:\/\/mhf.ro\/mm\/wp-json\/wp\/v2\/media\/4799"}],"wp:attachment":[{"href":"https:\/\/mhf.ro\/mm\/wp-json\/wp\/v2\/media?parent=4798"}],"wp:term":[{"taxonomy":"category","embeddable":true,"href":"https:\/\/mhf.ro\/mm\/wp-json\/wp\/v2\/categories?post=4798"},{"taxonomy":"post_tag","embeddable":true,"href":"https:\/\/mhf.ro\/mm\/wp-json\/wp\/v2\/tags?post=4798"}],"curies":[{"name":"wp","href":"https:\/\/api.w.org\/{rel}","templated":true}]}}