{"id":4803,"date":"2021-05-08T11:55:33","date_gmt":"2021-05-08T09:55:33","guid":{"rendered":"https:\/\/mhf.ro\/mm\/?p=4803"},"modified":"2021-05-08T11:55:33","modified_gmt":"2021-05-08T09:55:33","slug":"dispar-doctoratele-de-la-academia-de-politie","status":"publish","type":"post","link":"https:\/\/mhf.ro\/mm\/dispar-doctoratele-de-la-academia-de-politie\/","title":{"rendered":"Dispar doctoratele de la Academia de Poli\u021bie"},"content":{"rendered":"<p class=\"post-title\">Ministerul de Interne propune desfiin\u021barea \u0219colilor doctorale de la Academia de Poli\u021bie, ca urmare a numeroaselor teze de doctor ob\u021binute fraudulos, prin plagiat. De asemenea, dispar facult\u0103\u021bile de jandarmi \u0219i poli\u021bi\u0219ti de frontier\u0103.<\/p>\n<p>Anul trecut, \u00een premier\u0103 pentru mediul academic din Rom\u00e2nia, Academia de Poli\u021bie \u201cAlexandru Ioan Cuza\u201d a devenit prima universitate din \u021bar\u0103 care a pierdut dreptul de a mai acorda titluri de doctor ca efect al unei serii de cinci sanc\u021biuni primite pentru repetate \u00eenc\u0103lc\u0103ri ale eticii \u0219i integrit\u0103\u021bii academice.<\/p>\n<p>Amintim c\u0103 suspiciuni de plagiat au planat asupra lucr\u0103rilor mai multor personaje publice, precum Robert Negoi\u021b\u0103, primar al Sectorului 3,\u00a0\u00a0Liviu Marian Pop, fost ministru PSD al Educa\u021biei, Lucian Netejoru, \u0219ef al Inspec\u021biei Judiciare, Alexandru C\u0103t\u0103lin Ioni\u021b\u0103, fost \u0219ef al Direc\u021biei Generale Anticorup\u021bie sau Adrian Iacob, fost rector al Academiei de Poli\u021bie.<\/p>\n<p>Gabriel Oprea, el \u00eensu\u0219i conduc\u0103tor de doctorate la cele dou\u0103 \u0219coli doctorale, a fost prins cu o lucrare de doctorat plagiat\u0103 \u0219i i s-a retras titlul de doctor, scrie G4Media.<\/p>\n<p>Astfel, Ministerul de Interne propune schimb\u0103ri de amploare \u00een organizarea \u0219i func\u021bionarea Academiei de Poli\u021bie \u201eAlexandru Ioan Cuza\u201d. Reorganizarea vizeaz\u0103 Facultatea de Poli\u0163ie (domeniul de licen\u0163\u0103 \u201eDrept\u201d, specializarea \u201eDrept\u201d, \u015fi domeniul de licen\u0163\u0103 \u201e\u015etiin\u0163e militare, informa\u0163ii \u015fi ordine public\u0103\u201d, specializarea \u201eOrdine \u015fi siguran\u0163\u0103 public\u0103\u201d) \u015fi Facultatea de Pompieri (domeniul de licen\u0163\u0103 \u201eIngineria instala\u0163iilor\u201d, specializarea \u201eInstala\u0163ii pentru construc\u0163ii-pompieri\u201d).<\/p>\n<p>Studen\u021bii facult\u0103\u021bilor ce urmeaz\u0103 a fi comasate \u00ee\u0219i vor continua studiile, p\u00e2n\u0103 la finalizare, conform planurilor de \u00eenv\u0103\u0163\u0103m\u00e2nt aprobate, \u00een cadrul Facult\u0103\u0163ii de Poli\u0163ie, nou \u00eenfiin\u0163ate.<\/p>\n<p>O alt\u0103 propunere este ca Facultatea de Arhivistic\u0103 s\u0103 fie desfiin\u021bat\u0103,\u00a0dup\u0103 ce actualii studen\u021bi \u00ee\u0219i vor \u00eencheia ciclul universitar, personalul urm\u00e2nd a fi preluat de noile structuri.<\/p>\n<p>Pentru studiile masterale, MAI propune ca acestea s\u0103 fie destinate\u00a0exclusiv persoanelor care au absolvit studii universitare de licen\u0163\u0103 \u00een specializ\u0103ri necesare Ministerului.<\/p>\n<p>De asemenea, se vor elimina studiile universitare de doctorat organizate la nivelul Academiei de Poli\u0163ie \u201eAlexandru Ioan Cuza\u201d. (conf. Jurnalist.ro)<\/p>\n","protected":false},"excerpt":{"rendered":"<p>Ministerul de Interne propune desfiin\u021barea \u0219colilor doctorale de la Academia de Poli\u021bie, ca urmare a numeroaselor teze de doctor ob\u021binute<\/p>\n","protected":false},"author":1,"featured_media":4804,"comment_status":"open","ping_status":"open","sticky":false,"template":"","format":"standard","meta":{"colormag_page_container_layout":"default_layout","colormag_page_sidebar_layout":"default_layout","footnotes":""},"categories":[8],"tags":[],"class_list":["post-4803","post","type-post","status-publish","format-standard","has-post-thumbnail","hentry","category-div"],"yoast_head":"<!-- This site is optimized with the Yoast SEO plugin v27.0 - https:\/\/yoast.com\/product\/yoast-seo-wordpress\/ -->\n<title>Dispar doctoratele de la Academia de Poli\u021bie - MHF Photography<\/title>\n<meta name=\"robots\" content=\"index, follow, max-snippet:-1, max-image-preview:large, max-video-preview:-1\" \/>\n<link rel=\"canonical\" href=\"https:\/\/mhf.ro\/mm\/dispar-doctoratele-de-la-academia-de-politie\/\" \/>\n<meta property=\"og:locale\" content=\"ro_RO\" \/>\n<meta property=\"og:type\" content=\"article\" \/>\n<meta property=\"og:title\" content=\"Dispar doctoratele de la Academia de Poli\u021bie - MHF Photography\" \/>\n<meta property=\"og:description\" content=\"Ministerul de Interne propune desfiin\u021barea \u0219colilor doctorale de la Academia de Poli\u021bie, ca urmare a numeroaselor teze de doctor ob\u021binute\" \/>\n<meta property=\"og:url\" content=\"https:\/\/mhf.ro\/mm\/dispar-doctoratele-de-la-academia-de-politie\/\" \/>\n<meta property=\"og:site_name\" content=\"MHF Photography\" \/>\n<meta property=\"article:published_time\" content=\"2021-05-08T09:55:33+00:00\" \/>\n<meta property=\"og:image\" content=\"https:\/\/mhf.ro\/mm\/wp-content\/uploads\/2021\/05\/academia-de-politie.jpg\" \/>\n\t<meta property=\"og:image:width\" content=\"1200\" \/>\n\t<meta property=\"og:image:height\" content=\"685\" \/>\n\t<meta property=\"og:image:type\" content=\"image\/jpeg\" \/>\n<meta name=\"author\" content=\"Marius Marcu\" \/>\n<meta name=\"twitter:card\" content=\"summary_large_image\" \/>\n<meta name=\"twitter:label1\" content=\"Scris de\" \/>\n\t<meta name=\"twitter:data1\" content=\"Marius Marcu\" \/>\n\t<meta name=\"twitter:label2\" content=\"Timp estimat pentru citire\" \/>\n\t<meta name=\"twitter:data2\" content=\"2 minute\" \/>\n<script type=\"application\/ld+json\" class=\"yoast-schema-graph\">{\"@context\":\"https:\/\/schema.org\",\"@graph\":[{\"@type\":\"Article\",\"@id\":\"https:\/\/mhf.ro\/mm\/dispar-doctoratele-de-la-academia-de-politie\/#article\",\"isPartOf\":{\"@id\":\"https:\/\/mhf.ro\/mm\/dispar-doctoratele-de-la-academia-de-politie\/\"},\"author\":{\"name\":\"Marius Marcu\",\"@id\":\"https:\/\/mhf.ro\/mm\/#\/schema\/person\/a3bebf7bdb4bf12f698aff73c7e46c21\"},\"headline\":\"Dispar doctoratele de la Academia de Poli\u021bie\",\"datePublished\":\"2021-05-08T09:55:33+00:00\",\"mainEntityOfPage\":{\"@id\":\"https:\/\/mhf.ro\/mm\/dispar-doctoratele-de-la-academia-de-politie\/\"},\"wordCount\":371,\"commentCount\":0,\"publisher\":{\"@id\":\"https:\/\/mhf.ro\/mm\/#\/schema\/person\/a3bebf7bdb4bf12f698aff73c7e46c21\"},\"image\":{\"@id\":\"https:\/\/mhf.ro\/mm\/dispar-doctoratele-de-la-academia-de-politie\/#primaryimage\"},\"thumbnailUrl\":\"https:\/\/mhf.ro\/mm\/wp-content\/uploads\/2021\/05\/academia-de-politie.jpg\",\"articleSection\":[\"Diverse\"],\"inLanguage\":\"ro-RO\",\"potentialAction\":[{\"@type\":\"CommentAction\",\"name\":\"Comment\",\"target\":[\"https:\/\/mhf.ro\/mm\/dispar-doctoratele-de-la-academia-de-politie\/#respond\"]}]},{\"@type\":\"WebPage\",\"@id\":\"https:\/\/mhf.ro\/mm\/dispar-doctoratele-de-la-academia-de-politie\/\",\"url\":\"https:\/\/mhf.ro\/mm\/dispar-doctoratele-de-la-academia-de-politie\/\",\"name\":\"Dispar doctoratele de la Academia de Poli\u021bie - MHF Photography\",\"isPartOf\":{\"@id\":\"https:\/\/mhf.ro\/mm\/#website\"},\"primaryImageOfPage\":{\"@id\":\"https:\/\/mhf.ro\/mm\/dispar-doctoratele-de-la-academia-de-politie\/#primaryimage\"},\"image\":{\"@id\":\"https:\/\/mhf.ro\/mm\/dispar-doctoratele-de-la-academia-de-politie\/#primaryimage\"},\"thumbnailUrl\":\"https:\/\/mhf.ro\/mm\/wp-content\/uploads\/2021\/05\/academia-de-politie.jpg\",\"datePublished\":\"2021-05-08T09:55:33+00:00\",\"breadcrumb\":{\"@id\":\"https:\/\/mhf.ro\/mm\/dispar-doctoratele-de-la-academia-de-politie\/#breadcrumb\"},\"inLanguage\":\"ro-RO\",\"potentialAction\":[{\"@type\":\"ReadAction\",\"target\":[\"https:\/\/mhf.ro\/mm\/dispar-doctoratele-de-la-academia-de-politie\/\"]}]},{\"@type\":\"ImageObject\",\"inLanguage\":\"ro-RO\",\"@id\":\"https:\/\/mhf.ro\/mm\/dispar-doctoratele-de-la-academia-de-politie\/#primaryimage\",\"url\":\"https:\/\/mhf.ro\/mm\/wp-content\/uploads\/2021\/05\/academia-de-politie.jpg\",\"contentUrl\":\"https:\/\/mhf.ro\/mm\/wp-content\/uploads\/2021\/05\/academia-de-politie.jpg\",\"width\":1200,\"height\":685},{\"@type\":\"BreadcrumbList\",\"@id\":\"https:\/\/mhf.ro\/mm\/dispar-doctoratele-de-la-academia-de-politie\/#breadcrumb\",\"itemListElement\":[{\"@type\":\"ListItem\",\"position\":1,\"name\":\"Prima pagin\u0103\",\"item\":\"https:\/\/mhf.ro\/mm\/\"},{\"@type\":\"ListItem\",\"position\":2,\"name\":\"Dispar doctoratele de la Academia de Poli\u021bie\"}]},{\"@type\":\"WebSite\",\"@id\":\"https:\/\/mhf.ro\/mm\/#website\",\"url\":\"https:\/\/mhf.ro\/mm\/\",\"name\":\"MHF Photography \u2013 Blog de fotografie, natur\u0103 \u0219i tehnic\u0103 divers\u0103\",\"description\":\"Aventur\u0103 \u00een fiecare cadru.\",\"publisher\":{\"@id\":\"https:\/\/mhf.ro\/mm\/#\/schema\/person\/a3bebf7bdb4bf12f698aff73c7e46c21\"},\"potentialAction\":[{\"@type\":\"SearchAction\",\"target\":{\"@type\":\"EntryPoint\",\"urlTemplate\":\"https:\/\/mhf.ro\/mm\/?s={search_term_string}\"},\"query-input\":{\"@type\":\"PropertyValueSpecification\",\"valueRequired\":true,\"valueName\":\"search_term_string\"}}],\"inLanguage\":\"ro-RO\"},{\"@type\":[\"Person\",\"Organization\"],\"@id\":\"https:\/\/mhf.ro\/mm\/#\/schema\/person\/a3bebf7bdb4bf12f698aff73c7e46c21\",\"name\":\"Marius Marcu\",\"image\":{\"@type\":\"ImageObject\",\"inLanguage\":\"ro-RO\",\"@id\":\"https:\/\/mhf.ro\/mm\/#\/schema\/person\/image\/\",\"url\":\"https:\/\/mhf.ro\/mm\/wp-content\/uploads\/2025\/12\/cropped-logo_mhf_2.png\",\"contentUrl\":\"https:\/\/mhf.ro\/mm\/wp-content\/uploads\/2025\/12\/cropped-logo_mhf_2.png\",\"width\":1096,\"height\":457,\"caption\":\"Marius Marcu\"},\"logo\":{\"@id\":\"https:\/\/mhf.ro\/mm\/#\/schema\/person\/image\/\"},\"sameAs\":[\"https:\/\/mhf.ro\/mm\"],\"url\":\"https:\/\/mhf.ro\/mm\/author\/mihai\/\"}]}<\/script>\n<!-- \/ Yoast SEO plugin. -->","yoast_head_json":{"title":"Dispar doctoratele de la Academia de Poli\u021bie - MHF Photography","robots":{"index":"index","follow":"follow","max-snippet":"max-snippet:-1","max-image-preview":"max-image-preview:large","max-video-preview":"max-video-preview:-1"},"canonical":"https:\/\/mhf.ro\/mm\/dispar-doctoratele-de-la-academia-de-politie\/","og_locale":"ro_RO","og_type":"article","og_title":"Dispar doctoratele de la Academia de Poli\u021bie - MHF Photography","og_description":"Ministerul de Interne propune desfiin\u021barea \u0219colilor doctorale de la Academia de Poli\u021bie, ca urmare a numeroaselor teze de doctor ob\u021binute","og_url":"https:\/\/mhf.ro\/mm\/dispar-doctoratele-de-la-academia-de-politie\/","og_site_name":"MHF Photography","article_published_time":"2021-05-08T09:55:33+00:00","og_image":[{"width":1200,"height":685,"url":"https:\/\/mhf.ro\/mm\/wp-content\/uploads\/2021\/05\/academia-de-politie.jpg","type":"image\/jpeg"}],"author":"Marius Marcu","twitter_card":"summary_large_image","twitter_misc":{"Scris de":"Marius Marcu","Timp estimat pentru citire":"2 minute"},"schema":{"@context":"https:\/\/schema.org","@graph":[{"@type":"Article","@id":"https:\/\/mhf.ro\/mm\/dispar-doctoratele-de-la-academia-de-politie\/#article","isPartOf":{"@id":"https:\/\/mhf.ro\/mm\/dispar-doctoratele-de-la-academia-de-politie\/"},"author":{"name":"Marius Marcu","@id":"https:\/\/mhf.ro\/mm\/#\/schema\/person\/a3bebf7bdb4bf12f698aff73c7e46c21"},"headline":"Dispar doctoratele de la Academia de Poli\u021bie","datePublished":"2021-05-08T09:55:33+00:00","mainEntityOfPage":{"@id":"https:\/\/mhf.ro\/mm\/dispar-doctoratele-de-la-academia-de-politie\/"},"wordCount":371,"commentCount":0,"publisher":{"@id":"https:\/\/mhf.ro\/mm\/#\/schema\/person\/a3bebf7bdb4bf12f698aff73c7e46c21"},"image":{"@id":"https:\/\/mhf.ro\/mm\/dispar-doctoratele-de-la-academia-de-politie\/#primaryimage"},"thumbnailUrl":"https:\/\/mhf.ro\/mm\/wp-content\/uploads\/2021\/05\/academia-de-politie.jpg","articleSection":["Diverse"],"inLanguage":"ro-RO","potentialAction":[{"@type":"CommentAction","name":"Comment","target":["https:\/\/mhf.ro\/mm\/dispar-doctoratele-de-la-academia-de-politie\/#respond"]}]},{"@type":"WebPage","@id":"https:\/\/mhf.ro\/mm\/dispar-doctoratele-de-la-academia-de-politie\/","url":"https:\/\/mhf.ro\/mm\/dispar-doctoratele-de-la-academia-de-politie\/","name":"Dispar doctoratele de la Academia de Poli\u021bie - MHF Photography","isPartOf":{"@id":"https:\/\/mhf.ro\/mm\/#website"},"primaryImageOfPage":{"@id":"https:\/\/mhf.ro\/mm\/dispar-doctoratele-de-la-academia-de-politie\/#primaryimage"},"image":{"@id":"https:\/\/mhf.ro\/mm\/dispar-doctoratele-de-la-academia-de-politie\/#primaryimage"},"thumbnailUrl":"https:\/\/mhf.ro\/mm\/wp-content\/uploads\/2021\/05\/academia-de-politie.jpg","datePublished":"2021-05-08T09:55:33+00:00","breadcrumb":{"@id":"https:\/\/mhf.ro\/mm\/dispar-doctoratele-de-la-academia-de-politie\/#breadcrumb"},"inLanguage":"ro-RO","potentialAction":[{"@type":"ReadAction","target":["https:\/\/mhf.ro\/mm\/dispar-doctoratele-de-la-academia-de-politie\/"]}]},{"@type":"ImageObject","inLanguage":"ro-RO","@id":"https:\/\/mhf.ro\/mm\/dispar-doctoratele-de-la-academia-de-politie\/#primaryimage","url":"https:\/\/mhf.ro\/mm\/wp-content\/uploads\/2021\/05\/academia-de-politie.jpg","contentUrl":"https:\/\/mhf.ro\/mm\/wp-content\/uploads\/2021\/05\/academia-de-politie.jpg","width":1200,"height":685},{"@type":"BreadcrumbList","@id":"https:\/\/mhf.ro\/mm\/dispar-doctoratele-de-la-academia-de-politie\/#breadcrumb","itemListElement":[{"@type":"ListItem","position":1,"name":"Prima pagin\u0103","item":"https:\/\/mhf.ro\/mm\/"},{"@type":"ListItem","position":2,"name":"Dispar doctoratele de la Academia de Poli\u021bie"}]},{"@type":"WebSite","@id":"https:\/\/mhf.ro\/mm\/#website","url":"https:\/\/mhf.ro\/mm\/","name":"MHF Photography \u2013 Blog de fotografie, natur\u0103 \u0219i tehnic\u0103 divers\u0103","description":"Aventur\u0103 \u00een fiecare cadru.","publisher":{"@id":"https:\/\/mhf.ro\/mm\/#\/schema\/person\/a3bebf7bdb4bf12f698aff73c7e46c21"},"potentialAction":[{"@type":"SearchAction","target":{"@type":"EntryPoint","urlTemplate":"https:\/\/mhf.ro\/mm\/?s={search_term_string}"},"query-input":{"@type":"PropertyValueSpecification","valueRequired":true,"valueName":"search_term_string"}}],"inLanguage":"ro-RO"},{"@type":["Person","Organization"],"@id":"https:\/\/mhf.ro\/mm\/#\/schema\/person\/a3bebf7bdb4bf12f698aff73c7e46c21","name":"Marius Marcu","image":{"@type":"ImageObject","inLanguage":"ro-RO","@id":"https:\/\/mhf.ro\/mm\/#\/schema\/person\/image\/","url":"https:\/\/mhf.ro\/mm\/wp-content\/uploads\/2025\/12\/cropped-logo_mhf_2.png","contentUrl":"https:\/\/mhf.ro\/mm\/wp-content\/uploads\/2025\/12\/cropped-logo_mhf_2.png","width":1096,"height":457,"caption":"Marius Marcu"},"logo":{"@id":"https:\/\/mhf.ro\/mm\/#\/schema\/person\/image\/"},"sameAs":["https:\/\/mhf.ro\/mm"],"url":"https:\/\/mhf.ro\/mm\/author\/mihai\/"}]}},"_links":{"self":[{"href":"https:\/\/mhf.ro\/mm\/wp-json\/wp\/v2\/posts\/4803","targetHints":{"allow":["GET"]}}],"collection":[{"href":"https:\/\/mhf.ro\/mm\/wp-json\/wp\/v2\/posts"}],"about":[{"href":"https:\/\/mhf.ro\/mm\/wp-json\/wp\/v2\/types\/post"}],"author":[{"embeddable":true,"href":"https:\/\/mhf.ro\/mm\/wp-json\/wp\/v2\/users\/1"}],"replies":[{"embeddable":true,"href":"https:\/\/mhf.ro\/mm\/wp-json\/wp\/v2\/comments?post=4803"}],"version-history":[{"count":1,"href":"https:\/\/mhf.ro\/mm\/wp-json\/wp\/v2\/posts\/4803\/revisions"}],"predecessor-version":[{"id":4805,"href":"https:\/\/mhf.ro\/mm\/wp-json\/wp\/v2\/posts\/4803\/revisions\/4805"}],"wp:featuredmedia":[{"embeddable":true,"href":"https:\/\/mhf.ro\/mm\/wp-json\/wp\/v2\/media\/4804"}],"wp:attachment":[{"href":"https:\/\/mhf.ro\/mm\/wp-json\/wp\/v2\/media?parent=4803"}],"wp:term":[{"taxonomy":"category","embeddable":true,"href":"https:\/\/mhf.ro\/mm\/wp-json\/wp\/v2\/categories?post=4803"},{"taxonomy":"post_tag","embeddable":true,"href":"https:\/\/mhf.ro\/mm\/wp-json\/wp\/v2\/tags?post=4803"}],"curies":[{"name":"wp","href":"https:\/\/api.w.org\/{rel}","templated":true}]}}