{"id":4806,"date":"2021-05-08T11:59:10","date_gmt":"2021-05-08T09:59:10","guid":{"rendered":"https:\/\/mhf.ro\/mm\/?p=4806"},"modified":"2021-05-08T11:59:10","modified_gmt":"2021-05-08T09:59:10","slug":"cristian-tudor-popescu-atac-dur-la-adresa-ips-teodosie","status":"publish","type":"post","link":"https:\/\/mhf.ro\/mm\/cristian-tudor-popescu-atac-dur-la-adresa-ips-teodosie\/","title":{"rendered":"Cristian Tudor Popescu atac dur la adresa \u00cePS Teodosie"},"content":{"rendered":"<p><strong>Declara\u0163iile \u00cePS Teodosie st\u00e2rnesc din nou controverse. Cristian Tudor Popescu a avut o reac\u021bie extrem de dur\u0103 la adresa acestuia, la Digi 24.<\/strong><\/p>\n<p>\u201e\u00cen spatele acestor ve\u0219minte ni se expune un sac cu rahat\u201d.<\/p>\n<p>Arhiepiscopului Tomisului a afirmat c\u0103\u00a0 \u201eFemeia a \u00eenceput p\u0103catul. Dac\u0103 femeia nu p\u0103c\u0103tuia, nu ar fi n\u0103scut \u00een chinuri\u201d.<\/p>\n<p>\u201eDac\u0103 nici la asta nu se sesizeaz\u0103 Consiliul Na\u0163ional pentru Combaterea Discrimin\u0103rii\u2026 Eu spun c\u0103 este un sac cu rahat. Asta e o \u00eencununare ce spune despre femei. Ce a\u0219 mai putea s\u0103 spun despre aceast\u0103 dihanie, care este \u00eembr\u0103cat \u00een od\u0103jdii. Mai grav este c\u0103 seam\u0103n\u0103 a ISIS ce spune insul acesta\u201d, spune Cristian Tudor Popescu.<\/p>\n<p>Tot \u00cePS Teodosie, f\u0103cea o declara\u021bie controversat\u0103 \u00een octombrie 2020 despre care Cristian Tudor Popescu a amintit: \u201eE mare p\u0103cat s\u0103 mergi la o biseric\u0103 catolic\u0103. Duce\u021bi-v\u0103 la o biseric\u0103 greac\u0103 ortodox\u0103\u201d, spunea acesta la vremea respectiv\u0103. (Conf. Jurnalist.ro)<\/p>\n","protected":false},"excerpt":{"rendered":"<p>Declara\u0163iile \u00cePS Teodosie st\u00e2rnesc din nou controverse. Cristian Tudor Popescu a avut o reac\u021bie extrem de dur\u0103 la adresa acestuia,<\/p>\n","protected":false},"author":1,"featured_media":4807,"comment_status":"open","ping_status":"open","sticky":false,"template":"","format":"standard","meta":{"colormag_page_container_layout":"default_layout","colormag_page_sidebar_layout":"default_layout","footnotes":""},"categories":[5],"tags":[],"class_list":["post-4806","post","type-post","status-publish","format-standard","has-post-thumbnail","hentry","category-locale"],"yoast_head":"<!-- This site is optimized with the Yoast SEO plugin v27.0 - https:\/\/yoast.com\/product\/yoast-seo-wordpress\/ -->\n<title>Cristian Tudor Popescu atac dur la adresa \u00cePS Teodosie - MHF Photography<\/title>\n<meta name=\"robots\" content=\"index, follow, max-snippet:-1, max-image-preview:large, max-video-preview:-1\" \/>\n<link rel=\"canonical\" href=\"https:\/\/mhf.ro\/mm\/cristian-tudor-popescu-atac-dur-la-adresa-ips-teodosie\/\" \/>\n<meta property=\"og:locale\" content=\"ro_RO\" \/>\n<meta property=\"og:type\" content=\"article\" \/>\n<meta property=\"og:title\" content=\"Cristian Tudor Popescu atac dur la adresa \u00cePS Teodosie - MHF Photography\" \/>\n<meta property=\"og:description\" content=\"Declara\u0163iile \u00cePS Teodosie st\u00e2rnesc din nou controverse. Cristian Tudor Popescu a avut o reac\u021bie extrem de dur\u0103 la adresa acestuia,\" \/>\n<meta property=\"og:url\" content=\"https:\/\/mhf.ro\/mm\/cristian-tudor-popescu-atac-dur-la-adresa-ips-teodosie\/\" \/>\n<meta property=\"og:site_name\" content=\"MHF Photography\" \/>\n<meta property=\"article:published_time\" content=\"2021-05-08T09:59:10+00:00\" \/>\n<meta property=\"og:image\" content=\"https:\/\/mhf.ro\/mm\/wp-content\/uploads\/2021\/05\/cristian-tudor-popescu-ctp-538x332-1.jpg\" \/>\n\t<meta property=\"og:image:width\" content=\"538\" \/>\n\t<meta property=\"og:image:height\" content=\"332\" \/>\n\t<meta property=\"og:image:type\" content=\"image\/jpeg\" \/>\n<meta name=\"author\" content=\"Marius Marcu\" \/>\n<meta name=\"twitter:card\" content=\"summary_large_image\" \/>\n<meta name=\"twitter:label1\" content=\"Scris de\" \/>\n\t<meta name=\"twitter:data1\" content=\"Marius Marcu\" \/>\n\t<meta name=\"twitter:label2\" content=\"Timp estimat pentru citire\" \/>\n\t<meta name=\"twitter:data2\" content=\"1 minut\" \/>\n<script type=\"application\/ld+json\" class=\"yoast-schema-graph\">{\"@context\":\"https:\/\/schema.org\",\"@graph\":[{\"@type\":\"Article\",\"@id\":\"https:\/\/mhf.ro\/mm\/cristian-tudor-popescu-atac-dur-la-adresa-ips-teodosie\/#article\",\"isPartOf\":{\"@id\":\"https:\/\/mhf.ro\/mm\/cristian-tudor-popescu-atac-dur-la-adresa-ips-teodosie\/\"},\"author\":{\"name\":\"Marius Marcu\",\"@id\":\"https:\/\/mhf.ro\/mm\/#\/schema\/person\/a3bebf7bdb4bf12f698aff73c7e46c21\"},\"headline\":\"Cristian Tudor Popescu atac dur la adresa \u00cePS Teodosie\",\"datePublished\":\"2021-05-08T09:59:10+00:00\",\"mainEntityOfPage\":{\"@id\":\"https:\/\/mhf.ro\/mm\/cristian-tudor-popescu-atac-dur-la-adresa-ips-teodosie\/\"},\"wordCount\":174,\"commentCount\":0,\"publisher\":{\"@id\":\"https:\/\/mhf.ro\/mm\/#\/schema\/person\/a3bebf7bdb4bf12f698aff73c7e46c21\"},\"image\":{\"@id\":\"https:\/\/mhf.ro\/mm\/cristian-tudor-popescu-atac-dur-la-adresa-ips-teodosie\/#primaryimage\"},\"thumbnailUrl\":\"https:\/\/mhf.ro\/mm\/wp-content\/uploads\/2021\/05\/cristian-tudor-popescu-ctp-538x332-1.jpg\",\"articleSection\":[\"Locale\"],\"inLanguage\":\"ro-RO\",\"potentialAction\":[{\"@type\":\"CommentAction\",\"name\":\"Comment\",\"target\":[\"https:\/\/mhf.ro\/mm\/cristian-tudor-popescu-atac-dur-la-adresa-ips-teodosie\/#respond\"]}]},{\"@type\":\"WebPage\",\"@id\":\"https:\/\/mhf.ro\/mm\/cristian-tudor-popescu-atac-dur-la-adresa-ips-teodosie\/\",\"url\":\"https:\/\/mhf.ro\/mm\/cristian-tudor-popescu-atac-dur-la-adresa-ips-teodosie\/\",\"name\":\"Cristian Tudor Popescu atac dur la adresa \u00cePS Teodosie - MHF Photography\",\"isPartOf\":{\"@id\":\"https:\/\/mhf.ro\/mm\/#website\"},\"primaryImageOfPage\":{\"@id\":\"https:\/\/mhf.ro\/mm\/cristian-tudor-popescu-atac-dur-la-adresa-ips-teodosie\/#primaryimage\"},\"image\":{\"@id\":\"https:\/\/mhf.ro\/mm\/cristian-tudor-popescu-atac-dur-la-adresa-ips-teodosie\/#primaryimage\"},\"thumbnailUrl\":\"https:\/\/mhf.ro\/mm\/wp-content\/uploads\/2021\/05\/cristian-tudor-popescu-ctp-538x332-1.jpg\",\"datePublished\":\"2021-05-08T09:59:10+00:00\",\"breadcrumb\":{\"@id\":\"https:\/\/mhf.ro\/mm\/cristian-tudor-popescu-atac-dur-la-adresa-ips-teodosie\/#breadcrumb\"},\"inLanguage\":\"ro-RO\",\"potentialAction\":[{\"@type\":\"ReadAction\",\"target\":[\"https:\/\/mhf.ro\/mm\/cristian-tudor-popescu-atac-dur-la-adresa-ips-teodosie\/\"]}]},{\"@type\":\"ImageObject\",\"inLanguage\":\"ro-RO\",\"@id\":\"https:\/\/mhf.ro\/mm\/cristian-tudor-popescu-atac-dur-la-adresa-ips-teodosie\/#primaryimage\",\"url\":\"https:\/\/mhf.ro\/mm\/wp-content\/uploads\/2021\/05\/cristian-tudor-popescu-ctp-538x332-1.jpg\",\"contentUrl\":\"https:\/\/mhf.ro\/mm\/wp-content\/uploads\/2021\/05\/cristian-tudor-popescu-ctp-538x332-1.jpg\",\"width\":538,\"height\":332},{\"@type\":\"BreadcrumbList\",\"@id\":\"https:\/\/mhf.ro\/mm\/cristian-tudor-popescu-atac-dur-la-adresa-ips-teodosie\/#breadcrumb\",\"itemListElement\":[{\"@type\":\"ListItem\",\"position\":1,\"name\":\"Prima pagin\u0103\",\"item\":\"https:\/\/mhf.ro\/mm\/\"},{\"@type\":\"ListItem\",\"position\":2,\"name\":\"Cristian Tudor Popescu atac dur la adresa \u00cePS Teodosie\"}]},{\"@type\":\"WebSite\",\"@id\":\"https:\/\/mhf.ro\/mm\/#website\",\"url\":\"https:\/\/mhf.ro\/mm\/\",\"name\":\"MHF Photography \u2013 Blog de fotografie, natur\u0103 \u0219i tehnic\u0103 divers\u0103\",\"description\":\"Aventur\u0103 \u00een fiecare cadru.\",\"publisher\":{\"@id\":\"https:\/\/mhf.ro\/mm\/#\/schema\/person\/a3bebf7bdb4bf12f698aff73c7e46c21\"},\"potentialAction\":[{\"@type\":\"SearchAction\",\"target\":{\"@type\":\"EntryPoint\",\"urlTemplate\":\"https:\/\/mhf.ro\/mm\/?s={search_term_string}\"},\"query-input\":{\"@type\":\"PropertyValueSpecification\",\"valueRequired\":true,\"valueName\":\"search_term_string\"}}],\"inLanguage\":\"ro-RO\"},{\"@type\":[\"Person\",\"Organization\"],\"@id\":\"https:\/\/mhf.ro\/mm\/#\/schema\/person\/a3bebf7bdb4bf12f698aff73c7e46c21\",\"name\":\"Marius Marcu\",\"image\":{\"@type\":\"ImageObject\",\"inLanguage\":\"ro-RO\",\"@id\":\"https:\/\/mhf.ro\/mm\/#\/schema\/person\/image\/\",\"url\":\"https:\/\/mhf.ro\/mm\/wp-content\/uploads\/2025\/12\/cropped-logo_mhf_2.png\",\"contentUrl\":\"https:\/\/mhf.ro\/mm\/wp-content\/uploads\/2025\/12\/cropped-logo_mhf_2.png\",\"width\":1096,\"height\":457,\"caption\":\"Marius Marcu\"},\"logo\":{\"@id\":\"https:\/\/mhf.ro\/mm\/#\/schema\/person\/image\/\"},\"sameAs\":[\"https:\/\/mhf.ro\/mm\"],\"url\":\"https:\/\/mhf.ro\/mm\/author\/mihai\/\"}]}<\/script>\n<!-- \/ Yoast SEO plugin. -->","yoast_head_json":{"title":"Cristian Tudor Popescu atac dur la adresa \u00cePS Teodosie - MHF Photography","robots":{"index":"index","follow":"follow","max-snippet":"max-snippet:-1","max-image-preview":"max-image-preview:large","max-video-preview":"max-video-preview:-1"},"canonical":"https:\/\/mhf.ro\/mm\/cristian-tudor-popescu-atac-dur-la-adresa-ips-teodosie\/","og_locale":"ro_RO","og_type":"article","og_title":"Cristian Tudor Popescu atac dur la adresa \u00cePS Teodosie - MHF Photography","og_description":"Declara\u0163iile \u00cePS Teodosie st\u00e2rnesc din nou controverse. Cristian Tudor Popescu a avut o reac\u021bie extrem de dur\u0103 la adresa acestuia,","og_url":"https:\/\/mhf.ro\/mm\/cristian-tudor-popescu-atac-dur-la-adresa-ips-teodosie\/","og_site_name":"MHF Photography","article_published_time":"2021-05-08T09:59:10+00:00","og_image":[{"width":538,"height":332,"url":"https:\/\/mhf.ro\/mm\/wp-content\/uploads\/2021\/05\/cristian-tudor-popescu-ctp-538x332-1.jpg","type":"image\/jpeg"}],"author":"Marius Marcu","twitter_card":"summary_large_image","twitter_misc":{"Scris de":"Marius Marcu","Timp estimat pentru citire":"1 minut"},"schema":{"@context":"https:\/\/schema.org","@graph":[{"@type":"Article","@id":"https:\/\/mhf.ro\/mm\/cristian-tudor-popescu-atac-dur-la-adresa-ips-teodosie\/#article","isPartOf":{"@id":"https:\/\/mhf.ro\/mm\/cristian-tudor-popescu-atac-dur-la-adresa-ips-teodosie\/"},"author":{"name":"Marius Marcu","@id":"https:\/\/mhf.ro\/mm\/#\/schema\/person\/a3bebf7bdb4bf12f698aff73c7e46c21"},"headline":"Cristian Tudor Popescu atac dur la adresa \u00cePS Teodosie","datePublished":"2021-05-08T09:59:10+00:00","mainEntityOfPage":{"@id":"https:\/\/mhf.ro\/mm\/cristian-tudor-popescu-atac-dur-la-adresa-ips-teodosie\/"},"wordCount":174,"commentCount":0,"publisher":{"@id":"https:\/\/mhf.ro\/mm\/#\/schema\/person\/a3bebf7bdb4bf12f698aff73c7e46c21"},"image":{"@id":"https:\/\/mhf.ro\/mm\/cristian-tudor-popescu-atac-dur-la-adresa-ips-teodosie\/#primaryimage"},"thumbnailUrl":"https:\/\/mhf.ro\/mm\/wp-content\/uploads\/2021\/05\/cristian-tudor-popescu-ctp-538x332-1.jpg","articleSection":["Locale"],"inLanguage":"ro-RO","potentialAction":[{"@type":"CommentAction","name":"Comment","target":["https:\/\/mhf.ro\/mm\/cristian-tudor-popescu-atac-dur-la-adresa-ips-teodosie\/#respond"]}]},{"@type":"WebPage","@id":"https:\/\/mhf.ro\/mm\/cristian-tudor-popescu-atac-dur-la-adresa-ips-teodosie\/","url":"https:\/\/mhf.ro\/mm\/cristian-tudor-popescu-atac-dur-la-adresa-ips-teodosie\/","name":"Cristian Tudor Popescu atac dur la adresa \u00cePS Teodosie - MHF Photography","isPartOf":{"@id":"https:\/\/mhf.ro\/mm\/#website"},"primaryImageOfPage":{"@id":"https:\/\/mhf.ro\/mm\/cristian-tudor-popescu-atac-dur-la-adresa-ips-teodosie\/#primaryimage"},"image":{"@id":"https:\/\/mhf.ro\/mm\/cristian-tudor-popescu-atac-dur-la-adresa-ips-teodosie\/#primaryimage"},"thumbnailUrl":"https:\/\/mhf.ro\/mm\/wp-content\/uploads\/2021\/05\/cristian-tudor-popescu-ctp-538x332-1.jpg","datePublished":"2021-05-08T09:59:10+00:00","breadcrumb":{"@id":"https:\/\/mhf.ro\/mm\/cristian-tudor-popescu-atac-dur-la-adresa-ips-teodosie\/#breadcrumb"},"inLanguage":"ro-RO","potentialAction":[{"@type":"ReadAction","target":["https:\/\/mhf.ro\/mm\/cristian-tudor-popescu-atac-dur-la-adresa-ips-teodosie\/"]}]},{"@type":"ImageObject","inLanguage":"ro-RO","@id":"https:\/\/mhf.ro\/mm\/cristian-tudor-popescu-atac-dur-la-adresa-ips-teodosie\/#primaryimage","url":"https:\/\/mhf.ro\/mm\/wp-content\/uploads\/2021\/05\/cristian-tudor-popescu-ctp-538x332-1.jpg","contentUrl":"https:\/\/mhf.ro\/mm\/wp-content\/uploads\/2021\/05\/cristian-tudor-popescu-ctp-538x332-1.jpg","width":538,"height":332},{"@type":"BreadcrumbList","@id":"https:\/\/mhf.ro\/mm\/cristian-tudor-popescu-atac-dur-la-adresa-ips-teodosie\/#breadcrumb","itemListElement":[{"@type":"ListItem","position":1,"name":"Prima pagin\u0103","item":"https:\/\/mhf.ro\/mm\/"},{"@type":"ListItem","position":2,"name":"Cristian Tudor Popescu atac dur la adresa \u00cePS Teodosie"}]},{"@type":"WebSite","@id":"https:\/\/mhf.ro\/mm\/#website","url":"https:\/\/mhf.ro\/mm\/","name":"MHF Photography \u2013 Blog de fotografie, natur\u0103 \u0219i tehnic\u0103 divers\u0103","description":"Aventur\u0103 \u00een fiecare cadru.","publisher":{"@id":"https:\/\/mhf.ro\/mm\/#\/schema\/person\/a3bebf7bdb4bf12f698aff73c7e46c21"},"potentialAction":[{"@type":"SearchAction","target":{"@type":"EntryPoint","urlTemplate":"https:\/\/mhf.ro\/mm\/?s={search_term_string}"},"query-input":{"@type":"PropertyValueSpecification","valueRequired":true,"valueName":"search_term_string"}}],"inLanguage":"ro-RO"},{"@type":["Person","Organization"],"@id":"https:\/\/mhf.ro\/mm\/#\/schema\/person\/a3bebf7bdb4bf12f698aff73c7e46c21","name":"Marius Marcu","image":{"@type":"ImageObject","inLanguage":"ro-RO","@id":"https:\/\/mhf.ro\/mm\/#\/schema\/person\/image\/","url":"https:\/\/mhf.ro\/mm\/wp-content\/uploads\/2025\/12\/cropped-logo_mhf_2.png","contentUrl":"https:\/\/mhf.ro\/mm\/wp-content\/uploads\/2025\/12\/cropped-logo_mhf_2.png","width":1096,"height":457,"caption":"Marius Marcu"},"logo":{"@id":"https:\/\/mhf.ro\/mm\/#\/schema\/person\/image\/"},"sameAs":["https:\/\/mhf.ro\/mm"],"url":"https:\/\/mhf.ro\/mm\/author\/mihai\/"}]}},"_links":{"self":[{"href":"https:\/\/mhf.ro\/mm\/wp-json\/wp\/v2\/posts\/4806","targetHints":{"allow":["GET"]}}],"collection":[{"href":"https:\/\/mhf.ro\/mm\/wp-json\/wp\/v2\/posts"}],"about":[{"href":"https:\/\/mhf.ro\/mm\/wp-json\/wp\/v2\/types\/post"}],"author":[{"embeddable":true,"href":"https:\/\/mhf.ro\/mm\/wp-json\/wp\/v2\/users\/1"}],"replies":[{"embeddable":true,"href":"https:\/\/mhf.ro\/mm\/wp-json\/wp\/v2\/comments?post=4806"}],"version-history":[{"count":1,"href":"https:\/\/mhf.ro\/mm\/wp-json\/wp\/v2\/posts\/4806\/revisions"}],"predecessor-version":[{"id":4808,"href":"https:\/\/mhf.ro\/mm\/wp-json\/wp\/v2\/posts\/4806\/revisions\/4808"}],"wp:featuredmedia":[{"embeddable":true,"href":"https:\/\/mhf.ro\/mm\/wp-json\/wp\/v2\/media\/4807"}],"wp:attachment":[{"href":"https:\/\/mhf.ro\/mm\/wp-json\/wp\/v2\/media?parent=4806"}],"wp:term":[{"taxonomy":"category","embeddable":true,"href":"https:\/\/mhf.ro\/mm\/wp-json\/wp\/v2\/categories?post=4806"},{"taxonomy":"post_tag","embeddable":true,"href":"https:\/\/mhf.ro\/mm\/wp-json\/wp\/v2\/tags?post=4806"}],"curies":[{"name":"wp","href":"https:\/\/api.w.org\/{rel}","templated":true}]}}