{"id":4820,"date":"2021-05-09T18:50:56","date_gmt":"2021-05-09T16:50:56","guid":{"rendered":"https:\/\/mhf.ro\/mm\/?p=4820"},"modified":"2021-05-09T18:50:56","modified_gmt":"2021-05-09T16:50:56","slug":"ministrul-sanatatii-vrea-ca-masca-sa-nu-mai-fie-obligatorie","status":"publish","type":"post","link":"https:\/\/mhf.ro\/mm\/ministrul-sanatatii-vrea-ca-masca-sa-nu-mai-fie-obligatorie\/","title":{"rendered":"Ministrul s\u0103n\u0103t\u0103\u021bii vrea ca masca s\u0103 nu mai fie obligatorie"},"content":{"rendered":"<p><strong>Ioana Mih\u0103il\u0103, ministrul s\u0103n\u0103t\u0103\u021bii, spune \u00een emisiunea Insider Politic la Prima TV c\u0103 masca ar putea s\u0103 nu mai fie obligatorie \u00een birourile \u00een care to\u021bi angaja\u021bii sunt vaccina\u021bi. Se dore\u0219te s\u0103 se renun\u021be la aceast\u0103 m\u0103sur\u0103 \u0219i \u00een spa\u021biile deschise, dac\u0103 destule persoane vor fi vaccinate.<\/strong><\/p>\n<p>\u201eCred c\u0103 \u00eenc\u0103 \u00eenainte de luna septembrie am putea s\u0103 \u00eencepem s\u0103 renun\u0163\u0103m la masc\u0103 \u00een spa\u0163iile deschise. Vom vedea eventual dac\u0103 vom corela \u015fi cu num\u0103rul \u015fi procentul de persoane vaccinate din localitatea respectiv\u0103 \u015fi cred c\u0103 ar fi un bun stimulent s\u0103 facem a\u015fa, ca s\u0103 se simt\u0103 \u015fi autorit\u0103\u0163ile locale, dar \u015fi cet\u0103\u0163enii care locuiesc \u00eentr-o anumit\u0103 localitate, motiva\u0163i s\u0103 se vaccineze, dar cred c\u0103 renun\u0163area la purtarea m\u0103\u015ftii \u00een spa\u0163iile deschise care nu sunt aglomerate poate s\u0103 vin\u0103 chiar \u00eenainte de toamn\u0103, cu condi\u0163ia ca un mare procent al popula\u0163iei dintr-o anumit\u0103 zon\u0103 s\u0103 fie vaccinat. Nu a\u015f vrea s\u0103 dau date exacte pentru c\u0103 depinde de mai mul\u0163i factori care nu sunt numai \u00een controlul autorit\u0103\u0163ilor.<\/p>\n<p>Vestea bun\u0103 este c\u0103 pandemia a \u00eenceput s\u0103 o ia mai \u00eencet, c\u0103 nu mai avem aceast\u0103 mare presiune pe paturile de spital, pe paturile de Terapie Intensiv\u0103. Lucrul \u0103sta este \u00eencurajator \u015fi atunci cred c\u0103 destul de cur\u00e2nd putem \u00eencepe din nou s\u0103 introducem ni\u015fte m\u0103suri de relaxare\u201d.<\/p>\n<p>Totu\u0219i, ministrul nu poate da o dat\u0103 exact\u0103 \u00een care se va sf\u00e2r\u0219i pandemia.<\/p>\n<p>\u201eA\u015f vrea s\u0103 v\u0103 dau o dat\u0103 exact\u0103, ar fi foarte bine s\u0103 \u015ftim c\u0103 din 5 iunie pandemia se termin\u0103 \u015fi noi putem reveni la via\u0163a de dinainte. Din p\u0103cate, r\u0103spunsul la aceast\u0103 \u00eentrebare nu poate fi at\u00e2t de exact, depinde de virus, depinde de noi, depinde de autorit\u0103\u0163i, depinde de o sumedenie de lucruri. Dar dac\u0103 toate lucrurile se a\u015feaz\u0103 a\u015fa cum trebuie, adic\u0103 dac\u0103 ne vaccin\u0103m, dac\u0103 p\u00e2n\u0103 c\u00e2nd ne vaccin\u0103m continu\u0103m s\u0103 respect\u0103m m\u0103surile de protec\u0163ie, pandemia se va finaliza c\u00e2t de cur\u00e2nd\u201d. (conf. Jurnalist.ro)<\/p>\n","protected":false},"excerpt":{"rendered":"<p>Ioana Mih\u0103il\u0103, ministrul s\u0103n\u0103t\u0103\u021bii, spune \u00een emisiunea Insider Politic la Prima TV c\u0103 masca ar putea s\u0103 nu mai fie<\/p>\n","protected":false},"author":1,"featured_media":4821,"comment_status":"open","ping_status":"open","sticky":false,"template":"","format":"standard","meta":{"colormag_page_container_layout":"default_layout","colormag_page_sidebar_layout":"default_layout","footnotes":""},"categories":[5],"tags":[],"class_list":["post-4820","post","type-post","status-publish","format-standard","has-post-thumbnail","hentry","category-locale"],"yoast_head":"<!-- This site is optimized with the Yoast SEO plugin v27.0 - https:\/\/yoast.com\/product\/yoast-seo-wordpress\/ -->\n<title>Ministrul s\u0103n\u0103t\u0103\u021bii vrea ca masca s\u0103 nu mai fie obligatorie - MHF Photography<\/title>\n<meta name=\"robots\" content=\"index, follow, max-snippet:-1, max-image-preview:large, max-video-preview:-1\" \/>\n<link rel=\"canonical\" href=\"https:\/\/mhf.ro\/mm\/ministrul-sanatatii-vrea-ca-masca-sa-nu-mai-fie-obligatorie\/\" \/>\n<meta property=\"og:locale\" content=\"ro_RO\" \/>\n<meta property=\"og:type\" content=\"article\" \/>\n<meta property=\"og:title\" content=\"Ministrul s\u0103n\u0103t\u0103\u021bii vrea ca masca s\u0103 nu mai fie obligatorie - MHF Photography\" \/>\n<meta property=\"og:description\" content=\"Ioana Mih\u0103il\u0103, ministrul s\u0103n\u0103t\u0103\u021bii, spune \u00een emisiunea Insider Politic la Prima TV c\u0103 masca ar putea s\u0103 nu mai fie\" \/>\n<meta property=\"og:url\" content=\"https:\/\/mhf.ro\/mm\/ministrul-sanatatii-vrea-ca-masca-sa-nu-mai-fie-obligatorie\/\" \/>\n<meta property=\"og:site_name\" content=\"MHF Photography\" \/>\n<meta property=\"article:published_time\" content=\"2021-05-09T16:50:56+00:00\" \/>\n<meta property=\"og:image\" content=\"https:\/\/mhf.ro\/mm\/wp-content\/uploads\/2021\/05\/Min_Sana_646x404.jpg\" \/>\n\t<meta property=\"og:image:width\" content=\"646\" \/>\n\t<meta property=\"og:image:height\" content=\"404\" \/>\n\t<meta property=\"og:image:type\" content=\"image\/jpeg\" \/>\n<meta name=\"author\" content=\"Marius Marcu\" \/>\n<meta name=\"twitter:card\" content=\"summary_large_image\" \/>\n<meta name=\"twitter:label1\" content=\"Scris de\" \/>\n\t<meta name=\"twitter:data1\" content=\"Marius Marcu\" \/>\n\t<meta name=\"twitter:label2\" content=\"Timp estimat pentru citire\" \/>\n\t<meta name=\"twitter:data2\" content=\"2 minute\" \/>\n<script type=\"application\/ld+json\" class=\"yoast-schema-graph\">{\"@context\":\"https:\/\/schema.org\",\"@graph\":[{\"@type\":\"Article\",\"@id\":\"https:\/\/mhf.ro\/mm\/ministrul-sanatatii-vrea-ca-masca-sa-nu-mai-fie-obligatorie\/#article\",\"isPartOf\":{\"@id\":\"https:\/\/mhf.ro\/mm\/ministrul-sanatatii-vrea-ca-masca-sa-nu-mai-fie-obligatorie\/\"},\"author\":{\"name\":\"Marius Marcu\",\"@id\":\"https:\/\/mhf.ro\/mm\/#\/schema\/person\/a3bebf7bdb4bf12f698aff73c7e46c21\"},\"headline\":\"Ministrul s\u0103n\u0103t\u0103\u021bii vrea ca masca s\u0103 nu mai fie obligatorie\",\"datePublished\":\"2021-05-09T16:50:56+00:00\",\"mainEntityOfPage\":{\"@id\":\"https:\/\/mhf.ro\/mm\/ministrul-sanatatii-vrea-ca-masca-sa-nu-mai-fie-obligatorie\/\"},\"wordCount\":381,\"commentCount\":0,\"publisher\":{\"@id\":\"https:\/\/mhf.ro\/mm\/#\/schema\/person\/a3bebf7bdb4bf12f698aff73c7e46c21\"},\"image\":{\"@id\":\"https:\/\/mhf.ro\/mm\/ministrul-sanatatii-vrea-ca-masca-sa-nu-mai-fie-obligatorie\/#primaryimage\"},\"thumbnailUrl\":\"https:\/\/mhf.ro\/mm\/wp-content\/uploads\/2021\/05\/Min_Sana_646x404.jpg\",\"articleSection\":[\"Locale\"],\"inLanguage\":\"ro-RO\",\"potentialAction\":[{\"@type\":\"CommentAction\",\"name\":\"Comment\",\"target\":[\"https:\/\/mhf.ro\/mm\/ministrul-sanatatii-vrea-ca-masca-sa-nu-mai-fie-obligatorie\/#respond\"]}]},{\"@type\":\"WebPage\",\"@id\":\"https:\/\/mhf.ro\/mm\/ministrul-sanatatii-vrea-ca-masca-sa-nu-mai-fie-obligatorie\/\",\"url\":\"https:\/\/mhf.ro\/mm\/ministrul-sanatatii-vrea-ca-masca-sa-nu-mai-fie-obligatorie\/\",\"name\":\"Ministrul s\u0103n\u0103t\u0103\u021bii vrea ca masca s\u0103 nu mai fie obligatorie - MHF Photography\",\"isPartOf\":{\"@id\":\"https:\/\/mhf.ro\/mm\/#website\"},\"primaryImageOfPage\":{\"@id\":\"https:\/\/mhf.ro\/mm\/ministrul-sanatatii-vrea-ca-masca-sa-nu-mai-fie-obligatorie\/#primaryimage\"},\"image\":{\"@id\":\"https:\/\/mhf.ro\/mm\/ministrul-sanatatii-vrea-ca-masca-sa-nu-mai-fie-obligatorie\/#primaryimage\"},\"thumbnailUrl\":\"https:\/\/mhf.ro\/mm\/wp-content\/uploads\/2021\/05\/Min_Sana_646x404.jpg\",\"datePublished\":\"2021-05-09T16:50:56+00:00\",\"breadcrumb\":{\"@id\":\"https:\/\/mhf.ro\/mm\/ministrul-sanatatii-vrea-ca-masca-sa-nu-mai-fie-obligatorie\/#breadcrumb\"},\"inLanguage\":\"ro-RO\",\"potentialAction\":[{\"@type\":\"ReadAction\",\"target\":[\"https:\/\/mhf.ro\/mm\/ministrul-sanatatii-vrea-ca-masca-sa-nu-mai-fie-obligatorie\/\"]}]},{\"@type\":\"ImageObject\",\"inLanguage\":\"ro-RO\",\"@id\":\"https:\/\/mhf.ro\/mm\/ministrul-sanatatii-vrea-ca-masca-sa-nu-mai-fie-obligatorie\/#primaryimage\",\"url\":\"https:\/\/mhf.ro\/mm\/wp-content\/uploads\/2021\/05\/Min_Sana_646x404.jpg\",\"contentUrl\":\"https:\/\/mhf.ro\/mm\/wp-content\/uploads\/2021\/05\/Min_Sana_646x404.jpg\",\"width\":646,\"height\":404},{\"@type\":\"BreadcrumbList\",\"@id\":\"https:\/\/mhf.ro\/mm\/ministrul-sanatatii-vrea-ca-masca-sa-nu-mai-fie-obligatorie\/#breadcrumb\",\"itemListElement\":[{\"@type\":\"ListItem\",\"position\":1,\"name\":\"Prima pagin\u0103\",\"item\":\"https:\/\/mhf.ro\/mm\/\"},{\"@type\":\"ListItem\",\"position\":2,\"name\":\"Ministrul s\u0103n\u0103t\u0103\u021bii vrea ca masca s\u0103 nu mai fie obligatorie\"}]},{\"@type\":\"WebSite\",\"@id\":\"https:\/\/mhf.ro\/mm\/#website\",\"url\":\"https:\/\/mhf.ro\/mm\/\",\"name\":\"MHF Photography \u2013 Blog de fotografie, natur\u0103 \u0219i tehnic\u0103 divers\u0103\",\"description\":\"Aventur\u0103 \u00een fiecare cadru.\",\"publisher\":{\"@id\":\"https:\/\/mhf.ro\/mm\/#\/schema\/person\/a3bebf7bdb4bf12f698aff73c7e46c21\"},\"potentialAction\":[{\"@type\":\"SearchAction\",\"target\":{\"@type\":\"EntryPoint\",\"urlTemplate\":\"https:\/\/mhf.ro\/mm\/?s={search_term_string}\"},\"query-input\":{\"@type\":\"PropertyValueSpecification\",\"valueRequired\":true,\"valueName\":\"search_term_string\"}}],\"inLanguage\":\"ro-RO\"},{\"@type\":[\"Person\",\"Organization\"],\"@id\":\"https:\/\/mhf.ro\/mm\/#\/schema\/person\/a3bebf7bdb4bf12f698aff73c7e46c21\",\"name\":\"Marius Marcu\",\"image\":{\"@type\":\"ImageObject\",\"inLanguage\":\"ro-RO\",\"@id\":\"https:\/\/mhf.ro\/mm\/#\/schema\/person\/image\/\",\"url\":\"https:\/\/mhf.ro\/mm\/wp-content\/uploads\/2025\/12\/cropped-logo_mhf_2.png\",\"contentUrl\":\"https:\/\/mhf.ro\/mm\/wp-content\/uploads\/2025\/12\/cropped-logo_mhf_2.png\",\"width\":1096,\"height\":457,\"caption\":\"Marius Marcu\"},\"logo\":{\"@id\":\"https:\/\/mhf.ro\/mm\/#\/schema\/person\/image\/\"},\"sameAs\":[\"https:\/\/mhf.ro\/mm\"],\"url\":\"https:\/\/mhf.ro\/mm\/author\/mihai\/\"}]}<\/script>\n<!-- \/ Yoast SEO plugin. -->","yoast_head_json":{"title":"Ministrul s\u0103n\u0103t\u0103\u021bii vrea ca masca s\u0103 nu mai fie obligatorie - MHF Photography","robots":{"index":"index","follow":"follow","max-snippet":"max-snippet:-1","max-image-preview":"max-image-preview:large","max-video-preview":"max-video-preview:-1"},"canonical":"https:\/\/mhf.ro\/mm\/ministrul-sanatatii-vrea-ca-masca-sa-nu-mai-fie-obligatorie\/","og_locale":"ro_RO","og_type":"article","og_title":"Ministrul s\u0103n\u0103t\u0103\u021bii vrea ca masca s\u0103 nu mai fie obligatorie - MHF Photography","og_description":"Ioana Mih\u0103il\u0103, ministrul s\u0103n\u0103t\u0103\u021bii, spune \u00een emisiunea Insider Politic la Prima TV c\u0103 masca ar putea s\u0103 nu mai fie","og_url":"https:\/\/mhf.ro\/mm\/ministrul-sanatatii-vrea-ca-masca-sa-nu-mai-fie-obligatorie\/","og_site_name":"MHF Photography","article_published_time":"2021-05-09T16:50:56+00:00","og_image":[{"width":646,"height":404,"url":"https:\/\/mhf.ro\/mm\/wp-content\/uploads\/2021\/05\/Min_Sana_646x404.jpg","type":"image\/jpeg"}],"author":"Marius Marcu","twitter_card":"summary_large_image","twitter_misc":{"Scris de":"Marius Marcu","Timp estimat pentru citire":"2 minute"},"schema":{"@context":"https:\/\/schema.org","@graph":[{"@type":"Article","@id":"https:\/\/mhf.ro\/mm\/ministrul-sanatatii-vrea-ca-masca-sa-nu-mai-fie-obligatorie\/#article","isPartOf":{"@id":"https:\/\/mhf.ro\/mm\/ministrul-sanatatii-vrea-ca-masca-sa-nu-mai-fie-obligatorie\/"},"author":{"name":"Marius Marcu","@id":"https:\/\/mhf.ro\/mm\/#\/schema\/person\/a3bebf7bdb4bf12f698aff73c7e46c21"},"headline":"Ministrul s\u0103n\u0103t\u0103\u021bii vrea ca masca s\u0103 nu mai fie obligatorie","datePublished":"2021-05-09T16:50:56+00:00","mainEntityOfPage":{"@id":"https:\/\/mhf.ro\/mm\/ministrul-sanatatii-vrea-ca-masca-sa-nu-mai-fie-obligatorie\/"},"wordCount":381,"commentCount":0,"publisher":{"@id":"https:\/\/mhf.ro\/mm\/#\/schema\/person\/a3bebf7bdb4bf12f698aff73c7e46c21"},"image":{"@id":"https:\/\/mhf.ro\/mm\/ministrul-sanatatii-vrea-ca-masca-sa-nu-mai-fie-obligatorie\/#primaryimage"},"thumbnailUrl":"https:\/\/mhf.ro\/mm\/wp-content\/uploads\/2021\/05\/Min_Sana_646x404.jpg","articleSection":["Locale"],"inLanguage":"ro-RO","potentialAction":[{"@type":"CommentAction","name":"Comment","target":["https:\/\/mhf.ro\/mm\/ministrul-sanatatii-vrea-ca-masca-sa-nu-mai-fie-obligatorie\/#respond"]}]},{"@type":"WebPage","@id":"https:\/\/mhf.ro\/mm\/ministrul-sanatatii-vrea-ca-masca-sa-nu-mai-fie-obligatorie\/","url":"https:\/\/mhf.ro\/mm\/ministrul-sanatatii-vrea-ca-masca-sa-nu-mai-fie-obligatorie\/","name":"Ministrul s\u0103n\u0103t\u0103\u021bii vrea ca masca s\u0103 nu mai fie obligatorie - MHF Photography","isPartOf":{"@id":"https:\/\/mhf.ro\/mm\/#website"},"primaryImageOfPage":{"@id":"https:\/\/mhf.ro\/mm\/ministrul-sanatatii-vrea-ca-masca-sa-nu-mai-fie-obligatorie\/#primaryimage"},"image":{"@id":"https:\/\/mhf.ro\/mm\/ministrul-sanatatii-vrea-ca-masca-sa-nu-mai-fie-obligatorie\/#primaryimage"},"thumbnailUrl":"https:\/\/mhf.ro\/mm\/wp-content\/uploads\/2021\/05\/Min_Sana_646x404.jpg","datePublished":"2021-05-09T16:50:56+00:00","breadcrumb":{"@id":"https:\/\/mhf.ro\/mm\/ministrul-sanatatii-vrea-ca-masca-sa-nu-mai-fie-obligatorie\/#breadcrumb"},"inLanguage":"ro-RO","potentialAction":[{"@type":"ReadAction","target":["https:\/\/mhf.ro\/mm\/ministrul-sanatatii-vrea-ca-masca-sa-nu-mai-fie-obligatorie\/"]}]},{"@type":"ImageObject","inLanguage":"ro-RO","@id":"https:\/\/mhf.ro\/mm\/ministrul-sanatatii-vrea-ca-masca-sa-nu-mai-fie-obligatorie\/#primaryimage","url":"https:\/\/mhf.ro\/mm\/wp-content\/uploads\/2021\/05\/Min_Sana_646x404.jpg","contentUrl":"https:\/\/mhf.ro\/mm\/wp-content\/uploads\/2021\/05\/Min_Sana_646x404.jpg","width":646,"height":404},{"@type":"BreadcrumbList","@id":"https:\/\/mhf.ro\/mm\/ministrul-sanatatii-vrea-ca-masca-sa-nu-mai-fie-obligatorie\/#breadcrumb","itemListElement":[{"@type":"ListItem","position":1,"name":"Prima pagin\u0103","item":"https:\/\/mhf.ro\/mm\/"},{"@type":"ListItem","position":2,"name":"Ministrul s\u0103n\u0103t\u0103\u021bii vrea ca masca s\u0103 nu mai fie obligatorie"}]},{"@type":"WebSite","@id":"https:\/\/mhf.ro\/mm\/#website","url":"https:\/\/mhf.ro\/mm\/","name":"MHF Photography \u2013 Blog de fotografie, natur\u0103 \u0219i tehnic\u0103 divers\u0103","description":"Aventur\u0103 \u00een fiecare cadru.","publisher":{"@id":"https:\/\/mhf.ro\/mm\/#\/schema\/person\/a3bebf7bdb4bf12f698aff73c7e46c21"},"potentialAction":[{"@type":"SearchAction","target":{"@type":"EntryPoint","urlTemplate":"https:\/\/mhf.ro\/mm\/?s={search_term_string}"},"query-input":{"@type":"PropertyValueSpecification","valueRequired":true,"valueName":"search_term_string"}}],"inLanguage":"ro-RO"},{"@type":["Person","Organization"],"@id":"https:\/\/mhf.ro\/mm\/#\/schema\/person\/a3bebf7bdb4bf12f698aff73c7e46c21","name":"Marius Marcu","image":{"@type":"ImageObject","inLanguage":"ro-RO","@id":"https:\/\/mhf.ro\/mm\/#\/schema\/person\/image\/","url":"https:\/\/mhf.ro\/mm\/wp-content\/uploads\/2025\/12\/cropped-logo_mhf_2.png","contentUrl":"https:\/\/mhf.ro\/mm\/wp-content\/uploads\/2025\/12\/cropped-logo_mhf_2.png","width":1096,"height":457,"caption":"Marius Marcu"},"logo":{"@id":"https:\/\/mhf.ro\/mm\/#\/schema\/person\/image\/"},"sameAs":["https:\/\/mhf.ro\/mm"],"url":"https:\/\/mhf.ro\/mm\/author\/mihai\/"}]}},"_links":{"self":[{"href":"https:\/\/mhf.ro\/mm\/wp-json\/wp\/v2\/posts\/4820","targetHints":{"allow":["GET"]}}],"collection":[{"href":"https:\/\/mhf.ro\/mm\/wp-json\/wp\/v2\/posts"}],"about":[{"href":"https:\/\/mhf.ro\/mm\/wp-json\/wp\/v2\/types\/post"}],"author":[{"embeddable":true,"href":"https:\/\/mhf.ro\/mm\/wp-json\/wp\/v2\/users\/1"}],"replies":[{"embeddable":true,"href":"https:\/\/mhf.ro\/mm\/wp-json\/wp\/v2\/comments?post=4820"}],"version-history":[{"count":1,"href":"https:\/\/mhf.ro\/mm\/wp-json\/wp\/v2\/posts\/4820\/revisions"}],"predecessor-version":[{"id":4822,"href":"https:\/\/mhf.ro\/mm\/wp-json\/wp\/v2\/posts\/4820\/revisions\/4822"}],"wp:featuredmedia":[{"embeddable":true,"href":"https:\/\/mhf.ro\/mm\/wp-json\/wp\/v2\/media\/4821"}],"wp:attachment":[{"href":"https:\/\/mhf.ro\/mm\/wp-json\/wp\/v2\/media?parent=4820"}],"wp:term":[{"taxonomy":"category","embeddable":true,"href":"https:\/\/mhf.ro\/mm\/wp-json\/wp\/v2\/categories?post=4820"},{"taxonomy":"post_tag","embeddable":true,"href":"https:\/\/mhf.ro\/mm\/wp-json\/wp\/v2\/tags?post=4820"}],"curies":[{"name":"wp","href":"https:\/\/api.w.org\/{rel}","templated":true}]}}