{"id":4827,"date":"2021-05-13T07:35:10","date_gmt":"2021-05-13T05:35:10","guid":{"rendered":"https:\/\/mhf.ro\/mm\/?p=4827"},"modified":"2021-05-13T07:35:10","modified_gmt":"2021-05-13T05:35:10","slug":"min-sanatatii-fara-masca-in-aer-liber","status":"publish","type":"post","link":"https:\/\/mhf.ro\/mm\/min-sanatatii-fara-masca-in-aer-liber\/","title":{"rendered":"Min. S\u0103n\u0103t\u0103\u021bii: f\u0103r\u0103 masc\u0103 \u00een aer liber"},"content":{"rendered":"<p>Ministrul S\u0103n\u0103t\u0103\u021bii, Ioana Mih\u0103il\u0103, anun\u021b\u0103, miercuri sear\u0103, la Europa Fm, c\u0103 autorit\u0103\u021bile iau \u00een calcul eliminarea obligativit\u0103\u021bii de a purta masca de protec\u021bie \u00een spa\u021biile deschise neaglomerate.<\/p>\n<p>\u201ePurtarea m\u0103\u0219tii \u00een spa\u021biile deschise neaglomerate este un aspect, o situa\u021bie \u00een care riscul de transmitere este redus \u0219i probabil aceasta va fi una dintre primele m\u0103suri de relaxare care vor fi propuse de Guvern. Spa\u021biul deschis \u00eenseamn\u0103 \u00een aer liber, probabil va fi mai greu de definit neaglomerat, dar poate c\u0103 am recomanda mai mult\u0103 precau\u021bie \u0219i purtarea m\u0103\u0219tii \u00een care se desf\u0103\u0219oar\u0103 evenimente cu mul\u021bi spectatori, acolo nu mai putem vorbi de a merge relaxa\u021bi \u0219i de a renun\u021ba la masc\u0103, la evenimentele sportive, acolo clar (\u2026) sau \u00een sta\u021biile de autobuz, dac\u0103 sunt aglomerate\u201d, a spus Mih\u0103il\u0103.<\/p>\n<p>Rom\u00e2nia este pe o pant\u0103 descendent\u0103 a valului al treilea al pandemiei de COVID-19, dar nu \u00eenseamn\u0103 \u0219i c\u0103 am sc\u0103pat de pericolul virusului, a mai spus ea.<\/p>\n<p>\u201eAcum, \u00een perioada aceasta \u00een care suntem pe pant\u0103 descendent\u0103 \u0219i presiunea pe sec\u021biile de terapie intensiv\u0103 \u00eencepe s\u0103 scad\u0103, putem s\u0103 ne g\u00e2ndim s\u0103 renun\u021b\u0103m la acele m\u0103suri restrictive care afecteaz\u0103 popula\u021bia t\u00e2n\u0103r\u0103, adic\u0103 cea care are risc mai sc\u0103zut de a dezvolta forme severe de boal\u0103, \u00een acele spa\u021bii \u0219i \u00een acele situa\u021bii \u00een care riscul de transmitere este unul redus.\u201d, a mai precizat ministrul S\u0103n\u0103t\u0103\u021bii. (conf. Jurnalist.ro)<\/p>\n","protected":false},"excerpt":{"rendered":"<p>Ministrul S\u0103n\u0103t\u0103\u021bii, Ioana Mih\u0103il\u0103, anun\u021b\u0103, miercuri sear\u0103, la Europa Fm, c\u0103 autorit\u0103\u021bile iau \u00een calcul eliminarea obligativit\u0103\u021bii de a purta<\/p>\n","protected":false},"author":1,"featured_media":4828,"comment_status":"open","ping_status":"open","sticky":false,"template":"","format":"standard","meta":{"colormag_page_container_layout":"default_layout","colormag_page_sidebar_layout":"default_layout","footnotes":""},"categories":[5],"tags":[],"class_list":["post-4827","post","type-post","status-publish","format-standard","has-post-thumbnail","hentry","category-locale"],"yoast_head":"<!-- This site is optimized with the Yoast SEO plugin v27.0 - https:\/\/yoast.com\/product\/yoast-seo-wordpress\/ -->\n<title>Min. S\u0103n\u0103t\u0103\u021bii: f\u0103r\u0103 masc\u0103 \u00een aer liber - MHF Photography<\/title>\n<meta name=\"robots\" content=\"index, follow, max-snippet:-1, max-image-preview:large, max-video-preview:-1\" \/>\n<link rel=\"canonical\" href=\"https:\/\/mhf.ro\/mm\/min-sanatatii-fara-masca-in-aer-liber\/\" \/>\n<meta property=\"og:locale\" content=\"ro_RO\" \/>\n<meta property=\"og:type\" content=\"article\" \/>\n<meta property=\"og:title\" content=\"Min. S\u0103n\u0103t\u0103\u021bii: f\u0103r\u0103 masc\u0103 \u00een aer liber - MHF Photography\" \/>\n<meta property=\"og:description\" content=\"Ministrul S\u0103n\u0103t\u0103\u021bii, Ioana Mih\u0103il\u0103, anun\u021b\u0103, miercuri sear\u0103, la Europa Fm, c\u0103 autorit\u0103\u021bile iau \u00een calcul eliminarea obligativit\u0103\u021bii de a purta\" \/>\n<meta property=\"og:url\" content=\"https:\/\/mhf.ro\/mm\/min-sanatatii-fara-masca-in-aer-liber\/\" \/>\n<meta property=\"og:site_name\" content=\"MHF Photography\" \/>\n<meta property=\"article:published_time\" content=\"2021-05-13T05:35:10+00:00\" \/>\n<meta property=\"og:image\" content=\"https:\/\/mhf.ro\/mm\/wp-content\/uploads\/2021\/05\/maca-de-protectie.jpg\" \/>\n\t<meta property=\"og:image:width\" content=\"1280\" \/>\n\t<meta property=\"og:image:height\" content=\"853\" \/>\n\t<meta property=\"og:image:type\" content=\"image\/jpeg\" \/>\n<meta name=\"author\" content=\"Marius Marcu\" \/>\n<meta name=\"twitter:card\" content=\"summary_large_image\" \/>\n<meta name=\"twitter:label1\" content=\"Scris de\" \/>\n\t<meta name=\"twitter:data1\" content=\"Marius Marcu\" \/>\n\t<meta name=\"twitter:label2\" content=\"Timp estimat pentru citire\" \/>\n\t<meta name=\"twitter:data2\" content=\"1 minut\" \/>\n<script type=\"application\/ld+json\" class=\"yoast-schema-graph\">{\"@context\":\"https:\/\/schema.org\",\"@graph\":[{\"@type\":\"Article\",\"@id\":\"https:\/\/mhf.ro\/mm\/min-sanatatii-fara-masca-in-aer-liber\/#article\",\"isPartOf\":{\"@id\":\"https:\/\/mhf.ro\/mm\/min-sanatatii-fara-masca-in-aer-liber\/\"},\"author\":{\"name\":\"Marius Marcu\",\"@id\":\"https:\/\/mhf.ro\/mm\/#\/schema\/person\/a3bebf7bdb4bf12f698aff73c7e46c21\"},\"headline\":\"Min. S\u0103n\u0103t\u0103\u021bii: f\u0103r\u0103 masc\u0103 \u00een aer liber\",\"datePublished\":\"2021-05-13T05:35:10+00:00\",\"mainEntityOfPage\":{\"@id\":\"https:\/\/mhf.ro\/mm\/min-sanatatii-fara-masca-in-aer-liber\/\"},\"wordCount\":272,\"commentCount\":0,\"publisher\":{\"@id\":\"https:\/\/mhf.ro\/mm\/#\/schema\/person\/a3bebf7bdb4bf12f698aff73c7e46c21\"},\"image\":{\"@id\":\"https:\/\/mhf.ro\/mm\/min-sanatatii-fara-masca-in-aer-liber\/#primaryimage\"},\"thumbnailUrl\":\"https:\/\/mhf.ro\/mm\/wp-content\/uploads\/2021\/05\/maca-de-protectie.jpg\",\"articleSection\":[\"Locale\"],\"inLanguage\":\"ro-RO\",\"potentialAction\":[{\"@type\":\"CommentAction\",\"name\":\"Comment\",\"target\":[\"https:\/\/mhf.ro\/mm\/min-sanatatii-fara-masca-in-aer-liber\/#respond\"]}]},{\"@type\":\"WebPage\",\"@id\":\"https:\/\/mhf.ro\/mm\/min-sanatatii-fara-masca-in-aer-liber\/\",\"url\":\"https:\/\/mhf.ro\/mm\/min-sanatatii-fara-masca-in-aer-liber\/\",\"name\":\"Min. S\u0103n\u0103t\u0103\u021bii: f\u0103r\u0103 masc\u0103 \u00een aer liber - MHF Photography\",\"isPartOf\":{\"@id\":\"https:\/\/mhf.ro\/mm\/#website\"},\"primaryImageOfPage\":{\"@id\":\"https:\/\/mhf.ro\/mm\/min-sanatatii-fara-masca-in-aer-liber\/#primaryimage\"},\"image\":{\"@id\":\"https:\/\/mhf.ro\/mm\/min-sanatatii-fara-masca-in-aer-liber\/#primaryimage\"},\"thumbnailUrl\":\"https:\/\/mhf.ro\/mm\/wp-content\/uploads\/2021\/05\/maca-de-protectie.jpg\",\"datePublished\":\"2021-05-13T05:35:10+00:00\",\"breadcrumb\":{\"@id\":\"https:\/\/mhf.ro\/mm\/min-sanatatii-fara-masca-in-aer-liber\/#breadcrumb\"},\"inLanguage\":\"ro-RO\",\"potentialAction\":[{\"@type\":\"ReadAction\",\"target\":[\"https:\/\/mhf.ro\/mm\/min-sanatatii-fara-masca-in-aer-liber\/\"]}]},{\"@type\":\"ImageObject\",\"inLanguage\":\"ro-RO\",\"@id\":\"https:\/\/mhf.ro\/mm\/min-sanatatii-fara-masca-in-aer-liber\/#primaryimage\",\"url\":\"https:\/\/mhf.ro\/mm\/wp-content\/uploads\/2021\/05\/maca-de-protectie.jpg\",\"contentUrl\":\"https:\/\/mhf.ro\/mm\/wp-content\/uploads\/2021\/05\/maca-de-protectie.jpg\",\"width\":1280,\"height\":853},{\"@type\":\"BreadcrumbList\",\"@id\":\"https:\/\/mhf.ro\/mm\/min-sanatatii-fara-masca-in-aer-liber\/#breadcrumb\",\"itemListElement\":[{\"@type\":\"ListItem\",\"position\":1,\"name\":\"Prima pagin\u0103\",\"item\":\"https:\/\/mhf.ro\/mm\/\"},{\"@type\":\"ListItem\",\"position\":2,\"name\":\"Min. S\u0103n\u0103t\u0103\u021bii: f\u0103r\u0103 masc\u0103 \u00een aer liber\"}]},{\"@type\":\"WebSite\",\"@id\":\"https:\/\/mhf.ro\/mm\/#website\",\"url\":\"https:\/\/mhf.ro\/mm\/\",\"name\":\"MHF Photography \u2013 Blog de fotografie, natur\u0103 \u0219i tehnic\u0103 divers\u0103\",\"description\":\"Aventur\u0103 \u00een fiecare cadru.\",\"publisher\":{\"@id\":\"https:\/\/mhf.ro\/mm\/#\/schema\/person\/a3bebf7bdb4bf12f698aff73c7e46c21\"},\"potentialAction\":[{\"@type\":\"SearchAction\",\"target\":{\"@type\":\"EntryPoint\",\"urlTemplate\":\"https:\/\/mhf.ro\/mm\/?s={search_term_string}\"},\"query-input\":{\"@type\":\"PropertyValueSpecification\",\"valueRequired\":true,\"valueName\":\"search_term_string\"}}],\"inLanguage\":\"ro-RO\"},{\"@type\":[\"Person\",\"Organization\"],\"@id\":\"https:\/\/mhf.ro\/mm\/#\/schema\/person\/a3bebf7bdb4bf12f698aff73c7e46c21\",\"name\":\"Marius Marcu\",\"image\":{\"@type\":\"ImageObject\",\"inLanguage\":\"ro-RO\",\"@id\":\"https:\/\/mhf.ro\/mm\/#\/schema\/person\/image\/\",\"url\":\"https:\/\/mhf.ro\/mm\/wp-content\/uploads\/2025\/12\/cropped-logo_mhf_2.png\",\"contentUrl\":\"https:\/\/mhf.ro\/mm\/wp-content\/uploads\/2025\/12\/cropped-logo_mhf_2.png\",\"width\":1096,\"height\":457,\"caption\":\"Marius Marcu\"},\"logo\":{\"@id\":\"https:\/\/mhf.ro\/mm\/#\/schema\/person\/image\/\"},\"sameAs\":[\"https:\/\/mhf.ro\/mm\"],\"url\":\"https:\/\/mhf.ro\/mm\/author\/mihai\/\"}]}<\/script>\n<!-- \/ Yoast SEO plugin. -->","yoast_head_json":{"title":"Min. S\u0103n\u0103t\u0103\u021bii: f\u0103r\u0103 masc\u0103 \u00een aer liber - MHF Photography","robots":{"index":"index","follow":"follow","max-snippet":"max-snippet:-1","max-image-preview":"max-image-preview:large","max-video-preview":"max-video-preview:-1"},"canonical":"https:\/\/mhf.ro\/mm\/min-sanatatii-fara-masca-in-aer-liber\/","og_locale":"ro_RO","og_type":"article","og_title":"Min. S\u0103n\u0103t\u0103\u021bii: f\u0103r\u0103 masc\u0103 \u00een aer liber - MHF Photography","og_description":"Ministrul S\u0103n\u0103t\u0103\u021bii, Ioana Mih\u0103il\u0103, anun\u021b\u0103, miercuri sear\u0103, la Europa Fm, c\u0103 autorit\u0103\u021bile iau \u00een calcul eliminarea obligativit\u0103\u021bii de a purta","og_url":"https:\/\/mhf.ro\/mm\/min-sanatatii-fara-masca-in-aer-liber\/","og_site_name":"MHF Photography","article_published_time":"2021-05-13T05:35:10+00:00","og_image":[{"width":1280,"height":853,"url":"https:\/\/mhf.ro\/mm\/wp-content\/uploads\/2021\/05\/maca-de-protectie.jpg","type":"image\/jpeg"}],"author":"Marius Marcu","twitter_card":"summary_large_image","twitter_misc":{"Scris de":"Marius Marcu","Timp estimat pentru citire":"1 minut"},"schema":{"@context":"https:\/\/schema.org","@graph":[{"@type":"Article","@id":"https:\/\/mhf.ro\/mm\/min-sanatatii-fara-masca-in-aer-liber\/#article","isPartOf":{"@id":"https:\/\/mhf.ro\/mm\/min-sanatatii-fara-masca-in-aer-liber\/"},"author":{"name":"Marius Marcu","@id":"https:\/\/mhf.ro\/mm\/#\/schema\/person\/a3bebf7bdb4bf12f698aff73c7e46c21"},"headline":"Min. S\u0103n\u0103t\u0103\u021bii: f\u0103r\u0103 masc\u0103 \u00een aer liber","datePublished":"2021-05-13T05:35:10+00:00","mainEntityOfPage":{"@id":"https:\/\/mhf.ro\/mm\/min-sanatatii-fara-masca-in-aer-liber\/"},"wordCount":272,"commentCount":0,"publisher":{"@id":"https:\/\/mhf.ro\/mm\/#\/schema\/person\/a3bebf7bdb4bf12f698aff73c7e46c21"},"image":{"@id":"https:\/\/mhf.ro\/mm\/min-sanatatii-fara-masca-in-aer-liber\/#primaryimage"},"thumbnailUrl":"https:\/\/mhf.ro\/mm\/wp-content\/uploads\/2021\/05\/maca-de-protectie.jpg","articleSection":["Locale"],"inLanguage":"ro-RO","potentialAction":[{"@type":"CommentAction","name":"Comment","target":["https:\/\/mhf.ro\/mm\/min-sanatatii-fara-masca-in-aer-liber\/#respond"]}]},{"@type":"WebPage","@id":"https:\/\/mhf.ro\/mm\/min-sanatatii-fara-masca-in-aer-liber\/","url":"https:\/\/mhf.ro\/mm\/min-sanatatii-fara-masca-in-aer-liber\/","name":"Min. S\u0103n\u0103t\u0103\u021bii: f\u0103r\u0103 masc\u0103 \u00een aer liber - MHF Photography","isPartOf":{"@id":"https:\/\/mhf.ro\/mm\/#website"},"primaryImageOfPage":{"@id":"https:\/\/mhf.ro\/mm\/min-sanatatii-fara-masca-in-aer-liber\/#primaryimage"},"image":{"@id":"https:\/\/mhf.ro\/mm\/min-sanatatii-fara-masca-in-aer-liber\/#primaryimage"},"thumbnailUrl":"https:\/\/mhf.ro\/mm\/wp-content\/uploads\/2021\/05\/maca-de-protectie.jpg","datePublished":"2021-05-13T05:35:10+00:00","breadcrumb":{"@id":"https:\/\/mhf.ro\/mm\/min-sanatatii-fara-masca-in-aer-liber\/#breadcrumb"},"inLanguage":"ro-RO","potentialAction":[{"@type":"ReadAction","target":["https:\/\/mhf.ro\/mm\/min-sanatatii-fara-masca-in-aer-liber\/"]}]},{"@type":"ImageObject","inLanguage":"ro-RO","@id":"https:\/\/mhf.ro\/mm\/min-sanatatii-fara-masca-in-aer-liber\/#primaryimage","url":"https:\/\/mhf.ro\/mm\/wp-content\/uploads\/2021\/05\/maca-de-protectie.jpg","contentUrl":"https:\/\/mhf.ro\/mm\/wp-content\/uploads\/2021\/05\/maca-de-protectie.jpg","width":1280,"height":853},{"@type":"BreadcrumbList","@id":"https:\/\/mhf.ro\/mm\/min-sanatatii-fara-masca-in-aer-liber\/#breadcrumb","itemListElement":[{"@type":"ListItem","position":1,"name":"Prima pagin\u0103","item":"https:\/\/mhf.ro\/mm\/"},{"@type":"ListItem","position":2,"name":"Min. S\u0103n\u0103t\u0103\u021bii: f\u0103r\u0103 masc\u0103 \u00een aer liber"}]},{"@type":"WebSite","@id":"https:\/\/mhf.ro\/mm\/#website","url":"https:\/\/mhf.ro\/mm\/","name":"MHF Photography \u2013 Blog de fotografie, natur\u0103 \u0219i tehnic\u0103 divers\u0103","description":"Aventur\u0103 \u00een fiecare cadru.","publisher":{"@id":"https:\/\/mhf.ro\/mm\/#\/schema\/person\/a3bebf7bdb4bf12f698aff73c7e46c21"},"potentialAction":[{"@type":"SearchAction","target":{"@type":"EntryPoint","urlTemplate":"https:\/\/mhf.ro\/mm\/?s={search_term_string}"},"query-input":{"@type":"PropertyValueSpecification","valueRequired":true,"valueName":"search_term_string"}}],"inLanguage":"ro-RO"},{"@type":["Person","Organization"],"@id":"https:\/\/mhf.ro\/mm\/#\/schema\/person\/a3bebf7bdb4bf12f698aff73c7e46c21","name":"Marius Marcu","image":{"@type":"ImageObject","inLanguage":"ro-RO","@id":"https:\/\/mhf.ro\/mm\/#\/schema\/person\/image\/","url":"https:\/\/mhf.ro\/mm\/wp-content\/uploads\/2025\/12\/cropped-logo_mhf_2.png","contentUrl":"https:\/\/mhf.ro\/mm\/wp-content\/uploads\/2025\/12\/cropped-logo_mhf_2.png","width":1096,"height":457,"caption":"Marius Marcu"},"logo":{"@id":"https:\/\/mhf.ro\/mm\/#\/schema\/person\/image\/"},"sameAs":["https:\/\/mhf.ro\/mm"],"url":"https:\/\/mhf.ro\/mm\/author\/mihai\/"}]}},"_links":{"self":[{"href":"https:\/\/mhf.ro\/mm\/wp-json\/wp\/v2\/posts\/4827","targetHints":{"allow":["GET"]}}],"collection":[{"href":"https:\/\/mhf.ro\/mm\/wp-json\/wp\/v2\/posts"}],"about":[{"href":"https:\/\/mhf.ro\/mm\/wp-json\/wp\/v2\/types\/post"}],"author":[{"embeddable":true,"href":"https:\/\/mhf.ro\/mm\/wp-json\/wp\/v2\/users\/1"}],"replies":[{"embeddable":true,"href":"https:\/\/mhf.ro\/mm\/wp-json\/wp\/v2\/comments?post=4827"}],"version-history":[{"count":1,"href":"https:\/\/mhf.ro\/mm\/wp-json\/wp\/v2\/posts\/4827\/revisions"}],"predecessor-version":[{"id":4829,"href":"https:\/\/mhf.ro\/mm\/wp-json\/wp\/v2\/posts\/4827\/revisions\/4829"}],"wp:featuredmedia":[{"embeddable":true,"href":"https:\/\/mhf.ro\/mm\/wp-json\/wp\/v2\/media\/4828"}],"wp:attachment":[{"href":"https:\/\/mhf.ro\/mm\/wp-json\/wp\/v2\/media?parent=4827"}],"wp:term":[{"taxonomy":"category","embeddable":true,"href":"https:\/\/mhf.ro\/mm\/wp-json\/wp\/v2\/categories?post=4827"},{"taxonomy":"post_tag","embeddable":true,"href":"https:\/\/mhf.ro\/mm\/wp-json\/wp\/v2\/tags?post=4827"}],"curies":[{"name":"wp","href":"https:\/\/api.w.org\/{rel}","templated":true}]}}