{"id":4851,"date":"2021-05-21T21:04:36","date_gmt":"2021-05-21T19:04:36","guid":{"rendered":"https:\/\/mhf.ro\/mm\/?p=4851"},"modified":"2021-05-21T21:09:10","modified_gmt":"2021-05-21T19:09:10","slug":"patria-sfantului-ioan-botezatorul","status":"publish","type":"post","link":"https:\/\/mhf.ro\/mm\/patria-sfantului-ioan-botezatorul\/","title":{"rendered":"Patria Sf\u00e2ntului Ioan Botez\u0103torul"},"content":{"rendered":"<p>Aproape de Ierusalim este o mic\u0103 localitate care se nume\u0219te acum Ein Karem. \u00cen acest \u021binut muntos, unde se \u00eembin\u0103 \u00een mod neobi\u0219nuit piatra \u0219i vegeta\u021bia, este locul unde s-a n\u0103scut Sf\u00e2ntul Ioan Botez\u0103torul. Locul este foarte des vizitat \u0219i de pelerinii cre\u0219tini dar \u0219i de locuitori ai Ierusalimului, dornici de a ,,evada&#8221; din aglomera\u021bia cotidian\u0103.<\/p>\n<p>Pelerinul cre\u0219tin popose\u0219te \u00een dou\u0103 biserici din Ein Karem.<\/p>\n<p>Prima biseric\u0103 vizitat\u0103 este construit\u0103 pe locul unde au locuit preotul Zaharia cu Elisabeta. Locul ne aminte\u0219te de b\u0103tr\u00e2nul preot Zaharia care, slujind la templul din Ierusalim, fiind singur \u00een Templu, este surprins s\u0103 \u00eent\u00e2lnesc\u0103 un t\u00e2n\u0103r care \u00eei spune c\u0103 va avea un fiu c\u0103ruia s\u0103-i pun\u0103 numele Ioan. P\u0103rea ceva imposibil. De aceea t\u00e2n\u0103rul i-a zis: <em>eu sun Gavriil&#8230; \u0219i am fost trimis s\u0103-\u021bi vestesc acestea. Dar pentru c\u0103 n-ai crezut spuselor mele, iat\u0103 vei fi mut p\u00e2n\u0103 se vor \u00eemplini acestea.<\/em> Dup\u0103 ce a trecut s\u0103pt\u0103m\u00e2na de slujire \u0219i Zaharia s-a \u00eentors acas\u0103, sotia sa, Elisabeta a r\u0103mas \u00eens\u0103rcinat\u0103. La opt zile de la na\u0219terea pruncului i-au pus numele Ioan \u0219i Zaharia a \u00eenceput s\u0103 vorbeasc\u0103, proorocind despre cel ce avea s\u0103 fie \u00cenainte-merg\u0103torul Domnului. Din actuala biserica, pe l\u00e2ng\u0103 altar, se coboar\u0103 la ruinele locuin\u021bei de atunci.<\/p>\n<p><img fetchpriority=\"high\" decoding=\"async\" class=\"alignnone size-full wp-image-4853\" src=\"https:\/\/mhf.ro\/mm\/wp-content\/uploads\/2021\/05\/nasterea-sf-ioan.jpg\" alt=\"\" width=\"275\" height=\"183\" \/><\/p>\n<p>\u00cen centrul localit\u0103\u021bii este un izvor de ap\u0103 care este martorul t\u0103cut al prezen\u021bei Fecioarei Maria.<\/p>\n<p>La Buna-Vestire, arhanghelul Gavriil o vizitase pe Maria la Nazaret anun\u021b\u00e2nd-o c\u0103 este aleasa Cerului pentru a na\u0219te pe Fiul lui Dumnezeu, Mesia cel promis. Ca o confirmare a veridicit\u0103\u021bii mesajului, Gavriil o anun\u021b\u0103 c\u0103 Elisabeta, mama viitorului Ioan Botez\u0103torul, a z\u0103mislit la b\u0103tr\u00e2ne\u021be. Fecioara Maria, purt\u00e2nd \u00een p\u00e2ntece pe Fiul lui Dumnezeu a venit la Elisabeta. Acest\u0103 vizit\u0103 a avut loc nu la locuin\u021ba Elisabetei ci la un loc retras, unde era probabil o gr\u0103din\u0103 a familiei. \u00cent\u00e2lnirea celor dou\u0103 veri\u0219oare este consemnat\u0103 de Sf. evanghelist Luca, preluat\u0103 de acesta chiar de la Maria. Dialogul celor dou\u0103 persoane sfinte ne descoper\u0103 multe detalii despre statutul Maicii Domnului.<\/p>\n<p>Deci trec\u00e2nd pe l\u00e2ng\u0103 izvor, urc\u0103m la Biserica Vizit\u0103rii. Acolo se poate observa din nou o arhitectur\u0103 original\u0103, crea\u021bia aceluia\u0219i Barluzi, de la \u00eenceputul sec. XX. Biserica marcheaz\u0103 locul \u00eent\u00e2lnirii consemnate de Sf. Luca.<\/p>\n<p>&nbsp;<\/p>\n","protected":false},"excerpt":{"rendered":"<p>Aproape de Ierusalim este o mic\u0103 localitate care se nume\u0219te acum Ein Karem. \u00cen acest \u021binut muntos, unde se \u00eembin\u0103<\/p>\n","protected":false},"author":4,"featured_media":4852,"comment_status":"open","ping_status":"open","sticky":false,"template":"","format":"standard","meta":{"colormag_page_container_layout":"default_layout","colormag_page_sidebar_layout":"default_layout","footnotes":""},"categories":[5,34],"tags":[],"class_list":["post-4851","post","type-post","status-publish","format-standard","has-post-thumbnail","hentry","category-locale","category-religie"],"yoast_head":"<!-- This site is optimized with the Yoast SEO plugin v27.0 - https:\/\/yoast.com\/product\/yoast-seo-wordpress\/ -->\n<title>Patria Sf\u00e2ntului Ioan Botez\u0103torul - MHF Photography<\/title>\n<meta name=\"robots\" content=\"index, follow, max-snippet:-1, max-image-preview:large, max-video-preview:-1\" \/>\n<link rel=\"canonical\" href=\"https:\/\/mhf.ro\/mm\/patria-sfantului-ioan-botezatorul\/\" \/>\n<meta property=\"og:locale\" content=\"ro_RO\" \/>\n<meta property=\"og:type\" content=\"article\" \/>\n<meta property=\"og:title\" content=\"Patria Sf\u00e2ntului Ioan Botez\u0103torul - MHF Photography\" \/>\n<meta property=\"og:description\" content=\"Aproape de Ierusalim este o mic\u0103 localitate care se nume\u0219te acum Ein Karem. \u00cen acest \u021binut muntos, unde se \u00eembin\u0103\" \/>\n<meta property=\"og:url\" content=\"https:\/\/mhf.ro\/mm\/patria-sfantului-ioan-botezatorul\/\" \/>\n<meta property=\"og:site_name\" content=\"MHF Photography\" \/>\n<meta property=\"article:published_time\" content=\"2021-05-21T19:04:36+00:00\" \/>\n<meta property=\"article:modified_time\" content=\"2021-05-21T19:09:10+00:00\" \/>\n<meta property=\"og:image\" content=\"https:\/\/mhf.ro\/mm\/wp-content\/uploads\/2021\/05\/biserica-vizitarii.jpg\" \/>\n\t<meta property=\"og:image:width\" content=\"1300\" \/>\n\t<meta property=\"og:image:height\" content=\"863\" \/>\n\t<meta property=\"og:image:type\" content=\"image\/jpeg\" \/>\n<meta name=\"author\" content=\"Preot paroh Horvat Petru\" \/>\n<meta name=\"twitter:card\" content=\"summary_large_image\" \/>\n<meta name=\"twitter:label1\" content=\"Scris de\" \/>\n\t<meta name=\"twitter:data1\" content=\"Preot paroh Horvat Petru\" \/>\n\t<meta name=\"twitter:label2\" content=\"Timp estimat pentru citire\" \/>\n\t<meta name=\"twitter:data2\" content=\"2 minute\" \/>\n<script type=\"application\/ld+json\" class=\"yoast-schema-graph\">{\"@context\":\"https:\/\/schema.org\",\"@graph\":[{\"@type\":\"Article\",\"@id\":\"https:\/\/mhf.ro\/mm\/patria-sfantului-ioan-botezatorul\/#article\",\"isPartOf\":{\"@id\":\"https:\/\/mhf.ro\/mm\/patria-sfantului-ioan-botezatorul\/\"},\"author\":{\"name\":\"Preot paroh Horvat Petru\",\"@id\":\"https:\/\/mhf.ro\/mm\/#\/schema\/person\/4c8c06c801b7b666e81ed44550086900\"},\"headline\":\"Patria Sf\u00e2ntului Ioan Botez\u0103torul\",\"datePublished\":\"2021-05-21T19:04:36+00:00\",\"dateModified\":\"2021-05-21T19:09:10+00:00\",\"mainEntityOfPage\":{\"@id\":\"https:\/\/mhf.ro\/mm\/patria-sfantului-ioan-botezatorul\/\"},\"wordCount\":428,\"commentCount\":0,\"publisher\":{\"@id\":\"https:\/\/mhf.ro\/mm\/#\/schema\/person\/a3bebf7bdb4bf12f698aff73c7e46c21\"},\"image\":{\"@id\":\"https:\/\/mhf.ro\/mm\/patria-sfantului-ioan-botezatorul\/#primaryimage\"},\"thumbnailUrl\":\"https:\/\/mhf.ro\/mm\/wp-content\/uploads\/2021\/05\/biserica-vizitarii.jpg\",\"articleSection\":[\"Locale\",\"Religie\"],\"inLanguage\":\"ro-RO\",\"potentialAction\":[{\"@type\":\"CommentAction\",\"name\":\"Comment\",\"target\":[\"https:\/\/mhf.ro\/mm\/patria-sfantului-ioan-botezatorul\/#respond\"]}]},{\"@type\":\"WebPage\",\"@id\":\"https:\/\/mhf.ro\/mm\/patria-sfantului-ioan-botezatorul\/\",\"url\":\"https:\/\/mhf.ro\/mm\/patria-sfantului-ioan-botezatorul\/\",\"name\":\"Patria Sf\u00e2ntului Ioan Botez\u0103torul - MHF Photography\",\"isPartOf\":{\"@id\":\"https:\/\/mhf.ro\/mm\/#website\"},\"primaryImageOfPage\":{\"@id\":\"https:\/\/mhf.ro\/mm\/patria-sfantului-ioan-botezatorul\/#primaryimage\"},\"image\":{\"@id\":\"https:\/\/mhf.ro\/mm\/patria-sfantului-ioan-botezatorul\/#primaryimage\"},\"thumbnailUrl\":\"https:\/\/mhf.ro\/mm\/wp-content\/uploads\/2021\/05\/biserica-vizitarii.jpg\",\"datePublished\":\"2021-05-21T19:04:36+00:00\",\"dateModified\":\"2021-05-21T19:09:10+00:00\",\"breadcrumb\":{\"@id\":\"https:\/\/mhf.ro\/mm\/patria-sfantului-ioan-botezatorul\/#breadcrumb\"},\"inLanguage\":\"ro-RO\",\"potentialAction\":[{\"@type\":\"ReadAction\",\"target\":[\"https:\/\/mhf.ro\/mm\/patria-sfantului-ioan-botezatorul\/\"]}]},{\"@type\":\"ImageObject\",\"inLanguage\":\"ro-RO\",\"@id\":\"https:\/\/mhf.ro\/mm\/patria-sfantului-ioan-botezatorul\/#primaryimage\",\"url\":\"https:\/\/mhf.ro\/mm\/wp-content\/uploads\/2021\/05\/biserica-vizitarii.jpg\",\"contentUrl\":\"https:\/\/mhf.ro\/mm\/wp-content\/uploads\/2021\/05\/biserica-vizitarii.jpg\",\"width\":1300,\"height\":863,\"caption\":\"The Church of the Visitation, in the old village of Ein Karem, in Jerusalem, Israel\"},{\"@type\":\"BreadcrumbList\",\"@id\":\"https:\/\/mhf.ro\/mm\/patria-sfantului-ioan-botezatorul\/#breadcrumb\",\"itemListElement\":[{\"@type\":\"ListItem\",\"position\":1,\"name\":\"Prima pagin\u0103\",\"item\":\"https:\/\/mhf.ro\/mm\/\"},{\"@type\":\"ListItem\",\"position\":2,\"name\":\"Patria Sf\u00e2ntului Ioan Botez\u0103torul\"}]},{\"@type\":\"WebSite\",\"@id\":\"https:\/\/mhf.ro\/mm\/#website\",\"url\":\"https:\/\/mhf.ro\/mm\/\",\"name\":\"MHF Photography \u2013 Blog de fotografie, natur\u0103 \u0219i tehnic\u0103 divers\u0103\",\"description\":\"Aventur\u0103 \u00een fiecare cadru.\",\"publisher\":{\"@id\":\"https:\/\/mhf.ro\/mm\/#\/schema\/person\/a3bebf7bdb4bf12f698aff73c7e46c21\"},\"potentialAction\":[{\"@type\":\"SearchAction\",\"target\":{\"@type\":\"EntryPoint\",\"urlTemplate\":\"https:\/\/mhf.ro\/mm\/?s={search_term_string}\"},\"query-input\":{\"@type\":\"PropertyValueSpecification\",\"valueRequired\":true,\"valueName\":\"search_term_string\"}}],\"inLanguage\":\"ro-RO\"},{\"@type\":[\"Person\",\"Organization\"],\"@id\":\"https:\/\/mhf.ro\/mm\/#\/schema\/person\/a3bebf7bdb4bf12f698aff73c7e46c21\",\"name\":\"Marius Marcu\",\"image\":{\"@type\":\"ImageObject\",\"inLanguage\":\"ro-RO\",\"@id\":\"https:\/\/mhf.ro\/mm\/#\/schema\/person\/image\/\",\"url\":\"https:\/\/mhf.ro\/mm\/wp-content\/uploads\/2025\/12\/cropped-logo_mhf_2.png\",\"contentUrl\":\"https:\/\/mhf.ro\/mm\/wp-content\/uploads\/2025\/12\/cropped-logo_mhf_2.png\",\"width\":1096,\"height\":457,\"caption\":\"Marius Marcu\"},\"logo\":{\"@id\":\"https:\/\/mhf.ro\/mm\/#\/schema\/person\/image\/\"},\"sameAs\":[\"https:\/\/mhf.ro\/mm\"]},{\"@type\":\"Person\",\"@id\":\"https:\/\/mhf.ro\/mm\/#\/schema\/person\/4c8c06c801b7b666e81ed44550086900\",\"name\":\"Preot paroh Horvat Petru\",\"image\":{\"@type\":\"ImageObject\",\"inLanguage\":\"ro-RO\",\"@id\":\"https:\/\/mhf.ro\/mm\/#\/schema\/person\/image\/\",\"url\":\"https:\/\/secure.gravatar.com\/avatar\/c2d2dcdf21c6f41aad486d71768c144cd6e23cb7b63bae9bd6fab542b26ad321?s=96&d=monsterid&r=g\",\"contentUrl\":\"https:\/\/secure.gravatar.com\/avatar\/c2d2dcdf21c6f41aad486d71768c144cd6e23cb7b63bae9bd6fab542b26ad321?s=96&d=monsterid&r=g\",\"caption\":\"Preot paroh Horvat Petru\"},\"sameAs\":[\"https:\/\/mhf.ro\/mm\"],\"url\":\"https:\/\/mhf.ro\/mm\/author\/petrica\/\"}]}<\/script>\n<!-- \/ Yoast SEO plugin. -->","yoast_head_json":{"title":"Patria Sf\u00e2ntului Ioan Botez\u0103torul - MHF Photography","robots":{"index":"index","follow":"follow","max-snippet":"max-snippet:-1","max-image-preview":"max-image-preview:large","max-video-preview":"max-video-preview:-1"},"canonical":"https:\/\/mhf.ro\/mm\/patria-sfantului-ioan-botezatorul\/","og_locale":"ro_RO","og_type":"article","og_title":"Patria Sf\u00e2ntului Ioan Botez\u0103torul - MHF Photography","og_description":"Aproape de Ierusalim este o mic\u0103 localitate care se nume\u0219te acum Ein Karem. \u00cen acest \u021binut muntos, unde se \u00eembin\u0103","og_url":"https:\/\/mhf.ro\/mm\/patria-sfantului-ioan-botezatorul\/","og_site_name":"MHF Photography","article_published_time":"2021-05-21T19:04:36+00:00","article_modified_time":"2021-05-21T19:09:10+00:00","og_image":[{"width":1300,"height":863,"url":"https:\/\/mhf.ro\/mm\/wp-content\/uploads\/2021\/05\/biserica-vizitarii.jpg","type":"image\/jpeg"}],"author":"Preot paroh Horvat Petru","twitter_card":"summary_large_image","twitter_misc":{"Scris de":"Preot paroh Horvat Petru","Timp estimat pentru citire":"2 minute"},"schema":{"@context":"https:\/\/schema.org","@graph":[{"@type":"Article","@id":"https:\/\/mhf.ro\/mm\/patria-sfantului-ioan-botezatorul\/#article","isPartOf":{"@id":"https:\/\/mhf.ro\/mm\/patria-sfantului-ioan-botezatorul\/"},"author":{"name":"Preot paroh Horvat Petru","@id":"https:\/\/mhf.ro\/mm\/#\/schema\/person\/4c8c06c801b7b666e81ed44550086900"},"headline":"Patria Sf\u00e2ntului Ioan Botez\u0103torul","datePublished":"2021-05-21T19:04:36+00:00","dateModified":"2021-05-21T19:09:10+00:00","mainEntityOfPage":{"@id":"https:\/\/mhf.ro\/mm\/patria-sfantului-ioan-botezatorul\/"},"wordCount":428,"commentCount":0,"publisher":{"@id":"https:\/\/mhf.ro\/mm\/#\/schema\/person\/a3bebf7bdb4bf12f698aff73c7e46c21"},"image":{"@id":"https:\/\/mhf.ro\/mm\/patria-sfantului-ioan-botezatorul\/#primaryimage"},"thumbnailUrl":"https:\/\/mhf.ro\/mm\/wp-content\/uploads\/2021\/05\/biserica-vizitarii.jpg","articleSection":["Locale","Religie"],"inLanguage":"ro-RO","potentialAction":[{"@type":"CommentAction","name":"Comment","target":["https:\/\/mhf.ro\/mm\/patria-sfantului-ioan-botezatorul\/#respond"]}]},{"@type":"WebPage","@id":"https:\/\/mhf.ro\/mm\/patria-sfantului-ioan-botezatorul\/","url":"https:\/\/mhf.ro\/mm\/patria-sfantului-ioan-botezatorul\/","name":"Patria Sf\u00e2ntului Ioan Botez\u0103torul - MHF Photography","isPartOf":{"@id":"https:\/\/mhf.ro\/mm\/#website"},"primaryImageOfPage":{"@id":"https:\/\/mhf.ro\/mm\/patria-sfantului-ioan-botezatorul\/#primaryimage"},"image":{"@id":"https:\/\/mhf.ro\/mm\/patria-sfantului-ioan-botezatorul\/#primaryimage"},"thumbnailUrl":"https:\/\/mhf.ro\/mm\/wp-content\/uploads\/2021\/05\/biserica-vizitarii.jpg","datePublished":"2021-05-21T19:04:36+00:00","dateModified":"2021-05-21T19:09:10+00:00","breadcrumb":{"@id":"https:\/\/mhf.ro\/mm\/patria-sfantului-ioan-botezatorul\/#breadcrumb"},"inLanguage":"ro-RO","potentialAction":[{"@type":"ReadAction","target":["https:\/\/mhf.ro\/mm\/patria-sfantului-ioan-botezatorul\/"]}]},{"@type":"ImageObject","inLanguage":"ro-RO","@id":"https:\/\/mhf.ro\/mm\/patria-sfantului-ioan-botezatorul\/#primaryimage","url":"https:\/\/mhf.ro\/mm\/wp-content\/uploads\/2021\/05\/biserica-vizitarii.jpg","contentUrl":"https:\/\/mhf.ro\/mm\/wp-content\/uploads\/2021\/05\/biserica-vizitarii.jpg","width":1300,"height":863,"caption":"The Church of the Visitation, in the old village of Ein Karem, in Jerusalem, Israel"},{"@type":"BreadcrumbList","@id":"https:\/\/mhf.ro\/mm\/patria-sfantului-ioan-botezatorul\/#breadcrumb","itemListElement":[{"@type":"ListItem","position":1,"name":"Prima pagin\u0103","item":"https:\/\/mhf.ro\/mm\/"},{"@type":"ListItem","position":2,"name":"Patria Sf\u00e2ntului Ioan Botez\u0103torul"}]},{"@type":"WebSite","@id":"https:\/\/mhf.ro\/mm\/#website","url":"https:\/\/mhf.ro\/mm\/","name":"MHF Photography \u2013 Blog de fotografie, natur\u0103 \u0219i tehnic\u0103 divers\u0103","description":"Aventur\u0103 \u00een fiecare cadru.","publisher":{"@id":"https:\/\/mhf.ro\/mm\/#\/schema\/person\/a3bebf7bdb4bf12f698aff73c7e46c21"},"potentialAction":[{"@type":"SearchAction","target":{"@type":"EntryPoint","urlTemplate":"https:\/\/mhf.ro\/mm\/?s={search_term_string}"},"query-input":{"@type":"PropertyValueSpecification","valueRequired":true,"valueName":"search_term_string"}}],"inLanguage":"ro-RO"},{"@type":["Person","Organization"],"@id":"https:\/\/mhf.ro\/mm\/#\/schema\/person\/a3bebf7bdb4bf12f698aff73c7e46c21","name":"Marius Marcu","image":{"@type":"ImageObject","inLanguage":"ro-RO","@id":"https:\/\/mhf.ro\/mm\/#\/schema\/person\/image\/","url":"https:\/\/mhf.ro\/mm\/wp-content\/uploads\/2025\/12\/cropped-logo_mhf_2.png","contentUrl":"https:\/\/mhf.ro\/mm\/wp-content\/uploads\/2025\/12\/cropped-logo_mhf_2.png","width":1096,"height":457,"caption":"Marius Marcu"},"logo":{"@id":"https:\/\/mhf.ro\/mm\/#\/schema\/person\/image\/"},"sameAs":["https:\/\/mhf.ro\/mm"]},{"@type":"Person","@id":"https:\/\/mhf.ro\/mm\/#\/schema\/person\/4c8c06c801b7b666e81ed44550086900","name":"Preot paroh Horvat Petru","image":{"@type":"ImageObject","inLanguage":"ro-RO","@id":"https:\/\/mhf.ro\/mm\/#\/schema\/person\/image\/","url":"https:\/\/secure.gravatar.com\/avatar\/c2d2dcdf21c6f41aad486d71768c144cd6e23cb7b63bae9bd6fab542b26ad321?s=96&d=monsterid&r=g","contentUrl":"https:\/\/secure.gravatar.com\/avatar\/c2d2dcdf21c6f41aad486d71768c144cd6e23cb7b63bae9bd6fab542b26ad321?s=96&d=monsterid&r=g","caption":"Preot paroh Horvat Petru"},"sameAs":["https:\/\/mhf.ro\/mm"],"url":"https:\/\/mhf.ro\/mm\/author\/petrica\/"}]}},"_links":{"self":[{"href":"https:\/\/mhf.ro\/mm\/wp-json\/wp\/v2\/posts\/4851","targetHints":{"allow":["GET"]}}],"collection":[{"href":"https:\/\/mhf.ro\/mm\/wp-json\/wp\/v2\/posts"}],"about":[{"href":"https:\/\/mhf.ro\/mm\/wp-json\/wp\/v2\/types\/post"}],"author":[{"embeddable":true,"href":"https:\/\/mhf.ro\/mm\/wp-json\/wp\/v2\/users\/4"}],"replies":[{"embeddable":true,"href":"https:\/\/mhf.ro\/mm\/wp-json\/wp\/v2\/comments?post=4851"}],"version-history":[{"count":3,"href":"https:\/\/mhf.ro\/mm\/wp-json\/wp\/v2\/posts\/4851\/revisions"}],"predecessor-version":[{"id":4856,"href":"https:\/\/mhf.ro\/mm\/wp-json\/wp\/v2\/posts\/4851\/revisions\/4856"}],"wp:featuredmedia":[{"embeddable":true,"href":"https:\/\/mhf.ro\/mm\/wp-json\/wp\/v2\/media\/4852"}],"wp:attachment":[{"href":"https:\/\/mhf.ro\/mm\/wp-json\/wp\/v2\/media?parent=4851"}],"wp:term":[{"taxonomy":"category","embeddable":true,"href":"https:\/\/mhf.ro\/mm\/wp-json\/wp\/v2\/categories?post=4851"},{"taxonomy":"post_tag","embeddable":true,"href":"https:\/\/mhf.ro\/mm\/wp-json\/wp\/v2\/tags?post=4851"}],"curies":[{"name":"wp","href":"https:\/\/api.w.org\/{rel}","templated":true}]}}