{"id":4912,"date":"2021-05-30T19:57:07","date_gmt":"2021-05-30T17:57:07","guid":{"rendered":"https:\/\/mhf.ro\/mm\/?p=4912"},"modified":"2021-05-30T19:58:59","modified_gmt":"2021-05-30T17:58:59","slug":"ultimul-popas-jaffa","status":"publish","type":"post","link":"https:\/\/mhf.ro\/mm\/ultimul-popas-jaffa\/","title":{"rendered":"Ultimul popas-Jaffa"},"content":{"rendered":"<p>\u00cen ultima zi a pelerinajului din \u021aara Sf\u00e2nt\u0103 se face deplasare la Yafo sau Jaffa, o suburbie a capitalei Tel Aviv. C\u00e2ndva locul era un port cu mare importan\u021b\u0103 strategic\u0103 \u00een campaniile militare. Cel care a fost ora\u0219ul Iope \u00een vremurile biblice p\u0103streaz\u0103 urme ale multor civiliza\u021bii perindate prin el: bizantini, crucia\u021bi, francezii lui Napoleon, otomani \u0219i al\u021bii.<\/p>\n<p>Principala atrac\u021bie pentru pelerini \u00een Iope este biserica ortodox\u0103, cu mai multe altare, \u00eentre care \u0219i unul rom\u00e2nesc, care aminte\u0219te de casa lui Simon T\u0103b\u0103carul. Aici a fost g\u0103zduit o vreme Sf\u00e2ntul Apostol Petru la \u00eenceputul propov\u0103duirii sale. Aici a avut marele apostol revela\u021bia c\u0103 Evanghelia lui Hristos se adreseaz\u0103 \u0219i altora nu numai evreilor. Vedenia este relatat\u0103 de ucenicul Sf\u00e2ntului Petru, Sf. Luca \u00een Faptele Apostolilor cap.10.<\/p>\n<p>Vizita la Iope-Yafo-Jaffa mai poate include \u0219i plimbare pe \u021b\u0103rmul M\u0103rii Mediterane sau pe str\u0103du\u021bele \u00eenguste ale ora\u0219ului vechi pres\u0103rate cu multe ateliere de arti\u0219ti plastici.<\/p>\n<p><img fetchpriority=\"high\" decoding=\"async\" class=\"alignnone size-medium wp-image-4915\" src=\"https:\/\/mhf.ro\/mm\/wp-content\/uploads\/2021\/05\/jafa-200x300.jpg\" alt=\"\" width=\"200\" height=\"300\" srcset=\"https:\/\/mhf.ro\/mm\/wp-content\/uploads\/2021\/05\/jafa-200x300.jpg 200w, https:\/\/mhf.ro\/mm\/wp-content\/uploads\/2021\/05\/jafa.jpg 682w\" sizes=\"(max-width: 200px) 100vw, 200px\" \/><\/p>\n","protected":false},"excerpt":{"rendered":"<p>\u00cen ultima zi a pelerinajului din \u021aara Sf\u00e2nt\u0103 se face deplasare la Yafo sau Jaffa, o suburbie a capitalei Tel<\/p>\n","protected":false},"author":4,"featured_media":4914,"comment_status":"open","ping_status":"open","sticky":false,"template":"","format":"standard","meta":{"colormag_page_container_layout":"default_layout","colormag_page_sidebar_layout":"default_layout","footnotes":""},"categories":[5,34],"tags":[],"class_list":["post-4912","post","type-post","status-publish","format-standard","has-post-thumbnail","hentry","category-locale","category-religie"],"yoast_head":"<!-- This site is optimized with the Yoast SEO plugin v27.0 - https:\/\/yoast.com\/product\/yoast-seo-wordpress\/ -->\n<title>Ultimul popas-Jaffa - MHF Photography<\/title>\n<meta name=\"robots\" content=\"index, follow, max-snippet:-1, max-image-preview:large, max-video-preview:-1\" \/>\n<link rel=\"canonical\" href=\"https:\/\/mhf.ro\/mm\/ultimul-popas-jaffa\/\" \/>\n<meta property=\"og:locale\" content=\"ro_RO\" \/>\n<meta property=\"og:type\" content=\"article\" \/>\n<meta property=\"og:title\" content=\"Ultimul popas-Jaffa - MHF Photography\" \/>\n<meta property=\"og:description\" content=\"\u00cen ultima zi a pelerinajului din \u021aara Sf\u00e2nt\u0103 se face deplasare la Yafo sau Jaffa, o suburbie a capitalei Tel\" \/>\n<meta property=\"og:url\" content=\"https:\/\/mhf.ro\/mm\/ultimul-popas-jaffa\/\" \/>\n<meta property=\"og:site_name\" content=\"MHF Photography\" \/>\n<meta property=\"article:published_time\" content=\"2021-05-30T17:57:07+00:00\" \/>\n<meta property=\"article:modified_time\" content=\"2021-05-30T17:58:59+00:00\" \/>\n<meta property=\"og:image\" content=\"https:\/\/mhf.ro\/mm\/wp-content\/uploads\/2021\/05\/Turnul-templierilor-Jaffa.jpg\" \/>\n\t<meta property=\"og:image:width\" content=\"1035\" \/>\n\t<meta property=\"og:image:height\" content=\"425\" \/>\n\t<meta property=\"og:image:type\" content=\"image\/jpeg\" \/>\n<meta name=\"author\" content=\"Preot paroh Horvat Petru\" \/>\n<meta name=\"twitter:card\" content=\"summary_large_image\" \/>\n<meta name=\"twitter:label1\" content=\"Scris de\" \/>\n\t<meta name=\"twitter:data1\" content=\"Preot paroh Horvat Petru\" \/>\n\t<meta name=\"twitter:label2\" content=\"Timp estimat pentru citire\" \/>\n\t<meta name=\"twitter:data2\" content=\"1 minut\" \/>\n<script type=\"application\/ld+json\" class=\"yoast-schema-graph\">{\"@context\":\"https:\/\/schema.org\",\"@graph\":[{\"@type\":\"Article\",\"@id\":\"https:\/\/mhf.ro\/mm\/ultimul-popas-jaffa\/#article\",\"isPartOf\":{\"@id\":\"https:\/\/mhf.ro\/mm\/ultimul-popas-jaffa\/\"},\"author\":{\"name\":\"Preot paroh Horvat Petru\",\"@id\":\"https:\/\/mhf.ro\/mm\/#\/schema\/person\/4c8c06c801b7b666e81ed44550086900\"},\"headline\":\"Ultimul popas-Jaffa\",\"datePublished\":\"2021-05-30T17:57:07+00:00\",\"dateModified\":\"2021-05-30T17:58:59+00:00\",\"mainEntityOfPage\":{\"@id\":\"https:\/\/mhf.ro\/mm\/ultimul-popas-jaffa\/\"},\"wordCount\":177,\"commentCount\":0,\"publisher\":{\"@id\":\"https:\/\/mhf.ro\/mm\/#\/schema\/person\/a3bebf7bdb4bf12f698aff73c7e46c21\"},\"image\":{\"@id\":\"https:\/\/mhf.ro\/mm\/ultimul-popas-jaffa\/#primaryimage\"},\"thumbnailUrl\":\"https:\/\/mhf.ro\/mm\/wp-content\/uploads\/2021\/05\/Turnul-templierilor-Jaffa.jpg\",\"articleSection\":[\"Locale\",\"Religie\"],\"inLanguage\":\"ro-RO\",\"potentialAction\":[{\"@type\":\"CommentAction\",\"name\":\"Comment\",\"target\":[\"https:\/\/mhf.ro\/mm\/ultimul-popas-jaffa\/#respond\"]}]},{\"@type\":\"WebPage\",\"@id\":\"https:\/\/mhf.ro\/mm\/ultimul-popas-jaffa\/\",\"url\":\"https:\/\/mhf.ro\/mm\/ultimul-popas-jaffa\/\",\"name\":\"Ultimul popas-Jaffa - MHF Photography\",\"isPartOf\":{\"@id\":\"https:\/\/mhf.ro\/mm\/#website\"},\"primaryImageOfPage\":{\"@id\":\"https:\/\/mhf.ro\/mm\/ultimul-popas-jaffa\/#primaryimage\"},\"image\":{\"@id\":\"https:\/\/mhf.ro\/mm\/ultimul-popas-jaffa\/#primaryimage\"},\"thumbnailUrl\":\"https:\/\/mhf.ro\/mm\/wp-content\/uploads\/2021\/05\/Turnul-templierilor-Jaffa.jpg\",\"datePublished\":\"2021-05-30T17:57:07+00:00\",\"dateModified\":\"2021-05-30T17:58:59+00:00\",\"breadcrumb\":{\"@id\":\"https:\/\/mhf.ro\/mm\/ultimul-popas-jaffa\/#breadcrumb\"},\"inLanguage\":\"ro-RO\",\"potentialAction\":[{\"@type\":\"ReadAction\",\"target\":[\"https:\/\/mhf.ro\/mm\/ultimul-popas-jaffa\/\"]}]},{\"@type\":\"ImageObject\",\"inLanguage\":\"ro-RO\",\"@id\":\"https:\/\/mhf.ro\/mm\/ultimul-popas-jaffa\/#primaryimage\",\"url\":\"https:\/\/mhf.ro\/mm\/wp-content\/uploads\/2021\/05\/Turnul-templierilor-Jaffa.jpg\",\"contentUrl\":\"https:\/\/mhf.ro\/mm\/wp-content\/uploads\/2021\/05\/Turnul-templierilor-Jaffa.jpg\",\"width\":1035,\"height\":425},{\"@type\":\"BreadcrumbList\",\"@id\":\"https:\/\/mhf.ro\/mm\/ultimul-popas-jaffa\/#breadcrumb\",\"itemListElement\":[{\"@type\":\"ListItem\",\"position\":1,\"name\":\"Prima pagin\u0103\",\"item\":\"https:\/\/mhf.ro\/mm\/\"},{\"@type\":\"ListItem\",\"position\":2,\"name\":\"Ultimul popas-Jaffa\"}]},{\"@type\":\"WebSite\",\"@id\":\"https:\/\/mhf.ro\/mm\/#website\",\"url\":\"https:\/\/mhf.ro\/mm\/\",\"name\":\"MHF Photography \u2013 Blog de fotografie, natur\u0103 \u0219i tehnic\u0103 divers\u0103\",\"description\":\"Aventur\u0103 \u00een fiecare cadru.\",\"publisher\":{\"@id\":\"https:\/\/mhf.ro\/mm\/#\/schema\/person\/a3bebf7bdb4bf12f698aff73c7e46c21\"},\"potentialAction\":[{\"@type\":\"SearchAction\",\"target\":{\"@type\":\"EntryPoint\",\"urlTemplate\":\"https:\/\/mhf.ro\/mm\/?s={search_term_string}\"},\"query-input\":{\"@type\":\"PropertyValueSpecification\",\"valueRequired\":true,\"valueName\":\"search_term_string\"}}],\"inLanguage\":\"ro-RO\"},{\"@type\":[\"Person\",\"Organization\"],\"@id\":\"https:\/\/mhf.ro\/mm\/#\/schema\/person\/a3bebf7bdb4bf12f698aff73c7e46c21\",\"name\":\"Marius Marcu\",\"image\":{\"@type\":\"ImageObject\",\"inLanguage\":\"ro-RO\",\"@id\":\"https:\/\/mhf.ro\/mm\/#\/schema\/person\/image\/\",\"url\":\"https:\/\/mhf.ro\/mm\/wp-content\/uploads\/2025\/12\/cropped-logo_mhf_2.png\",\"contentUrl\":\"https:\/\/mhf.ro\/mm\/wp-content\/uploads\/2025\/12\/cropped-logo_mhf_2.png\",\"width\":1096,\"height\":457,\"caption\":\"Marius Marcu\"},\"logo\":{\"@id\":\"https:\/\/mhf.ro\/mm\/#\/schema\/person\/image\/\"},\"sameAs\":[\"https:\/\/mhf.ro\/mm\"]},{\"@type\":\"Person\",\"@id\":\"https:\/\/mhf.ro\/mm\/#\/schema\/person\/4c8c06c801b7b666e81ed44550086900\",\"name\":\"Preot paroh Horvat Petru\",\"image\":{\"@type\":\"ImageObject\",\"inLanguage\":\"ro-RO\",\"@id\":\"https:\/\/mhf.ro\/mm\/#\/schema\/person\/image\/\",\"url\":\"https:\/\/secure.gravatar.com\/avatar\/c2d2dcdf21c6f41aad486d71768c144cd6e23cb7b63bae9bd6fab542b26ad321?s=96&d=monsterid&r=g\",\"contentUrl\":\"https:\/\/secure.gravatar.com\/avatar\/c2d2dcdf21c6f41aad486d71768c144cd6e23cb7b63bae9bd6fab542b26ad321?s=96&d=monsterid&r=g\",\"caption\":\"Preot paroh Horvat Petru\"},\"sameAs\":[\"https:\/\/mhf.ro\/mm\"],\"url\":\"https:\/\/mhf.ro\/mm\/author\/petrica\/\"}]}<\/script>\n<!-- \/ Yoast SEO plugin. -->","yoast_head_json":{"title":"Ultimul popas-Jaffa - MHF Photography","robots":{"index":"index","follow":"follow","max-snippet":"max-snippet:-1","max-image-preview":"max-image-preview:large","max-video-preview":"max-video-preview:-1"},"canonical":"https:\/\/mhf.ro\/mm\/ultimul-popas-jaffa\/","og_locale":"ro_RO","og_type":"article","og_title":"Ultimul popas-Jaffa - MHF Photography","og_description":"\u00cen ultima zi a pelerinajului din \u021aara Sf\u00e2nt\u0103 se face deplasare la Yafo sau Jaffa, o suburbie a capitalei Tel","og_url":"https:\/\/mhf.ro\/mm\/ultimul-popas-jaffa\/","og_site_name":"MHF Photography","article_published_time":"2021-05-30T17:57:07+00:00","article_modified_time":"2021-05-30T17:58:59+00:00","og_image":[{"width":1035,"height":425,"url":"https:\/\/mhf.ro\/mm\/wp-content\/uploads\/2021\/05\/Turnul-templierilor-Jaffa.jpg","type":"image\/jpeg"}],"author":"Preot paroh Horvat Petru","twitter_card":"summary_large_image","twitter_misc":{"Scris de":"Preot paroh Horvat Petru","Timp estimat pentru citire":"1 minut"},"schema":{"@context":"https:\/\/schema.org","@graph":[{"@type":"Article","@id":"https:\/\/mhf.ro\/mm\/ultimul-popas-jaffa\/#article","isPartOf":{"@id":"https:\/\/mhf.ro\/mm\/ultimul-popas-jaffa\/"},"author":{"name":"Preot paroh Horvat Petru","@id":"https:\/\/mhf.ro\/mm\/#\/schema\/person\/4c8c06c801b7b666e81ed44550086900"},"headline":"Ultimul popas-Jaffa","datePublished":"2021-05-30T17:57:07+00:00","dateModified":"2021-05-30T17:58:59+00:00","mainEntityOfPage":{"@id":"https:\/\/mhf.ro\/mm\/ultimul-popas-jaffa\/"},"wordCount":177,"commentCount":0,"publisher":{"@id":"https:\/\/mhf.ro\/mm\/#\/schema\/person\/a3bebf7bdb4bf12f698aff73c7e46c21"},"image":{"@id":"https:\/\/mhf.ro\/mm\/ultimul-popas-jaffa\/#primaryimage"},"thumbnailUrl":"https:\/\/mhf.ro\/mm\/wp-content\/uploads\/2021\/05\/Turnul-templierilor-Jaffa.jpg","articleSection":["Locale","Religie"],"inLanguage":"ro-RO","potentialAction":[{"@type":"CommentAction","name":"Comment","target":["https:\/\/mhf.ro\/mm\/ultimul-popas-jaffa\/#respond"]}]},{"@type":"WebPage","@id":"https:\/\/mhf.ro\/mm\/ultimul-popas-jaffa\/","url":"https:\/\/mhf.ro\/mm\/ultimul-popas-jaffa\/","name":"Ultimul popas-Jaffa - MHF Photography","isPartOf":{"@id":"https:\/\/mhf.ro\/mm\/#website"},"primaryImageOfPage":{"@id":"https:\/\/mhf.ro\/mm\/ultimul-popas-jaffa\/#primaryimage"},"image":{"@id":"https:\/\/mhf.ro\/mm\/ultimul-popas-jaffa\/#primaryimage"},"thumbnailUrl":"https:\/\/mhf.ro\/mm\/wp-content\/uploads\/2021\/05\/Turnul-templierilor-Jaffa.jpg","datePublished":"2021-05-30T17:57:07+00:00","dateModified":"2021-05-30T17:58:59+00:00","breadcrumb":{"@id":"https:\/\/mhf.ro\/mm\/ultimul-popas-jaffa\/#breadcrumb"},"inLanguage":"ro-RO","potentialAction":[{"@type":"ReadAction","target":["https:\/\/mhf.ro\/mm\/ultimul-popas-jaffa\/"]}]},{"@type":"ImageObject","inLanguage":"ro-RO","@id":"https:\/\/mhf.ro\/mm\/ultimul-popas-jaffa\/#primaryimage","url":"https:\/\/mhf.ro\/mm\/wp-content\/uploads\/2021\/05\/Turnul-templierilor-Jaffa.jpg","contentUrl":"https:\/\/mhf.ro\/mm\/wp-content\/uploads\/2021\/05\/Turnul-templierilor-Jaffa.jpg","width":1035,"height":425},{"@type":"BreadcrumbList","@id":"https:\/\/mhf.ro\/mm\/ultimul-popas-jaffa\/#breadcrumb","itemListElement":[{"@type":"ListItem","position":1,"name":"Prima pagin\u0103","item":"https:\/\/mhf.ro\/mm\/"},{"@type":"ListItem","position":2,"name":"Ultimul popas-Jaffa"}]},{"@type":"WebSite","@id":"https:\/\/mhf.ro\/mm\/#website","url":"https:\/\/mhf.ro\/mm\/","name":"MHF Photography \u2013 Blog de fotografie, natur\u0103 \u0219i tehnic\u0103 divers\u0103","description":"Aventur\u0103 \u00een fiecare cadru.","publisher":{"@id":"https:\/\/mhf.ro\/mm\/#\/schema\/person\/a3bebf7bdb4bf12f698aff73c7e46c21"},"potentialAction":[{"@type":"SearchAction","target":{"@type":"EntryPoint","urlTemplate":"https:\/\/mhf.ro\/mm\/?s={search_term_string}"},"query-input":{"@type":"PropertyValueSpecification","valueRequired":true,"valueName":"search_term_string"}}],"inLanguage":"ro-RO"},{"@type":["Person","Organization"],"@id":"https:\/\/mhf.ro\/mm\/#\/schema\/person\/a3bebf7bdb4bf12f698aff73c7e46c21","name":"Marius Marcu","image":{"@type":"ImageObject","inLanguage":"ro-RO","@id":"https:\/\/mhf.ro\/mm\/#\/schema\/person\/image\/","url":"https:\/\/mhf.ro\/mm\/wp-content\/uploads\/2025\/12\/cropped-logo_mhf_2.png","contentUrl":"https:\/\/mhf.ro\/mm\/wp-content\/uploads\/2025\/12\/cropped-logo_mhf_2.png","width":1096,"height":457,"caption":"Marius Marcu"},"logo":{"@id":"https:\/\/mhf.ro\/mm\/#\/schema\/person\/image\/"},"sameAs":["https:\/\/mhf.ro\/mm"]},{"@type":"Person","@id":"https:\/\/mhf.ro\/mm\/#\/schema\/person\/4c8c06c801b7b666e81ed44550086900","name":"Preot paroh Horvat Petru","image":{"@type":"ImageObject","inLanguage":"ro-RO","@id":"https:\/\/mhf.ro\/mm\/#\/schema\/person\/image\/","url":"https:\/\/secure.gravatar.com\/avatar\/c2d2dcdf21c6f41aad486d71768c144cd6e23cb7b63bae9bd6fab542b26ad321?s=96&d=monsterid&r=g","contentUrl":"https:\/\/secure.gravatar.com\/avatar\/c2d2dcdf21c6f41aad486d71768c144cd6e23cb7b63bae9bd6fab542b26ad321?s=96&d=monsterid&r=g","caption":"Preot paroh Horvat Petru"},"sameAs":["https:\/\/mhf.ro\/mm"],"url":"https:\/\/mhf.ro\/mm\/author\/petrica\/"}]}},"_links":{"self":[{"href":"https:\/\/mhf.ro\/mm\/wp-json\/wp\/v2\/posts\/4912","targetHints":{"allow":["GET"]}}],"collection":[{"href":"https:\/\/mhf.ro\/mm\/wp-json\/wp\/v2\/posts"}],"about":[{"href":"https:\/\/mhf.ro\/mm\/wp-json\/wp\/v2\/types\/post"}],"author":[{"embeddable":true,"href":"https:\/\/mhf.ro\/mm\/wp-json\/wp\/v2\/users\/4"}],"replies":[{"embeddable":true,"href":"https:\/\/mhf.ro\/mm\/wp-json\/wp\/v2\/comments?post=4912"}],"version-history":[{"count":2,"href":"https:\/\/mhf.ro\/mm\/wp-json\/wp\/v2\/posts\/4912\/revisions"}],"predecessor-version":[{"id":4916,"href":"https:\/\/mhf.ro\/mm\/wp-json\/wp\/v2\/posts\/4912\/revisions\/4916"}],"wp:featuredmedia":[{"embeddable":true,"href":"https:\/\/mhf.ro\/mm\/wp-json\/wp\/v2\/media\/4914"}],"wp:attachment":[{"href":"https:\/\/mhf.ro\/mm\/wp-json\/wp\/v2\/media?parent=4912"}],"wp:term":[{"taxonomy":"category","embeddable":true,"href":"https:\/\/mhf.ro\/mm\/wp-json\/wp\/v2\/categories?post=4912"},{"taxonomy":"post_tag","embeddable":true,"href":"https:\/\/mhf.ro\/mm\/wp-json\/wp\/v2\/tags?post=4912"}],"curies":[{"name":"wp","href":"https:\/\/api.w.org\/{rel}","templated":true}]}}