{"id":4924,"date":"2021-06-11T09:53:15","date_gmt":"2021-06-11T07:53:15","guid":{"rendered":"https:\/\/mhf.ro\/mm\/?p=4924"},"modified":"2021-06-11T09:53:15","modified_gmt":"2021-06-11T07:53:15","slug":"dubla-sarbatoare-inaltarea-domnului-si-ziua-eroilor","status":"publish","type":"post","link":"https:\/\/mhf.ro\/mm\/dubla-sarbatoare-inaltarea-domnului-si-ziua-eroilor\/","title":{"rendered":"Dubla s\u0103rb\u0103toare, In\u0103l\u021barea Domnului \u0219i Ziua Eroilor"},"content":{"rendered":"<p>Azi, 10 iunie 2021, cu mare bucurie \u00een suflet \u0219i mult\u0103 recunostin\u021b\u0103 fa\u021b\u0103 de Dumnezeu, Tat\u0103l, Fiul \u0219i Sf\u00e2ntul Duh , am asistat la oficierea a \u00a0dou\u0103\u00a0 mari s\u0103rb\u0103tori: \u00cen\u0103l\u021barea Domnului nostru Iisus Hristos \u0219i Ziua Eroilor.<\/p>\n<p>\u00cen\u0103l\u021barea Domnului, la fel ca \u0219i \u00cenvierea Lui, sunt dou\u0103 evenimente mistice care, pentru noi, cre\u0219tinii, sunt hot\u0103r\u00e2toare \u00een ceea prive\u0219te speran\u021ba \u00een via\u021ba ve\u0219nic\u0103. Dac\u0103 Domnul Iisus a \u00eenviat \u0219i s-a \u00een\u0103l\u021bat la cer \u0219i noi, urm\u0103torii lui, avem credin\u021ba \u0219i speran\u021ba c\u0103, urm\u00e2ndu-I \u00eenv\u0103\u021b\u0103turile, vom \u00eenvia \u0219i vom locui cu El \u00een \u00cemp\u0103r\u0103\u021bia Cerurilor, dup\u0103 moartea trupeasc\u0103. Pentru cre\u0219tini, El este Calea, Adev\u0103rul \u0219i Via\u021ba.<\/p>\n<p>Marii evangheli\u0219ti, Marcu \u0219i Luca, au descris\u00a0 clar \u00cen\u0103l\u021barea Domnului, pe care am trait-o \u0219i noi, ast\u0103zi, ascult\u00e2nd slujba, Apostolul \u0219i Evanghelia. Marcu, \u00een capitolul 16, ilustreaz\u0103 faptul c\u0103, Domnul Iisus i-a \u00eendemnat pe ucenici s\u0103 propov\u0103duiasc\u0103 Evanghelia la toat\u0103 f\u0103ptura \u0219i i-a \u00eencredin\u021bat c\u0103, cel ce va crede \u0219i se va boteza se va m\u00e2ntui. Le-a dest\u0103inuit faptul c\u0103, \u00een Numele Lui vor izgoni demoni, \u00een limbi noi vor gr\u0103i, \u0219erpi vor lua \u00een m\u00e2n\u0103 \u0219i chiar ceva d\u0103t\u0103tor de moarte de vor bea, nu-i va v\u0103t\u0103ma, iar peste cei bolnavi dac\u0103 \u00ee\u0219i vor pune m\u00e2inile, se vor face s\u0103n\u0103to\u0219i. Dup\u0103 ce Domnul Iisus le-a vorbit, S-a \u00een\u0103l\u021bat la CER, iar ei, plec\u00e2nd, au propov\u0103duit pretutindeni, iar Domnul lucra cu ei \u0219i le \u00eent\u0103rea cuv\u00e2ntul prin semne.<\/p>\n<p>Evanghelistul Luca, \u00een capitolul 24, ne atrage aten\u021bia c\u0103, Domnul Iisus le-a zis ucenicilor, s\u0103 nu se \u00a0tulbure, deoarece trebuie s\u0103 se \u00eemplineasc\u0103 toate cele scrise despre\u00a0 El \u00een\u00a0 Legea lui Moise, \u00een prooroci \u0219i \u00een psalmi. Atunci le-a deschis mintea, ca s\u0103 priceap\u0103 Scripturile \u0219i le-a spus c\u0103 a\u0219a trebuie s\u0103 p\u0103timeasc\u0103 Hristos, s\u0103 \u00eenvieze din mor\u021bi a treia zi \u0219i s\u0103 se propov\u0103duiasc\u0103 \u00een numele S\u0103u POC\u0102IN\u021aA, spre iertarea p\u0103catelor, la toate neamurile, \u00eencep\u00e2nd cu Ierusalim. I-a \u00eencurajat, spun\u00e2ndu-le c\u0103 ei sunt martorii acestor evenimente \u0219i le-a promis c\u0103 va trimite peste ei f\u0103g\u0103duin\u021ba Tat\u0103lui \u0219i-i va \u00eembr\u0103ca cu putere de SUS. D\u00e2ndu-le aceste sfaturi, i-a dus afar\u0103 p\u00e2n\u0103 spre Betania \u0219i-a ridicat m\u00e2inile, i-a binecuv\u00e2ntat \u0219i-n acest timp, s-a desp\u0103r\u021bit de ei, \u00een\u0103l\u021b\u00e2ndu-se la CER. \u00cen acest moment, ucenicii prezen\u021bi la eveniment s-au \u00eenchinat Lui, s-au \u00eentors la Ierusalim cu mare bucurie \u0219i apoi au continuat s\u0103 mearg\u0103\u00a0 la templu ,,\u00een toat\u0103 vremea\u201d, s\u0103-L laude \u0219i s\u0103-L binecuvinteze pe Dumnezeu.<\/p>\n<p>S\u0103rb\u0103toarea \u00cen\u0103l\u021b\u0103rii Domnului s-a \u00eempletit armonios cu Ziua Eroilor. Domnul Iisus, prin jertfa LUI de pe CRUCE, prin Invierea \u0219i \u00cen\u0103l\u021barea la CER, a deschis por\u021bile raiului, care au fost \u00eenchise de pe vremea lui Adam \u0219i Eva, d\u00e2ndu-ne astfel \u0219ansa de a fi m\u00e2ntui\u021bi.\u00a0 Eroii, tot la fel, prin jertfa lor, ne-au dat \u0219ansa de a tr\u0103i uni\u021bi, \u00eentr-un singur stat, \u00eentr-o singur\u0103 \u021bar\u0103, Rom\u00e2nia, de a ne bucura unii de al\u021bii, de a lucra \u00een pace \u0219i \u00een libertate.\u00a0 Credin\u021ba \u00een Dumnezeu i-a unit pe eroii neamului, i-a \u00eencurajat \u0219i le-a dat ,,focul \u00een vine\u201d, de care au avut nevoie, ca s\u0103 se destepte din ,,somnul cel de moarte\/\u00een care te-ad\u00e2ncir\u0103 barbarii de tirani\u201d. Nu au acceptat s\u0103 fie sclavi \u00een vechiul lor p\u0103m\u00e2nt. Au strigat cu to\u021bii \u00eentr-un glas: ,,Via\u021b\u0103-n libertate ori moarte!\u201d<\/p>\n<p>Noi, cei de ast\u0103zi, care beneficiem de libertatea, unitatea si pacea c\u00e2\u0219tigat\u0103 de eroii neamului rom\u00e2nesc, avem datoria moral\u0103 s\u0103 le fim recunosc\u0103tori,\u00a0 \u00een\u0103l\u021b\u00e2nd o rug\u0103ciune c\u0103tre Dumnezeu, pentru sufletele lor. Este singura modalitate de a ne ar\u0103ta respectul \u0219i dragostea pentru jertfa lor.\u00a0 Cei r\u0103posa\u021bi nu mai au nevoie de nimic de pe p\u0103m\u00e2nt, dec\u00e2t de o rugaciune, pe care s-o \u00een\u0103\u021b\u0103m cu dragoste pentru ei, de o lum\u00e2nare \u0219i o floare, ca simbol al dragostei \u0219i respectului.<\/p>\n<p>Ast\u0103zi, acest lucru am \u00eencercat s\u0103-l \u00eendeplinim, noi, elevii clasei preg\u0103titoare \u0219i elevii clasei a IV-a, de la Scoala Gimnazial\u0103 ,,Simion B\u0103rnu\u021biu\u201d Tiur-Blaj (structura \u0218c. Gimnazial\u0103 ,,P. P. Aaron\u201d Blaj), \u00eendruma\u021bi de prof. Marilena Ha\u021began-Com\u0219a,\u00a0 prof. Aron Dana, coordona\u021bi de d-na director Ana Zehan Platon, \u00een cadrul parteneriatului cu Biserica ,,Petru \u0219i Pavel\u201d din Berc, preot paroh Horvat Petru, precum \u0219i \u00een cadrul proiectului educa\u021bional intitulat ,,Cinstim memoria eroilor neamului nostru\u201d.<\/p>\n<p>In \u00eencheiere, poezia doamnei Lumini\u021ba Voineag Ursu, s\u0103 ne fie socotit\u0103 ca un imn de laud\u0103, ca o rug\u0103ciune pentru noi, pentru neamurile noastre \u0219i pentru eroii neamului romanesc, ca Dumnezeu s\u0103 ne binecuvinteze \u0219i s\u0103 ne dea toate darurile Duhului Sfant, pace \u00een suflet \u0219i m\u00e2ntuire!<\/p>\n<p>,,Azi e mare s\u0103rb\u0103toare\/Clopotele frumos bat\/Oamenii \u00ee\u0219i dau bine\u021be, cu\/-HRISTOS S-A \u00ceN\u0102L\u021aAT!<\/p>\n<p>Cerul ast\u0103zi se deschide\/Pentru Fiul de-mp\u0103rat\/Heruvimii, Serafimii,\/Sfin\u021bii to\u021bi L-au a\u0219teptat!<\/p>\n<p>Ingerii \u00een cete c\u00e2nt\u0103:\/-ADEV\u0102RAT S-A \u00ceN\u0102L\u021aAT!\/Iar Arhanghelii fac straj\u0103\/Fiului iubit \u0219i drag!<\/p>\n<p>\u00cen\u0103l\u021barea Ta Iisuse\/L\u0103ud\u0103m \u0219i o cinstim\/ C-ast\u0103zi Te a\u0219ezi al\u0103turi\/L\u00e2ng\u0103 Tronul cel Divin!<\/p>\n<p>\u0218i n\u0103d\u0103jduim cu to\u021bii\/C\u0103 atunci c\u00e2nd ne-o fi greu\/Tu o s\u0103 ne-aju\u021bi Iisuse\/\u0218i-ai s\u0103-L rogi pe Dumnezeu!<\/p>\n<p>&nbsp;<\/p>\n<p>&nbsp;<\/p>\n<p>prof. \u00eenv. primar Saratean Adelina Mihaela, clasa a IV-a<img fetchpriority=\"high\" decoding=\"async\" class=\"alignnone size-medium wp-image-4925\" src=\"https:\/\/mhf.ro\/mm\/wp-content\/uploads\/2021\/06\/copii-la-biserica-225x300.jpg\" alt=\"\" width=\"225\" height=\"300\" srcset=\"https:\/\/mhf.ro\/mm\/wp-content\/uploads\/2021\/06\/copii-la-biserica-225x300.jpg 225w, https:\/\/mhf.ro\/mm\/wp-content\/uploads\/2021\/06\/copii-la-biserica-768x1024.jpg 768w, https:\/\/mhf.ro\/mm\/wp-content\/uploads\/2021\/06\/copii-la-biserica-1152x1536.jpg 1152w, https:\/\/mhf.ro\/mm\/wp-content\/uploads\/2021\/06\/copii-la-biserica.jpg 1200w\" sizes=\"(max-width: 225px) 100vw, 225px\" \/><\/p>\n<p>&nbsp;<\/p>\n<p>&nbsp;<\/p>\n<p>&nbsp;<\/p>\n","protected":false},"excerpt":{"rendered":"<p>Azi, 10 iunie 2021, cu mare bucurie \u00een suflet \u0219i mult\u0103 recunostin\u021b\u0103 fa\u021b\u0103 de Dumnezeu, Tat\u0103l, Fiul \u0219i Sf\u00e2ntul Duh<\/p>\n","protected":false},"author":4,"featured_media":4926,"comment_status":"open","ping_status":"open","sticky":false,"template":"","format":"standard","meta":{"colormag_page_container_layout":"default_layout","colormag_page_sidebar_layout":"default_layout","footnotes":""},"categories":[5,34],"tags":[],"class_list":["post-4924","post","type-post","status-publish","format-standard","has-post-thumbnail","hentry","category-locale","category-religie"],"yoast_head":"<!-- This site is optimized with the Yoast SEO plugin v27.0 - https:\/\/yoast.com\/product\/yoast-seo-wordpress\/ -->\n<title>Dubla s\u0103rb\u0103toare, In\u0103l\u021barea Domnului \u0219i Ziua Eroilor - MHF Photography<\/title>\n<meta name=\"robots\" content=\"index, follow, max-snippet:-1, max-image-preview:large, max-video-preview:-1\" \/>\n<link rel=\"canonical\" href=\"https:\/\/mhf.ro\/mm\/dubla-sarbatoare-inaltarea-domnului-si-ziua-eroilor\/\" \/>\n<meta property=\"og:locale\" content=\"ro_RO\" \/>\n<meta property=\"og:type\" content=\"article\" \/>\n<meta property=\"og:title\" content=\"Dubla s\u0103rb\u0103toare, In\u0103l\u021barea Domnului \u0219i Ziua Eroilor - MHF Photography\" \/>\n<meta property=\"og:description\" content=\"Azi, 10 iunie 2021, cu mare bucurie \u00een suflet \u0219i mult\u0103 recunostin\u021b\u0103 fa\u021b\u0103 de Dumnezeu, Tat\u0103l, Fiul \u0219i Sf\u00e2ntul Duh\" \/>\n<meta property=\"og:url\" content=\"https:\/\/mhf.ro\/mm\/dubla-sarbatoare-inaltarea-domnului-si-ziua-eroilor\/\" \/>\n<meta property=\"og:site_name\" content=\"MHF Photography\" \/>\n<meta property=\"article:published_time\" content=\"2021-06-11T07:53:15+00:00\" \/>\n<meta property=\"og:image\" content=\"https:\/\/mhf.ro\/mm\/wp-content\/uploads\/2021\/06\/copii-la-bis.jpg\" \/>\n\t<meta property=\"og:image:width\" content=\"1200\" \/>\n\t<meta property=\"og:image:height\" content=\"1600\" \/>\n\t<meta property=\"og:image:type\" content=\"image\/jpeg\" \/>\n<meta name=\"author\" content=\"Preot paroh Horvat Petru\" \/>\n<meta name=\"twitter:card\" content=\"summary_large_image\" \/>\n<meta name=\"twitter:label1\" content=\"Scris de\" \/>\n\t<meta name=\"twitter:data1\" content=\"Preot paroh Horvat Petru\" \/>\n\t<meta name=\"twitter:label2\" content=\"Timp estimat pentru citire\" \/>\n\t<meta name=\"twitter:data2\" content=\"4 minute\" \/>\n<script type=\"application\/ld+json\" class=\"yoast-schema-graph\">{\"@context\":\"https:\/\/schema.org\",\"@graph\":[{\"@type\":\"Article\",\"@id\":\"https:\/\/mhf.ro\/mm\/dubla-sarbatoare-inaltarea-domnului-si-ziua-eroilor\/#article\",\"isPartOf\":{\"@id\":\"https:\/\/mhf.ro\/mm\/dubla-sarbatoare-inaltarea-domnului-si-ziua-eroilor\/\"},\"author\":{\"name\":\"Preot paroh Horvat Petru\",\"@id\":\"https:\/\/mhf.ro\/mm\/#\/schema\/person\/4c8c06c801b7b666e81ed44550086900\"},\"headline\":\"Dubla s\u0103rb\u0103toare, In\u0103l\u021barea Domnului \u0219i Ziua Eroilor\",\"datePublished\":\"2021-06-11T07:53:15+00:00\",\"mainEntityOfPage\":{\"@id\":\"https:\/\/mhf.ro\/mm\/dubla-sarbatoare-inaltarea-domnului-si-ziua-eroilor\/\"},\"wordCount\":984,\"commentCount\":1,\"publisher\":{\"@id\":\"https:\/\/mhf.ro\/mm\/#\/schema\/person\/a3bebf7bdb4bf12f698aff73c7e46c21\"},\"image\":{\"@id\":\"https:\/\/mhf.ro\/mm\/dubla-sarbatoare-inaltarea-domnului-si-ziua-eroilor\/#primaryimage\"},\"thumbnailUrl\":\"https:\/\/mhf.ro\/mm\/wp-content\/uploads\/2021\/06\/copii-la-bis.jpg\",\"articleSection\":[\"Locale\",\"Religie\"],\"inLanguage\":\"ro-RO\",\"potentialAction\":[{\"@type\":\"CommentAction\",\"name\":\"Comment\",\"target\":[\"https:\/\/mhf.ro\/mm\/dubla-sarbatoare-inaltarea-domnului-si-ziua-eroilor\/#respond\"]}]},{\"@type\":\"WebPage\",\"@id\":\"https:\/\/mhf.ro\/mm\/dubla-sarbatoare-inaltarea-domnului-si-ziua-eroilor\/\",\"url\":\"https:\/\/mhf.ro\/mm\/dubla-sarbatoare-inaltarea-domnului-si-ziua-eroilor\/\",\"name\":\"Dubla s\u0103rb\u0103toare, In\u0103l\u021barea Domnului \u0219i Ziua Eroilor - MHF Photography\",\"isPartOf\":{\"@id\":\"https:\/\/mhf.ro\/mm\/#website\"},\"primaryImageOfPage\":{\"@id\":\"https:\/\/mhf.ro\/mm\/dubla-sarbatoare-inaltarea-domnului-si-ziua-eroilor\/#primaryimage\"},\"image\":{\"@id\":\"https:\/\/mhf.ro\/mm\/dubla-sarbatoare-inaltarea-domnului-si-ziua-eroilor\/#primaryimage\"},\"thumbnailUrl\":\"https:\/\/mhf.ro\/mm\/wp-content\/uploads\/2021\/06\/copii-la-bis.jpg\",\"datePublished\":\"2021-06-11T07:53:15+00:00\",\"breadcrumb\":{\"@id\":\"https:\/\/mhf.ro\/mm\/dubla-sarbatoare-inaltarea-domnului-si-ziua-eroilor\/#breadcrumb\"},\"inLanguage\":\"ro-RO\",\"potentialAction\":[{\"@type\":\"ReadAction\",\"target\":[\"https:\/\/mhf.ro\/mm\/dubla-sarbatoare-inaltarea-domnului-si-ziua-eroilor\/\"]}]},{\"@type\":\"ImageObject\",\"inLanguage\":\"ro-RO\",\"@id\":\"https:\/\/mhf.ro\/mm\/dubla-sarbatoare-inaltarea-domnului-si-ziua-eroilor\/#primaryimage\",\"url\":\"https:\/\/mhf.ro\/mm\/wp-content\/uploads\/2021\/06\/copii-la-bis.jpg\",\"contentUrl\":\"https:\/\/mhf.ro\/mm\/wp-content\/uploads\/2021\/06\/copii-la-bis.jpg\",\"width\":1200,\"height\":1600},{\"@type\":\"BreadcrumbList\",\"@id\":\"https:\/\/mhf.ro\/mm\/dubla-sarbatoare-inaltarea-domnului-si-ziua-eroilor\/#breadcrumb\",\"itemListElement\":[{\"@type\":\"ListItem\",\"position\":1,\"name\":\"Prima pagin\u0103\",\"item\":\"https:\/\/mhf.ro\/mm\/\"},{\"@type\":\"ListItem\",\"position\":2,\"name\":\"Dubla s\u0103rb\u0103toare, In\u0103l\u021barea Domnului \u0219i Ziua Eroilor\"}]},{\"@type\":\"WebSite\",\"@id\":\"https:\/\/mhf.ro\/mm\/#website\",\"url\":\"https:\/\/mhf.ro\/mm\/\",\"name\":\"MHF Photography \u2013 Blog de fotografie, natur\u0103 \u0219i tehnic\u0103 divers\u0103\",\"description\":\"Aventur\u0103 \u00een fiecare cadru.\",\"publisher\":{\"@id\":\"https:\/\/mhf.ro\/mm\/#\/schema\/person\/a3bebf7bdb4bf12f698aff73c7e46c21\"},\"potentialAction\":[{\"@type\":\"SearchAction\",\"target\":{\"@type\":\"EntryPoint\",\"urlTemplate\":\"https:\/\/mhf.ro\/mm\/?s={search_term_string}\"},\"query-input\":{\"@type\":\"PropertyValueSpecification\",\"valueRequired\":true,\"valueName\":\"search_term_string\"}}],\"inLanguage\":\"ro-RO\"},{\"@type\":[\"Person\",\"Organization\"],\"@id\":\"https:\/\/mhf.ro\/mm\/#\/schema\/person\/a3bebf7bdb4bf12f698aff73c7e46c21\",\"name\":\"Marius Marcu\",\"image\":{\"@type\":\"ImageObject\",\"inLanguage\":\"ro-RO\",\"@id\":\"https:\/\/mhf.ro\/mm\/#\/schema\/person\/image\/\",\"url\":\"https:\/\/mhf.ro\/mm\/wp-content\/uploads\/2025\/12\/cropped-logo_mhf_2.png\",\"contentUrl\":\"https:\/\/mhf.ro\/mm\/wp-content\/uploads\/2025\/12\/cropped-logo_mhf_2.png\",\"width\":1096,\"height\":457,\"caption\":\"Marius Marcu\"},\"logo\":{\"@id\":\"https:\/\/mhf.ro\/mm\/#\/schema\/person\/image\/\"},\"sameAs\":[\"https:\/\/mhf.ro\/mm\"]},{\"@type\":\"Person\",\"@id\":\"https:\/\/mhf.ro\/mm\/#\/schema\/person\/4c8c06c801b7b666e81ed44550086900\",\"name\":\"Preot paroh Horvat Petru\",\"image\":{\"@type\":\"ImageObject\",\"inLanguage\":\"ro-RO\",\"@id\":\"https:\/\/mhf.ro\/mm\/#\/schema\/person\/image\/\",\"url\":\"https:\/\/secure.gravatar.com\/avatar\/c2d2dcdf21c6f41aad486d71768c144cd6e23cb7b63bae9bd6fab542b26ad321?s=96&d=monsterid&r=g\",\"contentUrl\":\"https:\/\/secure.gravatar.com\/avatar\/c2d2dcdf21c6f41aad486d71768c144cd6e23cb7b63bae9bd6fab542b26ad321?s=96&d=monsterid&r=g\",\"caption\":\"Preot paroh Horvat Petru\"},\"sameAs\":[\"https:\/\/mhf.ro\/mm\"],\"url\":\"https:\/\/mhf.ro\/mm\/author\/petrica\/\"}]}<\/script>\n<!-- \/ Yoast SEO plugin. -->","yoast_head_json":{"title":"Dubla s\u0103rb\u0103toare, In\u0103l\u021barea Domnului \u0219i Ziua Eroilor - MHF Photography","robots":{"index":"index","follow":"follow","max-snippet":"max-snippet:-1","max-image-preview":"max-image-preview:large","max-video-preview":"max-video-preview:-1"},"canonical":"https:\/\/mhf.ro\/mm\/dubla-sarbatoare-inaltarea-domnului-si-ziua-eroilor\/","og_locale":"ro_RO","og_type":"article","og_title":"Dubla s\u0103rb\u0103toare, In\u0103l\u021barea Domnului \u0219i Ziua Eroilor - MHF Photography","og_description":"Azi, 10 iunie 2021, cu mare bucurie \u00een suflet \u0219i mult\u0103 recunostin\u021b\u0103 fa\u021b\u0103 de Dumnezeu, Tat\u0103l, Fiul \u0219i Sf\u00e2ntul Duh","og_url":"https:\/\/mhf.ro\/mm\/dubla-sarbatoare-inaltarea-domnului-si-ziua-eroilor\/","og_site_name":"MHF Photography","article_published_time":"2021-06-11T07:53:15+00:00","og_image":[{"width":1200,"height":1600,"url":"https:\/\/mhf.ro\/mm\/wp-content\/uploads\/2021\/06\/copii-la-bis.jpg","type":"image\/jpeg"}],"author":"Preot paroh Horvat Petru","twitter_card":"summary_large_image","twitter_misc":{"Scris de":"Preot paroh Horvat Petru","Timp estimat pentru citire":"4 minute"},"schema":{"@context":"https:\/\/schema.org","@graph":[{"@type":"Article","@id":"https:\/\/mhf.ro\/mm\/dubla-sarbatoare-inaltarea-domnului-si-ziua-eroilor\/#article","isPartOf":{"@id":"https:\/\/mhf.ro\/mm\/dubla-sarbatoare-inaltarea-domnului-si-ziua-eroilor\/"},"author":{"name":"Preot paroh Horvat Petru","@id":"https:\/\/mhf.ro\/mm\/#\/schema\/person\/4c8c06c801b7b666e81ed44550086900"},"headline":"Dubla s\u0103rb\u0103toare, In\u0103l\u021barea Domnului \u0219i Ziua Eroilor","datePublished":"2021-06-11T07:53:15+00:00","mainEntityOfPage":{"@id":"https:\/\/mhf.ro\/mm\/dubla-sarbatoare-inaltarea-domnului-si-ziua-eroilor\/"},"wordCount":984,"commentCount":1,"publisher":{"@id":"https:\/\/mhf.ro\/mm\/#\/schema\/person\/a3bebf7bdb4bf12f698aff73c7e46c21"},"image":{"@id":"https:\/\/mhf.ro\/mm\/dubla-sarbatoare-inaltarea-domnului-si-ziua-eroilor\/#primaryimage"},"thumbnailUrl":"https:\/\/mhf.ro\/mm\/wp-content\/uploads\/2021\/06\/copii-la-bis.jpg","articleSection":["Locale","Religie"],"inLanguage":"ro-RO","potentialAction":[{"@type":"CommentAction","name":"Comment","target":["https:\/\/mhf.ro\/mm\/dubla-sarbatoare-inaltarea-domnului-si-ziua-eroilor\/#respond"]}]},{"@type":"WebPage","@id":"https:\/\/mhf.ro\/mm\/dubla-sarbatoare-inaltarea-domnului-si-ziua-eroilor\/","url":"https:\/\/mhf.ro\/mm\/dubla-sarbatoare-inaltarea-domnului-si-ziua-eroilor\/","name":"Dubla s\u0103rb\u0103toare, In\u0103l\u021barea Domnului \u0219i Ziua Eroilor - MHF Photography","isPartOf":{"@id":"https:\/\/mhf.ro\/mm\/#website"},"primaryImageOfPage":{"@id":"https:\/\/mhf.ro\/mm\/dubla-sarbatoare-inaltarea-domnului-si-ziua-eroilor\/#primaryimage"},"image":{"@id":"https:\/\/mhf.ro\/mm\/dubla-sarbatoare-inaltarea-domnului-si-ziua-eroilor\/#primaryimage"},"thumbnailUrl":"https:\/\/mhf.ro\/mm\/wp-content\/uploads\/2021\/06\/copii-la-bis.jpg","datePublished":"2021-06-11T07:53:15+00:00","breadcrumb":{"@id":"https:\/\/mhf.ro\/mm\/dubla-sarbatoare-inaltarea-domnului-si-ziua-eroilor\/#breadcrumb"},"inLanguage":"ro-RO","potentialAction":[{"@type":"ReadAction","target":["https:\/\/mhf.ro\/mm\/dubla-sarbatoare-inaltarea-domnului-si-ziua-eroilor\/"]}]},{"@type":"ImageObject","inLanguage":"ro-RO","@id":"https:\/\/mhf.ro\/mm\/dubla-sarbatoare-inaltarea-domnului-si-ziua-eroilor\/#primaryimage","url":"https:\/\/mhf.ro\/mm\/wp-content\/uploads\/2021\/06\/copii-la-bis.jpg","contentUrl":"https:\/\/mhf.ro\/mm\/wp-content\/uploads\/2021\/06\/copii-la-bis.jpg","width":1200,"height":1600},{"@type":"BreadcrumbList","@id":"https:\/\/mhf.ro\/mm\/dubla-sarbatoare-inaltarea-domnului-si-ziua-eroilor\/#breadcrumb","itemListElement":[{"@type":"ListItem","position":1,"name":"Prima pagin\u0103","item":"https:\/\/mhf.ro\/mm\/"},{"@type":"ListItem","position":2,"name":"Dubla s\u0103rb\u0103toare, In\u0103l\u021barea Domnului \u0219i Ziua Eroilor"}]},{"@type":"WebSite","@id":"https:\/\/mhf.ro\/mm\/#website","url":"https:\/\/mhf.ro\/mm\/","name":"MHF Photography \u2013 Blog de fotografie, natur\u0103 \u0219i tehnic\u0103 divers\u0103","description":"Aventur\u0103 \u00een fiecare cadru.","publisher":{"@id":"https:\/\/mhf.ro\/mm\/#\/schema\/person\/a3bebf7bdb4bf12f698aff73c7e46c21"},"potentialAction":[{"@type":"SearchAction","target":{"@type":"EntryPoint","urlTemplate":"https:\/\/mhf.ro\/mm\/?s={search_term_string}"},"query-input":{"@type":"PropertyValueSpecification","valueRequired":true,"valueName":"search_term_string"}}],"inLanguage":"ro-RO"},{"@type":["Person","Organization"],"@id":"https:\/\/mhf.ro\/mm\/#\/schema\/person\/a3bebf7bdb4bf12f698aff73c7e46c21","name":"Marius Marcu","image":{"@type":"ImageObject","inLanguage":"ro-RO","@id":"https:\/\/mhf.ro\/mm\/#\/schema\/person\/image\/","url":"https:\/\/mhf.ro\/mm\/wp-content\/uploads\/2025\/12\/cropped-logo_mhf_2.png","contentUrl":"https:\/\/mhf.ro\/mm\/wp-content\/uploads\/2025\/12\/cropped-logo_mhf_2.png","width":1096,"height":457,"caption":"Marius Marcu"},"logo":{"@id":"https:\/\/mhf.ro\/mm\/#\/schema\/person\/image\/"},"sameAs":["https:\/\/mhf.ro\/mm"]},{"@type":"Person","@id":"https:\/\/mhf.ro\/mm\/#\/schema\/person\/4c8c06c801b7b666e81ed44550086900","name":"Preot paroh Horvat Petru","image":{"@type":"ImageObject","inLanguage":"ro-RO","@id":"https:\/\/mhf.ro\/mm\/#\/schema\/person\/image\/","url":"https:\/\/secure.gravatar.com\/avatar\/c2d2dcdf21c6f41aad486d71768c144cd6e23cb7b63bae9bd6fab542b26ad321?s=96&d=monsterid&r=g","contentUrl":"https:\/\/secure.gravatar.com\/avatar\/c2d2dcdf21c6f41aad486d71768c144cd6e23cb7b63bae9bd6fab542b26ad321?s=96&d=monsterid&r=g","caption":"Preot paroh Horvat Petru"},"sameAs":["https:\/\/mhf.ro\/mm"],"url":"https:\/\/mhf.ro\/mm\/author\/petrica\/"}]}},"_links":{"self":[{"href":"https:\/\/mhf.ro\/mm\/wp-json\/wp\/v2\/posts\/4924","targetHints":{"allow":["GET"]}}],"collection":[{"href":"https:\/\/mhf.ro\/mm\/wp-json\/wp\/v2\/posts"}],"about":[{"href":"https:\/\/mhf.ro\/mm\/wp-json\/wp\/v2\/types\/post"}],"author":[{"embeddable":true,"href":"https:\/\/mhf.ro\/mm\/wp-json\/wp\/v2\/users\/4"}],"replies":[{"embeddable":true,"href":"https:\/\/mhf.ro\/mm\/wp-json\/wp\/v2\/comments?post=4924"}],"version-history":[{"count":1,"href":"https:\/\/mhf.ro\/mm\/wp-json\/wp\/v2\/posts\/4924\/revisions"}],"predecessor-version":[{"id":4927,"href":"https:\/\/mhf.ro\/mm\/wp-json\/wp\/v2\/posts\/4924\/revisions\/4927"}],"wp:featuredmedia":[{"embeddable":true,"href":"https:\/\/mhf.ro\/mm\/wp-json\/wp\/v2\/media\/4926"}],"wp:attachment":[{"href":"https:\/\/mhf.ro\/mm\/wp-json\/wp\/v2\/media?parent=4924"}],"wp:term":[{"taxonomy":"category","embeddable":true,"href":"https:\/\/mhf.ro\/mm\/wp-json\/wp\/v2\/categories?post=4924"},{"taxonomy":"post_tag","embeddable":true,"href":"https:\/\/mhf.ro\/mm\/wp-json\/wp\/v2\/tags?post=4924"}],"curies":[{"name":"wp","href":"https:\/\/api.w.org\/{rel}","templated":true}]}}