{"id":4929,"date":"2021-06-11T13:19:36","date_gmt":"2021-06-11T11:19:36","guid":{"rendered":"https:\/\/mhf.ro\/mm\/?p=4929"},"modified":"2021-06-11T13:54:39","modified_gmt":"2021-06-11T11:54:39","slug":"ziua-eroilor-la-blaj","status":"publish","type":"post","link":"https:\/\/mhf.ro\/mm\/ziua-eroilor-la-blaj\/","title":{"rendered":"Ziua Eroilor la Blaj"},"content":{"rendered":"<p><img fetchpriority=\"high\" decoding=\"async\" class=\"alignnone size-medium wp-image-4934\" src=\"https:\/\/mhf.ro\/mm\/wp-content\/uploads\/2021\/06\/20210610_132719-169x300.jpg\" alt=\"\" width=\"169\" height=\"300\" srcset=\"https:\/\/mhf.ro\/mm\/wp-content\/uploads\/2021\/06\/20210610_132719-169x300.jpg 169w, https:\/\/mhf.ro\/mm\/wp-content\/uploads\/2021\/06\/20210610_132719-576x1024.jpg 576w, https:\/\/mhf.ro\/mm\/wp-content\/uploads\/2021\/06\/20210610_132719-768x1366.jpg 768w, https:\/\/mhf.ro\/mm\/wp-content\/uploads\/2021\/06\/20210610_132719-863x1536.jpg 863w, https:\/\/mhf.ro\/mm\/wp-content\/uploads\/2021\/06\/20210610_132719-1151x2048.jpg 1151w, https:\/\/mhf.ro\/mm\/wp-content\/uploads\/2021\/06\/20210610_132719-scaled.jpg 1439w\" sizes=\"(max-width: 169px) 100vw, 169px\" \/>Blajul a fost \u00eentotdeauna un focar de patriotism.<\/p>\n<p>Joi, 10 iunie, odat\u0103 cu s\u0103rb\u0103toarea \u00cen\u0103l\u021b\u0103rii Domnului, noi, rom\u00e2nii, elogiem pe to\u021bi eroii neamului nostru. Cei mai eviden\u021bi \u00een memoria colectiv\u0103 sunt victimele din armata rom\u00e2n\u0103 \u00een al II-lea r\u0103zboi mondial. Dar nu pierdem din vedere nici at\u00e2tea secole de lupte pentru ap\u0103rarea p\u0103m\u00e2nturilor natale chiar \u00eenainte de a fi to\u021bi rom\u00e2nii laolat\u0103. Apoi sacrificiile au fost incomensurabile pentru unirea tuturor rom\u00e2nilor \u00eentr-o singur\u0103 \u021bar\u0103. Libertatea a fost revendicat\u0103 de rom\u00e2ni curajo\u0219i \u0219i la sosirea comunismului, \u0219i \u00een timpul dictaturii atee, \u0219i la pr\u0103bu\u0219irea ei. Deci omagiem de ziua eroilor deopotriv\u0103 pe cei care au luptat pentru ap\u0103rarea \u021b\u0103rii, c\u00e2t \u0219i pentru libertatea din ea.<\/p>\n<p>La Blaj, \u00een Cimitirul Mare al ora\u0219ului exist\u0103 \u0219i un monument \u00een cinstea eroilor armatei rom\u00e2ne \u0219i chiar mormintele a 180 de militari rom\u00e2ni cazu\u021bi \u00een lupt\u0103. De Ziua Eroilor a avut loc o comemorare adecvat\u0103.<\/p>\n<p><strong>Participan\u021bi:<\/strong><\/p>\n<ol>\n<li>Majoritatea preo\u021bilor ortodoc\u0219i din Blaj, care au oficiat un Parastas pentru eroi;<\/li>\n<li>Prim\u0103ria Municipiului Blaj reprezentat\u0103 de viceprimar prof. Livia Mure\u0219an, care a transmis g\u00e2nduri emo\u021bionante \u0219i mesajul domnului primar;\u00a0 \u00a0 \u00a0 <img decoding=\"async\" class=\"alignnone size-medium wp-image-4932\" src=\"https:\/\/mhf.ro\/mm\/wp-content\/uploads\/2021\/06\/20210610_130742-300x169.jpg\" alt=\"\" width=\"300\" height=\"169\" srcset=\"https:\/\/mhf.ro\/mm\/wp-content\/uploads\/2021\/06\/20210610_130742-300x169.jpg 300w, https:\/\/mhf.ro\/mm\/wp-content\/uploads\/2021\/06\/20210610_130742-1024x576.jpg 1024w, https:\/\/mhf.ro\/mm\/wp-content\/uploads\/2021\/06\/20210610_130742-768x432.jpg 768w, https:\/\/mhf.ro\/mm\/wp-content\/uploads\/2021\/06\/20210610_130742-1536x863.jpg 1536w, https:\/\/mhf.ro\/mm\/wp-content\/uploads\/2021\/06\/20210610_130742-2048x1151.jpg 2048w\" sizes=\"(max-width: 300px) 100vw, 300px\" \/><\/li>\n<li>ASTRA, desp\u0103r\u021b\u0103m\u00e2ntul Blaj, reprezentat\u0103 de pre\u0219edintele ei, Ioan Mih\u0103l\u021ban;<\/li>\n<li>Elevi de la Colegiul I.M.Clain \u00eenso\u021bi\u021bi de prof. de religie, G\u00een\u021ba Dorina \u0219i de prof. de muzic\u0103, Alexandra B\u0103cil\u0103, care au \u0219i interpretat c\u00e2ntece patriotice;<\/li>\n<li>Elevi de la Liceul \u0218tefan Manciulea, \u00eenso\u021bi\u021bi de prof. de religie pr. \u0218tefan C\u0103t\u0103u\u021b\u0103 &#8211; coordonatorul evenimentului &#8211; \u0219i alte cadre didactice;<\/li>\n<li>Eleva Daria Costea, o c\u00e2nt\u0103rea\u021b\u0103 foarte talentat\u0103 din S\u00e2ncel, \u00eenso\u021bit\u0103 de Dir. prof. Ioana C\u0103t\u0103u\u021b\u0103;<\/li>\n<li>C\u00e2\u021biva credincio\u0219i bl\u0103jeni.<\/li>\n<\/ol>\n<p><strong>Desf\u0103\u0219urare:<\/strong><\/p>\n<p>Imnul national interpretat de un cor de la I M Clain;<\/p>\n<p>Parastas;<\/p>\n<p>Depunere de coronae de flori \u2013 Prim\u0103rie, \u0219coli, biserici;<\/p>\n<p>Alocu\u021biuni \u2013 viceprimar, protopop, pre\u0219edinte ASTRA;<\/p>\n<p>C\u00e2ntece patriotice;<\/p>\n<p>Depunere de candele aprinse la fiecare morm\u00e2nt de erou din cimitir.<\/p>\n<p>&nbsp;<\/p>\n","protected":false},"excerpt":{"rendered":"<p>Blajul a fost \u00eentotdeauna un focar de patriotism. Joi, 10 iunie, odat\u0103 cu s\u0103rb\u0103toarea \u00cen\u0103l\u021b\u0103rii Domnului, noi, rom\u00e2nii, elogiem pe<\/p>\n","protected":false},"author":4,"featured_media":4933,"comment_status":"open","ping_status":"open","sticky":false,"template":"","format":"standard","meta":{"colormag_page_container_layout":"default_layout","colormag_page_sidebar_layout":"default_layout","footnotes":""},"categories":[5],"tags":[],"class_list":["post-4929","post","type-post","status-publish","format-standard","has-post-thumbnail","hentry","category-locale"],"yoast_head":"<!-- This site is optimized with the Yoast SEO plugin v27.0 - https:\/\/yoast.com\/product\/yoast-seo-wordpress\/ -->\n<title>Ziua Eroilor la Blaj - MHF Photography<\/title>\n<meta name=\"robots\" content=\"index, follow, max-snippet:-1, max-image-preview:large, max-video-preview:-1\" \/>\n<link rel=\"canonical\" href=\"https:\/\/mhf.ro\/mm\/ziua-eroilor-la-blaj\/\" \/>\n<meta property=\"og:locale\" content=\"ro_RO\" \/>\n<meta property=\"og:type\" content=\"article\" \/>\n<meta property=\"og:title\" content=\"Ziua Eroilor la Blaj - MHF Photography\" \/>\n<meta property=\"og:description\" content=\"Blajul a fost \u00eentotdeauna un focar de patriotism. Joi, 10 iunie, odat\u0103 cu s\u0103rb\u0103toarea \u00cen\u0103l\u021b\u0103rii Domnului, noi, rom\u00e2nii, elogiem pe\" \/>\n<meta property=\"og:url\" content=\"https:\/\/mhf.ro\/mm\/ziua-eroilor-la-blaj\/\" \/>\n<meta property=\"og:site_name\" content=\"MHF Photography\" \/>\n<meta property=\"article:published_time\" content=\"2021-06-11T11:19:36+00:00\" \/>\n<meta property=\"article:modified_time\" content=\"2021-06-11T11:54:39+00:00\" \/>\n<meta property=\"og:image\" content=\"https:\/\/mhf.ro\/mm\/wp-content\/uploads\/2021\/06\/20210610_131042-scaled.jpg\" \/>\n\t<meta property=\"og:image:width\" content=\"1439\" \/>\n\t<meta property=\"og:image:height\" content=\"2560\" \/>\n\t<meta property=\"og:image:type\" content=\"image\/jpeg\" \/>\n<meta name=\"author\" content=\"Preot paroh Horvat Petru\" \/>\n<meta name=\"twitter:card\" content=\"summary_large_image\" \/>\n<meta name=\"twitter:label1\" content=\"Scris de\" \/>\n\t<meta name=\"twitter:data1\" content=\"Preot paroh Horvat Petru\" \/>\n\t<meta name=\"twitter:label2\" content=\"Timp estimat pentru citire\" \/>\n\t<meta name=\"twitter:data2\" content=\"2 minute\" \/>\n<script type=\"application\/ld+json\" class=\"yoast-schema-graph\">{\"@context\":\"https:\/\/schema.org\",\"@graph\":[{\"@type\":\"Article\",\"@id\":\"https:\/\/mhf.ro\/mm\/ziua-eroilor-la-blaj\/#article\",\"isPartOf\":{\"@id\":\"https:\/\/mhf.ro\/mm\/ziua-eroilor-la-blaj\/\"},\"author\":{\"name\":\"Preot paroh Horvat Petru\",\"@id\":\"https:\/\/mhf.ro\/mm\/#\/schema\/person\/4c8c06c801b7b666e81ed44550086900\"},\"headline\":\"Ziua Eroilor la Blaj\",\"datePublished\":\"2021-06-11T11:19:36+00:00\",\"dateModified\":\"2021-06-11T11:54:39+00:00\",\"mainEntityOfPage\":{\"@id\":\"https:\/\/mhf.ro\/mm\/ziua-eroilor-la-blaj\/\"},\"wordCount\":363,\"commentCount\":0,\"publisher\":{\"@id\":\"https:\/\/mhf.ro\/mm\/#\/schema\/person\/a3bebf7bdb4bf12f698aff73c7e46c21\"},\"image\":{\"@id\":\"https:\/\/mhf.ro\/mm\/ziua-eroilor-la-blaj\/#primaryimage\"},\"thumbnailUrl\":\"https:\/\/mhf.ro\/mm\/wp-content\/uploads\/2021\/06\/20210610_131042-scaled.jpg\",\"articleSection\":[\"Locale\"],\"inLanguage\":\"ro-RO\",\"potentialAction\":[{\"@type\":\"CommentAction\",\"name\":\"Comment\",\"target\":[\"https:\/\/mhf.ro\/mm\/ziua-eroilor-la-blaj\/#respond\"]}]},{\"@type\":\"WebPage\",\"@id\":\"https:\/\/mhf.ro\/mm\/ziua-eroilor-la-blaj\/\",\"url\":\"https:\/\/mhf.ro\/mm\/ziua-eroilor-la-blaj\/\",\"name\":\"Ziua Eroilor la Blaj - MHF Photography\",\"isPartOf\":{\"@id\":\"https:\/\/mhf.ro\/mm\/#website\"},\"primaryImageOfPage\":{\"@id\":\"https:\/\/mhf.ro\/mm\/ziua-eroilor-la-blaj\/#primaryimage\"},\"image\":{\"@id\":\"https:\/\/mhf.ro\/mm\/ziua-eroilor-la-blaj\/#primaryimage\"},\"thumbnailUrl\":\"https:\/\/mhf.ro\/mm\/wp-content\/uploads\/2021\/06\/20210610_131042-scaled.jpg\",\"datePublished\":\"2021-06-11T11:19:36+00:00\",\"dateModified\":\"2021-06-11T11:54:39+00:00\",\"breadcrumb\":{\"@id\":\"https:\/\/mhf.ro\/mm\/ziua-eroilor-la-blaj\/#breadcrumb\"},\"inLanguage\":\"ro-RO\",\"potentialAction\":[{\"@type\":\"ReadAction\",\"target\":[\"https:\/\/mhf.ro\/mm\/ziua-eroilor-la-blaj\/\"]}]},{\"@type\":\"ImageObject\",\"inLanguage\":\"ro-RO\",\"@id\":\"https:\/\/mhf.ro\/mm\/ziua-eroilor-la-blaj\/#primaryimage\",\"url\":\"https:\/\/mhf.ro\/mm\/wp-content\/uploads\/2021\/06\/20210610_131042-scaled.jpg\",\"contentUrl\":\"https:\/\/mhf.ro\/mm\/wp-content\/uploads\/2021\/06\/20210610_131042-scaled.jpg\",\"width\":1439,\"height\":2560},{\"@type\":\"BreadcrumbList\",\"@id\":\"https:\/\/mhf.ro\/mm\/ziua-eroilor-la-blaj\/#breadcrumb\",\"itemListElement\":[{\"@type\":\"ListItem\",\"position\":1,\"name\":\"Prima pagin\u0103\",\"item\":\"https:\/\/mhf.ro\/mm\/\"},{\"@type\":\"ListItem\",\"position\":2,\"name\":\"Ziua Eroilor la Blaj\"}]},{\"@type\":\"WebSite\",\"@id\":\"https:\/\/mhf.ro\/mm\/#website\",\"url\":\"https:\/\/mhf.ro\/mm\/\",\"name\":\"MHF Photography \u2013 Blog de fotografie, natur\u0103 \u0219i tehnic\u0103 divers\u0103\",\"description\":\"Aventur\u0103 \u00een fiecare cadru.\",\"publisher\":{\"@id\":\"https:\/\/mhf.ro\/mm\/#\/schema\/person\/a3bebf7bdb4bf12f698aff73c7e46c21\"},\"potentialAction\":[{\"@type\":\"SearchAction\",\"target\":{\"@type\":\"EntryPoint\",\"urlTemplate\":\"https:\/\/mhf.ro\/mm\/?s={search_term_string}\"},\"query-input\":{\"@type\":\"PropertyValueSpecification\",\"valueRequired\":true,\"valueName\":\"search_term_string\"}}],\"inLanguage\":\"ro-RO\"},{\"@type\":[\"Person\",\"Organization\"],\"@id\":\"https:\/\/mhf.ro\/mm\/#\/schema\/person\/a3bebf7bdb4bf12f698aff73c7e46c21\",\"name\":\"Marius Marcu\",\"image\":{\"@type\":\"ImageObject\",\"inLanguage\":\"ro-RO\",\"@id\":\"https:\/\/mhf.ro\/mm\/#\/schema\/person\/image\/\",\"url\":\"https:\/\/mhf.ro\/mm\/wp-content\/uploads\/2025\/12\/cropped-logo_mhf_2.png\",\"contentUrl\":\"https:\/\/mhf.ro\/mm\/wp-content\/uploads\/2025\/12\/cropped-logo_mhf_2.png\",\"width\":1096,\"height\":457,\"caption\":\"Marius Marcu\"},\"logo\":{\"@id\":\"https:\/\/mhf.ro\/mm\/#\/schema\/person\/image\/\"},\"sameAs\":[\"https:\/\/mhf.ro\/mm\"]},{\"@type\":\"Person\",\"@id\":\"https:\/\/mhf.ro\/mm\/#\/schema\/person\/4c8c06c801b7b666e81ed44550086900\",\"name\":\"Preot paroh Horvat Petru\",\"image\":{\"@type\":\"ImageObject\",\"inLanguage\":\"ro-RO\",\"@id\":\"https:\/\/mhf.ro\/mm\/#\/schema\/person\/image\/\",\"url\":\"https:\/\/secure.gravatar.com\/avatar\/c2d2dcdf21c6f41aad486d71768c144cd6e23cb7b63bae9bd6fab542b26ad321?s=96&d=monsterid&r=g\",\"contentUrl\":\"https:\/\/secure.gravatar.com\/avatar\/c2d2dcdf21c6f41aad486d71768c144cd6e23cb7b63bae9bd6fab542b26ad321?s=96&d=monsterid&r=g\",\"caption\":\"Preot paroh Horvat Petru\"},\"sameAs\":[\"https:\/\/mhf.ro\/mm\"],\"url\":\"https:\/\/mhf.ro\/mm\/author\/petrica\/\"}]}<\/script>\n<!-- \/ Yoast SEO plugin. -->","yoast_head_json":{"title":"Ziua Eroilor la Blaj - MHF Photography","robots":{"index":"index","follow":"follow","max-snippet":"max-snippet:-1","max-image-preview":"max-image-preview:large","max-video-preview":"max-video-preview:-1"},"canonical":"https:\/\/mhf.ro\/mm\/ziua-eroilor-la-blaj\/","og_locale":"ro_RO","og_type":"article","og_title":"Ziua Eroilor la Blaj - MHF Photography","og_description":"Blajul a fost \u00eentotdeauna un focar de patriotism. Joi, 10 iunie, odat\u0103 cu s\u0103rb\u0103toarea \u00cen\u0103l\u021b\u0103rii Domnului, noi, rom\u00e2nii, elogiem pe","og_url":"https:\/\/mhf.ro\/mm\/ziua-eroilor-la-blaj\/","og_site_name":"MHF Photography","article_published_time":"2021-06-11T11:19:36+00:00","article_modified_time":"2021-06-11T11:54:39+00:00","og_image":[{"width":1439,"height":2560,"url":"https:\/\/mhf.ro\/mm\/wp-content\/uploads\/2021\/06\/20210610_131042-scaled.jpg","type":"image\/jpeg"}],"author":"Preot paroh Horvat Petru","twitter_card":"summary_large_image","twitter_misc":{"Scris de":"Preot paroh Horvat Petru","Timp estimat pentru citire":"2 minute"},"schema":{"@context":"https:\/\/schema.org","@graph":[{"@type":"Article","@id":"https:\/\/mhf.ro\/mm\/ziua-eroilor-la-blaj\/#article","isPartOf":{"@id":"https:\/\/mhf.ro\/mm\/ziua-eroilor-la-blaj\/"},"author":{"name":"Preot paroh Horvat Petru","@id":"https:\/\/mhf.ro\/mm\/#\/schema\/person\/4c8c06c801b7b666e81ed44550086900"},"headline":"Ziua Eroilor la Blaj","datePublished":"2021-06-11T11:19:36+00:00","dateModified":"2021-06-11T11:54:39+00:00","mainEntityOfPage":{"@id":"https:\/\/mhf.ro\/mm\/ziua-eroilor-la-blaj\/"},"wordCount":363,"commentCount":0,"publisher":{"@id":"https:\/\/mhf.ro\/mm\/#\/schema\/person\/a3bebf7bdb4bf12f698aff73c7e46c21"},"image":{"@id":"https:\/\/mhf.ro\/mm\/ziua-eroilor-la-blaj\/#primaryimage"},"thumbnailUrl":"https:\/\/mhf.ro\/mm\/wp-content\/uploads\/2021\/06\/20210610_131042-scaled.jpg","articleSection":["Locale"],"inLanguage":"ro-RO","potentialAction":[{"@type":"CommentAction","name":"Comment","target":["https:\/\/mhf.ro\/mm\/ziua-eroilor-la-blaj\/#respond"]}]},{"@type":"WebPage","@id":"https:\/\/mhf.ro\/mm\/ziua-eroilor-la-blaj\/","url":"https:\/\/mhf.ro\/mm\/ziua-eroilor-la-blaj\/","name":"Ziua Eroilor la Blaj - MHF Photography","isPartOf":{"@id":"https:\/\/mhf.ro\/mm\/#website"},"primaryImageOfPage":{"@id":"https:\/\/mhf.ro\/mm\/ziua-eroilor-la-blaj\/#primaryimage"},"image":{"@id":"https:\/\/mhf.ro\/mm\/ziua-eroilor-la-blaj\/#primaryimage"},"thumbnailUrl":"https:\/\/mhf.ro\/mm\/wp-content\/uploads\/2021\/06\/20210610_131042-scaled.jpg","datePublished":"2021-06-11T11:19:36+00:00","dateModified":"2021-06-11T11:54:39+00:00","breadcrumb":{"@id":"https:\/\/mhf.ro\/mm\/ziua-eroilor-la-blaj\/#breadcrumb"},"inLanguage":"ro-RO","potentialAction":[{"@type":"ReadAction","target":["https:\/\/mhf.ro\/mm\/ziua-eroilor-la-blaj\/"]}]},{"@type":"ImageObject","inLanguage":"ro-RO","@id":"https:\/\/mhf.ro\/mm\/ziua-eroilor-la-blaj\/#primaryimage","url":"https:\/\/mhf.ro\/mm\/wp-content\/uploads\/2021\/06\/20210610_131042-scaled.jpg","contentUrl":"https:\/\/mhf.ro\/mm\/wp-content\/uploads\/2021\/06\/20210610_131042-scaled.jpg","width":1439,"height":2560},{"@type":"BreadcrumbList","@id":"https:\/\/mhf.ro\/mm\/ziua-eroilor-la-blaj\/#breadcrumb","itemListElement":[{"@type":"ListItem","position":1,"name":"Prima pagin\u0103","item":"https:\/\/mhf.ro\/mm\/"},{"@type":"ListItem","position":2,"name":"Ziua Eroilor la Blaj"}]},{"@type":"WebSite","@id":"https:\/\/mhf.ro\/mm\/#website","url":"https:\/\/mhf.ro\/mm\/","name":"MHF Photography \u2013 Blog de fotografie, natur\u0103 \u0219i tehnic\u0103 divers\u0103","description":"Aventur\u0103 \u00een fiecare cadru.","publisher":{"@id":"https:\/\/mhf.ro\/mm\/#\/schema\/person\/a3bebf7bdb4bf12f698aff73c7e46c21"},"potentialAction":[{"@type":"SearchAction","target":{"@type":"EntryPoint","urlTemplate":"https:\/\/mhf.ro\/mm\/?s={search_term_string}"},"query-input":{"@type":"PropertyValueSpecification","valueRequired":true,"valueName":"search_term_string"}}],"inLanguage":"ro-RO"},{"@type":["Person","Organization"],"@id":"https:\/\/mhf.ro\/mm\/#\/schema\/person\/a3bebf7bdb4bf12f698aff73c7e46c21","name":"Marius Marcu","image":{"@type":"ImageObject","inLanguage":"ro-RO","@id":"https:\/\/mhf.ro\/mm\/#\/schema\/person\/image\/","url":"https:\/\/mhf.ro\/mm\/wp-content\/uploads\/2025\/12\/cropped-logo_mhf_2.png","contentUrl":"https:\/\/mhf.ro\/mm\/wp-content\/uploads\/2025\/12\/cropped-logo_mhf_2.png","width":1096,"height":457,"caption":"Marius Marcu"},"logo":{"@id":"https:\/\/mhf.ro\/mm\/#\/schema\/person\/image\/"},"sameAs":["https:\/\/mhf.ro\/mm"]},{"@type":"Person","@id":"https:\/\/mhf.ro\/mm\/#\/schema\/person\/4c8c06c801b7b666e81ed44550086900","name":"Preot paroh Horvat Petru","image":{"@type":"ImageObject","inLanguage":"ro-RO","@id":"https:\/\/mhf.ro\/mm\/#\/schema\/person\/image\/","url":"https:\/\/secure.gravatar.com\/avatar\/c2d2dcdf21c6f41aad486d71768c144cd6e23cb7b63bae9bd6fab542b26ad321?s=96&d=monsterid&r=g","contentUrl":"https:\/\/secure.gravatar.com\/avatar\/c2d2dcdf21c6f41aad486d71768c144cd6e23cb7b63bae9bd6fab542b26ad321?s=96&d=monsterid&r=g","caption":"Preot paroh Horvat Petru"},"sameAs":["https:\/\/mhf.ro\/mm"],"url":"https:\/\/mhf.ro\/mm\/author\/petrica\/"}]}},"_links":{"self":[{"href":"https:\/\/mhf.ro\/mm\/wp-json\/wp\/v2\/posts\/4929","targetHints":{"allow":["GET"]}}],"collection":[{"href":"https:\/\/mhf.ro\/mm\/wp-json\/wp\/v2\/posts"}],"about":[{"href":"https:\/\/mhf.ro\/mm\/wp-json\/wp\/v2\/types\/post"}],"author":[{"embeddable":true,"href":"https:\/\/mhf.ro\/mm\/wp-json\/wp\/v2\/users\/4"}],"replies":[{"embeddable":true,"href":"https:\/\/mhf.ro\/mm\/wp-json\/wp\/v2\/comments?post=4929"}],"version-history":[{"count":4,"href":"https:\/\/mhf.ro\/mm\/wp-json\/wp\/v2\/posts\/4929\/revisions"}],"predecessor-version":[{"id":4939,"href":"https:\/\/mhf.ro\/mm\/wp-json\/wp\/v2\/posts\/4929\/revisions\/4939"}],"wp:featuredmedia":[{"embeddable":true,"href":"https:\/\/mhf.ro\/mm\/wp-json\/wp\/v2\/media\/4933"}],"wp:attachment":[{"href":"https:\/\/mhf.ro\/mm\/wp-json\/wp\/v2\/media?parent=4929"}],"wp:term":[{"taxonomy":"category","embeddable":true,"href":"https:\/\/mhf.ro\/mm\/wp-json\/wp\/v2\/categories?post=4929"},{"taxonomy":"post_tag","embeddable":true,"href":"https:\/\/mhf.ro\/mm\/wp-json\/wp\/v2\/tags?post=4929"}],"curies":[{"name":"wp","href":"https:\/\/api.w.org\/{rel}","templated":true}]}}