{"id":4953,"date":"2021-07-12T09:36:51","date_gmt":"2021-07-12T07:36:51","guid":{"rendered":"https:\/\/mhf.ro\/mm\/?p=4953"},"modified":"2021-07-12T09:40:08","modified_gmt":"2021-07-12T07:40:08","slug":"maia-sandu-victorie-categorica-in-moldova","status":"publish","type":"post","link":"https:\/\/mhf.ro\/mm\/maia-sandu-victorie-categorica-in-moldova\/","title":{"rendered":"Maia Sandu, victorie categoric\u0103 \u00een Moldova"},"content":{"rendered":"<p>Partidul Ac\u021biune \u0219i Solidaritate (PAS) al pre\u0219edintei Maia Sandu a ob\u021binut o victorie categoric\u0103 \u00een cadrul alegerilor parlamentare din Republica Moldova.<\/p>\n<p class=\"title\">PAS a ob\u021binut un scor istoric de 52,5%, dup\u0103 num\u0103rarea a 99,5% dintre voturi.<\/p>\n<p class=\"title\">Doar trei partide intr\u0103 \u00een Parlament, informeaza\u0103 Hotnews. Partidul Maiei Sandu este urmat de blocul comuni\u0219tilor \u0219i sociali\u0219tilor, alian\u021ba fostului pre\u0219edinte Igor Dodon av\u00e2nd 27,38% dintre voturi. Pragul electoral a mai fost trecut doar de Partidul Politic \u0218or, creditat cu 5,78% dintre voturi.<\/p>\n<p>Prezen\u021ba la vot a fost de 48,41%, pragul de validare de o treime din num\u0103rul aleg\u0103torilor \u00eenscri\u0219i \u00een listele electorale fiind dep\u0103\u0219it, iar alegerile pot fi considerate valabile.<\/p>\n<p>Potrivit calculelor f\u0103cute de portalul alegeri.md, Partidul Ac\u021biune \u0219i Solidaritate va primi 63 de mandate, Blocul electoral al Comuni\u0219tilor \u0219i Sociali\u0219tilor \u2013 32 de mandate, iar Partidul \u201c\u0218or\u201d \u2013 6 mandate.(conf. Jurnalist.ro)<\/p>\n","protected":false},"excerpt":{"rendered":"<p>Partidul Ac\u021biune \u0219i Solidaritate (PAS) al pre\u0219edintei Maia Sandu a ob\u021binut o victorie categoric\u0103 \u00een cadrul alegerilor parlamentare din Republica<\/p>\n","protected":false},"author":1,"featured_media":4954,"comment_status":"open","ping_status":"open","sticky":false,"template":"","format":"standard","meta":{"colormag_page_container_layout":"default_layout","colormag_page_sidebar_layout":"default_layout","footnotes":""},"categories":[5],"tags":[],"class_list":["post-4953","post","type-post","status-publish","format-standard","has-post-thumbnail","hentry","category-locale"],"yoast_head":"<!-- This site is optimized with the Yoast SEO plugin v27.0 - https:\/\/yoast.com\/product\/yoast-seo-wordpress\/ -->\n<title>Maia Sandu, victorie categoric\u0103 \u00een Moldova - MHF Photography<\/title>\n<meta name=\"robots\" content=\"index, follow, max-snippet:-1, max-image-preview:large, max-video-preview:-1\" \/>\n<link rel=\"canonical\" href=\"https:\/\/mhf.ro\/mm\/maia-sandu-victorie-categorica-in-moldova\/\" \/>\n<meta property=\"og:locale\" content=\"ro_RO\" \/>\n<meta property=\"og:type\" content=\"article\" \/>\n<meta property=\"og:title\" content=\"Maia Sandu, victorie categoric\u0103 \u00een Moldova - MHF Photography\" \/>\n<meta property=\"og:description\" content=\"Partidul Ac\u021biune \u0219i Solidaritate (PAS) al pre\u0219edintei Maia Sandu a ob\u021binut o victorie categoric\u0103 \u00een cadrul alegerilor parlamentare din Republica\" \/>\n<meta property=\"og:url\" content=\"https:\/\/mhf.ro\/mm\/maia-sandu-victorie-categorica-in-moldova\/\" \/>\n<meta property=\"og:site_name\" content=\"MHF Photography\" \/>\n<meta property=\"article:published_time\" content=\"2021-07-12T07:36:51+00:00\" \/>\n<meta property=\"article:modified_time\" content=\"2021-07-12T07:40:08+00:00\" \/>\n<meta property=\"og:image\" content=\"https:\/\/mhf.ro\/mm\/wp-content\/uploads\/2021\/07\/maia-sandu.jpg\" \/>\n\t<meta property=\"og:image:width\" content=\"700\" \/>\n\t<meta property=\"og:image:height\" content=\"394\" \/>\n\t<meta property=\"og:image:type\" content=\"image\/jpeg\" \/>\n<meta name=\"author\" content=\"Marius Marcu\" \/>\n<meta name=\"twitter:card\" content=\"summary_large_image\" \/>\n<meta name=\"twitter:label1\" content=\"Scris de\" \/>\n\t<meta name=\"twitter:data1\" content=\"Marius Marcu\" \/>\n\t<meta name=\"twitter:label2\" content=\"Timp estimat pentru citire\" \/>\n\t<meta name=\"twitter:data2\" content=\"1 minut\" \/>\n<script type=\"application\/ld+json\" class=\"yoast-schema-graph\">{\"@context\":\"https:\/\/schema.org\",\"@graph\":[{\"@type\":\"Article\",\"@id\":\"https:\/\/mhf.ro\/mm\/maia-sandu-victorie-categorica-in-moldova\/#article\",\"isPartOf\":{\"@id\":\"https:\/\/mhf.ro\/mm\/maia-sandu-victorie-categorica-in-moldova\/\"},\"author\":{\"name\":\"Marius Marcu\",\"@id\":\"https:\/\/mhf.ro\/mm\/#\/schema\/person\/a3bebf7bdb4bf12f698aff73c7e46c21\"},\"headline\":\"Maia Sandu, victorie categoric\u0103 \u00een Moldova\",\"datePublished\":\"2021-07-12T07:36:51+00:00\",\"dateModified\":\"2021-07-12T07:40:08+00:00\",\"mainEntityOfPage\":{\"@id\":\"https:\/\/mhf.ro\/mm\/maia-sandu-victorie-categorica-in-moldova\/\"},\"wordCount\":156,\"commentCount\":0,\"publisher\":{\"@id\":\"https:\/\/mhf.ro\/mm\/#\/schema\/person\/a3bebf7bdb4bf12f698aff73c7e46c21\"},\"image\":{\"@id\":\"https:\/\/mhf.ro\/mm\/maia-sandu-victorie-categorica-in-moldova\/#primaryimage\"},\"thumbnailUrl\":\"https:\/\/mhf.ro\/mm\/wp-content\/uploads\/2021\/07\/maia-sandu.jpg\",\"articleSection\":[\"Locale\"],\"inLanguage\":\"ro-RO\",\"potentialAction\":[{\"@type\":\"CommentAction\",\"name\":\"Comment\",\"target\":[\"https:\/\/mhf.ro\/mm\/maia-sandu-victorie-categorica-in-moldova\/#respond\"]}]},{\"@type\":\"WebPage\",\"@id\":\"https:\/\/mhf.ro\/mm\/maia-sandu-victorie-categorica-in-moldova\/\",\"url\":\"https:\/\/mhf.ro\/mm\/maia-sandu-victorie-categorica-in-moldova\/\",\"name\":\"Maia Sandu, victorie categoric\u0103 \u00een Moldova - MHF Photography\",\"isPartOf\":{\"@id\":\"https:\/\/mhf.ro\/mm\/#website\"},\"primaryImageOfPage\":{\"@id\":\"https:\/\/mhf.ro\/mm\/maia-sandu-victorie-categorica-in-moldova\/#primaryimage\"},\"image\":{\"@id\":\"https:\/\/mhf.ro\/mm\/maia-sandu-victorie-categorica-in-moldova\/#primaryimage\"},\"thumbnailUrl\":\"https:\/\/mhf.ro\/mm\/wp-content\/uploads\/2021\/07\/maia-sandu.jpg\",\"datePublished\":\"2021-07-12T07:36:51+00:00\",\"dateModified\":\"2021-07-12T07:40:08+00:00\",\"breadcrumb\":{\"@id\":\"https:\/\/mhf.ro\/mm\/maia-sandu-victorie-categorica-in-moldova\/#breadcrumb\"},\"inLanguage\":\"ro-RO\",\"potentialAction\":[{\"@type\":\"ReadAction\",\"target\":[\"https:\/\/mhf.ro\/mm\/maia-sandu-victorie-categorica-in-moldova\/\"]}]},{\"@type\":\"ImageObject\",\"inLanguage\":\"ro-RO\",\"@id\":\"https:\/\/mhf.ro\/mm\/maia-sandu-victorie-categorica-in-moldova\/#primaryimage\",\"url\":\"https:\/\/mhf.ro\/mm\/wp-content\/uploads\/2021\/07\/maia-sandu.jpg\",\"contentUrl\":\"https:\/\/mhf.ro\/mm\/wp-content\/uploads\/2021\/07\/maia-sandu.jpg\",\"width\":700,\"height\":394},{\"@type\":\"BreadcrumbList\",\"@id\":\"https:\/\/mhf.ro\/mm\/maia-sandu-victorie-categorica-in-moldova\/#breadcrumb\",\"itemListElement\":[{\"@type\":\"ListItem\",\"position\":1,\"name\":\"Prima pagin\u0103\",\"item\":\"https:\/\/mhf.ro\/mm\/\"},{\"@type\":\"ListItem\",\"position\":2,\"name\":\"Maia Sandu, victorie categoric\u0103 \u00een Moldova\"}]},{\"@type\":\"WebSite\",\"@id\":\"https:\/\/mhf.ro\/mm\/#website\",\"url\":\"https:\/\/mhf.ro\/mm\/\",\"name\":\"MHF Photography \u2013 Blog de fotografie, natur\u0103 \u0219i tehnic\u0103 divers\u0103\",\"description\":\"Aventur\u0103 \u00een fiecare cadru.\",\"publisher\":{\"@id\":\"https:\/\/mhf.ro\/mm\/#\/schema\/person\/a3bebf7bdb4bf12f698aff73c7e46c21\"},\"potentialAction\":[{\"@type\":\"SearchAction\",\"target\":{\"@type\":\"EntryPoint\",\"urlTemplate\":\"https:\/\/mhf.ro\/mm\/?s={search_term_string}\"},\"query-input\":{\"@type\":\"PropertyValueSpecification\",\"valueRequired\":true,\"valueName\":\"search_term_string\"}}],\"inLanguage\":\"ro-RO\"},{\"@type\":[\"Person\",\"Organization\"],\"@id\":\"https:\/\/mhf.ro\/mm\/#\/schema\/person\/a3bebf7bdb4bf12f698aff73c7e46c21\",\"name\":\"Marius Marcu\",\"image\":{\"@type\":\"ImageObject\",\"inLanguage\":\"ro-RO\",\"@id\":\"https:\/\/mhf.ro\/mm\/#\/schema\/person\/image\/\",\"url\":\"https:\/\/mhf.ro\/mm\/wp-content\/uploads\/2025\/12\/cropped-logo_mhf_2.png\",\"contentUrl\":\"https:\/\/mhf.ro\/mm\/wp-content\/uploads\/2025\/12\/cropped-logo_mhf_2.png\",\"width\":1096,\"height\":457,\"caption\":\"Marius Marcu\"},\"logo\":{\"@id\":\"https:\/\/mhf.ro\/mm\/#\/schema\/person\/image\/\"},\"sameAs\":[\"https:\/\/mhf.ro\/mm\"],\"url\":\"https:\/\/mhf.ro\/mm\/author\/mihai\/\"}]}<\/script>\n<!-- \/ Yoast SEO plugin. -->","yoast_head_json":{"title":"Maia Sandu, victorie categoric\u0103 \u00een Moldova - MHF Photography","robots":{"index":"index","follow":"follow","max-snippet":"max-snippet:-1","max-image-preview":"max-image-preview:large","max-video-preview":"max-video-preview:-1"},"canonical":"https:\/\/mhf.ro\/mm\/maia-sandu-victorie-categorica-in-moldova\/","og_locale":"ro_RO","og_type":"article","og_title":"Maia Sandu, victorie categoric\u0103 \u00een Moldova - MHF Photography","og_description":"Partidul Ac\u021biune \u0219i Solidaritate (PAS) al pre\u0219edintei Maia Sandu a ob\u021binut o victorie categoric\u0103 \u00een cadrul alegerilor parlamentare din Republica","og_url":"https:\/\/mhf.ro\/mm\/maia-sandu-victorie-categorica-in-moldova\/","og_site_name":"MHF Photography","article_published_time":"2021-07-12T07:36:51+00:00","article_modified_time":"2021-07-12T07:40:08+00:00","og_image":[{"width":700,"height":394,"url":"https:\/\/mhf.ro\/mm\/wp-content\/uploads\/2021\/07\/maia-sandu.jpg","type":"image\/jpeg"}],"author":"Marius Marcu","twitter_card":"summary_large_image","twitter_misc":{"Scris de":"Marius Marcu","Timp estimat pentru citire":"1 minut"},"schema":{"@context":"https:\/\/schema.org","@graph":[{"@type":"Article","@id":"https:\/\/mhf.ro\/mm\/maia-sandu-victorie-categorica-in-moldova\/#article","isPartOf":{"@id":"https:\/\/mhf.ro\/mm\/maia-sandu-victorie-categorica-in-moldova\/"},"author":{"name":"Marius Marcu","@id":"https:\/\/mhf.ro\/mm\/#\/schema\/person\/a3bebf7bdb4bf12f698aff73c7e46c21"},"headline":"Maia Sandu, victorie categoric\u0103 \u00een Moldova","datePublished":"2021-07-12T07:36:51+00:00","dateModified":"2021-07-12T07:40:08+00:00","mainEntityOfPage":{"@id":"https:\/\/mhf.ro\/mm\/maia-sandu-victorie-categorica-in-moldova\/"},"wordCount":156,"commentCount":0,"publisher":{"@id":"https:\/\/mhf.ro\/mm\/#\/schema\/person\/a3bebf7bdb4bf12f698aff73c7e46c21"},"image":{"@id":"https:\/\/mhf.ro\/mm\/maia-sandu-victorie-categorica-in-moldova\/#primaryimage"},"thumbnailUrl":"https:\/\/mhf.ro\/mm\/wp-content\/uploads\/2021\/07\/maia-sandu.jpg","articleSection":["Locale"],"inLanguage":"ro-RO","potentialAction":[{"@type":"CommentAction","name":"Comment","target":["https:\/\/mhf.ro\/mm\/maia-sandu-victorie-categorica-in-moldova\/#respond"]}]},{"@type":"WebPage","@id":"https:\/\/mhf.ro\/mm\/maia-sandu-victorie-categorica-in-moldova\/","url":"https:\/\/mhf.ro\/mm\/maia-sandu-victorie-categorica-in-moldova\/","name":"Maia Sandu, victorie categoric\u0103 \u00een Moldova - MHF Photography","isPartOf":{"@id":"https:\/\/mhf.ro\/mm\/#website"},"primaryImageOfPage":{"@id":"https:\/\/mhf.ro\/mm\/maia-sandu-victorie-categorica-in-moldova\/#primaryimage"},"image":{"@id":"https:\/\/mhf.ro\/mm\/maia-sandu-victorie-categorica-in-moldova\/#primaryimage"},"thumbnailUrl":"https:\/\/mhf.ro\/mm\/wp-content\/uploads\/2021\/07\/maia-sandu.jpg","datePublished":"2021-07-12T07:36:51+00:00","dateModified":"2021-07-12T07:40:08+00:00","breadcrumb":{"@id":"https:\/\/mhf.ro\/mm\/maia-sandu-victorie-categorica-in-moldova\/#breadcrumb"},"inLanguage":"ro-RO","potentialAction":[{"@type":"ReadAction","target":["https:\/\/mhf.ro\/mm\/maia-sandu-victorie-categorica-in-moldova\/"]}]},{"@type":"ImageObject","inLanguage":"ro-RO","@id":"https:\/\/mhf.ro\/mm\/maia-sandu-victorie-categorica-in-moldova\/#primaryimage","url":"https:\/\/mhf.ro\/mm\/wp-content\/uploads\/2021\/07\/maia-sandu.jpg","contentUrl":"https:\/\/mhf.ro\/mm\/wp-content\/uploads\/2021\/07\/maia-sandu.jpg","width":700,"height":394},{"@type":"BreadcrumbList","@id":"https:\/\/mhf.ro\/mm\/maia-sandu-victorie-categorica-in-moldova\/#breadcrumb","itemListElement":[{"@type":"ListItem","position":1,"name":"Prima pagin\u0103","item":"https:\/\/mhf.ro\/mm\/"},{"@type":"ListItem","position":2,"name":"Maia Sandu, victorie categoric\u0103 \u00een Moldova"}]},{"@type":"WebSite","@id":"https:\/\/mhf.ro\/mm\/#website","url":"https:\/\/mhf.ro\/mm\/","name":"MHF Photography \u2013 Blog de fotografie, natur\u0103 \u0219i tehnic\u0103 divers\u0103","description":"Aventur\u0103 \u00een fiecare cadru.","publisher":{"@id":"https:\/\/mhf.ro\/mm\/#\/schema\/person\/a3bebf7bdb4bf12f698aff73c7e46c21"},"potentialAction":[{"@type":"SearchAction","target":{"@type":"EntryPoint","urlTemplate":"https:\/\/mhf.ro\/mm\/?s={search_term_string}"},"query-input":{"@type":"PropertyValueSpecification","valueRequired":true,"valueName":"search_term_string"}}],"inLanguage":"ro-RO"},{"@type":["Person","Organization"],"@id":"https:\/\/mhf.ro\/mm\/#\/schema\/person\/a3bebf7bdb4bf12f698aff73c7e46c21","name":"Marius Marcu","image":{"@type":"ImageObject","inLanguage":"ro-RO","@id":"https:\/\/mhf.ro\/mm\/#\/schema\/person\/image\/","url":"https:\/\/mhf.ro\/mm\/wp-content\/uploads\/2025\/12\/cropped-logo_mhf_2.png","contentUrl":"https:\/\/mhf.ro\/mm\/wp-content\/uploads\/2025\/12\/cropped-logo_mhf_2.png","width":1096,"height":457,"caption":"Marius Marcu"},"logo":{"@id":"https:\/\/mhf.ro\/mm\/#\/schema\/person\/image\/"},"sameAs":["https:\/\/mhf.ro\/mm"],"url":"https:\/\/mhf.ro\/mm\/author\/mihai\/"}]}},"_links":{"self":[{"href":"https:\/\/mhf.ro\/mm\/wp-json\/wp\/v2\/posts\/4953","targetHints":{"allow":["GET"]}}],"collection":[{"href":"https:\/\/mhf.ro\/mm\/wp-json\/wp\/v2\/posts"}],"about":[{"href":"https:\/\/mhf.ro\/mm\/wp-json\/wp\/v2\/types\/post"}],"author":[{"embeddable":true,"href":"https:\/\/mhf.ro\/mm\/wp-json\/wp\/v2\/users\/1"}],"replies":[{"embeddable":true,"href":"https:\/\/mhf.ro\/mm\/wp-json\/wp\/v2\/comments?post=4953"}],"version-history":[{"count":2,"href":"https:\/\/mhf.ro\/mm\/wp-json\/wp\/v2\/posts\/4953\/revisions"}],"predecessor-version":[{"id":4960,"href":"https:\/\/mhf.ro\/mm\/wp-json\/wp\/v2\/posts\/4953\/revisions\/4960"}],"wp:featuredmedia":[{"embeddable":true,"href":"https:\/\/mhf.ro\/mm\/wp-json\/wp\/v2\/media\/4954"}],"wp:attachment":[{"href":"https:\/\/mhf.ro\/mm\/wp-json\/wp\/v2\/media?parent=4953"}],"wp:term":[{"taxonomy":"category","embeddable":true,"href":"https:\/\/mhf.ro\/mm\/wp-json\/wp\/v2\/categories?post=4953"},{"taxonomy":"post_tag","embeddable":true,"href":"https:\/\/mhf.ro\/mm\/wp-json\/wp\/v2\/tags?post=4953"}],"curies":[{"name":"wp","href":"https:\/\/api.w.org\/{rel}","templated":true}]}}