{"id":4956,"date":"2021-07-12T09:39:04","date_gmt":"2021-07-12T07:39:04","guid":{"rendered":"https:\/\/mhf.ro\/mm\/?p=4956"},"modified":"2021-07-12T09:39:38","modified_gmt":"2021-07-12T07:39:38","slug":"robot-de-chirurgie-craniana-premiera-in-romania","status":"publish","type":"post","link":"https:\/\/mhf.ro\/mm\/robot-de-chirurgie-craniana-premiera-in-romania\/","title":{"rendered":"Robot de chirurgie cranian\u0103, premier\u0103 \u00een Rom\u00e2nia"},"content":{"rendered":"<p><strong>Spitalul Clinic de Urgen\u021b\u0103 \u201eProf. Dr. Nicolae Oblu\u201d din Ia\u0219i este primul care are \u00een dotare un robot de chirurgie cranian\u0103. Este un echipamentul unic \u00een Rom\u00e2nia \u0219i a costat peste 1,2 milioane de lei potrivit mediafax.ro.<\/strong><\/p>\n<p>Spitalul a introdus s\u00e2mb\u0103t\u0103 un nou sistem pentru \u00eembun\u0103t\u0103\u021birea preciziei \u00een neurochirurgia complex\u0103. Vorbim despre Medtronic Stealth Autoguide, o platform\u0103 de chirurgie robotic\u0103 cranian\u0103 care este conceput\u0103 pentru adul\u021bi \u0219i pacien\u021bi pediatrici cu afec\u021biuni neurochirurgicale.<\/p>\n<p>Investi\u021bia de 1.250.000 RON de lei a fost f\u0103cut\u0103 de Consiliul Jude\u021bean Ia\u0219i.<\/p>\n<p>Sistemul include un robot care ofer\u0103 pozi\u021bionare stereotactic\u0103, ghidare a traiectoriei \u0219i un burghiu, care utilizeaz\u0103 mi\u0219c\u0103ri precise\u00a0 pentru a atinge \u021binta chirurgical\u0103.<\/p>\n<p>Explica\u021bia a fost dat\u0103 pe Facebook de c\u0103tre reprezentan\u021bii spitalului ie\u0219ean.<\/p>\n<p>\u201e\u00cen cazul unei biopsii cerebrale, c\u00e2nd se plaseaz\u0103 un electrod sau un cateter \u00een creier, neurochirurgul trebuie s\u0103 g\u0103seasc\u0103 nu numai \u021binta chirurgical\u0103 potrivit\u0103, ci \u0219i cel mai sigur mod de a o atinge \u2013 navig\u00e2nd printr-o re\u021bea complex\u0103 de celule, vase \u0219i re\u021bele neuronale pentru a ajunge la un punct precis. Robotul de chirurgie cranian\u0103 cre\u0219te siguran\u021b\u0103, scurteaz\u0103 durata de spitalizare \u0219i reduce complica\u021biile pacien\u021biilor no\u0219tri. O alt\u0103 caracteristic\u0103 este c\u0103 robotul permite forarea precis\u0103 a unei traiectorii chirurgicale chiar \u0219i \u00eentr-un plan oblic, ceea ce este deosebit de important \u00een neurochirurgie\u201d.(conf. Jurnalist.ro)<\/p>\n","protected":false},"excerpt":{"rendered":"<p>Spitalul Clinic de Urgen\u021b\u0103 \u201eProf. Dr. Nicolae Oblu\u201d din Ia\u0219i este primul care are \u00een dotare un robot de chirurgie<\/p>\n","protected":false},"author":1,"featured_media":4957,"comment_status":"open","ping_status":"open","sticky":false,"template":"","format":"standard","meta":{"colormag_page_container_layout":"default_layout","colormag_page_sidebar_layout":"default_layout","footnotes":""},"categories":[8],"tags":[],"class_list":["post-4956","post","type-post","status-publish","format-standard","has-post-thumbnail","hentry","category-div"],"yoast_head":"<!-- This site is optimized with the Yoast SEO plugin v27.0 - https:\/\/yoast.com\/product\/yoast-seo-wordpress\/ -->\n<title>Robot de chirurgie cranian\u0103, premier\u0103 \u00een Rom\u00e2nia - MHF Photography<\/title>\n<meta name=\"robots\" content=\"index, follow, max-snippet:-1, max-image-preview:large, max-video-preview:-1\" \/>\n<link rel=\"canonical\" href=\"https:\/\/mhf.ro\/mm\/robot-de-chirurgie-craniana-premiera-in-romania\/\" \/>\n<meta property=\"og:locale\" content=\"ro_RO\" \/>\n<meta property=\"og:type\" content=\"article\" \/>\n<meta property=\"og:title\" content=\"Robot de chirurgie cranian\u0103, premier\u0103 \u00een Rom\u00e2nia - MHF Photography\" \/>\n<meta property=\"og:description\" content=\"Spitalul Clinic de Urgen\u021b\u0103 \u201eProf. Dr. Nicolae Oblu\u201d din Ia\u0219i este primul care are \u00een dotare un robot de chirurgie\" \/>\n<meta property=\"og:url\" content=\"https:\/\/mhf.ro\/mm\/robot-de-chirurgie-craniana-premiera-in-romania\/\" \/>\n<meta property=\"og:site_name\" content=\"MHF Photography\" \/>\n<meta property=\"article:published_time\" content=\"2021-07-12T07:39:04+00:00\" \/>\n<meta property=\"article:modified_time\" content=\"2021-07-12T07:39:38+00:00\" \/>\n<meta property=\"og:image\" content=\"https:\/\/mhf.ro\/mm\/wp-content\/uploads\/2021\/07\/RobotChirurgie.jpg\" \/>\n\t<meta property=\"og:image:width\" content=\"650\" \/>\n\t<meta property=\"og:image:height\" content=\"435\" \/>\n\t<meta property=\"og:image:type\" content=\"image\/jpeg\" \/>\n<meta name=\"author\" content=\"Marius Marcu\" \/>\n<meta name=\"twitter:card\" content=\"summary_large_image\" \/>\n<meta name=\"twitter:label1\" content=\"Scris de\" \/>\n\t<meta name=\"twitter:data1\" content=\"Marius Marcu\" \/>\n\t<meta name=\"twitter:label2\" content=\"Timp estimat pentru citire\" \/>\n\t<meta name=\"twitter:data2\" content=\"1 minut\" \/>\n<script type=\"application\/ld+json\" class=\"yoast-schema-graph\">{\"@context\":\"https:\/\/schema.org\",\"@graph\":[{\"@type\":\"Article\",\"@id\":\"https:\/\/mhf.ro\/mm\/robot-de-chirurgie-craniana-premiera-in-romania\/#article\",\"isPartOf\":{\"@id\":\"https:\/\/mhf.ro\/mm\/robot-de-chirurgie-craniana-premiera-in-romania\/\"},\"author\":{\"name\":\"Marius Marcu\",\"@id\":\"https:\/\/mhf.ro\/mm\/#\/schema\/person\/a3bebf7bdb4bf12f698aff73c7e46c21\"},\"headline\":\"Robot de chirurgie cranian\u0103, premier\u0103 \u00een Rom\u00e2nia\",\"datePublished\":\"2021-07-12T07:39:04+00:00\",\"dateModified\":\"2021-07-12T07:39:38+00:00\",\"mainEntityOfPage\":{\"@id\":\"https:\/\/mhf.ro\/mm\/robot-de-chirurgie-craniana-premiera-in-romania\/\"},\"wordCount\":250,\"commentCount\":0,\"publisher\":{\"@id\":\"https:\/\/mhf.ro\/mm\/#\/schema\/person\/a3bebf7bdb4bf12f698aff73c7e46c21\"},\"image\":{\"@id\":\"https:\/\/mhf.ro\/mm\/robot-de-chirurgie-craniana-premiera-in-romania\/#primaryimage\"},\"thumbnailUrl\":\"https:\/\/mhf.ro\/mm\/wp-content\/uploads\/2021\/07\/RobotChirurgie.jpg\",\"articleSection\":[\"Diverse\"],\"inLanguage\":\"ro-RO\",\"potentialAction\":[{\"@type\":\"CommentAction\",\"name\":\"Comment\",\"target\":[\"https:\/\/mhf.ro\/mm\/robot-de-chirurgie-craniana-premiera-in-romania\/#respond\"]}]},{\"@type\":\"WebPage\",\"@id\":\"https:\/\/mhf.ro\/mm\/robot-de-chirurgie-craniana-premiera-in-romania\/\",\"url\":\"https:\/\/mhf.ro\/mm\/robot-de-chirurgie-craniana-premiera-in-romania\/\",\"name\":\"Robot de chirurgie cranian\u0103, premier\u0103 \u00een Rom\u00e2nia - MHF Photography\",\"isPartOf\":{\"@id\":\"https:\/\/mhf.ro\/mm\/#website\"},\"primaryImageOfPage\":{\"@id\":\"https:\/\/mhf.ro\/mm\/robot-de-chirurgie-craniana-premiera-in-romania\/#primaryimage\"},\"image\":{\"@id\":\"https:\/\/mhf.ro\/mm\/robot-de-chirurgie-craniana-premiera-in-romania\/#primaryimage\"},\"thumbnailUrl\":\"https:\/\/mhf.ro\/mm\/wp-content\/uploads\/2021\/07\/RobotChirurgie.jpg\",\"datePublished\":\"2021-07-12T07:39:04+00:00\",\"dateModified\":\"2021-07-12T07:39:38+00:00\",\"breadcrumb\":{\"@id\":\"https:\/\/mhf.ro\/mm\/robot-de-chirurgie-craniana-premiera-in-romania\/#breadcrumb\"},\"inLanguage\":\"ro-RO\",\"potentialAction\":[{\"@type\":\"ReadAction\",\"target\":[\"https:\/\/mhf.ro\/mm\/robot-de-chirurgie-craniana-premiera-in-romania\/\"]}]},{\"@type\":\"ImageObject\",\"inLanguage\":\"ro-RO\",\"@id\":\"https:\/\/mhf.ro\/mm\/robot-de-chirurgie-craniana-premiera-in-romania\/#primaryimage\",\"url\":\"https:\/\/mhf.ro\/mm\/wp-content\/uploads\/2021\/07\/RobotChirurgie.jpg\",\"contentUrl\":\"https:\/\/mhf.ro\/mm\/wp-content\/uploads\/2021\/07\/RobotChirurgie.jpg\",\"width\":650,\"height\":435},{\"@type\":\"BreadcrumbList\",\"@id\":\"https:\/\/mhf.ro\/mm\/robot-de-chirurgie-craniana-premiera-in-romania\/#breadcrumb\",\"itemListElement\":[{\"@type\":\"ListItem\",\"position\":1,\"name\":\"Prima pagin\u0103\",\"item\":\"https:\/\/mhf.ro\/mm\/\"},{\"@type\":\"ListItem\",\"position\":2,\"name\":\"Robot de chirurgie cranian\u0103, premier\u0103 \u00een Rom\u00e2nia\"}]},{\"@type\":\"WebSite\",\"@id\":\"https:\/\/mhf.ro\/mm\/#website\",\"url\":\"https:\/\/mhf.ro\/mm\/\",\"name\":\"MHF Photography \u2013 Blog de fotografie, natur\u0103 \u0219i tehnic\u0103 divers\u0103\",\"description\":\"Aventur\u0103 \u00een fiecare cadru.\",\"publisher\":{\"@id\":\"https:\/\/mhf.ro\/mm\/#\/schema\/person\/a3bebf7bdb4bf12f698aff73c7e46c21\"},\"potentialAction\":[{\"@type\":\"SearchAction\",\"target\":{\"@type\":\"EntryPoint\",\"urlTemplate\":\"https:\/\/mhf.ro\/mm\/?s={search_term_string}\"},\"query-input\":{\"@type\":\"PropertyValueSpecification\",\"valueRequired\":true,\"valueName\":\"search_term_string\"}}],\"inLanguage\":\"ro-RO\"},{\"@type\":[\"Person\",\"Organization\"],\"@id\":\"https:\/\/mhf.ro\/mm\/#\/schema\/person\/a3bebf7bdb4bf12f698aff73c7e46c21\",\"name\":\"Marius Marcu\",\"image\":{\"@type\":\"ImageObject\",\"inLanguage\":\"ro-RO\",\"@id\":\"https:\/\/mhf.ro\/mm\/#\/schema\/person\/image\/\",\"url\":\"https:\/\/mhf.ro\/mm\/wp-content\/uploads\/2025\/12\/cropped-logo_mhf_2.png\",\"contentUrl\":\"https:\/\/mhf.ro\/mm\/wp-content\/uploads\/2025\/12\/cropped-logo_mhf_2.png\",\"width\":1096,\"height\":457,\"caption\":\"Marius Marcu\"},\"logo\":{\"@id\":\"https:\/\/mhf.ro\/mm\/#\/schema\/person\/image\/\"},\"sameAs\":[\"https:\/\/mhf.ro\/mm\"],\"url\":\"https:\/\/mhf.ro\/mm\/author\/mihai\/\"}]}<\/script>\n<!-- \/ Yoast SEO plugin. -->","yoast_head_json":{"title":"Robot de chirurgie cranian\u0103, premier\u0103 \u00een Rom\u00e2nia - MHF Photography","robots":{"index":"index","follow":"follow","max-snippet":"max-snippet:-1","max-image-preview":"max-image-preview:large","max-video-preview":"max-video-preview:-1"},"canonical":"https:\/\/mhf.ro\/mm\/robot-de-chirurgie-craniana-premiera-in-romania\/","og_locale":"ro_RO","og_type":"article","og_title":"Robot de chirurgie cranian\u0103, premier\u0103 \u00een Rom\u00e2nia - MHF Photography","og_description":"Spitalul Clinic de Urgen\u021b\u0103 \u201eProf. Dr. Nicolae Oblu\u201d din Ia\u0219i este primul care are \u00een dotare un robot de chirurgie","og_url":"https:\/\/mhf.ro\/mm\/robot-de-chirurgie-craniana-premiera-in-romania\/","og_site_name":"MHF Photography","article_published_time":"2021-07-12T07:39:04+00:00","article_modified_time":"2021-07-12T07:39:38+00:00","og_image":[{"width":650,"height":435,"url":"https:\/\/mhf.ro\/mm\/wp-content\/uploads\/2021\/07\/RobotChirurgie.jpg","type":"image\/jpeg"}],"author":"Marius Marcu","twitter_card":"summary_large_image","twitter_misc":{"Scris de":"Marius Marcu","Timp estimat pentru citire":"1 minut"},"schema":{"@context":"https:\/\/schema.org","@graph":[{"@type":"Article","@id":"https:\/\/mhf.ro\/mm\/robot-de-chirurgie-craniana-premiera-in-romania\/#article","isPartOf":{"@id":"https:\/\/mhf.ro\/mm\/robot-de-chirurgie-craniana-premiera-in-romania\/"},"author":{"name":"Marius Marcu","@id":"https:\/\/mhf.ro\/mm\/#\/schema\/person\/a3bebf7bdb4bf12f698aff73c7e46c21"},"headline":"Robot de chirurgie cranian\u0103, premier\u0103 \u00een Rom\u00e2nia","datePublished":"2021-07-12T07:39:04+00:00","dateModified":"2021-07-12T07:39:38+00:00","mainEntityOfPage":{"@id":"https:\/\/mhf.ro\/mm\/robot-de-chirurgie-craniana-premiera-in-romania\/"},"wordCount":250,"commentCount":0,"publisher":{"@id":"https:\/\/mhf.ro\/mm\/#\/schema\/person\/a3bebf7bdb4bf12f698aff73c7e46c21"},"image":{"@id":"https:\/\/mhf.ro\/mm\/robot-de-chirurgie-craniana-premiera-in-romania\/#primaryimage"},"thumbnailUrl":"https:\/\/mhf.ro\/mm\/wp-content\/uploads\/2021\/07\/RobotChirurgie.jpg","articleSection":["Diverse"],"inLanguage":"ro-RO","potentialAction":[{"@type":"CommentAction","name":"Comment","target":["https:\/\/mhf.ro\/mm\/robot-de-chirurgie-craniana-premiera-in-romania\/#respond"]}]},{"@type":"WebPage","@id":"https:\/\/mhf.ro\/mm\/robot-de-chirurgie-craniana-premiera-in-romania\/","url":"https:\/\/mhf.ro\/mm\/robot-de-chirurgie-craniana-premiera-in-romania\/","name":"Robot de chirurgie cranian\u0103, premier\u0103 \u00een Rom\u00e2nia - MHF Photography","isPartOf":{"@id":"https:\/\/mhf.ro\/mm\/#website"},"primaryImageOfPage":{"@id":"https:\/\/mhf.ro\/mm\/robot-de-chirurgie-craniana-premiera-in-romania\/#primaryimage"},"image":{"@id":"https:\/\/mhf.ro\/mm\/robot-de-chirurgie-craniana-premiera-in-romania\/#primaryimage"},"thumbnailUrl":"https:\/\/mhf.ro\/mm\/wp-content\/uploads\/2021\/07\/RobotChirurgie.jpg","datePublished":"2021-07-12T07:39:04+00:00","dateModified":"2021-07-12T07:39:38+00:00","breadcrumb":{"@id":"https:\/\/mhf.ro\/mm\/robot-de-chirurgie-craniana-premiera-in-romania\/#breadcrumb"},"inLanguage":"ro-RO","potentialAction":[{"@type":"ReadAction","target":["https:\/\/mhf.ro\/mm\/robot-de-chirurgie-craniana-premiera-in-romania\/"]}]},{"@type":"ImageObject","inLanguage":"ro-RO","@id":"https:\/\/mhf.ro\/mm\/robot-de-chirurgie-craniana-premiera-in-romania\/#primaryimage","url":"https:\/\/mhf.ro\/mm\/wp-content\/uploads\/2021\/07\/RobotChirurgie.jpg","contentUrl":"https:\/\/mhf.ro\/mm\/wp-content\/uploads\/2021\/07\/RobotChirurgie.jpg","width":650,"height":435},{"@type":"BreadcrumbList","@id":"https:\/\/mhf.ro\/mm\/robot-de-chirurgie-craniana-premiera-in-romania\/#breadcrumb","itemListElement":[{"@type":"ListItem","position":1,"name":"Prima pagin\u0103","item":"https:\/\/mhf.ro\/mm\/"},{"@type":"ListItem","position":2,"name":"Robot de chirurgie cranian\u0103, premier\u0103 \u00een Rom\u00e2nia"}]},{"@type":"WebSite","@id":"https:\/\/mhf.ro\/mm\/#website","url":"https:\/\/mhf.ro\/mm\/","name":"MHF Photography \u2013 Blog de fotografie, natur\u0103 \u0219i tehnic\u0103 divers\u0103","description":"Aventur\u0103 \u00een fiecare cadru.","publisher":{"@id":"https:\/\/mhf.ro\/mm\/#\/schema\/person\/a3bebf7bdb4bf12f698aff73c7e46c21"},"potentialAction":[{"@type":"SearchAction","target":{"@type":"EntryPoint","urlTemplate":"https:\/\/mhf.ro\/mm\/?s={search_term_string}"},"query-input":{"@type":"PropertyValueSpecification","valueRequired":true,"valueName":"search_term_string"}}],"inLanguage":"ro-RO"},{"@type":["Person","Organization"],"@id":"https:\/\/mhf.ro\/mm\/#\/schema\/person\/a3bebf7bdb4bf12f698aff73c7e46c21","name":"Marius Marcu","image":{"@type":"ImageObject","inLanguage":"ro-RO","@id":"https:\/\/mhf.ro\/mm\/#\/schema\/person\/image\/","url":"https:\/\/mhf.ro\/mm\/wp-content\/uploads\/2025\/12\/cropped-logo_mhf_2.png","contentUrl":"https:\/\/mhf.ro\/mm\/wp-content\/uploads\/2025\/12\/cropped-logo_mhf_2.png","width":1096,"height":457,"caption":"Marius Marcu"},"logo":{"@id":"https:\/\/mhf.ro\/mm\/#\/schema\/person\/image\/"},"sameAs":["https:\/\/mhf.ro\/mm"],"url":"https:\/\/mhf.ro\/mm\/author\/mihai\/"}]}},"_links":{"self":[{"href":"https:\/\/mhf.ro\/mm\/wp-json\/wp\/v2\/posts\/4956","targetHints":{"allow":["GET"]}}],"collection":[{"href":"https:\/\/mhf.ro\/mm\/wp-json\/wp\/v2\/posts"}],"about":[{"href":"https:\/\/mhf.ro\/mm\/wp-json\/wp\/v2\/types\/post"}],"author":[{"embeddable":true,"href":"https:\/\/mhf.ro\/mm\/wp-json\/wp\/v2\/users\/1"}],"replies":[{"embeddable":true,"href":"https:\/\/mhf.ro\/mm\/wp-json\/wp\/v2\/comments?post=4956"}],"version-history":[{"count":2,"href":"https:\/\/mhf.ro\/mm\/wp-json\/wp\/v2\/posts\/4956\/revisions"}],"predecessor-version":[{"id":4959,"href":"https:\/\/mhf.ro\/mm\/wp-json\/wp\/v2\/posts\/4956\/revisions\/4959"}],"wp:featuredmedia":[{"embeddable":true,"href":"https:\/\/mhf.ro\/mm\/wp-json\/wp\/v2\/media\/4957"}],"wp:attachment":[{"href":"https:\/\/mhf.ro\/mm\/wp-json\/wp\/v2\/media?parent=4956"}],"wp:term":[{"taxonomy":"category","embeddable":true,"href":"https:\/\/mhf.ro\/mm\/wp-json\/wp\/v2\/categories?post=4956"},{"taxonomy":"post_tag","embeddable":true,"href":"https:\/\/mhf.ro\/mm\/wp-json\/wp\/v2\/tags?post=4956"}],"curies":[{"name":"wp","href":"https:\/\/api.w.org\/{rel}","templated":true}]}}