{"id":4967,"date":"2021-07-14T17:27:55","date_gmt":"2021-07-14T15:27:55","guid":{"rendered":"https:\/\/mhf.ro\/mm\/?p=4967"},"modified":"2021-07-14T17:27:55","modified_gmt":"2021-07-14T15:27:55","slug":"un-avion-f-16-s-a-dezmembrat-in-zbor-la-galati","status":"publish","type":"post","link":"https:\/\/mhf.ro\/mm\/un-avion-f-16-s-a-dezmembrat-in-zbor-la-galati\/","title":{"rendered":"Un avion F 16 s-a dezmembrat, \u00een zbor, la Gala\u021bi"},"content":{"rendered":"<p align=\"left\">Un avion F 16 Fighting Falcon al For\u0163elor Aeriene Rom\u00e2ne a pierdut \u00een plin zbor un rezervor extern de combustibil<\/p>\n<p>Pilotul unei aeronave F-16 Fighting Falcon din dotarea Escadrilei 53 Avia\u021bie V\u00e2n\u0103toare a For\u021belor Aeriene Rom\u00e2ne a raportat un incident de zbor survenit \u00een timpul execut\u0103rii unor antrenamente cu trageri de lupt\u0103 aer-sol \u00een zona poligonului M\u0103lina, din jude\u021bul Gala\u0163i.<\/p>\n<p align=\"left\">\u00cen momentul lans\u0103rii unei bombe de antrenament, s-a desprins \u0219i un rezervor extern de combustibil \u015fi grinda de\u00a0 acro\u015fare tripl\u0103 de pe partea dreapt\u0103 a aeronavei.<\/p>\n<p>Pilotul a raportat situa\u0163ia de urgen\u0163\u0103 \u015fi a aterizat \u00een siguran\u0163\u0103 pe aerodromul de baz\u0103.<\/p>\n<p>Componentele avionului au picat \u00een zona destinat\u0103 tragerilor aer-sol din poligon.<\/p>\n<p align=\"left\">\u201e<em>\u00cen momentul lans\u0103rii unei bombe de antrenament, s-a produs desprinderea necomandat\u0103 a unui rezervor extern de combustibil \u015fi a grinzii de acro\u015fare triple de pe partea dreapt\u0103 a aeronavei, materiale care au c\u0103zut \u00een zona destinat\u0103 tragerilor aer-sol din poligon. Incidentul nu a pus \u00een pericol via\u0163a pilotului sau a altor persoane \u015fi nici integritatea aeronavei sau a altor propriet\u0103\u0163i \u015fi bunuri de la sol<\/em>\u201d, potrivit unei inform\u0103ri a For\u0163elor Aeriene Rom\u00e2ne, citate de Agerpres.<\/p>\n<p align=\"left\">O comisie numit\u0103 de \u015feful Statului Major al For\u0163elor Aeriene analizeaz\u0103 cauzele producerii incidentului.<\/p>\n<p align=\"left\">Amintim c\u0103 MAPN a investit miliarde de euro \u00een avioane F-16.(conf. Jurnalist.ro)<\/p>\n","protected":false},"excerpt":{"rendered":"<p>Un avion F 16 Fighting Falcon al For\u0163elor Aeriene Rom\u00e2ne a pierdut \u00een plin zbor un rezervor extern de combustibil<\/p>\n","protected":false},"author":1,"featured_media":4968,"comment_status":"open","ping_status":"open","sticky":false,"template":"","format":"standard","meta":{"colormag_page_container_layout":"default_layout","colormag_page_sidebar_layout":"default_layout","footnotes":""},"categories":[5],"tags":[],"class_list":["post-4967","post","type-post","status-publish","format-standard","has-post-thumbnail","hentry","category-locale"],"yoast_head":"<!-- This site is optimized with the Yoast SEO plugin v27.0 - https:\/\/yoast.com\/product\/yoast-seo-wordpress\/ -->\n<title>Un avion F 16 s-a dezmembrat, \u00een zbor, la Gala\u021bi - MHF Photography<\/title>\n<meta name=\"robots\" content=\"index, follow, max-snippet:-1, max-image-preview:large, max-video-preview:-1\" \/>\n<link rel=\"canonical\" href=\"https:\/\/mhf.ro\/mm\/un-avion-f-16-s-a-dezmembrat-in-zbor-la-galati\/\" \/>\n<meta property=\"og:locale\" content=\"ro_RO\" \/>\n<meta property=\"og:type\" content=\"article\" \/>\n<meta property=\"og:title\" content=\"Un avion F 16 s-a dezmembrat, \u00een zbor, la Gala\u021bi - MHF Photography\" \/>\n<meta property=\"og:description\" content=\"Un avion F 16 Fighting Falcon al For\u0163elor Aeriene Rom\u00e2ne a pierdut \u00een plin zbor un rezervor extern de combustibil\" \/>\n<meta property=\"og:url\" content=\"https:\/\/mhf.ro\/mm\/un-avion-f-16-s-a-dezmembrat-in-zbor-la-galati\/\" \/>\n<meta property=\"og:site_name\" content=\"MHF Photography\" \/>\n<meta property=\"article:published_time\" content=\"2021-07-14T15:27:55+00:00\" \/>\n<meta property=\"og:image\" content=\"https:\/\/mhf.ro\/mm\/wp-content\/uploads\/2021\/07\/avion.jpg\" \/>\n\t<meta property=\"og:image:width\" content=\"646\" \/>\n\t<meta property=\"og:image:height\" content=\"404\" \/>\n\t<meta property=\"og:image:type\" content=\"image\/jpeg\" \/>\n<meta name=\"author\" content=\"Marius Marcu\" \/>\n<meta name=\"twitter:card\" content=\"summary_large_image\" \/>\n<meta name=\"twitter:label1\" content=\"Scris de\" \/>\n\t<meta name=\"twitter:data1\" content=\"Marius Marcu\" \/>\n\t<meta name=\"twitter:label2\" content=\"Timp estimat pentru citire\" \/>\n\t<meta name=\"twitter:data2\" content=\"1 minut\" \/>\n<script type=\"application\/ld+json\" class=\"yoast-schema-graph\">{\"@context\":\"https:\/\/schema.org\",\"@graph\":[{\"@type\":\"Article\",\"@id\":\"https:\/\/mhf.ro\/mm\/un-avion-f-16-s-a-dezmembrat-in-zbor-la-galati\/#article\",\"isPartOf\":{\"@id\":\"https:\/\/mhf.ro\/mm\/un-avion-f-16-s-a-dezmembrat-in-zbor-la-galati\/\"},\"author\":{\"name\":\"Marius Marcu\",\"@id\":\"https:\/\/mhf.ro\/mm\/#\/schema\/person\/a3bebf7bdb4bf12f698aff73c7e46c21\"},\"headline\":\"Un avion F 16 s-a dezmembrat, \u00een zbor, la Gala\u021bi\",\"datePublished\":\"2021-07-14T15:27:55+00:00\",\"mainEntityOfPage\":{\"@id\":\"https:\/\/mhf.ro\/mm\/un-avion-f-16-s-a-dezmembrat-in-zbor-la-galati\/\"},\"wordCount\":246,\"commentCount\":0,\"publisher\":{\"@id\":\"https:\/\/mhf.ro\/mm\/#\/schema\/person\/a3bebf7bdb4bf12f698aff73c7e46c21\"},\"image\":{\"@id\":\"https:\/\/mhf.ro\/mm\/un-avion-f-16-s-a-dezmembrat-in-zbor-la-galati\/#primaryimage\"},\"thumbnailUrl\":\"https:\/\/mhf.ro\/mm\/wp-content\/uploads\/2021\/07\/avion.jpg\",\"articleSection\":[\"Locale\"],\"inLanguage\":\"ro-RO\",\"potentialAction\":[{\"@type\":\"CommentAction\",\"name\":\"Comment\",\"target\":[\"https:\/\/mhf.ro\/mm\/un-avion-f-16-s-a-dezmembrat-in-zbor-la-galati\/#respond\"]}]},{\"@type\":\"WebPage\",\"@id\":\"https:\/\/mhf.ro\/mm\/un-avion-f-16-s-a-dezmembrat-in-zbor-la-galati\/\",\"url\":\"https:\/\/mhf.ro\/mm\/un-avion-f-16-s-a-dezmembrat-in-zbor-la-galati\/\",\"name\":\"Un avion F 16 s-a dezmembrat, \u00een zbor, la Gala\u021bi - MHF Photography\",\"isPartOf\":{\"@id\":\"https:\/\/mhf.ro\/mm\/#website\"},\"primaryImageOfPage\":{\"@id\":\"https:\/\/mhf.ro\/mm\/un-avion-f-16-s-a-dezmembrat-in-zbor-la-galati\/#primaryimage\"},\"image\":{\"@id\":\"https:\/\/mhf.ro\/mm\/un-avion-f-16-s-a-dezmembrat-in-zbor-la-galati\/#primaryimage\"},\"thumbnailUrl\":\"https:\/\/mhf.ro\/mm\/wp-content\/uploads\/2021\/07\/avion.jpg\",\"datePublished\":\"2021-07-14T15:27:55+00:00\",\"breadcrumb\":{\"@id\":\"https:\/\/mhf.ro\/mm\/un-avion-f-16-s-a-dezmembrat-in-zbor-la-galati\/#breadcrumb\"},\"inLanguage\":\"ro-RO\",\"potentialAction\":[{\"@type\":\"ReadAction\",\"target\":[\"https:\/\/mhf.ro\/mm\/un-avion-f-16-s-a-dezmembrat-in-zbor-la-galati\/\"]}]},{\"@type\":\"ImageObject\",\"inLanguage\":\"ro-RO\",\"@id\":\"https:\/\/mhf.ro\/mm\/un-avion-f-16-s-a-dezmembrat-in-zbor-la-galati\/#primaryimage\",\"url\":\"https:\/\/mhf.ro\/mm\/wp-content\/uploads\/2021\/07\/avion.jpg\",\"contentUrl\":\"https:\/\/mhf.ro\/mm\/wp-content\/uploads\/2021\/07\/avion.jpg\",\"width\":646,\"height\":404},{\"@type\":\"BreadcrumbList\",\"@id\":\"https:\/\/mhf.ro\/mm\/un-avion-f-16-s-a-dezmembrat-in-zbor-la-galati\/#breadcrumb\",\"itemListElement\":[{\"@type\":\"ListItem\",\"position\":1,\"name\":\"Prima pagin\u0103\",\"item\":\"https:\/\/mhf.ro\/mm\/\"},{\"@type\":\"ListItem\",\"position\":2,\"name\":\"Un avion F 16 s-a dezmembrat, \u00een zbor, la Gala\u021bi\"}]},{\"@type\":\"WebSite\",\"@id\":\"https:\/\/mhf.ro\/mm\/#website\",\"url\":\"https:\/\/mhf.ro\/mm\/\",\"name\":\"MHF Photography \u2013 Blog de fotografie, natur\u0103 \u0219i tehnic\u0103 divers\u0103\",\"description\":\"Aventur\u0103 \u00een fiecare cadru.\",\"publisher\":{\"@id\":\"https:\/\/mhf.ro\/mm\/#\/schema\/person\/a3bebf7bdb4bf12f698aff73c7e46c21\"},\"potentialAction\":[{\"@type\":\"SearchAction\",\"target\":{\"@type\":\"EntryPoint\",\"urlTemplate\":\"https:\/\/mhf.ro\/mm\/?s={search_term_string}\"},\"query-input\":{\"@type\":\"PropertyValueSpecification\",\"valueRequired\":true,\"valueName\":\"search_term_string\"}}],\"inLanguage\":\"ro-RO\"},{\"@type\":[\"Person\",\"Organization\"],\"@id\":\"https:\/\/mhf.ro\/mm\/#\/schema\/person\/a3bebf7bdb4bf12f698aff73c7e46c21\",\"name\":\"Marius Marcu\",\"image\":{\"@type\":\"ImageObject\",\"inLanguage\":\"ro-RO\",\"@id\":\"https:\/\/mhf.ro\/mm\/#\/schema\/person\/image\/\",\"url\":\"https:\/\/mhf.ro\/mm\/wp-content\/uploads\/2025\/12\/cropped-logo_mhf_2.png\",\"contentUrl\":\"https:\/\/mhf.ro\/mm\/wp-content\/uploads\/2025\/12\/cropped-logo_mhf_2.png\",\"width\":1096,\"height\":457,\"caption\":\"Marius Marcu\"},\"logo\":{\"@id\":\"https:\/\/mhf.ro\/mm\/#\/schema\/person\/image\/\"},\"sameAs\":[\"https:\/\/mhf.ro\/mm\"],\"url\":\"https:\/\/mhf.ro\/mm\/author\/mihai\/\"}]}<\/script>\n<!-- \/ Yoast SEO plugin. -->","yoast_head_json":{"title":"Un avion F 16 s-a dezmembrat, \u00een zbor, la Gala\u021bi - MHF Photography","robots":{"index":"index","follow":"follow","max-snippet":"max-snippet:-1","max-image-preview":"max-image-preview:large","max-video-preview":"max-video-preview:-1"},"canonical":"https:\/\/mhf.ro\/mm\/un-avion-f-16-s-a-dezmembrat-in-zbor-la-galati\/","og_locale":"ro_RO","og_type":"article","og_title":"Un avion F 16 s-a dezmembrat, \u00een zbor, la Gala\u021bi - MHF Photography","og_description":"Un avion F 16 Fighting Falcon al For\u0163elor Aeriene Rom\u00e2ne a pierdut \u00een plin zbor un rezervor extern de combustibil","og_url":"https:\/\/mhf.ro\/mm\/un-avion-f-16-s-a-dezmembrat-in-zbor-la-galati\/","og_site_name":"MHF Photography","article_published_time":"2021-07-14T15:27:55+00:00","og_image":[{"width":646,"height":404,"url":"https:\/\/mhf.ro\/mm\/wp-content\/uploads\/2021\/07\/avion.jpg","type":"image\/jpeg"}],"author":"Marius Marcu","twitter_card":"summary_large_image","twitter_misc":{"Scris de":"Marius Marcu","Timp estimat pentru citire":"1 minut"},"schema":{"@context":"https:\/\/schema.org","@graph":[{"@type":"Article","@id":"https:\/\/mhf.ro\/mm\/un-avion-f-16-s-a-dezmembrat-in-zbor-la-galati\/#article","isPartOf":{"@id":"https:\/\/mhf.ro\/mm\/un-avion-f-16-s-a-dezmembrat-in-zbor-la-galati\/"},"author":{"name":"Marius Marcu","@id":"https:\/\/mhf.ro\/mm\/#\/schema\/person\/a3bebf7bdb4bf12f698aff73c7e46c21"},"headline":"Un avion F 16 s-a dezmembrat, \u00een zbor, la Gala\u021bi","datePublished":"2021-07-14T15:27:55+00:00","mainEntityOfPage":{"@id":"https:\/\/mhf.ro\/mm\/un-avion-f-16-s-a-dezmembrat-in-zbor-la-galati\/"},"wordCount":246,"commentCount":0,"publisher":{"@id":"https:\/\/mhf.ro\/mm\/#\/schema\/person\/a3bebf7bdb4bf12f698aff73c7e46c21"},"image":{"@id":"https:\/\/mhf.ro\/mm\/un-avion-f-16-s-a-dezmembrat-in-zbor-la-galati\/#primaryimage"},"thumbnailUrl":"https:\/\/mhf.ro\/mm\/wp-content\/uploads\/2021\/07\/avion.jpg","articleSection":["Locale"],"inLanguage":"ro-RO","potentialAction":[{"@type":"CommentAction","name":"Comment","target":["https:\/\/mhf.ro\/mm\/un-avion-f-16-s-a-dezmembrat-in-zbor-la-galati\/#respond"]}]},{"@type":"WebPage","@id":"https:\/\/mhf.ro\/mm\/un-avion-f-16-s-a-dezmembrat-in-zbor-la-galati\/","url":"https:\/\/mhf.ro\/mm\/un-avion-f-16-s-a-dezmembrat-in-zbor-la-galati\/","name":"Un avion F 16 s-a dezmembrat, \u00een zbor, la Gala\u021bi - MHF Photography","isPartOf":{"@id":"https:\/\/mhf.ro\/mm\/#website"},"primaryImageOfPage":{"@id":"https:\/\/mhf.ro\/mm\/un-avion-f-16-s-a-dezmembrat-in-zbor-la-galati\/#primaryimage"},"image":{"@id":"https:\/\/mhf.ro\/mm\/un-avion-f-16-s-a-dezmembrat-in-zbor-la-galati\/#primaryimage"},"thumbnailUrl":"https:\/\/mhf.ro\/mm\/wp-content\/uploads\/2021\/07\/avion.jpg","datePublished":"2021-07-14T15:27:55+00:00","breadcrumb":{"@id":"https:\/\/mhf.ro\/mm\/un-avion-f-16-s-a-dezmembrat-in-zbor-la-galati\/#breadcrumb"},"inLanguage":"ro-RO","potentialAction":[{"@type":"ReadAction","target":["https:\/\/mhf.ro\/mm\/un-avion-f-16-s-a-dezmembrat-in-zbor-la-galati\/"]}]},{"@type":"ImageObject","inLanguage":"ro-RO","@id":"https:\/\/mhf.ro\/mm\/un-avion-f-16-s-a-dezmembrat-in-zbor-la-galati\/#primaryimage","url":"https:\/\/mhf.ro\/mm\/wp-content\/uploads\/2021\/07\/avion.jpg","contentUrl":"https:\/\/mhf.ro\/mm\/wp-content\/uploads\/2021\/07\/avion.jpg","width":646,"height":404},{"@type":"BreadcrumbList","@id":"https:\/\/mhf.ro\/mm\/un-avion-f-16-s-a-dezmembrat-in-zbor-la-galati\/#breadcrumb","itemListElement":[{"@type":"ListItem","position":1,"name":"Prima pagin\u0103","item":"https:\/\/mhf.ro\/mm\/"},{"@type":"ListItem","position":2,"name":"Un avion F 16 s-a dezmembrat, \u00een zbor, la Gala\u021bi"}]},{"@type":"WebSite","@id":"https:\/\/mhf.ro\/mm\/#website","url":"https:\/\/mhf.ro\/mm\/","name":"MHF Photography \u2013 Blog de fotografie, natur\u0103 \u0219i tehnic\u0103 divers\u0103","description":"Aventur\u0103 \u00een fiecare cadru.","publisher":{"@id":"https:\/\/mhf.ro\/mm\/#\/schema\/person\/a3bebf7bdb4bf12f698aff73c7e46c21"},"potentialAction":[{"@type":"SearchAction","target":{"@type":"EntryPoint","urlTemplate":"https:\/\/mhf.ro\/mm\/?s={search_term_string}"},"query-input":{"@type":"PropertyValueSpecification","valueRequired":true,"valueName":"search_term_string"}}],"inLanguage":"ro-RO"},{"@type":["Person","Organization"],"@id":"https:\/\/mhf.ro\/mm\/#\/schema\/person\/a3bebf7bdb4bf12f698aff73c7e46c21","name":"Marius Marcu","image":{"@type":"ImageObject","inLanguage":"ro-RO","@id":"https:\/\/mhf.ro\/mm\/#\/schema\/person\/image\/","url":"https:\/\/mhf.ro\/mm\/wp-content\/uploads\/2025\/12\/cropped-logo_mhf_2.png","contentUrl":"https:\/\/mhf.ro\/mm\/wp-content\/uploads\/2025\/12\/cropped-logo_mhf_2.png","width":1096,"height":457,"caption":"Marius Marcu"},"logo":{"@id":"https:\/\/mhf.ro\/mm\/#\/schema\/person\/image\/"},"sameAs":["https:\/\/mhf.ro\/mm"],"url":"https:\/\/mhf.ro\/mm\/author\/mihai\/"}]}},"_links":{"self":[{"href":"https:\/\/mhf.ro\/mm\/wp-json\/wp\/v2\/posts\/4967","targetHints":{"allow":["GET"]}}],"collection":[{"href":"https:\/\/mhf.ro\/mm\/wp-json\/wp\/v2\/posts"}],"about":[{"href":"https:\/\/mhf.ro\/mm\/wp-json\/wp\/v2\/types\/post"}],"author":[{"embeddable":true,"href":"https:\/\/mhf.ro\/mm\/wp-json\/wp\/v2\/users\/1"}],"replies":[{"embeddable":true,"href":"https:\/\/mhf.ro\/mm\/wp-json\/wp\/v2\/comments?post=4967"}],"version-history":[{"count":1,"href":"https:\/\/mhf.ro\/mm\/wp-json\/wp\/v2\/posts\/4967\/revisions"}],"predecessor-version":[{"id":4969,"href":"https:\/\/mhf.ro\/mm\/wp-json\/wp\/v2\/posts\/4967\/revisions\/4969"}],"wp:featuredmedia":[{"embeddable":true,"href":"https:\/\/mhf.ro\/mm\/wp-json\/wp\/v2\/media\/4968"}],"wp:attachment":[{"href":"https:\/\/mhf.ro\/mm\/wp-json\/wp\/v2\/media?parent=4967"}],"wp:term":[{"taxonomy":"category","embeddable":true,"href":"https:\/\/mhf.ro\/mm\/wp-json\/wp\/v2\/categories?post=4967"},{"taxonomy":"post_tag","embeddable":true,"href":"https:\/\/mhf.ro\/mm\/wp-json\/wp\/v2\/tags?post=4967"}],"curies":[{"name":"wp","href":"https:\/\/api.w.org\/{rel}","templated":true}]}}