{"id":5006,"date":"2021-07-15T20:49:51","date_gmt":"2021-07-15T18:49:51","guid":{"rendered":"https:\/\/mhf.ro\/mm\/?p=5006"},"modified":"2021-07-15T20:50:12","modified_gmt":"2021-07-15T18:50:12","slug":"dragnea-a-iesit-din-inchisoare-sunt-detinut-politic","status":"publish","type":"post","link":"https:\/\/mhf.ro\/mm\/dragnea-a-iesit-din-inchisoare-sunt-detinut-politic\/","title":{"rendered":"Dragnea a ie\u0219it din \u00eenchisoare: Sunt de\u021binut politic"},"content":{"rendered":"<p>Liviu Dragnea va fi eliberat condi\u021bionat. Decizia Tribunalului Giurgiu este definitiv\u0103.<\/p>\n<p>\u201eA fost o perioad\u0103 de doi ani \u0219i dou\u0103 luni de chin \u0219i suferin\u021b\u0103. Asta a fost \u0219i aici, abuzuri \u0219i umilin\u021b\u0103, \u0219i cea mai mare parte a popula\u021biei a \u00een\u021beles ast\u0103zi de ce a trebuit s\u0103 ajung aici. Eu c\u00e2nd am plecat, Rom\u00e2nia era o \u021bar\u0103 prosper\u0103, cu venituri mari pe care le aveau rom\u00e2nii, o \u021bar\u0103 \u00een care exista speran\u021b\u0103, \u00een care exista viitor. Din p\u0103cate, ast\u0103zi este o dictatur\u0103, dictatur\u0103 feroce, este afectat\u0103 serios libertatea de exprimare, este amanetat viitorul Rom\u00e2niei cu asemenea datorii\u201d, a afirmat Liviu Dragnea.<\/p>\n<p>\u201eEu m\u0103 consider de\u021binut politic pentru c\u0103 am intrat nevinovat, mi s-a cerut insistent \u00een ultimele luni la instan\u021b\u0103, c\u00e2nd se va judeca eliberarea, s\u0103 \u00eemi recunosc vinov\u0103\u021bia, ceea ce n-am acceptat, pentru c\u0103 se dorea s\u0103 se valideze acest dosar politic. Din p\u0103cate, nu exist\u0103 opozi\u021bie (politic\u0103, n.r.). PSD a devenit un partid de operet\u0103, condus de oameni la\u0219i\u201d, a ad\u0103ugat fostul \u0219ef PSD.<\/p>\n<p>Liderul PSD Liviu Dragnea a fost condamnat, \u00een mai 2019, la \u00eenchisoare de 3 ani \u015fi 6 luni cu executare, \u00een dosarul angaj\u0103rilor fictive de la Direc\u021bia de Protec\u021bie a Copilului Teleorman.<\/p>\n<p>\u00cen \u0219edin\u021ba de joi, Dragnea a declarat \u00een fa\u021ba instan\u021bei c\u0103 a avut un comportament bun \u0219i a cerut s\u0103-i fie admis\u0103 cererea.<\/p>\n<p>\u201eCu decen\u021b\u0103 \u0219i demnitate am dus pedeapsa. Am ie\u0219it la munc\u0103 \u00een fiecare zi care mi s-a permis. Am participat la toate cursurile la care mi s-a permis, n-am lipsit nicio zi. Am primit recompense \u00een fiecare lun\u0103 \u00een care am fost la munc\u0103, inclusiv \u00een ultima lun\u0103, luna iunie\u201d, le-a spus Dragnea judec\u0103torului.(conf Jurnalist.ro)<\/p>\n","protected":false},"excerpt":{"rendered":"<p>Liviu Dragnea va fi eliberat condi\u021bionat. Decizia Tribunalului Giurgiu este definitiv\u0103. \u201eA fost o perioad\u0103 de doi ani \u0219i dou\u0103<\/p>\n","protected":false},"author":1,"featured_media":5007,"comment_status":"open","ping_status":"open","sticky":false,"template":"","format":"standard","meta":{"colormag_page_container_layout":"default_layout","colormag_page_sidebar_layout":"default_layout","footnotes":""},"categories":[8],"tags":[],"class_list":["post-5006","post","type-post","status-publish","format-standard","has-post-thumbnail","hentry","category-div"],"yoast_head":"<!-- This site is optimized with the Yoast SEO plugin v27.0 - https:\/\/yoast.com\/product\/yoast-seo-wordpress\/ -->\n<title>Dragnea a ie\u0219it din \u00eenchisoare: Sunt de\u021binut politic - MHF Photography<\/title>\n<meta name=\"robots\" content=\"index, follow, max-snippet:-1, max-image-preview:large, max-video-preview:-1\" \/>\n<link rel=\"canonical\" href=\"https:\/\/mhf.ro\/mm\/dragnea-a-iesit-din-inchisoare-sunt-detinut-politic\/\" \/>\n<meta property=\"og:locale\" content=\"ro_RO\" \/>\n<meta property=\"og:type\" content=\"article\" \/>\n<meta property=\"og:title\" content=\"Dragnea a ie\u0219it din \u00eenchisoare: Sunt de\u021binut politic - MHF Photography\" \/>\n<meta property=\"og:description\" content=\"Liviu Dragnea va fi eliberat condi\u021bionat. Decizia Tribunalului Giurgiu este definitiv\u0103. \u201eA fost o perioad\u0103 de doi ani \u0219i dou\u0103\" \/>\n<meta property=\"og:url\" content=\"https:\/\/mhf.ro\/mm\/dragnea-a-iesit-din-inchisoare-sunt-detinut-politic\/\" \/>\n<meta property=\"og:site_name\" content=\"MHF Photography\" \/>\n<meta property=\"article:published_time\" content=\"2021-07-15T18:49:51+00:00\" \/>\n<meta property=\"article:modified_time\" content=\"2021-07-15T18:50:12+00:00\" \/>\n<meta property=\"og:image\" content=\"https:\/\/mhf.ro\/mm\/wp-content\/uploads\/2021\/07\/dragnea-3.jpg\" \/>\n\t<meta property=\"og:image:width\" content=\"1000\" \/>\n\t<meta property=\"og:image:height\" content=\"474\" \/>\n\t<meta property=\"og:image:type\" content=\"image\/jpeg\" \/>\n<meta name=\"author\" content=\"Marius Marcu\" \/>\n<meta name=\"twitter:card\" content=\"summary_large_image\" \/>\n<meta name=\"twitter:label1\" content=\"Scris de\" \/>\n\t<meta name=\"twitter:data1\" content=\"Marius Marcu\" \/>\n\t<meta name=\"twitter:label2\" content=\"Timp estimat pentru citire\" \/>\n\t<meta name=\"twitter:data2\" content=\"2 minute\" \/>\n<script type=\"application\/ld+json\" class=\"yoast-schema-graph\">{\"@context\":\"https:\/\/schema.org\",\"@graph\":[{\"@type\":\"Article\",\"@id\":\"https:\/\/mhf.ro\/mm\/dragnea-a-iesit-din-inchisoare-sunt-detinut-politic\/#article\",\"isPartOf\":{\"@id\":\"https:\/\/mhf.ro\/mm\/dragnea-a-iesit-din-inchisoare-sunt-detinut-politic\/\"},\"author\":{\"name\":\"Marius Marcu\",\"@id\":\"https:\/\/mhf.ro\/mm\/#\/schema\/person\/a3bebf7bdb4bf12f698aff73c7e46c21\"},\"headline\":\"Dragnea a ie\u0219it din \u00eenchisoare: Sunt de\u021binut politic\",\"datePublished\":\"2021-07-15T18:49:51+00:00\",\"dateModified\":\"2021-07-15T18:50:12+00:00\",\"mainEntityOfPage\":{\"@id\":\"https:\/\/mhf.ro\/mm\/dragnea-a-iesit-din-inchisoare-sunt-detinut-politic\/\"},\"wordCount\":313,\"commentCount\":0,\"publisher\":{\"@id\":\"https:\/\/mhf.ro\/mm\/#\/schema\/person\/a3bebf7bdb4bf12f698aff73c7e46c21\"},\"image\":{\"@id\":\"https:\/\/mhf.ro\/mm\/dragnea-a-iesit-din-inchisoare-sunt-detinut-politic\/#primaryimage\"},\"thumbnailUrl\":\"https:\/\/mhf.ro\/mm\/wp-content\/uploads\/2021\/07\/dragnea-3.jpg\",\"articleSection\":[\"Diverse\"],\"inLanguage\":\"ro-RO\",\"potentialAction\":[{\"@type\":\"CommentAction\",\"name\":\"Comment\",\"target\":[\"https:\/\/mhf.ro\/mm\/dragnea-a-iesit-din-inchisoare-sunt-detinut-politic\/#respond\"]}]},{\"@type\":\"WebPage\",\"@id\":\"https:\/\/mhf.ro\/mm\/dragnea-a-iesit-din-inchisoare-sunt-detinut-politic\/\",\"url\":\"https:\/\/mhf.ro\/mm\/dragnea-a-iesit-din-inchisoare-sunt-detinut-politic\/\",\"name\":\"Dragnea a ie\u0219it din \u00eenchisoare: Sunt de\u021binut politic - MHF Photography\",\"isPartOf\":{\"@id\":\"https:\/\/mhf.ro\/mm\/#website\"},\"primaryImageOfPage\":{\"@id\":\"https:\/\/mhf.ro\/mm\/dragnea-a-iesit-din-inchisoare-sunt-detinut-politic\/#primaryimage\"},\"image\":{\"@id\":\"https:\/\/mhf.ro\/mm\/dragnea-a-iesit-din-inchisoare-sunt-detinut-politic\/#primaryimage\"},\"thumbnailUrl\":\"https:\/\/mhf.ro\/mm\/wp-content\/uploads\/2021\/07\/dragnea-3.jpg\",\"datePublished\":\"2021-07-15T18:49:51+00:00\",\"dateModified\":\"2021-07-15T18:50:12+00:00\",\"breadcrumb\":{\"@id\":\"https:\/\/mhf.ro\/mm\/dragnea-a-iesit-din-inchisoare-sunt-detinut-politic\/#breadcrumb\"},\"inLanguage\":\"ro-RO\",\"potentialAction\":[{\"@type\":\"ReadAction\",\"target\":[\"https:\/\/mhf.ro\/mm\/dragnea-a-iesit-din-inchisoare-sunt-detinut-politic\/\"]}]},{\"@type\":\"ImageObject\",\"inLanguage\":\"ro-RO\",\"@id\":\"https:\/\/mhf.ro\/mm\/dragnea-a-iesit-din-inchisoare-sunt-detinut-politic\/#primaryimage\",\"url\":\"https:\/\/mhf.ro\/mm\/wp-content\/uploads\/2021\/07\/dragnea-3.jpg\",\"contentUrl\":\"https:\/\/mhf.ro\/mm\/wp-content\/uploads\/2021\/07\/dragnea-3.jpg\",\"width\":1000,\"height\":474},{\"@type\":\"BreadcrumbList\",\"@id\":\"https:\/\/mhf.ro\/mm\/dragnea-a-iesit-din-inchisoare-sunt-detinut-politic\/#breadcrumb\",\"itemListElement\":[{\"@type\":\"ListItem\",\"position\":1,\"name\":\"Prima pagin\u0103\",\"item\":\"https:\/\/mhf.ro\/mm\/\"},{\"@type\":\"ListItem\",\"position\":2,\"name\":\"Dragnea a ie\u0219it din \u00eenchisoare: Sunt de\u021binut politic\"}]},{\"@type\":\"WebSite\",\"@id\":\"https:\/\/mhf.ro\/mm\/#website\",\"url\":\"https:\/\/mhf.ro\/mm\/\",\"name\":\"MHF Photography \u2013 Blog de fotografie, natur\u0103 \u0219i tehnic\u0103 divers\u0103\",\"description\":\"Aventur\u0103 \u00een fiecare cadru.\",\"publisher\":{\"@id\":\"https:\/\/mhf.ro\/mm\/#\/schema\/person\/a3bebf7bdb4bf12f698aff73c7e46c21\"},\"potentialAction\":[{\"@type\":\"SearchAction\",\"target\":{\"@type\":\"EntryPoint\",\"urlTemplate\":\"https:\/\/mhf.ro\/mm\/?s={search_term_string}\"},\"query-input\":{\"@type\":\"PropertyValueSpecification\",\"valueRequired\":true,\"valueName\":\"search_term_string\"}}],\"inLanguage\":\"ro-RO\"},{\"@type\":[\"Person\",\"Organization\"],\"@id\":\"https:\/\/mhf.ro\/mm\/#\/schema\/person\/a3bebf7bdb4bf12f698aff73c7e46c21\",\"name\":\"Marius Marcu\",\"image\":{\"@type\":\"ImageObject\",\"inLanguage\":\"ro-RO\",\"@id\":\"https:\/\/mhf.ro\/mm\/#\/schema\/person\/image\/\",\"url\":\"https:\/\/mhf.ro\/mm\/wp-content\/uploads\/2025\/12\/cropped-logo_mhf_2.png\",\"contentUrl\":\"https:\/\/mhf.ro\/mm\/wp-content\/uploads\/2025\/12\/cropped-logo_mhf_2.png\",\"width\":1096,\"height\":457,\"caption\":\"Marius Marcu\"},\"logo\":{\"@id\":\"https:\/\/mhf.ro\/mm\/#\/schema\/person\/image\/\"},\"sameAs\":[\"https:\/\/mhf.ro\/mm\"],\"url\":\"https:\/\/mhf.ro\/mm\/author\/mihai\/\"}]}<\/script>\n<!-- \/ Yoast SEO plugin. -->","yoast_head_json":{"title":"Dragnea a ie\u0219it din \u00eenchisoare: Sunt de\u021binut politic - MHF Photography","robots":{"index":"index","follow":"follow","max-snippet":"max-snippet:-1","max-image-preview":"max-image-preview:large","max-video-preview":"max-video-preview:-1"},"canonical":"https:\/\/mhf.ro\/mm\/dragnea-a-iesit-din-inchisoare-sunt-detinut-politic\/","og_locale":"ro_RO","og_type":"article","og_title":"Dragnea a ie\u0219it din \u00eenchisoare: Sunt de\u021binut politic - MHF Photography","og_description":"Liviu Dragnea va fi eliberat condi\u021bionat. Decizia Tribunalului Giurgiu este definitiv\u0103. \u201eA fost o perioad\u0103 de doi ani \u0219i dou\u0103","og_url":"https:\/\/mhf.ro\/mm\/dragnea-a-iesit-din-inchisoare-sunt-detinut-politic\/","og_site_name":"MHF Photography","article_published_time":"2021-07-15T18:49:51+00:00","article_modified_time":"2021-07-15T18:50:12+00:00","og_image":[{"width":1000,"height":474,"url":"https:\/\/mhf.ro\/mm\/wp-content\/uploads\/2021\/07\/dragnea-3.jpg","type":"image\/jpeg"}],"author":"Marius Marcu","twitter_card":"summary_large_image","twitter_misc":{"Scris de":"Marius Marcu","Timp estimat pentru citire":"2 minute"},"schema":{"@context":"https:\/\/schema.org","@graph":[{"@type":"Article","@id":"https:\/\/mhf.ro\/mm\/dragnea-a-iesit-din-inchisoare-sunt-detinut-politic\/#article","isPartOf":{"@id":"https:\/\/mhf.ro\/mm\/dragnea-a-iesit-din-inchisoare-sunt-detinut-politic\/"},"author":{"name":"Marius Marcu","@id":"https:\/\/mhf.ro\/mm\/#\/schema\/person\/a3bebf7bdb4bf12f698aff73c7e46c21"},"headline":"Dragnea a ie\u0219it din \u00eenchisoare: Sunt de\u021binut politic","datePublished":"2021-07-15T18:49:51+00:00","dateModified":"2021-07-15T18:50:12+00:00","mainEntityOfPage":{"@id":"https:\/\/mhf.ro\/mm\/dragnea-a-iesit-din-inchisoare-sunt-detinut-politic\/"},"wordCount":313,"commentCount":0,"publisher":{"@id":"https:\/\/mhf.ro\/mm\/#\/schema\/person\/a3bebf7bdb4bf12f698aff73c7e46c21"},"image":{"@id":"https:\/\/mhf.ro\/mm\/dragnea-a-iesit-din-inchisoare-sunt-detinut-politic\/#primaryimage"},"thumbnailUrl":"https:\/\/mhf.ro\/mm\/wp-content\/uploads\/2021\/07\/dragnea-3.jpg","articleSection":["Diverse"],"inLanguage":"ro-RO","potentialAction":[{"@type":"CommentAction","name":"Comment","target":["https:\/\/mhf.ro\/mm\/dragnea-a-iesit-din-inchisoare-sunt-detinut-politic\/#respond"]}]},{"@type":"WebPage","@id":"https:\/\/mhf.ro\/mm\/dragnea-a-iesit-din-inchisoare-sunt-detinut-politic\/","url":"https:\/\/mhf.ro\/mm\/dragnea-a-iesit-din-inchisoare-sunt-detinut-politic\/","name":"Dragnea a ie\u0219it din \u00eenchisoare: Sunt de\u021binut politic - MHF Photography","isPartOf":{"@id":"https:\/\/mhf.ro\/mm\/#website"},"primaryImageOfPage":{"@id":"https:\/\/mhf.ro\/mm\/dragnea-a-iesit-din-inchisoare-sunt-detinut-politic\/#primaryimage"},"image":{"@id":"https:\/\/mhf.ro\/mm\/dragnea-a-iesit-din-inchisoare-sunt-detinut-politic\/#primaryimage"},"thumbnailUrl":"https:\/\/mhf.ro\/mm\/wp-content\/uploads\/2021\/07\/dragnea-3.jpg","datePublished":"2021-07-15T18:49:51+00:00","dateModified":"2021-07-15T18:50:12+00:00","breadcrumb":{"@id":"https:\/\/mhf.ro\/mm\/dragnea-a-iesit-din-inchisoare-sunt-detinut-politic\/#breadcrumb"},"inLanguage":"ro-RO","potentialAction":[{"@type":"ReadAction","target":["https:\/\/mhf.ro\/mm\/dragnea-a-iesit-din-inchisoare-sunt-detinut-politic\/"]}]},{"@type":"ImageObject","inLanguage":"ro-RO","@id":"https:\/\/mhf.ro\/mm\/dragnea-a-iesit-din-inchisoare-sunt-detinut-politic\/#primaryimage","url":"https:\/\/mhf.ro\/mm\/wp-content\/uploads\/2021\/07\/dragnea-3.jpg","contentUrl":"https:\/\/mhf.ro\/mm\/wp-content\/uploads\/2021\/07\/dragnea-3.jpg","width":1000,"height":474},{"@type":"BreadcrumbList","@id":"https:\/\/mhf.ro\/mm\/dragnea-a-iesit-din-inchisoare-sunt-detinut-politic\/#breadcrumb","itemListElement":[{"@type":"ListItem","position":1,"name":"Prima pagin\u0103","item":"https:\/\/mhf.ro\/mm\/"},{"@type":"ListItem","position":2,"name":"Dragnea a ie\u0219it din \u00eenchisoare: Sunt de\u021binut politic"}]},{"@type":"WebSite","@id":"https:\/\/mhf.ro\/mm\/#website","url":"https:\/\/mhf.ro\/mm\/","name":"MHF Photography \u2013 Blog de fotografie, natur\u0103 \u0219i tehnic\u0103 divers\u0103","description":"Aventur\u0103 \u00een fiecare cadru.","publisher":{"@id":"https:\/\/mhf.ro\/mm\/#\/schema\/person\/a3bebf7bdb4bf12f698aff73c7e46c21"},"potentialAction":[{"@type":"SearchAction","target":{"@type":"EntryPoint","urlTemplate":"https:\/\/mhf.ro\/mm\/?s={search_term_string}"},"query-input":{"@type":"PropertyValueSpecification","valueRequired":true,"valueName":"search_term_string"}}],"inLanguage":"ro-RO"},{"@type":["Person","Organization"],"@id":"https:\/\/mhf.ro\/mm\/#\/schema\/person\/a3bebf7bdb4bf12f698aff73c7e46c21","name":"Marius Marcu","image":{"@type":"ImageObject","inLanguage":"ro-RO","@id":"https:\/\/mhf.ro\/mm\/#\/schema\/person\/image\/","url":"https:\/\/mhf.ro\/mm\/wp-content\/uploads\/2025\/12\/cropped-logo_mhf_2.png","contentUrl":"https:\/\/mhf.ro\/mm\/wp-content\/uploads\/2025\/12\/cropped-logo_mhf_2.png","width":1096,"height":457,"caption":"Marius Marcu"},"logo":{"@id":"https:\/\/mhf.ro\/mm\/#\/schema\/person\/image\/"},"sameAs":["https:\/\/mhf.ro\/mm"],"url":"https:\/\/mhf.ro\/mm\/author\/mihai\/"}]}},"_links":{"self":[{"href":"https:\/\/mhf.ro\/mm\/wp-json\/wp\/v2\/posts\/5006","targetHints":{"allow":["GET"]}}],"collection":[{"href":"https:\/\/mhf.ro\/mm\/wp-json\/wp\/v2\/posts"}],"about":[{"href":"https:\/\/mhf.ro\/mm\/wp-json\/wp\/v2\/types\/post"}],"author":[{"embeddable":true,"href":"https:\/\/mhf.ro\/mm\/wp-json\/wp\/v2\/users\/1"}],"replies":[{"embeddable":true,"href":"https:\/\/mhf.ro\/mm\/wp-json\/wp\/v2\/comments?post=5006"}],"version-history":[{"count":1,"href":"https:\/\/mhf.ro\/mm\/wp-json\/wp\/v2\/posts\/5006\/revisions"}],"predecessor-version":[{"id":5008,"href":"https:\/\/mhf.ro\/mm\/wp-json\/wp\/v2\/posts\/5006\/revisions\/5008"}],"wp:featuredmedia":[{"embeddable":true,"href":"https:\/\/mhf.ro\/mm\/wp-json\/wp\/v2\/media\/5007"}],"wp:attachment":[{"href":"https:\/\/mhf.ro\/mm\/wp-json\/wp\/v2\/media?parent=5006"}],"wp:term":[{"taxonomy":"category","embeddable":true,"href":"https:\/\/mhf.ro\/mm\/wp-json\/wp\/v2\/categories?post=5006"},{"taxonomy":"post_tag","embeddable":true,"href":"https:\/\/mhf.ro\/mm\/wp-json\/wp\/v2\/tags?post=5006"}],"curies":[{"name":"wp","href":"https:\/\/api.w.org\/{rel}","templated":true}]}}