{"id":5016,"date":"2021-07-18T15:26:17","date_gmt":"2021-07-18T13:26:17","guid":{"rendered":"https:\/\/mhf.ro\/mm\/?p=5016"},"modified":"2021-07-18T15:27:39","modified_gmt":"2021-07-18T13:27:39","slug":"sfantul-prooroc-ilie","status":"publish","type":"post","link":"https:\/\/mhf.ro\/mm\/sfantul-prooroc-ilie\/","title":{"rendered":"Sf\u00e2ntul Prooroc Ilie"},"content":{"rendered":"<p>Din multitudinea de personaje emblematice ale Vechiului Testament, cre\u0219tinismul a preluat cu mult\u0103 pre\u021buire pe proorocul Ilie. Calitatea de prooroc este dat\u0103 de faptul c\u0103 el transmitea voia lui Dumnezeu.<\/p>\n<p>De\u0219i a tr\u0103it cu peste 800 de ani \u00eenainte de Hristos, multe aspecte din via\u021ba Sf\u00e2ntului Ilie sunt valabile chiar \u0219i \u00een vremea nostr\u0103. Din cele consemnate \u00een C\u0103r\u021bile III \u0219i IV Regi, re\u021binem c\u00e2teva secven\u021be.<\/p>\n<p>Ilie constatase cu mare dezam\u0103gire u\u0219urin\u021ba cu care poporul israel renun\u021base la cinstirea lui Iahve \u0219i acceptase zeit\u0103\u021bile filistenilor. Ca urmare a idolatriei, a oprit Domnul ploaia. 3 ani jumate nu a ploat iar zeii \u00eenchipui\u021bi de oameni nu aveau cum s\u0103 aduc\u0103 ploaia. Ilie, ad\u0103postit \u00eentr-o pe\u0219ter\u0103, a fost hr\u0103nit de corbi. Dup\u0103 acea secet\u0103 prelungit\u0103 a avut loc jertfa de pe Muntele Carmel care a ar\u0103tat cine este Dumnezeul cel adev\u0103rat. La scurt\u0103 vreme, \u00eencheindu-\u0219i misiunea, Sf\u00e2ntul Ilie a fost r\u0103pit la cer \u00een prezen\u021ba ucenicului s\u0103u, Elisei, nu \u00eenainte de a-i l\u0103sa acestuia cojocul s\u0103u \u0219i darul profetic. Regele hr\u0103p\u0103re\u021b \u0219i idolatru, \u0219i regina sa Izabela, au murit \u00een felul \u0219i \u00een locul prevestit de pl\u0103cutul lui Dumnezeu Ilie.<\/p>\n<p>Sf\u00e2ntul Ilie este s\u0103rb\u0103torit \u00een 20 iulie. El este rug\u0103tor petru cei ce-l cinstesc \u0219i este considerat \u0219i ocrotitorul avia\u021biei rom\u00e2ne.<\/p>\n","protected":false},"excerpt":{"rendered":"<p>Din multitudinea de personaje emblematice ale Vechiului Testament, cre\u0219tinismul a preluat cu mult\u0103 pre\u021buire pe proorocul Ilie. Calitatea de prooroc<\/p>\n","protected":false},"author":4,"featured_media":5017,"comment_status":"open","ping_status":"open","sticky":false,"template":"","format":"standard","meta":{"colormag_page_container_layout":"default_layout","colormag_page_sidebar_layout":"default_layout","footnotes":""},"categories":[5,34],"tags":[],"class_list":["post-5016","post","type-post","status-publish","format-standard","has-post-thumbnail","hentry","category-locale","category-religie"],"yoast_head":"<!-- This site is optimized with the Yoast SEO plugin v27.0 - https:\/\/yoast.com\/product\/yoast-seo-wordpress\/ -->\n<title>Sf\u00e2ntul Prooroc Ilie - MHF Photography<\/title>\n<meta name=\"robots\" content=\"index, follow, max-snippet:-1, max-image-preview:large, max-video-preview:-1\" \/>\n<link rel=\"canonical\" href=\"https:\/\/mhf.ro\/mm\/sfantul-prooroc-ilie\/\" \/>\n<meta property=\"og:locale\" content=\"ro_RO\" \/>\n<meta property=\"og:type\" content=\"article\" \/>\n<meta property=\"og:title\" content=\"Sf\u00e2ntul Prooroc Ilie - MHF Photography\" \/>\n<meta property=\"og:description\" content=\"Din multitudinea de personaje emblematice ale Vechiului Testament, cre\u0219tinismul a preluat cu mult\u0103 pre\u021buire pe proorocul Ilie. Calitatea de prooroc\" \/>\n<meta property=\"og:url\" content=\"https:\/\/mhf.ro\/mm\/sfantul-prooroc-ilie\/\" \/>\n<meta property=\"og:site_name\" content=\"MHF Photography\" \/>\n<meta property=\"article:published_time\" content=\"2021-07-18T13:26:17+00:00\" \/>\n<meta property=\"article:modified_time\" content=\"2021-07-18T13:27:39+00:00\" \/>\n<meta property=\"og:image\" content=\"https:\/\/mhf.ro\/mm\/wp-content\/uploads\/2021\/07\/sfantul-ilie-tesviteanul.jpg\" \/>\n\t<meta property=\"og:image:width\" content=\"581\" \/>\n\t<meta property=\"og:image:height\" content=\"855\" \/>\n\t<meta property=\"og:image:type\" content=\"image\/jpeg\" \/>\n<meta name=\"author\" content=\"Preot paroh Horvat Petru\" \/>\n<meta name=\"twitter:card\" content=\"summary_large_image\" \/>\n<meta name=\"twitter:label1\" content=\"Scris de\" \/>\n\t<meta name=\"twitter:data1\" content=\"Preot paroh Horvat Petru\" \/>\n\t<meta name=\"twitter:label2\" content=\"Timp estimat pentru citire\" \/>\n\t<meta name=\"twitter:data2\" content=\"1 minut\" \/>\n<script type=\"application\/ld+json\" class=\"yoast-schema-graph\">{\"@context\":\"https:\/\/schema.org\",\"@graph\":[{\"@type\":\"Article\",\"@id\":\"https:\/\/mhf.ro\/mm\/sfantul-prooroc-ilie\/#article\",\"isPartOf\":{\"@id\":\"https:\/\/mhf.ro\/mm\/sfantul-prooroc-ilie\/\"},\"author\":{\"name\":\"Preot paroh Horvat Petru\",\"@id\":\"https:\/\/mhf.ro\/mm\/#\/schema\/person\/4c8c06c801b7b666e81ed44550086900\"},\"headline\":\"Sf\u00e2ntul Prooroc Ilie\",\"datePublished\":\"2021-07-18T13:26:17+00:00\",\"dateModified\":\"2021-07-18T13:27:39+00:00\",\"mainEntityOfPage\":{\"@id\":\"https:\/\/mhf.ro\/mm\/sfantul-prooroc-ilie\/\"},\"wordCount\":248,\"commentCount\":0,\"publisher\":{\"@id\":\"https:\/\/mhf.ro\/mm\/#\/schema\/person\/a3bebf7bdb4bf12f698aff73c7e46c21\"},\"image\":{\"@id\":\"https:\/\/mhf.ro\/mm\/sfantul-prooroc-ilie\/#primaryimage\"},\"thumbnailUrl\":\"https:\/\/mhf.ro\/mm\/wp-content\/uploads\/2021\/07\/sfantul-ilie-tesviteanul.jpg\",\"articleSection\":[\"Locale\",\"Religie\"],\"inLanguage\":\"ro-RO\",\"potentialAction\":[{\"@type\":\"CommentAction\",\"name\":\"Comment\",\"target\":[\"https:\/\/mhf.ro\/mm\/sfantul-prooroc-ilie\/#respond\"]}]},{\"@type\":\"WebPage\",\"@id\":\"https:\/\/mhf.ro\/mm\/sfantul-prooroc-ilie\/\",\"url\":\"https:\/\/mhf.ro\/mm\/sfantul-prooroc-ilie\/\",\"name\":\"Sf\u00e2ntul Prooroc Ilie - MHF Photography\",\"isPartOf\":{\"@id\":\"https:\/\/mhf.ro\/mm\/#website\"},\"primaryImageOfPage\":{\"@id\":\"https:\/\/mhf.ro\/mm\/sfantul-prooroc-ilie\/#primaryimage\"},\"image\":{\"@id\":\"https:\/\/mhf.ro\/mm\/sfantul-prooroc-ilie\/#primaryimage\"},\"thumbnailUrl\":\"https:\/\/mhf.ro\/mm\/wp-content\/uploads\/2021\/07\/sfantul-ilie-tesviteanul.jpg\",\"datePublished\":\"2021-07-18T13:26:17+00:00\",\"dateModified\":\"2021-07-18T13:27:39+00:00\",\"breadcrumb\":{\"@id\":\"https:\/\/mhf.ro\/mm\/sfantul-prooroc-ilie\/#breadcrumb\"},\"inLanguage\":\"ro-RO\",\"potentialAction\":[{\"@type\":\"ReadAction\",\"target\":[\"https:\/\/mhf.ro\/mm\/sfantul-prooroc-ilie\/\"]}]},{\"@type\":\"ImageObject\",\"inLanguage\":\"ro-RO\",\"@id\":\"https:\/\/mhf.ro\/mm\/sfantul-prooroc-ilie\/#primaryimage\",\"url\":\"https:\/\/mhf.ro\/mm\/wp-content\/uploads\/2021\/07\/sfantul-ilie-tesviteanul.jpg\",\"contentUrl\":\"https:\/\/mhf.ro\/mm\/wp-content\/uploads\/2021\/07\/sfantul-ilie-tesviteanul.jpg\",\"width\":581,\"height\":855},{\"@type\":\"BreadcrumbList\",\"@id\":\"https:\/\/mhf.ro\/mm\/sfantul-prooroc-ilie\/#breadcrumb\",\"itemListElement\":[{\"@type\":\"ListItem\",\"position\":1,\"name\":\"Prima pagin\u0103\",\"item\":\"https:\/\/mhf.ro\/mm\/\"},{\"@type\":\"ListItem\",\"position\":2,\"name\":\"Sf\u00e2ntul Prooroc Ilie\"}]},{\"@type\":\"WebSite\",\"@id\":\"https:\/\/mhf.ro\/mm\/#website\",\"url\":\"https:\/\/mhf.ro\/mm\/\",\"name\":\"MHF Photography \u2013 Blog de fotografie, natur\u0103 \u0219i tehnic\u0103 divers\u0103\",\"description\":\"Aventur\u0103 \u00een fiecare cadru.\",\"publisher\":{\"@id\":\"https:\/\/mhf.ro\/mm\/#\/schema\/person\/a3bebf7bdb4bf12f698aff73c7e46c21\"},\"potentialAction\":[{\"@type\":\"SearchAction\",\"target\":{\"@type\":\"EntryPoint\",\"urlTemplate\":\"https:\/\/mhf.ro\/mm\/?s={search_term_string}\"},\"query-input\":{\"@type\":\"PropertyValueSpecification\",\"valueRequired\":true,\"valueName\":\"search_term_string\"}}],\"inLanguage\":\"ro-RO\"},{\"@type\":[\"Person\",\"Organization\"],\"@id\":\"https:\/\/mhf.ro\/mm\/#\/schema\/person\/a3bebf7bdb4bf12f698aff73c7e46c21\",\"name\":\"Marius Marcu\",\"image\":{\"@type\":\"ImageObject\",\"inLanguage\":\"ro-RO\",\"@id\":\"https:\/\/mhf.ro\/mm\/#\/schema\/person\/image\/\",\"url\":\"https:\/\/mhf.ro\/mm\/wp-content\/uploads\/2025\/12\/cropped-logo_mhf_2.png\",\"contentUrl\":\"https:\/\/mhf.ro\/mm\/wp-content\/uploads\/2025\/12\/cropped-logo_mhf_2.png\",\"width\":1096,\"height\":457,\"caption\":\"Marius Marcu\"},\"logo\":{\"@id\":\"https:\/\/mhf.ro\/mm\/#\/schema\/person\/image\/\"},\"sameAs\":[\"https:\/\/mhf.ro\/mm\"]},{\"@type\":\"Person\",\"@id\":\"https:\/\/mhf.ro\/mm\/#\/schema\/person\/4c8c06c801b7b666e81ed44550086900\",\"name\":\"Preot paroh Horvat Petru\",\"image\":{\"@type\":\"ImageObject\",\"inLanguage\":\"ro-RO\",\"@id\":\"https:\/\/mhf.ro\/mm\/#\/schema\/person\/image\/\",\"url\":\"https:\/\/secure.gravatar.com\/avatar\/c2d2dcdf21c6f41aad486d71768c144cd6e23cb7b63bae9bd6fab542b26ad321?s=96&d=monsterid&r=g\",\"contentUrl\":\"https:\/\/secure.gravatar.com\/avatar\/c2d2dcdf21c6f41aad486d71768c144cd6e23cb7b63bae9bd6fab542b26ad321?s=96&d=monsterid&r=g\",\"caption\":\"Preot paroh Horvat Petru\"},\"sameAs\":[\"https:\/\/mhf.ro\/mm\"],\"url\":\"https:\/\/mhf.ro\/mm\/author\/petrica\/\"}]}<\/script>\n<!-- \/ Yoast SEO plugin. -->","yoast_head_json":{"title":"Sf\u00e2ntul Prooroc Ilie - MHF Photography","robots":{"index":"index","follow":"follow","max-snippet":"max-snippet:-1","max-image-preview":"max-image-preview:large","max-video-preview":"max-video-preview:-1"},"canonical":"https:\/\/mhf.ro\/mm\/sfantul-prooroc-ilie\/","og_locale":"ro_RO","og_type":"article","og_title":"Sf\u00e2ntul Prooroc Ilie - MHF Photography","og_description":"Din multitudinea de personaje emblematice ale Vechiului Testament, cre\u0219tinismul a preluat cu mult\u0103 pre\u021buire pe proorocul Ilie. Calitatea de prooroc","og_url":"https:\/\/mhf.ro\/mm\/sfantul-prooroc-ilie\/","og_site_name":"MHF Photography","article_published_time":"2021-07-18T13:26:17+00:00","article_modified_time":"2021-07-18T13:27:39+00:00","og_image":[{"width":581,"height":855,"url":"https:\/\/mhf.ro\/mm\/wp-content\/uploads\/2021\/07\/sfantul-ilie-tesviteanul.jpg","type":"image\/jpeg"}],"author":"Preot paroh Horvat Petru","twitter_card":"summary_large_image","twitter_misc":{"Scris de":"Preot paroh Horvat Petru","Timp estimat pentru citire":"1 minut"},"schema":{"@context":"https:\/\/schema.org","@graph":[{"@type":"Article","@id":"https:\/\/mhf.ro\/mm\/sfantul-prooroc-ilie\/#article","isPartOf":{"@id":"https:\/\/mhf.ro\/mm\/sfantul-prooroc-ilie\/"},"author":{"name":"Preot paroh Horvat Petru","@id":"https:\/\/mhf.ro\/mm\/#\/schema\/person\/4c8c06c801b7b666e81ed44550086900"},"headline":"Sf\u00e2ntul Prooroc Ilie","datePublished":"2021-07-18T13:26:17+00:00","dateModified":"2021-07-18T13:27:39+00:00","mainEntityOfPage":{"@id":"https:\/\/mhf.ro\/mm\/sfantul-prooroc-ilie\/"},"wordCount":248,"commentCount":0,"publisher":{"@id":"https:\/\/mhf.ro\/mm\/#\/schema\/person\/a3bebf7bdb4bf12f698aff73c7e46c21"},"image":{"@id":"https:\/\/mhf.ro\/mm\/sfantul-prooroc-ilie\/#primaryimage"},"thumbnailUrl":"https:\/\/mhf.ro\/mm\/wp-content\/uploads\/2021\/07\/sfantul-ilie-tesviteanul.jpg","articleSection":["Locale","Religie"],"inLanguage":"ro-RO","potentialAction":[{"@type":"CommentAction","name":"Comment","target":["https:\/\/mhf.ro\/mm\/sfantul-prooroc-ilie\/#respond"]}]},{"@type":"WebPage","@id":"https:\/\/mhf.ro\/mm\/sfantul-prooroc-ilie\/","url":"https:\/\/mhf.ro\/mm\/sfantul-prooroc-ilie\/","name":"Sf\u00e2ntul Prooroc Ilie - MHF Photography","isPartOf":{"@id":"https:\/\/mhf.ro\/mm\/#website"},"primaryImageOfPage":{"@id":"https:\/\/mhf.ro\/mm\/sfantul-prooroc-ilie\/#primaryimage"},"image":{"@id":"https:\/\/mhf.ro\/mm\/sfantul-prooroc-ilie\/#primaryimage"},"thumbnailUrl":"https:\/\/mhf.ro\/mm\/wp-content\/uploads\/2021\/07\/sfantul-ilie-tesviteanul.jpg","datePublished":"2021-07-18T13:26:17+00:00","dateModified":"2021-07-18T13:27:39+00:00","breadcrumb":{"@id":"https:\/\/mhf.ro\/mm\/sfantul-prooroc-ilie\/#breadcrumb"},"inLanguage":"ro-RO","potentialAction":[{"@type":"ReadAction","target":["https:\/\/mhf.ro\/mm\/sfantul-prooroc-ilie\/"]}]},{"@type":"ImageObject","inLanguage":"ro-RO","@id":"https:\/\/mhf.ro\/mm\/sfantul-prooroc-ilie\/#primaryimage","url":"https:\/\/mhf.ro\/mm\/wp-content\/uploads\/2021\/07\/sfantul-ilie-tesviteanul.jpg","contentUrl":"https:\/\/mhf.ro\/mm\/wp-content\/uploads\/2021\/07\/sfantul-ilie-tesviteanul.jpg","width":581,"height":855},{"@type":"BreadcrumbList","@id":"https:\/\/mhf.ro\/mm\/sfantul-prooroc-ilie\/#breadcrumb","itemListElement":[{"@type":"ListItem","position":1,"name":"Prima pagin\u0103","item":"https:\/\/mhf.ro\/mm\/"},{"@type":"ListItem","position":2,"name":"Sf\u00e2ntul Prooroc Ilie"}]},{"@type":"WebSite","@id":"https:\/\/mhf.ro\/mm\/#website","url":"https:\/\/mhf.ro\/mm\/","name":"MHF Photography \u2013 Blog de fotografie, natur\u0103 \u0219i tehnic\u0103 divers\u0103","description":"Aventur\u0103 \u00een fiecare cadru.","publisher":{"@id":"https:\/\/mhf.ro\/mm\/#\/schema\/person\/a3bebf7bdb4bf12f698aff73c7e46c21"},"potentialAction":[{"@type":"SearchAction","target":{"@type":"EntryPoint","urlTemplate":"https:\/\/mhf.ro\/mm\/?s={search_term_string}"},"query-input":{"@type":"PropertyValueSpecification","valueRequired":true,"valueName":"search_term_string"}}],"inLanguage":"ro-RO"},{"@type":["Person","Organization"],"@id":"https:\/\/mhf.ro\/mm\/#\/schema\/person\/a3bebf7bdb4bf12f698aff73c7e46c21","name":"Marius Marcu","image":{"@type":"ImageObject","inLanguage":"ro-RO","@id":"https:\/\/mhf.ro\/mm\/#\/schema\/person\/image\/","url":"https:\/\/mhf.ro\/mm\/wp-content\/uploads\/2025\/12\/cropped-logo_mhf_2.png","contentUrl":"https:\/\/mhf.ro\/mm\/wp-content\/uploads\/2025\/12\/cropped-logo_mhf_2.png","width":1096,"height":457,"caption":"Marius Marcu"},"logo":{"@id":"https:\/\/mhf.ro\/mm\/#\/schema\/person\/image\/"},"sameAs":["https:\/\/mhf.ro\/mm"]},{"@type":"Person","@id":"https:\/\/mhf.ro\/mm\/#\/schema\/person\/4c8c06c801b7b666e81ed44550086900","name":"Preot paroh Horvat Petru","image":{"@type":"ImageObject","inLanguage":"ro-RO","@id":"https:\/\/mhf.ro\/mm\/#\/schema\/person\/image\/","url":"https:\/\/secure.gravatar.com\/avatar\/c2d2dcdf21c6f41aad486d71768c144cd6e23cb7b63bae9bd6fab542b26ad321?s=96&d=monsterid&r=g","contentUrl":"https:\/\/secure.gravatar.com\/avatar\/c2d2dcdf21c6f41aad486d71768c144cd6e23cb7b63bae9bd6fab542b26ad321?s=96&d=monsterid&r=g","caption":"Preot paroh Horvat Petru"},"sameAs":["https:\/\/mhf.ro\/mm"],"url":"https:\/\/mhf.ro\/mm\/author\/petrica\/"}]}},"_links":{"self":[{"href":"https:\/\/mhf.ro\/mm\/wp-json\/wp\/v2\/posts\/5016","targetHints":{"allow":["GET"]}}],"collection":[{"href":"https:\/\/mhf.ro\/mm\/wp-json\/wp\/v2\/posts"}],"about":[{"href":"https:\/\/mhf.ro\/mm\/wp-json\/wp\/v2\/types\/post"}],"author":[{"embeddable":true,"href":"https:\/\/mhf.ro\/mm\/wp-json\/wp\/v2\/users\/4"}],"replies":[{"embeddable":true,"href":"https:\/\/mhf.ro\/mm\/wp-json\/wp\/v2\/comments?post=5016"}],"version-history":[{"count":1,"href":"https:\/\/mhf.ro\/mm\/wp-json\/wp\/v2\/posts\/5016\/revisions"}],"predecessor-version":[{"id":5018,"href":"https:\/\/mhf.ro\/mm\/wp-json\/wp\/v2\/posts\/5016\/revisions\/5018"}],"wp:featuredmedia":[{"embeddable":true,"href":"https:\/\/mhf.ro\/mm\/wp-json\/wp\/v2\/media\/5017"}],"wp:attachment":[{"href":"https:\/\/mhf.ro\/mm\/wp-json\/wp\/v2\/media?parent=5016"}],"wp:term":[{"taxonomy":"category","embeddable":true,"href":"https:\/\/mhf.ro\/mm\/wp-json\/wp\/v2\/categories?post=5016"},{"taxonomy":"post_tag","embeddable":true,"href":"https:\/\/mhf.ro\/mm\/wp-json\/wp\/v2\/tags?post=5016"}],"curies":[{"name":"wp","href":"https:\/\/api.w.org\/{rel}","templated":true}]}}