{"id":5019,"date":"2021-07-18T16:25:13","date_gmt":"2021-07-18T14:25:13","guid":{"rendered":"https:\/\/mhf.ro\/mm\/?p=5019"},"modified":"2021-07-18T16:25:13","modified_gmt":"2021-07-18T14:25:13","slug":"ursul-nu-mai-este-urs","status":"publish","type":"post","link":"https:\/\/mhf.ro\/mm\/ursul-nu-mai-este-urs\/","title":{"rendered":"Ursul nu mai este urs"},"content":{"rendered":"<p>Ajutorul autorit\u0103\u021bilor centrale \u015fi guvernamentale a fost cerut de c\u0103tre primarii \u0219i prefec\u021bii din jude\u0163ele Covasna \u015fi Harghita. Ace\u0219tia se arat\u0103 \u00eengrijora\u021bi \u00een privin\u0163a ur\u015filor care coboar\u0103 zilnic dup\u0103 m\u00e2ncare \u015fi care \u201eatac\u0103 oamenii\u201d, a informat Agerpres. Ei sunt de p\u0103rere c\u0103 genele acestora s-au modificat, iar acum animalele prefer alimente cu E-uri.<\/p>\n<p>Acum 5 ani, Guvernul Ciolo\u015f a dat o lege care interzice sub orice form\u0103 v\u00e2n\u0103toarea ur\u015filor, chiar \u015fi a celor b\u0103tr\u00e2ni sau a celor agresivi. Edilii \u015fi zeci de localnici sunt de p\u0103rere c\u0103 aceast\u0103 problem\u0103 s-a acutizat, odata cu apari\u021bia acestei legi.<\/p>\n<p>Prefectul jude\u0163ului Covasna, Raduly Istvan, a declarat vineri, \u00eentr-o \u00eent\u00e2lnire cu presa, c\u0103 o ordonan\u0163\u0103 pe aceast\u0103 tem\u0103 ar fi util\u0103.<\/p>\n<p>\u201eA\u015f vrea s\u0103 subliniez c\u0103 nu suntem \u00eempotriva animalelor carnivore mari, dar nu putem s\u0103 accept\u0103m ca \u00een intravilanul localit\u0103\u0163ilor, \u00een timpul zilei, s\u0103 umble ursul, pentru c\u0103 via\u0163a oamenilor este pus\u0103 \u00een primejdie\u201d.<\/p>\n<p>Pre\u015fedintele Consiliului Jude\u0163ean Covasna, Tamas Sandor, sus\u0163ine c\u0103 \u201edin Bucure\u015fti se v\u0103d altfel lucrurile\u201d. Acesta este de p\u0103rere c\u0103 cei care iau ap\u0103rarea ur\u015filor trebuie s\u0103 vin\u0103 s\u0103 vad\u0103 la fa\u0163a locului ce se \u00eent\u00e2mpl\u0103, \u201enu doar \u00een desene animate\u201d.<\/p>\n<p>\u201eUr\u015fii mai puternici care sunt \u00een mun\u0163i alung\u0103 ur\u015fii mai pu\u0163in puternici, care trebuie s\u0103 m\u0103n\u00e2nce undeva. \u00cens\u0103 dac\u0103 un urs a gustat o hran\u0103 u\u015foar\u0103, n-o s\u0103 se mai \u00eentoarc\u0103 \u00een p\u0103dure dup\u0103 zmeur\u0103 \u015fi furnici\u201d, a mai precizat Tamas Sandor.<\/p>\n<p>Primarul comunei Bodoc, din jude\u021bul Covasna, Fodor Istvan, spune c\u0103 oamenii nu mai au curajul s\u0103 ias\u0103 din cas\u0103.<\/p>\n<p>\u201eEu de 31 de ani sunt primar al comunei Bodoc \u015fi niciodat\u0103 nu am v\u0103zut a\u015fa ceva. De vreo cinci ani sunt aceste probleme cu ur\u015fii. Problema este foarte mare, atac\u0103 oamenii, zilnic \u015fi s\u0103pt\u0103m\u00e2nal\u201d.<\/p>\n<p>Pe 17 iunie, Tanczos Barna a declarat c\u0103 ministerul pe care \u00eel conduce preg\u0103te\u0219te o modificare a legisla\u021biei, astfel \u00eenc\u00e2t animalele agresive s\u0103 poat\u0103 fi \u00eempu\u0219cate \u00een maximum 24 de ore.<\/p>\n<p>Pe 3 iulie, proiectul de act normativ a intratpe circuitul de avizare interministerial\u0103.<\/p>\n<p>Pe 14 iulie, ministrul mediului a anun\u021bat c\u0103 a fost finalizat proiectul, iar acesta va fi adoptat \u00een urm\u0103toarea \u0219edin\u021b\u0103 de Guvern.<\/p>\n<p>\u201e Am modificat textul proiectului, am eliminat toate obstacolele legale \u015fi de interpretare, astfel \u00eenc\u00e2t Guvernul va adopta proiectul de Ordonan\u0163\u0103 de Urgen\u0163\u0103 \u00een urm\u0103toarea \u015fedin\u0163\u0103 de guvern\u201d, a declarat pe 14 iulie, ministrul mediului. (conf. Jurnalist.ro)<\/p>\n","protected":false},"excerpt":{"rendered":"<p>Ajutorul autorit\u0103\u021bilor centrale \u015fi guvernamentale a fost cerut de c\u0103tre primarii \u0219i prefec\u021bii din jude\u0163ele Covasna \u015fi Harghita. Ace\u0219tia se<\/p>\n","protected":false},"author":1,"featured_media":5020,"comment_status":"open","ping_status":"open","sticky":false,"template":"","format":"standard","meta":{"colormag_page_container_layout":"default_layout","colormag_page_sidebar_layout":"default_layout","footnotes":""},"categories":[5],"tags":[],"class_list":["post-5019","post","type-post","status-publish","format-standard","has-post-thumbnail","hentry","category-locale"],"yoast_head":"<!-- This site is optimized with the Yoast SEO plugin v27.0 - https:\/\/yoast.com\/product\/yoast-seo-wordpress\/ -->\n<title>Ursul nu mai este urs - MHF Photography<\/title>\n<meta name=\"robots\" content=\"index, follow, max-snippet:-1, max-image-preview:large, max-video-preview:-1\" \/>\n<link rel=\"canonical\" href=\"https:\/\/mhf.ro\/mm\/ursul-nu-mai-este-urs\/\" \/>\n<meta property=\"og:locale\" content=\"ro_RO\" \/>\n<meta property=\"og:type\" content=\"article\" \/>\n<meta property=\"og:title\" content=\"Ursul nu mai este urs - MHF Photography\" \/>\n<meta property=\"og:description\" content=\"Ajutorul autorit\u0103\u021bilor centrale \u015fi guvernamentale a fost cerut de c\u0103tre primarii \u0219i prefec\u021bii din jude\u0163ele Covasna \u015fi Harghita. Ace\u0219tia se\" \/>\n<meta property=\"og:url\" content=\"https:\/\/mhf.ro\/mm\/ursul-nu-mai-este-urs\/\" \/>\n<meta property=\"og:site_name\" content=\"MHF Photography\" \/>\n<meta property=\"article:published_time\" content=\"2021-07-18T14:25:13+00:00\" \/>\n<meta property=\"og:image\" content=\"https:\/\/mhf.ro\/mm\/wp-content\/uploads\/2021\/07\/urs.jpg\" \/>\n\t<meta property=\"og:image:width\" content=\"780\" \/>\n\t<meta property=\"og:image:height\" content=\"440\" \/>\n\t<meta property=\"og:image:type\" content=\"image\/jpeg\" \/>\n<meta name=\"author\" content=\"Marius Marcu\" \/>\n<meta name=\"twitter:card\" content=\"summary_large_image\" \/>\n<meta name=\"twitter:label1\" content=\"Scris de\" \/>\n\t<meta name=\"twitter:data1\" content=\"Marius Marcu\" \/>\n\t<meta name=\"twitter:label2\" content=\"Timp estimat pentru citire\" \/>\n\t<meta name=\"twitter:data2\" content=\"2 minute\" \/>\n<script type=\"application\/ld+json\" class=\"yoast-schema-graph\">{\"@context\":\"https:\/\/schema.org\",\"@graph\":[{\"@type\":\"Article\",\"@id\":\"https:\/\/mhf.ro\/mm\/ursul-nu-mai-este-urs\/#article\",\"isPartOf\":{\"@id\":\"https:\/\/mhf.ro\/mm\/ursul-nu-mai-este-urs\/\"},\"author\":{\"name\":\"Marius Marcu\",\"@id\":\"https:\/\/mhf.ro\/mm\/#\/schema\/person\/a3bebf7bdb4bf12f698aff73c7e46c21\"},\"headline\":\"Ursul nu mai este urs\",\"datePublished\":\"2021-07-18T14:25:13+00:00\",\"mainEntityOfPage\":{\"@id\":\"https:\/\/mhf.ro\/mm\/ursul-nu-mai-este-urs\/\"},\"wordCount\":444,\"commentCount\":0,\"publisher\":{\"@id\":\"https:\/\/mhf.ro\/mm\/#\/schema\/person\/a3bebf7bdb4bf12f698aff73c7e46c21\"},\"image\":{\"@id\":\"https:\/\/mhf.ro\/mm\/ursul-nu-mai-este-urs\/#primaryimage\"},\"thumbnailUrl\":\"https:\/\/mhf.ro\/mm\/wp-content\/uploads\/2021\/07\/urs.jpg\",\"articleSection\":[\"Locale\"],\"inLanguage\":\"ro-RO\",\"potentialAction\":[{\"@type\":\"CommentAction\",\"name\":\"Comment\",\"target\":[\"https:\/\/mhf.ro\/mm\/ursul-nu-mai-este-urs\/#respond\"]}]},{\"@type\":\"WebPage\",\"@id\":\"https:\/\/mhf.ro\/mm\/ursul-nu-mai-este-urs\/\",\"url\":\"https:\/\/mhf.ro\/mm\/ursul-nu-mai-este-urs\/\",\"name\":\"Ursul nu mai este urs - MHF Photography\",\"isPartOf\":{\"@id\":\"https:\/\/mhf.ro\/mm\/#website\"},\"primaryImageOfPage\":{\"@id\":\"https:\/\/mhf.ro\/mm\/ursul-nu-mai-este-urs\/#primaryimage\"},\"image\":{\"@id\":\"https:\/\/mhf.ro\/mm\/ursul-nu-mai-este-urs\/#primaryimage\"},\"thumbnailUrl\":\"https:\/\/mhf.ro\/mm\/wp-content\/uploads\/2021\/07\/urs.jpg\",\"datePublished\":\"2021-07-18T14:25:13+00:00\",\"breadcrumb\":{\"@id\":\"https:\/\/mhf.ro\/mm\/ursul-nu-mai-este-urs\/#breadcrumb\"},\"inLanguage\":\"ro-RO\",\"potentialAction\":[{\"@type\":\"ReadAction\",\"target\":[\"https:\/\/mhf.ro\/mm\/ursul-nu-mai-este-urs\/\"]}]},{\"@type\":\"ImageObject\",\"inLanguage\":\"ro-RO\",\"@id\":\"https:\/\/mhf.ro\/mm\/ursul-nu-mai-este-urs\/#primaryimage\",\"url\":\"https:\/\/mhf.ro\/mm\/wp-content\/uploads\/2021\/07\/urs.jpg\",\"contentUrl\":\"https:\/\/mhf.ro\/mm\/wp-content\/uploads\/2021\/07\/urs.jpg\",\"width\":780,\"height\":440},{\"@type\":\"BreadcrumbList\",\"@id\":\"https:\/\/mhf.ro\/mm\/ursul-nu-mai-este-urs\/#breadcrumb\",\"itemListElement\":[{\"@type\":\"ListItem\",\"position\":1,\"name\":\"Prima pagin\u0103\",\"item\":\"https:\/\/mhf.ro\/mm\/\"},{\"@type\":\"ListItem\",\"position\":2,\"name\":\"Ursul nu mai este urs\"}]},{\"@type\":\"WebSite\",\"@id\":\"https:\/\/mhf.ro\/mm\/#website\",\"url\":\"https:\/\/mhf.ro\/mm\/\",\"name\":\"MHF Photography \u2013 Blog de fotografie, natur\u0103 \u0219i tehnic\u0103 divers\u0103\",\"description\":\"Aventur\u0103 \u00een fiecare cadru.\",\"publisher\":{\"@id\":\"https:\/\/mhf.ro\/mm\/#\/schema\/person\/a3bebf7bdb4bf12f698aff73c7e46c21\"},\"potentialAction\":[{\"@type\":\"SearchAction\",\"target\":{\"@type\":\"EntryPoint\",\"urlTemplate\":\"https:\/\/mhf.ro\/mm\/?s={search_term_string}\"},\"query-input\":{\"@type\":\"PropertyValueSpecification\",\"valueRequired\":true,\"valueName\":\"search_term_string\"}}],\"inLanguage\":\"ro-RO\"},{\"@type\":[\"Person\",\"Organization\"],\"@id\":\"https:\/\/mhf.ro\/mm\/#\/schema\/person\/a3bebf7bdb4bf12f698aff73c7e46c21\",\"name\":\"Marius Marcu\",\"image\":{\"@type\":\"ImageObject\",\"inLanguage\":\"ro-RO\",\"@id\":\"https:\/\/mhf.ro\/mm\/#\/schema\/person\/image\/\",\"url\":\"https:\/\/mhf.ro\/mm\/wp-content\/uploads\/2025\/12\/cropped-logo_mhf_2.png\",\"contentUrl\":\"https:\/\/mhf.ro\/mm\/wp-content\/uploads\/2025\/12\/cropped-logo_mhf_2.png\",\"width\":1096,\"height\":457,\"caption\":\"Marius Marcu\"},\"logo\":{\"@id\":\"https:\/\/mhf.ro\/mm\/#\/schema\/person\/image\/\"},\"sameAs\":[\"https:\/\/mhf.ro\/mm\"],\"url\":\"https:\/\/mhf.ro\/mm\/author\/mihai\/\"}]}<\/script>\n<!-- \/ Yoast SEO plugin. -->","yoast_head_json":{"title":"Ursul nu mai este urs - MHF Photography","robots":{"index":"index","follow":"follow","max-snippet":"max-snippet:-1","max-image-preview":"max-image-preview:large","max-video-preview":"max-video-preview:-1"},"canonical":"https:\/\/mhf.ro\/mm\/ursul-nu-mai-este-urs\/","og_locale":"ro_RO","og_type":"article","og_title":"Ursul nu mai este urs - MHF Photography","og_description":"Ajutorul autorit\u0103\u021bilor centrale \u015fi guvernamentale a fost cerut de c\u0103tre primarii \u0219i prefec\u021bii din jude\u0163ele Covasna \u015fi Harghita. Ace\u0219tia se","og_url":"https:\/\/mhf.ro\/mm\/ursul-nu-mai-este-urs\/","og_site_name":"MHF Photography","article_published_time":"2021-07-18T14:25:13+00:00","og_image":[{"width":780,"height":440,"url":"https:\/\/mhf.ro\/mm\/wp-content\/uploads\/2021\/07\/urs.jpg","type":"image\/jpeg"}],"author":"Marius Marcu","twitter_card":"summary_large_image","twitter_misc":{"Scris de":"Marius Marcu","Timp estimat pentru citire":"2 minute"},"schema":{"@context":"https:\/\/schema.org","@graph":[{"@type":"Article","@id":"https:\/\/mhf.ro\/mm\/ursul-nu-mai-este-urs\/#article","isPartOf":{"@id":"https:\/\/mhf.ro\/mm\/ursul-nu-mai-este-urs\/"},"author":{"name":"Marius Marcu","@id":"https:\/\/mhf.ro\/mm\/#\/schema\/person\/a3bebf7bdb4bf12f698aff73c7e46c21"},"headline":"Ursul nu mai este urs","datePublished":"2021-07-18T14:25:13+00:00","mainEntityOfPage":{"@id":"https:\/\/mhf.ro\/mm\/ursul-nu-mai-este-urs\/"},"wordCount":444,"commentCount":0,"publisher":{"@id":"https:\/\/mhf.ro\/mm\/#\/schema\/person\/a3bebf7bdb4bf12f698aff73c7e46c21"},"image":{"@id":"https:\/\/mhf.ro\/mm\/ursul-nu-mai-este-urs\/#primaryimage"},"thumbnailUrl":"https:\/\/mhf.ro\/mm\/wp-content\/uploads\/2021\/07\/urs.jpg","articleSection":["Locale"],"inLanguage":"ro-RO","potentialAction":[{"@type":"CommentAction","name":"Comment","target":["https:\/\/mhf.ro\/mm\/ursul-nu-mai-este-urs\/#respond"]}]},{"@type":"WebPage","@id":"https:\/\/mhf.ro\/mm\/ursul-nu-mai-este-urs\/","url":"https:\/\/mhf.ro\/mm\/ursul-nu-mai-este-urs\/","name":"Ursul nu mai este urs - MHF Photography","isPartOf":{"@id":"https:\/\/mhf.ro\/mm\/#website"},"primaryImageOfPage":{"@id":"https:\/\/mhf.ro\/mm\/ursul-nu-mai-este-urs\/#primaryimage"},"image":{"@id":"https:\/\/mhf.ro\/mm\/ursul-nu-mai-este-urs\/#primaryimage"},"thumbnailUrl":"https:\/\/mhf.ro\/mm\/wp-content\/uploads\/2021\/07\/urs.jpg","datePublished":"2021-07-18T14:25:13+00:00","breadcrumb":{"@id":"https:\/\/mhf.ro\/mm\/ursul-nu-mai-este-urs\/#breadcrumb"},"inLanguage":"ro-RO","potentialAction":[{"@type":"ReadAction","target":["https:\/\/mhf.ro\/mm\/ursul-nu-mai-este-urs\/"]}]},{"@type":"ImageObject","inLanguage":"ro-RO","@id":"https:\/\/mhf.ro\/mm\/ursul-nu-mai-este-urs\/#primaryimage","url":"https:\/\/mhf.ro\/mm\/wp-content\/uploads\/2021\/07\/urs.jpg","contentUrl":"https:\/\/mhf.ro\/mm\/wp-content\/uploads\/2021\/07\/urs.jpg","width":780,"height":440},{"@type":"BreadcrumbList","@id":"https:\/\/mhf.ro\/mm\/ursul-nu-mai-este-urs\/#breadcrumb","itemListElement":[{"@type":"ListItem","position":1,"name":"Prima pagin\u0103","item":"https:\/\/mhf.ro\/mm\/"},{"@type":"ListItem","position":2,"name":"Ursul nu mai este urs"}]},{"@type":"WebSite","@id":"https:\/\/mhf.ro\/mm\/#website","url":"https:\/\/mhf.ro\/mm\/","name":"MHF Photography \u2013 Blog de fotografie, natur\u0103 \u0219i tehnic\u0103 divers\u0103","description":"Aventur\u0103 \u00een fiecare cadru.","publisher":{"@id":"https:\/\/mhf.ro\/mm\/#\/schema\/person\/a3bebf7bdb4bf12f698aff73c7e46c21"},"potentialAction":[{"@type":"SearchAction","target":{"@type":"EntryPoint","urlTemplate":"https:\/\/mhf.ro\/mm\/?s={search_term_string}"},"query-input":{"@type":"PropertyValueSpecification","valueRequired":true,"valueName":"search_term_string"}}],"inLanguage":"ro-RO"},{"@type":["Person","Organization"],"@id":"https:\/\/mhf.ro\/mm\/#\/schema\/person\/a3bebf7bdb4bf12f698aff73c7e46c21","name":"Marius Marcu","image":{"@type":"ImageObject","inLanguage":"ro-RO","@id":"https:\/\/mhf.ro\/mm\/#\/schema\/person\/image\/","url":"https:\/\/mhf.ro\/mm\/wp-content\/uploads\/2025\/12\/cropped-logo_mhf_2.png","contentUrl":"https:\/\/mhf.ro\/mm\/wp-content\/uploads\/2025\/12\/cropped-logo_mhf_2.png","width":1096,"height":457,"caption":"Marius Marcu"},"logo":{"@id":"https:\/\/mhf.ro\/mm\/#\/schema\/person\/image\/"},"sameAs":["https:\/\/mhf.ro\/mm"],"url":"https:\/\/mhf.ro\/mm\/author\/mihai\/"}]}},"_links":{"self":[{"href":"https:\/\/mhf.ro\/mm\/wp-json\/wp\/v2\/posts\/5019","targetHints":{"allow":["GET"]}}],"collection":[{"href":"https:\/\/mhf.ro\/mm\/wp-json\/wp\/v2\/posts"}],"about":[{"href":"https:\/\/mhf.ro\/mm\/wp-json\/wp\/v2\/types\/post"}],"author":[{"embeddable":true,"href":"https:\/\/mhf.ro\/mm\/wp-json\/wp\/v2\/users\/1"}],"replies":[{"embeddable":true,"href":"https:\/\/mhf.ro\/mm\/wp-json\/wp\/v2\/comments?post=5019"}],"version-history":[{"count":1,"href":"https:\/\/mhf.ro\/mm\/wp-json\/wp\/v2\/posts\/5019\/revisions"}],"predecessor-version":[{"id":5021,"href":"https:\/\/mhf.ro\/mm\/wp-json\/wp\/v2\/posts\/5019\/revisions\/5021"}],"wp:featuredmedia":[{"embeddable":true,"href":"https:\/\/mhf.ro\/mm\/wp-json\/wp\/v2\/media\/5020"}],"wp:attachment":[{"href":"https:\/\/mhf.ro\/mm\/wp-json\/wp\/v2\/media?parent=5019"}],"wp:term":[{"taxonomy":"category","embeddable":true,"href":"https:\/\/mhf.ro\/mm\/wp-json\/wp\/v2\/categories?post=5019"},{"taxonomy":"post_tag","embeddable":true,"href":"https:\/\/mhf.ro\/mm\/wp-json\/wp\/v2\/tags?post=5019"}],"curies":[{"name":"wp","href":"https:\/\/api.w.org\/{rel}","templated":true}]}}