{"id":5065,"date":"2021-07-21T10:51:04","date_gmt":"2021-07-21T08:51:04","guid":{"rendered":"https:\/\/mhf.ro\/mm\/?p=5065"},"modified":"2021-07-21T10:53:04","modified_gmt":"2021-07-21T08:53:04","slug":"noi-masuri-de-relaxare-de-la-1-august","status":"publish","type":"post","link":"https:\/\/mhf.ro\/mm\/noi-masuri-de-relaxare-de-la-1-august\/","title":{"rendered":"Noi m\u0103suri de relaxare de la 1 august"},"content":{"rendered":"<p>De la 1 august urmeaz\u0103 s\u0103 intre \u00een vigoare noi m\u0103suri de relaxare. Premierul Florin C\u00ee\u021bu a anun\u021bat, mar\u021bi, c\u0103 acestea vizeaz\u0103 \u00een special evenimentele care au loc \u00een aer liber, dar nu se va renun\u0163a deocamdat\u0103 la purtarea m\u0103\u015ftii de protec\u0163ie \u00een spa\u0163ii \u00eenchise.<\/p>\n<p>\u201eRelax\u0103ri, nu restric\u0163ii. Nu sc\u0103p\u0103m de masc\u0103 la interior, deocamdat\u0103. Sunt relax\u0103ri mai mult pentru evenimente \u00een spa\u0163iu \u00een aer liber, cu un num\u0103r mai mare de participan\u0163i. Ora nu se schimb\u0103, r\u0103m\u00e2ne tot ora 2 noaptea. Nu sunt foarte multe relax\u0103ri. A\u015fa cum arat\u0103 acum situa\u0163ia, mergem cu ce avem, cu excep\u0163ia evenimentelor. Suntem \u00eenc\u0103 \u00eentr-o situa\u0163ie foarte bun\u0103. Avem \u015fi condi\u0163ii la intrarea \u00een \u0163ar\u0103 pe care nu le modific\u0103m. Suntem precau\u0163i.\u00a0Singura preg\u0103tire pentru valul 4 este vaccinarea.\u00a0R\u0103m\u00e2n vaccinuri \u015fi pentru a treia doz\u0103. A\u015ftept\u0103m decizia, dar speciali\u015ftii se \u00eendreapt\u0103 spre acest lucru. Ei ne vor spune c\u0103 trebuie administrat\u0103. A\u015fa arat\u0103 direc\u0163ia \u00een care merg discu\u0163iile\u201d, a afirmat Florin C\u00ee\u0163u, mar\u0163i la Parlament.<\/p>\n<p>\u015eeful Executivului a ad\u0103ugat c\u0103 nu este o variat\u0103 ca medicii s\u0103 fie obliga\u0163i s\u0103 se vaccineze. (<a href=\"http:\/\/jurnalist.ro\">Jurnalist.ro<\/a>)<\/p>\n<p style=\"text-align: right;\">poate te intereseaz\u0103<span class=\"fs19 ff1\"><b><span class=\"cf2\">\u00a0\u00a0<a href=\"https:\/\/riz.ro\/ocart2\/index.php?route=product\/category&amp;path=20_59\">Baghete polistiren extrudat<\/a><\/span><\/b><\/span><\/p>\n","protected":false},"excerpt":{"rendered":"<p>De la 1 august urmeaz\u0103 s\u0103 intre \u00een vigoare noi m\u0103suri de relaxare. Premierul Florin C\u00ee\u021bu a anun\u021bat, mar\u021bi, c\u0103<\/p>\n","protected":false},"author":1,"featured_media":5066,"comment_status":"open","ping_status":"open","sticky":false,"template":"","format":"standard","meta":{"colormag_page_container_layout":"default_layout","colormag_page_sidebar_layout":"default_layout","footnotes":""},"categories":[5],"tags":[],"class_list":["post-5065","post","type-post","status-publish","format-standard","has-post-thumbnail","hentry","category-locale"],"yoast_head":"<!-- This site is optimized with the Yoast SEO plugin v27.0 - https:\/\/yoast.com\/product\/yoast-seo-wordpress\/ -->\n<title>Noi m\u0103suri de relaxare de la 1 august - MHF Photography<\/title>\n<meta name=\"robots\" content=\"index, follow, max-snippet:-1, max-image-preview:large, max-video-preview:-1\" \/>\n<link rel=\"canonical\" href=\"https:\/\/mhf.ro\/mm\/noi-masuri-de-relaxare-de-la-1-august\/\" \/>\n<meta property=\"og:locale\" content=\"ro_RO\" \/>\n<meta property=\"og:type\" content=\"article\" \/>\n<meta property=\"og:title\" content=\"Noi m\u0103suri de relaxare de la 1 august - MHF Photography\" \/>\n<meta property=\"og:description\" content=\"De la 1 august urmeaz\u0103 s\u0103 intre \u00een vigoare noi m\u0103suri de relaxare. Premierul Florin C\u00ee\u021bu a anun\u021bat, mar\u021bi, c\u0103\" \/>\n<meta property=\"og:url\" content=\"https:\/\/mhf.ro\/mm\/noi-masuri-de-relaxare-de-la-1-august\/\" \/>\n<meta property=\"og:site_name\" content=\"MHF Photography\" \/>\n<meta property=\"article:published_time\" content=\"2021-07-21T08:51:04+00:00\" \/>\n<meta property=\"article:modified_time\" content=\"2021-07-21T08:53:04+00:00\" \/>\n<meta property=\"og:image\" content=\"https:\/\/mhf.ro\/mm\/wp-content\/uploads\/2021\/07\/relaxare.jpg\" \/>\n\t<meta property=\"og:image:width\" content=\"1200\" \/>\n\t<meta property=\"og:image:height\" content=\"579\" \/>\n\t<meta property=\"og:image:type\" content=\"image\/jpeg\" \/>\n<meta name=\"author\" content=\"Marius Marcu\" \/>\n<meta name=\"twitter:card\" content=\"summary_large_image\" \/>\n<meta name=\"twitter:label1\" content=\"Scris de\" \/>\n\t<meta name=\"twitter:data1\" content=\"Marius Marcu\" \/>\n\t<meta name=\"twitter:label2\" content=\"Timp estimat pentru citire\" \/>\n\t<meta name=\"twitter:data2\" content=\"1 minut\" \/>\n<script type=\"application\/ld+json\" class=\"yoast-schema-graph\">{\"@context\":\"https:\/\/schema.org\",\"@graph\":[{\"@type\":\"Article\",\"@id\":\"https:\/\/mhf.ro\/mm\/noi-masuri-de-relaxare-de-la-1-august\/#article\",\"isPartOf\":{\"@id\":\"https:\/\/mhf.ro\/mm\/noi-masuri-de-relaxare-de-la-1-august\/\"},\"author\":{\"name\":\"Marius Marcu\",\"@id\":\"https:\/\/mhf.ro\/mm\/#\/schema\/person\/a3bebf7bdb4bf12f698aff73c7e46c21\"},\"headline\":\"Noi m\u0103suri de relaxare de la 1 august\",\"datePublished\":\"2021-07-21T08:51:04+00:00\",\"dateModified\":\"2021-07-21T08:53:04+00:00\",\"mainEntityOfPage\":{\"@id\":\"https:\/\/mhf.ro\/mm\/noi-masuri-de-relaxare-de-la-1-august\/\"},\"wordCount\":232,\"commentCount\":0,\"publisher\":{\"@id\":\"https:\/\/mhf.ro\/mm\/#\/schema\/person\/a3bebf7bdb4bf12f698aff73c7e46c21\"},\"image\":{\"@id\":\"https:\/\/mhf.ro\/mm\/noi-masuri-de-relaxare-de-la-1-august\/#primaryimage\"},\"thumbnailUrl\":\"https:\/\/mhf.ro\/mm\/wp-content\/uploads\/2021\/07\/relaxare.jpg\",\"articleSection\":[\"Locale\"],\"inLanguage\":\"ro-RO\",\"potentialAction\":[{\"@type\":\"CommentAction\",\"name\":\"Comment\",\"target\":[\"https:\/\/mhf.ro\/mm\/noi-masuri-de-relaxare-de-la-1-august\/#respond\"]}]},{\"@type\":\"WebPage\",\"@id\":\"https:\/\/mhf.ro\/mm\/noi-masuri-de-relaxare-de-la-1-august\/\",\"url\":\"https:\/\/mhf.ro\/mm\/noi-masuri-de-relaxare-de-la-1-august\/\",\"name\":\"Noi m\u0103suri de relaxare de la 1 august - MHF Photography\",\"isPartOf\":{\"@id\":\"https:\/\/mhf.ro\/mm\/#website\"},\"primaryImageOfPage\":{\"@id\":\"https:\/\/mhf.ro\/mm\/noi-masuri-de-relaxare-de-la-1-august\/#primaryimage\"},\"image\":{\"@id\":\"https:\/\/mhf.ro\/mm\/noi-masuri-de-relaxare-de-la-1-august\/#primaryimage\"},\"thumbnailUrl\":\"https:\/\/mhf.ro\/mm\/wp-content\/uploads\/2021\/07\/relaxare.jpg\",\"datePublished\":\"2021-07-21T08:51:04+00:00\",\"dateModified\":\"2021-07-21T08:53:04+00:00\",\"breadcrumb\":{\"@id\":\"https:\/\/mhf.ro\/mm\/noi-masuri-de-relaxare-de-la-1-august\/#breadcrumb\"},\"inLanguage\":\"ro-RO\",\"potentialAction\":[{\"@type\":\"ReadAction\",\"target\":[\"https:\/\/mhf.ro\/mm\/noi-masuri-de-relaxare-de-la-1-august\/\"]}]},{\"@type\":\"ImageObject\",\"inLanguage\":\"ro-RO\",\"@id\":\"https:\/\/mhf.ro\/mm\/noi-masuri-de-relaxare-de-la-1-august\/#primaryimage\",\"url\":\"https:\/\/mhf.ro\/mm\/wp-content\/uploads\/2021\/07\/relaxare.jpg\",\"contentUrl\":\"https:\/\/mhf.ro\/mm\/wp-content\/uploads\/2021\/07\/relaxare.jpg\",\"width\":1200,\"height\":579},{\"@type\":\"BreadcrumbList\",\"@id\":\"https:\/\/mhf.ro\/mm\/noi-masuri-de-relaxare-de-la-1-august\/#breadcrumb\",\"itemListElement\":[{\"@type\":\"ListItem\",\"position\":1,\"name\":\"Prima pagin\u0103\",\"item\":\"https:\/\/mhf.ro\/mm\/\"},{\"@type\":\"ListItem\",\"position\":2,\"name\":\"Noi m\u0103suri de relaxare de la 1 august\"}]},{\"@type\":\"WebSite\",\"@id\":\"https:\/\/mhf.ro\/mm\/#website\",\"url\":\"https:\/\/mhf.ro\/mm\/\",\"name\":\"MHF Photography \u2013 Blog de fotografie, natur\u0103 \u0219i tehnic\u0103 divers\u0103\",\"description\":\"Aventur\u0103 \u00een fiecare cadru.\",\"publisher\":{\"@id\":\"https:\/\/mhf.ro\/mm\/#\/schema\/person\/a3bebf7bdb4bf12f698aff73c7e46c21\"},\"potentialAction\":[{\"@type\":\"SearchAction\",\"target\":{\"@type\":\"EntryPoint\",\"urlTemplate\":\"https:\/\/mhf.ro\/mm\/?s={search_term_string}\"},\"query-input\":{\"@type\":\"PropertyValueSpecification\",\"valueRequired\":true,\"valueName\":\"search_term_string\"}}],\"inLanguage\":\"ro-RO\"},{\"@type\":[\"Person\",\"Organization\"],\"@id\":\"https:\/\/mhf.ro\/mm\/#\/schema\/person\/a3bebf7bdb4bf12f698aff73c7e46c21\",\"name\":\"Marius Marcu\",\"image\":{\"@type\":\"ImageObject\",\"inLanguage\":\"ro-RO\",\"@id\":\"https:\/\/mhf.ro\/mm\/#\/schema\/person\/image\/\",\"url\":\"https:\/\/mhf.ro\/mm\/wp-content\/uploads\/2025\/12\/cropped-logo_mhf_2.png\",\"contentUrl\":\"https:\/\/mhf.ro\/mm\/wp-content\/uploads\/2025\/12\/cropped-logo_mhf_2.png\",\"width\":1096,\"height\":457,\"caption\":\"Marius Marcu\"},\"logo\":{\"@id\":\"https:\/\/mhf.ro\/mm\/#\/schema\/person\/image\/\"},\"sameAs\":[\"https:\/\/mhf.ro\/mm\"],\"url\":\"https:\/\/mhf.ro\/mm\/author\/mihai\/\"}]}<\/script>\n<!-- \/ Yoast SEO plugin. -->","yoast_head_json":{"title":"Noi m\u0103suri de relaxare de la 1 august - MHF Photography","robots":{"index":"index","follow":"follow","max-snippet":"max-snippet:-1","max-image-preview":"max-image-preview:large","max-video-preview":"max-video-preview:-1"},"canonical":"https:\/\/mhf.ro\/mm\/noi-masuri-de-relaxare-de-la-1-august\/","og_locale":"ro_RO","og_type":"article","og_title":"Noi m\u0103suri de relaxare de la 1 august - MHF Photography","og_description":"De la 1 august urmeaz\u0103 s\u0103 intre \u00een vigoare noi m\u0103suri de relaxare. Premierul Florin C\u00ee\u021bu a anun\u021bat, mar\u021bi, c\u0103","og_url":"https:\/\/mhf.ro\/mm\/noi-masuri-de-relaxare-de-la-1-august\/","og_site_name":"MHF Photography","article_published_time":"2021-07-21T08:51:04+00:00","article_modified_time":"2021-07-21T08:53:04+00:00","og_image":[{"width":1200,"height":579,"url":"https:\/\/mhf.ro\/mm\/wp-content\/uploads\/2021\/07\/relaxare.jpg","type":"image\/jpeg"}],"author":"Marius Marcu","twitter_card":"summary_large_image","twitter_misc":{"Scris de":"Marius Marcu","Timp estimat pentru citire":"1 minut"},"schema":{"@context":"https:\/\/schema.org","@graph":[{"@type":"Article","@id":"https:\/\/mhf.ro\/mm\/noi-masuri-de-relaxare-de-la-1-august\/#article","isPartOf":{"@id":"https:\/\/mhf.ro\/mm\/noi-masuri-de-relaxare-de-la-1-august\/"},"author":{"name":"Marius Marcu","@id":"https:\/\/mhf.ro\/mm\/#\/schema\/person\/a3bebf7bdb4bf12f698aff73c7e46c21"},"headline":"Noi m\u0103suri de relaxare de la 1 august","datePublished":"2021-07-21T08:51:04+00:00","dateModified":"2021-07-21T08:53:04+00:00","mainEntityOfPage":{"@id":"https:\/\/mhf.ro\/mm\/noi-masuri-de-relaxare-de-la-1-august\/"},"wordCount":232,"commentCount":0,"publisher":{"@id":"https:\/\/mhf.ro\/mm\/#\/schema\/person\/a3bebf7bdb4bf12f698aff73c7e46c21"},"image":{"@id":"https:\/\/mhf.ro\/mm\/noi-masuri-de-relaxare-de-la-1-august\/#primaryimage"},"thumbnailUrl":"https:\/\/mhf.ro\/mm\/wp-content\/uploads\/2021\/07\/relaxare.jpg","articleSection":["Locale"],"inLanguage":"ro-RO","potentialAction":[{"@type":"CommentAction","name":"Comment","target":["https:\/\/mhf.ro\/mm\/noi-masuri-de-relaxare-de-la-1-august\/#respond"]}]},{"@type":"WebPage","@id":"https:\/\/mhf.ro\/mm\/noi-masuri-de-relaxare-de-la-1-august\/","url":"https:\/\/mhf.ro\/mm\/noi-masuri-de-relaxare-de-la-1-august\/","name":"Noi m\u0103suri de relaxare de la 1 august - MHF Photography","isPartOf":{"@id":"https:\/\/mhf.ro\/mm\/#website"},"primaryImageOfPage":{"@id":"https:\/\/mhf.ro\/mm\/noi-masuri-de-relaxare-de-la-1-august\/#primaryimage"},"image":{"@id":"https:\/\/mhf.ro\/mm\/noi-masuri-de-relaxare-de-la-1-august\/#primaryimage"},"thumbnailUrl":"https:\/\/mhf.ro\/mm\/wp-content\/uploads\/2021\/07\/relaxare.jpg","datePublished":"2021-07-21T08:51:04+00:00","dateModified":"2021-07-21T08:53:04+00:00","breadcrumb":{"@id":"https:\/\/mhf.ro\/mm\/noi-masuri-de-relaxare-de-la-1-august\/#breadcrumb"},"inLanguage":"ro-RO","potentialAction":[{"@type":"ReadAction","target":["https:\/\/mhf.ro\/mm\/noi-masuri-de-relaxare-de-la-1-august\/"]}]},{"@type":"ImageObject","inLanguage":"ro-RO","@id":"https:\/\/mhf.ro\/mm\/noi-masuri-de-relaxare-de-la-1-august\/#primaryimage","url":"https:\/\/mhf.ro\/mm\/wp-content\/uploads\/2021\/07\/relaxare.jpg","contentUrl":"https:\/\/mhf.ro\/mm\/wp-content\/uploads\/2021\/07\/relaxare.jpg","width":1200,"height":579},{"@type":"BreadcrumbList","@id":"https:\/\/mhf.ro\/mm\/noi-masuri-de-relaxare-de-la-1-august\/#breadcrumb","itemListElement":[{"@type":"ListItem","position":1,"name":"Prima pagin\u0103","item":"https:\/\/mhf.ro\/mm\/"},{"@type":"ListItem","position":2,"name":"Noi m\u0103suri de relaxare de la 1 august"}]},{"@type":"WebSite","@id":"https:\/\/mhf.ro\/mm\/#website","url":"https:\/\/mhf.ro\/mm\/","name":"MHF Photography \u2013 Blog de fotografie, natur\u0103 \u0219i tehnic\u0103 divers\u0103","description":"Aventur\u0103 \u00een fiecare cadru.","publisher":{"@id":"https:\/\/mhf.ro\/mm\/#\/schema\/person\/a3bebf7bdb4bf12f698aff73c7e46c21"},"potentialAction":[{"@type":"SearchAction","target":{"@type":"EntryPoint","urlTemplate":"https:\/\/mhf.ro\/mm\/?s={search_term_string}"},"query-input":{"@type":"PropertyValueSpecification","valueRequired":true,"valueName":"search_term_string"}}],"inLanguage":"ro-RO"},{"@type":["Person","Organization"],"@id":"https:\/\/mhf.ro\/mm\/#\/schema\/person\/a3bebf7bdb4bf12f698aff73c7e46c21","name":"Marius Marcu","image":{"@type":"ImageObject","inLanguage":"ro-RO","@id":"https:\/\/mhf.ro\/mm\/#\/schema\/person\/image\/","url":"https:\/\/mhf.ro\/mm\/wp-content\/uploads\/2025\/12\/cropped-logo_mhf_2.png","contentUrl":"https:\/\/mhf.ro\/mm\/wp-content\/uploads\/2025\/12\/cropped-logo_mhf_2.png","width":1096,"height":457,"caption":"Marius Marcu"},"logo":{"@id":"https:\/\/mhf.ro\/mm\/#\/schema\/person\/image\/"},"sameAs":["https:\/\/mhf.ro\/mm"],"url":"https:\/\/mhf.ro\/mm\/author\/mihai\/"}]}},"_links":{"self":[{"href":"https:\/\/mhf.ro\/mm\/wp-json\/wp\/v2\/posts\/5065","targetHints":{"allow":["GET"]}}],"collection":[{"href":"https:\/\/mhf.ro\/mm\/wp-json\/wp\/v2\/posts"}],"about":[{"href":"https:\/\/mhf.ro\/mm\/wp-json\/wp\/v2\/types\/post"}],"author":[{"embeddable":true,"href":"https:\/\/mhf.ro\/mm\/wp-json\/wp\/v2\/users\/1"}],"replies":[{"embeddable":true,"href":"https:\/\/mhf.ro\/mm\/wp-json\/wp\/v2\/comments?post=5065"}],"version-history":[{"count":3,"href":"https:\/\/mhf.ro\/mm\/wp-json\/wp\/v2\/posts\/5065\/revisions"}],"predecessor-version":[{"id":5069,"href":"https:\/\/mhf.ro\/mm\/wp-json\/wp\/v2\/posts\/5065\/revisions\/5069"}],"wp:featuredmedia":[{"embeddable":true,"href":"https:\/\/mhf.ro\/mm\/wp-json\/wp\/v2\/media\/5066"}],"wp:attachment":[{"href":"https:\/\/mhf.ro\/mm\/wp-json\/wp\/v2\/media?parent=5065"}],"wp:term":[{"taxonomy":"category","embeddable":true,"href":"https:\/\/mhf.ro\/mm\/wp-json\/wp\/v2\/categories?post=5065"},{"taxonomy":"post_tag","embeddable":true,"href":"https:\/\/mhf.ro\/mm\/wp-json\/wp\/v2\/tags?post=5065"}],"curies":[{"name":"wp","href":"https:\/\/api.w.org\/{rel}","templated":true}]}}