{"id":5086,"date":"2021-08-02T13:40:13","date_gmt":"2021-08-02T11:40:13","guid":{"rendered":"https:\/\/mhf.ro\/mm\/?p=5086"},"modified":"2021-08-07T15:31:35","modified_gmt":"2021-08-07T13:31:35","slug":"5086-2","status":"publish","type":"post","link":"https:\/\/mhf.ro\/mm\/5086-2\/","title":{"rendered":"Petrecere \u00een gar\u0103"},"content":{"rendered":"<p align=\"left\">Un tren care mergea pe ruta Mangalia \u2013 Suceava s-a stricat \u00een gara din Constan\u021ba.\u00a0\u00a0Zeci de tineri, \u00een timp ce a\u0219teptau s\u0103 se repare garnitura \u0219i s\u0103 mearg\u0103 spre cas\u0103, au \u00eencins o petrecere \u00een gar\u0103.<\/p>\n<p align=\"left\"><a href=\"https:\/\/mhf.ro\/mm\/wp-content\/uploads\/2021\/08\/Petrecerea-ncins-de-zeci-de-tineri-n-gar-dup-ce-trenul-Mangalia-Suceava-s-a-stricat-font-color-red-VIDEO-font-.jpg\"><img fetchpriority=\"high\" decoding=\"async\" class=\"alignnone size-medium wp-image-5087\" src=\"https:\/\/mhf.ro\/mm\/wp-content\/uploads\/2021\/08\/Petrecerea-ncins-de-zeci-de-tineri-n-gar-dup-ce-trenul-Mangalia-Suceava-s-a-stricat-font-color-red-VIDEO-font--228x300.jpg\" alt=\"\" width=\"228\" height=\"300\" srcset=\"https:\/\/mhf.ro\/mm\/wp-content\/uploads\/2021\/08\/Petrecerea-ncins-de-zeci-de-tineri-n-gar-dup-ce-trenul-Mangalia-Suceava-s-a-stricat-font-color-red-VIDEO-font--228x300.jpg 228w, https:\/\/mhf.ro\/mm\/wp-content\/uploads\/2021\/08\/Petrecerea-ncins-de-zeci-de-tineri-n-gar-dup-ce-trenul-Mangalia-Suceava-s-a-stricat-font-color-red-VIDEO-font-.jpg 327w\" sizes=\"(max-width: 228px) 100vw, 228px\" \/><\/a><\/p>\n<p align=\"left\">Zeci de trenuri cu \u00eent\u00e2rzieri de sute de minute, 30 de ore \u00een trenul groazei de la Mangalia la Arad, copii \u0219i adul\u021bi bolnavi l\u0103sa\u021bi \u00een tren timp de nou\u0103 ore pe un c\u00e2mp, f\u0103r\u0103 aer condi\u021bionat, f\u0103r\u0103 m\u00e2ncare, f\u0103r\u0103 energie electric\u0103, la peste 40 de grade Celsius \u0219i locomotive care se defecteaz\u0103 \u00een fiecare zi. Acesta este bilan\u021bul CFR C\u0103l\u0103tori, iar \u0219eful CFR C\u0103l\u0103tori Ovidiu Vizante este \u021binut \u00eenc\u0103 \u00een func\u021bie de ministrul Transporturilor C\u0103t\u0103lin Drul\u0103. (conf. Jurnalist.ro)<\/p>\n<blockquote id=\"v43862993179350430\" class=\"tiktok-embed\" cite=\"https:\/\/www.tiktok.com\/@ciofu09\/video\/6991482813400861958\" data-video-id=\"6991482813400861958\"><\/blockquote>\n","protected":false},"excerpt":{"rendered":"<p>Un tren care mergea pe ruta Mangalia \u2013 Suceava s-a stricat \u00een gara din Constan\u021ba.\u00a0\u00a0Zeci de tineri, \u00een timp ce<\/p>\n","protected":false},"author":1,"featured_media":5087,"comment_status":"open","ping_status":"open","sticky":false,"template":"","format":"standard","meta":{"colormag_page_container_layout":"default_layout","colormag_page_sidebar_layout":"default_layout","footnotes":""},"categories":[8],"tags":[],"class_list":["post-5086","post","type-post","status-publish","format-standard","has-post-thumbnail","hentry","category-div"],"yoast_head":"<!-- This site is optimized with the Yoast SEO plugin v27.0 - https:\/\/yoast.com\/product\/yoast-seo-wordpress\/ -->\n<title>Petrecere \u00een gar\u0103 - MHF Photography<\/title>\n<meta name=\"robots\" content=\"index, follow, max-snippet:-1, max-image-preview:large, max-video-preview:-1\" \/>\n<link rel=\"canonical\" href=\"https:\/\/mhf.ro\/mm\/5086-2\/\" \/>\n<meta property=\"og:locale\" content=\"ro_RO\" \/>\n<meta property=\"og:type\" content=\"article\" \/>\n<meta property=\"og:title\" content=\"Petrecere \u00een gar\u0103 - MHF Photography\" \/>\n<meta property=\"og:description\" content=\"Un tren care mergea pe ruta Mangalia \u2013 Suceava s-a stricat \u00een gara din Constan\u021ba.\u00a0\u00a0Zeci de tineri, \u00een timp ce\" \/>\n<meta property=\"og:url\" content=\"https:\/\/mhf.ro\/mm\/5086-2\/\" \/>\n<meta property=\"og:site_name\" content=\"MHF Photography\" \/>\n<meta property=\"article:published_time\" content=\"2021-08-02T11:40:13+00:00\" \/>\n<meta property=\"article:modified_time\" content=\"2021-08-07T13:31:35+00:00\" \/>\n<meta property=\"og:image\" content=\"https:\/\/mhf.ro\/mm\/wp-content\/uploads\/2021\/08\/Petrecerea-ncins-de-zeci-de-tineri-n-gar-dup-ce-trenul-Mangalia-Suceava-s-a-stricat-font-color-red-VIDEO-font-.jpg\" \/>\n\t<meta property=\"og:image:width\" content=\"327\" \/>\n\t<meta property=\"og:image:height\" content=\"431\" \/>\n\t<meta property=\"og:image:type\" content=\"image\/jpeg\" \/>\n<meta name=\"author\" content=\"Marius Marcu\" \/>\n<meta name=\"twitter:card\" content=\"summary_large_image\" \/>\n<meta name=\"twitter:label1\" content=\"Scris de\" \/>\n\t<meta name=\"twitter:data1\" content=\"Marius Marcu\" \/>\n\t<meta name=\"twitter:label2\" content=\"Timp estimat pentru citire\" \/>\n\t<meta name=\"twitter:data2\" content=\"1 minut\" \/>\n<script type=\"application\/ld+json\" class=\"yoast-schema-graph\">{\"@context\":\"https:\/\/schema.org\",\"@graph\":[{\"@type\":\"Article\",\"@id\":\"https:\/\/mhf.ro\/mm\/5086-2\/#article\",\"isPartOf\":{\"@id\":\"https:\/\/mhf.ro\/mm\/5086-2\/\"},\"author\":{\"name\":\"Marius Marcu\",\"@id\":\"https:\/\/mhf.ro\/mm\/#\/schema\/person\/a3bebf7bdb4bf12f698aff73c7e46c21\"},\"headline\":\"Petrecere \u00een gar\u0103\",\"datePublished\":\"2021-08-02T11:40:13+00:00\",\"dateModified\":\"2021-08-07T13:31:35+00:00\",\"mainEntityOfPage\":{\"@id\":\"https:\/\/mhf.ro\/mm\/5086-2\/\"},\"wordCount\":137,\"commentCount\":0,\"publisher\":{\"@id\":\"https:\/\/mhf.ro\/mm\/#\/schema\/person\/a3bebf7bdb4bf12f698aff73c7e46c21\"},\"image\":{\"@id\":\"https:\/\/mhf.ro\/mm\/5086-2\/#primaryimage\"},\"thumbnailUrl\":\"https:\/\/mhf.ro\/mm\/wp-content\/uploads\/2021\/08\/Petrecerea-ncins-de-zeci-de-tineri-n-gar-dup-ce-trenul-Mangalia-Suceava-s-a-stricat-font-color-red-VIDEO-font-.jpg\",\"articleSection\":[\"Diverse\"],\"inLanguage\":\"ro-RO\",\"potentialAction\":[{\"@type\":\"CommentAction\",\"name\":\"Comment\",\"target\":[\"https:\/\/mhf.ro\/mm\/5086-2\/#respond\"]}]},{\"@type\":\"WebPage\",\"@id\":\"https:\/\/mhf.ro\/mm\/5086-2\/\",\"url\":\"https:\/\/mhf.ro\/mm\/5086-2\/\",\"name\":\"Petrecere \u00een gar\u0103 - MHF Photography\",\"isPartOf\":{\"@id\":\"https:\/\/mhf.ro\/mm\/#website\"},\"primaryImageOfPage\":{\"@id\":\"https:\/\/mhf.ro\/mm\/5086-2\/#primaryimage\"},\"image\":{\"@id\":\"https:\/\/mhf.ro\/mm\/5086-2\/#primaryimage\"},\"thumbnailUrl\":\"https:\/\/mhf.ro\/mm\/wp-content\/uploads\/2021\/08\/Petrecerea-ncins-de-zeci-de-tineri-n-gar-dup-ce-trenul-Mangalia-Suceava-s-a-stricat-font-color-red-VIDEO-font-.jpg\",\"datePublished\":\"2021-08-02T11:40:13+00:00\",\"dateModified\":\"2021-08-07T13:31:35+00:00\",\"breadcrumb\":{\"@id\":\"https:\/\/mhf.ro\/mm\/5086-2\/#breadcrumb\"},\"inLanguage\":\"ro-RO\",\"potentialAction\":[{\"@type\":\"ReadAction\",\"target\":[\"https:\/\/mhf.ro\/mm\/5086-2\/\"]}]},{\"@type\":\"ImageObject\",\"inLanguage\":\"ro-RO\",\"@id\":\"https:\/\/mhf.ro\/mm\/5086-2\/#primaryimage\",\"url\":\"https:\/\/mhf.ro\/mm\/wp-content\/uploads\/2021\/08\/Petrecerea-ncins-de-zeci-de-tineri-n-gar-dup-ce-trenul-Mangalia-Suceava-s-a-stricat-font-color-red-VIDEO-font-.jpg\",\"contentUrl\":\"https:\/\/mhf.ro\/mm\/wp-content\/uploads\/2021\/08\/Petrecerea-ncins-de-zeci-de-tineri-n-gar-dup-ce-trenul-Mangalia-Suceava-s-a-stricat-font-color-red-VIDEO-font-.jpg\",\"width\":327,\"height\":431},{\"@type\":\"BreadcrumbList\",\"@id\":\"https:\/\/mhf.ro\/mm\/5086-2\/#breadcrumb\",\"itemListElement\":[{\"@type\":\"ListItem\",\"position\":1,\"name\":\"Prima pagin\u0103\",\"item\":\"https:\/\/mhf.ro\/mm\/\"},{\"@type\":\"ListItem\",\"position\":2,\"name\":\"Petrecere \u00een gar\u0103\"}]},{\"@type\":\"WebSite\",\"@id\":\"https:\/\/mhf.ro\/mm\/#website\",\"url\":\"https:\/\/mhf.ro\/mm\/\",\"name\":\"MHF Photography \u2013 Blog de fotografie, natur\u0103 \u0219i tehnic\u0103 divers\u0103\",\"description\":\"Aventur\u0103 \u00een fiecare cadru.\",\"publisher\":{\"@id\":\"https:\/\/mhf.ro\/mm\/#\/schema\/person\/a3bebf7bdb4bf12f698aff73c7e46c21\"},\"potentialAction\":[{\"@type\":\"SearchAction\",\"target\":{\"@type\":\"EntryPoint\",\"urlTemplate\":\"https:\/\/mhf.ro\/mm\/?s={search_term_string}\"},\"query-input\":{\"@type\":\"PropertyValueSpecification\",\"valueRequired\":true,\"valueName\":\"search_term_string\"}}],\"inLanguage\":\"ro-RO\"},{\"@type\":[\"Person\",\"Organization\"],\"@id\":\"https:\/\/mhf.ro\/mm\/#\/schema\/person\/a3bebf7bdb4bf12f698aff73c7e46c21\",\"name\":\"Marius Marcu\",\"image\":{\"@type\":\"ImageObject\",\"inLanguage\":\"ro-RO\",\"@id\":\"https:\/\/mhf.ro\/mm\/#\/schema\/person\/image\/\",\"url\":\"https:\/\/mhf.ro\/mm\/wp-content\/uploads\/2025\/12\/cropped-logo_mhf_2.png\",\"contentUrl\":\"https:\/\/mhf.ro\/mm\/wp-content\/uploads\/2025\/12\/cropped-logo_mhf_2.png\",\"width\":1096,\"height\":457,\"caption\":\"Marius Marcu\"},\"logo\":{\"@id\":\"https:\/\/mhf.ro\/mm\/#\/schema\/person\/image\/\"},\"sameAs\":[\"https:\/\/mhf.ro\/mm\"],\"url\":\"https:\/\/mhf.ro\/mm\/author\/mihai\/\"}]}<\/script>\n<!-- \/ Yoast SEO plugin. -->","yoast_head_json":{"title":"Petrecere \u00een gar\u0103 - MHF Photography","robots":{"index":"index","follow":"follow","max-snippet":"max-snippet:-1","max-image-preview":"max-image-preview:large","max-video-preview":"max-video-preview:-1"},"canonical":"https:\/\/mhf.ro\/mm\/5086-2\/","og_locale":"ro_RO","og_type":"article","og_title":"Petrecere \u00een gar\u0103 - MHF Photography","og_description":"Un tren care mergea pe ruta Mangalia \u2013 Suceava s-a stricat \u00een gara din Constan\u021ba.\u00a0\u00a0Zeci de tineri, \u00een timp ce","og_url":"https:\/\/mhf.ro\/mm\/5086-2\/","og_site_name":"MHF Photography","article_published_time":"2021-08-02T11:40:13+00:00","article_modified_time":"2021-08-07T13:31:35+00:00","og_image":[{"width":327,"height":431,"url":"https:\/\/mhf.ro\/mm\/wp-content\/uploads\/2021\/08\/Petrecerea-ncins-de-zeci-de-tineri-n-gar-dup-ce-trenul-Mangalia-Suceava-s-a-stricat-font-color-red-VIDEO-font-.jpg","type":"image\/jpeg"}],"author":"Marius Marcu","twitter_card":"summary_large_image","twitter_misc":{"Scris de":"Marius Marcu","Timp estimat pentru citire":"1 minut"},"schema":{"@context":"https:\/\/schema.org","@graph":[{"@type":"Article","@id":"https:\/\/mhf.ro\/mm\/5086-2\/#article","isPartOf":{"@id":"https:\/\/mhf.ro\/mm\/5086-2\/"},"author":{"name":"Marius Marcu","@id":"https:\/\/mhf.ro\/mm\/#\/schema\/person\/a3bebf7bdb4bf12f698aff73c7e46c21"},"headline":"Petrecere \u00een gar\u0103","datePublished":"2021-08-02T11:40:13+00:00","dateModified":"2021-08-07T13:31:35+00:00","mainEntityOfPage":{"@id":"https:\/\/mhf.ro\/mm\/5086-2\/"},"wordCount":137,"commentCount":0,"publisher":{"@id":"https:\/\/mhf.ro\/mm\/#\/schema\/person\/a3bebf7bdb4bf12f698aff73c7e46c21"},"image":{"@id":"https:\/\/mhf.ro\/mm\/5086-2\/#primaryimage"},"thumbnailUrl":"https:\/\/mhf.ro\/mm\/wp-content\/uploads\/2021\/08\/Petrecerea-ncins-de-zeci-de-tineri-n-gar-dup-ce-trenul-Mangalia-Suceava-s-a-stricat-font-color-red-VIDEO-font-.jpg","articleSection":["Diverse"],"inLanguage":"ro-RO","potentialAction":[{"@type":"CommentAction","name":"Comment","target":["https:\/\/mhf.ro\/mm\/5086-2\/#respond"]}]},{"@type":"WebPage","@id":"https:\/\/mhf.ro\/mm\/5086-2\/","url":"https:\/\/mhf.ro\/mm\/5086-2\/","name":"Petrecere \u00een gar\u0103 - MHF Photography","isPartOf":{"@id":"https:\/\/mhf.ro\/mm\/#website"},"primaryImageOfPage":{"@id":"https:\/\/mhf.ro\/mm\/5086-2\/#primaryimage"},"image":{"@id":"https:\/\/mhf.ro\/mm\/5086-2\/#primaryimage"},"thumbnailUrl":"https:\/\/mhf.ro\/mm\/wp-content\/uploads\/2021\/08\/Petrecerea-ncins-de-zeci-de-tineri-n-gar-dup-ce-trenul-Mangalia-Suceava-s-a-stricat-font-color-red-VIDEO-font-.jpg","datePublished":"2021-08-02T11:40:13+00:00","dateModified":"2021-08-07T13:31:35+00:00","breadcrumb":{"@id":"https:\/\/mhf.ro\/mm\/5086-2\/#breadcrumb"},"inLanguage":"ro-RO","potentialAction":[{"@type":"ReadAction","target":["https:\/\/mhf.ro\/mm\/5086-2\/"]}]},{"@type":"ImageObject","inLanguage":"ro-RO","@id":"https:\/\/mhf.ro\/mm\/5086-2\/#primaryimage","url":"https:\/\/mhf.ro\/mm\/wp-content\/uploads\/2021\/08\/Petrecerea-ncins-de-zeci-de-tineri-n-gar-dup-ce-trenul-Mangalia-Suceava-s-a-stricat-font-color-red-VIDEO-font-.jpg","contentUrl":"https:\/\/mhf.ro\/mm\/wp-content\/uploads\/2021\/08\/Petrecerea-ncins-de-zeci-de-tineri-n-gar-dup-ce-trenul-Mangalia-Suceava-s-a-stricat-font-color-red-VIDEO-font-.jpg","width":327,"height":431},{"@type":"BreadcrumbList","@id":"https:\/\/mhf.ro\/mm\/5086-2\/#breadcrumb","itemListElement":[{"@type":"ListItem","position":1,"name":"Prima pagin\u0103","item":"https:\/\/mhf.ro\/mm\/"},{"@type":"ListItem","position":2,"name":"Petrecere \u00een gar\u0103"}]},{"@type":"WebSite","@id":"https:\/\/mhf.ro\/mm\/#website","url":"https:\/\/mhf.ro\/mm\/","name":"MHF Photography \u2013 Blog de fotografie, natur\u0103 \u0219i tehnic\u0103 divers\u0103","description":"Aventur\u0103 \u00een fiecare cadru.","publisher":{"@id":"https:\/\/mhf.ro\/mm\/#\/schema\/person\/a3bebf7bdb4bf12f698aff73c7e46c21"},"potentialAction":[{"@type":"SearchAction","target":{"@type":"EntryPoint","urlTemplate":"https:\/\/mhf.ro\/mm\/?s={search_term_string}"},"query-input":{"@type":"PropertyValueSpecification","valueRequired":true,"valueName":"search_term_string"}}],"inLanguage":"ro-RO"},{"@type":["Person","Organization"],"@id":"https:\/\/mhf.ro\/mm\/#\/schema\/person\/a3bebf7bdb4bf12f698aff73c7e46c21","name":"Marius Marcu","image":{"@type":"ImageObject","inLanguage":"ro-RO","@id":"https:\/\/mhf.ro\/mm\/#\/schema\/person\/image\/","url":"https:\/\/mhf.ro\/mm\/wp-content\/uploads\/2025\/12\/cropped-logo_mhf_2.png","contentUrl":"https:\/\/mhf.ro\/mm\/wp-content\/uploads\/2025\/12\/cropped-logo_mhf_2.png","width":1096,"height":457,"caption":"Marius Marcu"},"logo":{"@id":"https:\/\/mhf.ro\/mm\/#\/schema\/person\/image\/"},"sameAs":["https:\/\/mhf.ro\/mm"],"url":"https:\/\/mhf.ro\/mm\/author\/mihai\/"}]}},"_links":{"self":[{"href":"https:\/\/mhf.ro\/mm\/wp-json\/wp\/v2\/posts\/5086","targetHints":{"allow":["GET"]}}],"collection":[{"href":"https:\/\/mhf.ro\/mm\/wp-json\/wp\/v2\/posts"}],"about":[{"href":"https:\/\/mhf.ro\/mm\/wp-json\/wp\/v2\/types\/post"}],"author":[{"embeddable":true,"href":"https:\/\/mhf.ro\/mm\/wp-json\/wp\/v2\/users\/1"}],"replies":[{"embeddable":true,"href":"https:\/\/mhf.ro\/mm\/wp-json\/wp\/v2\/comments?post=5086"}],"version-history":[{"count":2,"href":"https:\/\/mhf.ro\/mm\/wp-json\/wp\/v2\/posts\/5086\/revisions"}],"predecessor-version":[{"id":5096,"href":"https:\/\/mhf.ro\/mm\/wp-json\/wp\/v2\/posts\/5086\/revisions\/5096"}],"wp:featuredmedia":[{"embeddable":true,"href":"https:\/\/mhf.ro\/mm\/wp-json\/wp\/v2\/media\/5087"}],"wp:attachment":[{"href":"https:\/\/mhf.ro\/mm\/wp-json\/wp\/v2\/media?parent=5086"}],"wp:term":[{"taxonomy":"category","embeddable":true,"href":"https:\/\/mhf.ro\/mm\/wp-json\/wp\/v2\/categories?post=5086"},{"taxonomy":"post_tag","embeddable":true,"href":"https:\/\/mhf.ro\/mm\/wp-json\/wp\/v2\/tags?post=5086"}],"curies":[{"name":"wp","href":"https:\/\/api.w.org\/{rel}","templated":true}]}}