{"id":5097,"date":"2021-08-07T15:35:21","date_gmt":"2021-08-07T13:35:21","guid":{"rendered":"https:\/\/mhf.ro\/mm\/?p=5097"},"modified":"2021-08-07T15:35:21","modified_gmt":"2021-08-07T13:35:21","slug":"noi-concedieri-in-randul-bugetarilor","status":"publish","type":"post","link":"https:\/\/mhf.ro\/mm\/noi-concedieri-in-randul-bugetarilor\/","title":{"rendered":"Noi concedieri \u00een r\u00e2ndul bugetarilor"},"content":{"rendered":"<p><strong>Ministrul Economiei, Antreprenoriatului \u015fi Turismului, Claudiu N\u0103sui, a scris pe Facebook vineri c\u0103 Rom\u00e2nia are nevoie ca de aer de mai mult\u0103 eficien\u0163\u0103 \u00een stat. Tot el a mai spus c\u0103 banii contribuabililor trebuie economisi\u0163i \u015fi cheltui\u0163i cu maxim\u0103 responsabilitate.<\/strong><\/p>\n<p>\u201eGuvernarea nu trebuie s\u0103 fie o curs\u0103 \u00een care s\u0103 fie considerat c\u00e2\u015ftig\u0103tor cine cheltuie cel mai rapid banii contribuabililor. Rom\u00e2nia are nevoie ca de aer de mai mult\u0103 eficien\u0163\u0103 \u00een stat, de institu\u0163ii mai pu\u0163ine \u015fi mai suple, iar banii contribuabililor trebuie mai degrab\u0103 economisi\u0163i \u015fi cheltui\u0163i cu maxim\u0103 responsabilitate\u201d.<\/p>\n<p>Claudiu N\u0103sui a mai declarat c\u0103, \u201evizavi de execu\u0163ie, niciodat\u0103 ministerul Economiei nu a pus mai mul\u0163i bani \u00een pia\u0163\u0103 cum a pus anul acesta\u201d.<\/p>\n<p>\u201eCu toate problemele \u00eent\u00e2mpinate, am reu\u015fit s\u0103 debloc\u0103m tran\u015fe de fonduri \u015fi s\u0103 d\u0103m miliarde de lei firmelor din economia real\u0103. \u00cen fapt, \u00een primul semestru al anului, ministerul economiei a trimis mai mul\u0163i bani \u00een economie dec\u00e2t \u00een ultimii 4 ani \u00eempreun\u0103. Este un record istoric\u201d.<\/p>\n<p>Tot acesta a mai spus c\u0103 acum cheltuielile cu func\u0163ionarea ministerului au fost reduse masiv.<\/p>\n<p>\u201eMai mult, ne-am ocupat \u015fi de optimizarea cheltuielilor, eliminarea risipei, desfiin\u0163area sinecurilor \u015fi oprirea programelor ministerului care finan\u0163au de zeci de ani cercuri restr\u00e2nse de interese, bran\u015fate, departe de ochiul public, la banii contribuabililor. Nu \u00een ultimul r\u00e2nd, am redus masiv cheltuielile cu func\u0163ionarea proprie a ministerului, execut\u00e2nd circa jum\u0103tate din banii programa\u0163i pentru acest capitol. Rom\u00e2nia are nevoie de un stat mai mic, care s\u0103 ne lase mai mul\u0163i bani din munca noastr\u0103 \u00een buzunar\u201d, a mai declarat Claudiu N\u0103sui. (conf. Jurnalist.ro)<\/p>\n","protected":false},"excerpt":{"rendered":"<p>Ministrul Economiei, Antreprenoriatului \u015fi Turismului, Claudiu N\u0103sui, a scris pe Facebook vineri c\u0103 Rom\u00e2nia are nevoie ca de aer de<\/p>\n","protected":false},"author":1,"featured_media":5098,"comment_status":"open","ping_status":"open","sticky":false,"template":"","format":"standard","meta":{"colormag_page_container_layout":"default_layout","colormag_page_sidebar_layout":"default_layout","footnotes":""},"categories":[8],"tags":[],"class_list":["post-5097","post","type-post","status-publish","format-standard","has-post-thumbnail","hentry","category-div"],"yoast_head":"<!-- This site is optimized with the Yoast SEO plugin v27.0 - https:\/\/yoast.com\/product\/yoast-seo-wordpress\/ -->\n<title>Noi concedieri \u00een r\u00e2ndul bugetarilor - MHF Photography<\/title>\n<meta name=\"robots\" content=\"index, follow, max-snippet:-1, max-image-preview:large, max-video-preview:-1\" \/>\n<link rel=\"canonical\" href=\"https:\/\/mhf.ro\/mm\/noi-concedieri-in-randul-bugetarilor\/\" \/>\n<meta property=\"og:locale\" content=\"ro_RO\" \/>\n<meta property=\"og:type\" content=\"article\" \/>\n<meta property=\"og:title\" content=\"Noi concedieri \u00een r\u00e2ndul bugetarilor - MHF Photography\" \/>\n<meta property=\"og:description\" content=\"Ministrul Economiei, Antreprenoriatului \u015fi Turismului, Claudiu N\u0103sui, a scris pe Facebook vineri c\u0103 Rom\u00e2nia are nevoie ca de aer de\" \/>\n<meta property=\"og:url\" content=\"https:\/\/mhf.ro\/mm\/noi-concedieri-in-randul-bugetarilor\/\" \/>\n<meta property=\"og:site_name\" content=\"MHF Photography\" \/>\n<meta property=\"article:published_time\" content=\"2021-08-07T13:35:21+00:00\" \/>\n<meta property=\"og:image\" content=\"https:\/\/mhf.ro\/mm\/wp-content\/uploads\/2021\/08\/claudiu-nasui.jpg\" \/>\n\t<meta property=\"og:image:width\" content=\"800\" \/>\n\t<meta property=\"og:image:height\" content=\"450\" \/>\n\t<meta property=\"og:image:type\" content=\"image\/jpeg\" \/>\n<meta name=\"author\" content=\"Marius Marcu\" \/>\n<meta name=\"twitter:card\" content=\"summary_large_image\" \/>\n<meta name=\"twitter:label1\" content=\"Scris de\" \/>\n\t<meta name=\"twitter:data1\" content=\"Marius Marcu\" \/>\n\t<meta name=\"twitter:label2\" content=\"Timp estimat pentru citire\" \/>\n\t<meta name=\"twitter:data2\" content=\"2 minute\" \/>\n<script type=\"application\/ld+json\" class=\"yoast-schema-graph\">{\"@context\":\"https:\/\/schema.org\",\"@graph\":[{\"@type\":\"Article\",\"@id\":\"https:\/\/mhf.ro\/mm\/noi-concedieri-in-randul-bugetarilor\/#article\",\"isPartOf\":{\"@id\":\"https:\/\/mhf.ro\/mm\/noi-concedieri-in-randul-bugetarilor\/\"},\"author\":{\"name\":\"Marius Marcu\",\"@id\":\"https:\/\/mhf.ro\/mm\/#\/schema\/person\/a3bebf7bdb4bf12f698aff73c7e46c21\"},\"headline\":\"Noi concedieri \u00een r\u00e2ndul bugetarilor\",\"datePublished\":\"2021-08-07T13:35:21+00:00\",\"mainEntityOfPage\":{\"@id\":\"https:\/\/mhf.ro\/mm\/noi-concedieri-in-randul-bugetarilor\/\"},\"wordCount\":301,\"commentCount\":0,\"publisher\":{\"@id\":\"https:\/\/mhf.ro\/mm\/#\/schema\/person\/a3bebf7bdb4bf12f698aff73c7e46c21\"},\"image\":{\"@id\":\"https:\/\/mhf.ro\/mm\/noi-concedieri-in-randul-bugetarilor\/#primaryimage\"},\"thumbnailUrl\":\"https:\/\/mhf.ro\/mm\/wp-content\/uploads\/2021\/08\/claudiu-nasui.jpg\",\"articleSection\":[\"Diverse\"],\"inLanguage\":\"ro-RO\",\"potentialAction\":[{\"@type\":\"CommentAction\",\"name\":\"Comment\",\"target\":[\"https:\/\/mhf.ro\/mm\/noi-concedieri-in-randul-bugetarilor\/#respond\"]}]},{\"@type\":\"WebPage\",\"@id\":\"https:\/\/mhf.ro\/mm\/noi-concedieri-in-randul-bugetarilor\/\",\"url\":\"https:\/\/mhf.ro\/mm\/noi-concedieri-in-randul-bugetarilor\/\",\"name\":\"Noi concedieri \u00een r\u00e2ndul bugetarilor - MHF Photography\",\"isPartOf\":{\"@id\":\"https:\/\/mhf.ro\/mm\/#website\"},\"primaryImageOfPage\":{\"@id\":\"https:\/\/mhf.ro\/mm\/noi-concedieri-in-randul-bugetarilor\/#primaryimage\"},\"image\":{\"@id\":\"https:\/\/mhf.ro\/mm\/noi-concedieri-in-randul-bugetarilor\/#primaryimage\"},\"thumbnailUrl\":\"https:\/\/mhf.ro\/mm\/wp-content\/uploads\/2021\/08\/claudiu-nasui.jpg\",\"datePublished\":\"2021-08-07T13:35:21+00:00\",\"breadcrumb\":{\"@id\":\"https:\/\/mhf.ro\/mm\/noi-concedieri-in-randul-bugetarilor\/#breadcrumb\"},\"inLanguage\":\"ro-RO\",\"potentialAction\":[{\"@type\":\"ReadAction\",\"target\":[\"https:\/\/mhf.ro\/mm\/noi-concedieri-in-randul-bugetarilor\/\"]}]},{\"@type\":\"ImageObject\",\"inLanguage\":\"ro-RO\",\"@id\":\"https:\/\/mhf.ro\/mm\/noi-concedieri-in-randul-bugetarilor\/#primaryimage\",\"url\":\"https:\/\/mhf.ro\/mm\/wp-content\/uploads\/2021\/08\/claudiu-nasui.jpg\",\"contentUrl\":\"https:\/\/mhf.ro\/mm\/wp-content\/uploads\/2021\/08\/claudiu-nasui.jpg\",\"width\":800,\"height\":450},{\"@type\":\"BreadcrumbList\",\"@id\":\"https:\/\/mhf.ro\/mm\/noi-concedieri-in-randul-bugetarilor\/#breadcrumb\",\"itemListElement\":[{\"@type\":\"ListItem\",\"position\":1,\"name\":\"Prima pagin\u0103\",\"item\":\"https:\/\/mhf.ro\/mm\/\"},{\"@type\":\"ListItem\",\"position\":2,\"name\":\"Noi concedieri \u00een r\u00e2ndul bugetarilor\"}]},{\"@type\":\"WebSite\",\"@id\":\"https:\/\/mhf.ro\/mm\/#website\",\"url\":\"https:\/\/mhf.ro\/mm\/\",\"name\":\"MHF Photography \u2013 Blog de fotografie, natur\u0103 \u0219i tehnic\u0103 divers\u0103\",\"description\":\"Aventur\u0103 \u00een fiecare cadru.\",\"publisher\":{\"@id\":\"https:\/\/mhf.ro\/mm\/#\/schema\/person\/a3bebf7bdb4bf12f698aff73c7e46c21\"},\"potentialAction\":[{\"@type\":\"SearchAction\",\"target\":{\"@type\":\"EntryPoint\",\"urlTemplate\":\"https:\/\/mhf.ro\/mm\/?s={search_term_string}\"},\"query-input\":{\"@type\":\"PropertyValueSpecification\",\"valueRequired\":true,\"valueName\":\"search_term_string\"}}],\"inLanguage\":\"ro-RO\"},{\"@type\":[\"Person\",\"Organization\"],\"@id\":\"https:\/\/mhf.ro\/mm\/#\/schema\/person\/a3bebf7bdb4bf12f698aff73c7e46c21\",\"name\":\"Marius Marcu\",\"image\":{\"@type\":\"ImageObject\",\"inLanguage\":\"ro-RO\",\"@id\":\"https:\/\/mhf.ro\/mm\/#\/schema\/person\/image\/\",\"url\":\"https:\/\/mhf.ro\/mm\/wp-content\/uploads\/2025\/12\/cropped-logo_mhf_2.png\",\"contentUrl\":\"https:\/\/mhf.ro\/mm\/wp-content\/uploads\/2025\/12\/cropped-logo_mhf_2.png\",\"width\":1096,\"height\":457,\"caption\":\"Marius Marcu\"},\"logo\":{\"@id\":\"https:\/\/mhf.ro\/mm\/#\/schema\/person\/image\/\"},\"sameAs\":[\"https:\/\/mhf.ro\/mm\"],\"url\":\"https:\/\/mhf.ro\/mm\/author\/mihai\/\"}]}<\/script>\n<!-- \/ Yoast SEO plugin. -->","yoast_head_json":{"title":"Noi concedieri \u00een r\u00e2ndul bugetarilor - MHF Photography","robots":{"index":"index","follow":"follow","max-snippet":"max-snippet:-1","max-image-preview":"max-image-preview:large","max-video-preview":"max-video-preview:-1"},"canonical":"https:\/\/mhf.ro\/mm\/noi-concedieri-in-randul-bugetarilor\/","og_locale":"ro_RO","og_type":"article","og_title":"Noi concedieri \u00een r\u00e2ndul bugetarilor - MHF Photography","og_description":"Ministrul Economiei, Antreprenoriatului \u015fi Turismului, Claudiu N\u0103sui, a scris pe Facebook vineri c\u0103 Rom\u00e2nia are nevoie ca de aer de","og_url":"https:\/\/mhf.ro\/mm\/noi-concedieri-in-randul-bugetarilor\/","og_site_name":"MHF Photography","article_published_time":"2021-08-07T13:35:21+00:00","og_image":[{"width":800,"height":450,"url":"https:\/\/mhf.ro\/mm\/wp-content\/uploads\/2021\/08\/claudiu-nasui.jpg","type":"image\/jpeg"}],"author":"Marius Marcu","twitter_card":"summary_large_image","twitter_misc":{"Scris de":"Marius Marcu","Timp estimat pentru citire":"2 minute"},"schema":{"@context":"https:\/\/schema.org","@graph":[{"@type":"Article","@id":"https:\/\/mhf.ro\/mm\/noi-concedieri-in-randul-bugetarilor\/#article","isPartOf":{"@id":"https:\/\/mhf.ro\/mm\/noi-concedieri-in-randul-bugetarilor\/"},"author":{"name":"Marius Marcu","@id":"https:\/\/mhf.ro\/mm\/#\/schema\/person\/a3bebf7bdb4bf12f698aff73c7e46c21"},"headline":"Noi concedieri \u00een r\u00e2ndul bugetarilor","datePublished":"2021-08-07T13:35:21+00:00","mainEntityOfPage":{"@id":"https:\/\/mhf.ro\/mm\/noi-concedieri-in-randul-bugetarilor\/"},"wordCount":301,"commentCount":0,"publisher":{"@id":"https:\/\/mhf.ro\/mm\/#\/schema\/person\/a3bebf7bdb4bf12f698aff73c7e46c21"},"image":{"@id":"https:\/\/mhf.ro\/mm\/noi-concedieri-in-randul-bugetarilor\/#primaryimage"},"thumbnailUrl":"https:\/\/mhf.ro\/mm\/wp-content\/uploads\/2021\/08\/claudiu-nasui.jpg","articleSection":["Diverse"],"inLanguage":"ro-RO","potentialAction":[{"@type":"CommentAction","name":"Comment","target":["https:\/\/mhf.ro\/mm\/noi-concedieri-in-randul-bugetarilor\/#respond"]}]},{"@type":"WebPage","@id":"https:\/\/mhf.ro\/mm\/noi-concedieri-in-randul-bugetarilor\/","url":"https:\/\/mhf.ro\/mm\/noi-concedieri-in-randul-bugetarilor\/","name":"Noi concedieri \u00een r\u00e2ndul bugetarilor - MHF Photography","isPartOf":{"@id":"https:\/\/mhf.ro\/mm\/#website"},"primaryImageOfPage":{"@id":"https:\/\/mhf.ro\/mm\/noi-concedieri-in-randul-bugetarilor\/#primaryimage"},"image":{"@id":"https:\/\/mhf.ro\/mm\/noi-concedieri-in-randul-bugetarilor\/#primaryimage"},"thumbnailUrl":"https:\/\/mhf.ro\/mm\/wp-content\/uploads\/2021\/08\/claudiu-nasui.jpg","datePublished":"2021-08-07T13:35:21+00:00","breadcrumb":{"@id":"https:\/\/mhf.ro\/mm\/noi-concedieri-in-randul-bugetarilor\/#breadcrumb"},"inLanguage":"ro-RO","potentialAction":[{"@type":"ReadAction","target":["https:\/\/mhf.ro\/mm\/noi-concedieri-in-randul-bugetarilor\/"]}]},{"@type":"ImageObject","inLanguage":"ro-RO","@id":"https:\/\/mhf.ro\/mm\/noi-concedieri-in-randul-bugetarilor\/#primaryimage","url":"https:\/\/mhf.ro\/mm\/wp-content\/uploads\/2021\/08\/claudiu-nasui.jpg","contentUrl":"https:\/\/mhf.ro\/mm\/wp-content\/uploads\/2021\/08\/claudiu-nasui.jpg","width":800,"height":450},{"@type":"BreadcrumbList","@id":"https:\/\/mhf.ro\/mm\/noi-concedieri-in-randul-bugetarilor\/#breadcrumb","itemListElement":[{"@type":"ListItem","position":1,"name":"Prima pagin\u0103","item":"https:\/\/mhf.ro\/mm\/"},{"@type":"ListItem","position":2,"name":"Noi concedieri \u00een r\u00e2ndul bugetarilor"}]},{"@type":"WebSite","@id":"https:\/\/mhf.ro\/mm\/#website","url":"https:\/\/mhf.ro\/mm\/","name":"MHF Photography \u2013 Blog de fotografie, natur\u0103 \u0219i tehnic\u0103 divers\u0103","description":"Aventur\u0103 \u00een fiecare cadru.","publisher":{"@id":"https:\/\/mhf.ro\/mm\/#\/schema\/person\/a3bebf7bdb4bf12f698aff73c7e46c21"},"potentialAction":[{"@type":"SearchAction","target":{"@type":"EntryPoint","urlTemplate":"https:\/\/mhf.ro\/mm\/?s={search_term_string}"},"query-input":{"@type":"PropertyValueSpecification","valueRequired":true,"valueName":"search_term_string"}}],"inLanguage":"ro-RO"},{"@type":["Person","Organization"],"@id":"https:\/\/mhf.ro\/mm\/#\/schema\/person\/a3bebf7bdb4bf12f698aff73c7e46c21","name":"Marius Marcu","image":{"@type":"ImageObject","inLanguage":"ro-RO","@id":"https:\/\/mhf.ro\/mm\/#\/schema\/person\/image\/","url":"https:\/\/mhf.ro\/mm\/wp-content\/uploads\/2025\/12\/cropped-logo_mhf_2.png","contentUrl":"https:\/\/mhf.ro\/mm\/wp-content\/uploads\/2025\/12\/cropped-logo_mhf_2.png","width":1096,"height":457,"caption":"Marius Marcu"},"logo":{"@id":"https:\/\/mhf.ro\/mm\/#\/schema\/person\/image\/"},"sameAs":["https:\/\/mhf.ro\/mm"],"url":"https:\/\/mhf.ro\/mm\/author\/mihai\/"}]}},"_links":{"self":[{"href":"https:\/\/mhf.ro\/mm\/wp-json\/wp\/v2\/posts\/5097","targetHints":{"allow":["GET"]}}],"collection":[{"href":"https:\/\/mhf.ro\/mm\/wp-json\/wp\/v2\/posts"}],"about":[{"href":"https:\/\/mhf.ro\/mm\/wp-json\/wp\/v2\/types\/post"}],"author":[{"embeddable":true,"href":"https:\/\/mhf.ro\/mm\/wp-json\/wp\/v2\/users\/1"}],"replies":[{"embeddable":true,"href":"https:\/\/mhf.ro\/mm\/wp-json\/wp\/v2\/comments?post=5097"}],"version-history":[{"count":1,"href":"https:\/\/mhf.ro\/mm\/wp-json\/wp\/v2\/posts\/5097\/revisions"}],"predecessor-version":[{"id":5099,"href":"https:\/\/mhf.ro\/mm\/wp-json\/wp\/v2\/posts\/5097\/revisions\/5099"}],"wp:featuredmedia":[{"embeddable":true,"href":"https:\/\/mhf.ro\/mm\/wp-json\/wp\/v2\/media\/5098"}],"wp:attachment":[{"href":"https:\/\/mhf.ro\/mm\/wp-json\/wp\/v2\/media?parent=5097"}],"wp:term":[{"taxonomy":"category","embeddable":true,"href":"https:\/\/mhf.ro\/mm\/wp-json\/wp\/v2\/categories?post=5097"},{"taxonomy":"post_tag","embeddable":true,"href":"https:\/\/mhf.ro\/mm\/wp-json\/wp\/v2\/tags?post=5097"}],"curies":[{"name":"wp","href":"https:\/\/api.w.org\/{rel}","templated":true}]}}