{"id":5105,"date":"2021-08-11T14:39:40","date_gmt":"2021-08-11T12:39:40","guid":{"rendered":"https:\/\/mhf.ro\/mm\/?p=5105"},"modified":"2021-08-11T14:41:08","modified_gmt":"2021-08-11T12:41:08","slug":"florin-citu-incarcerat-in-sua","status":"publish","type":"post","link":"https:\/\/mhf.ro\/mm\/florin-citu-incarcerat-in-sua\/","title":{"rendered":"Florin C\u00ee\u0163u, \u00eencarcerat \u00een SUA"},"content":{"rendered":"<p>Premierul Florin C\u00ee\u0163u a admis, miercuri, c\u0103 \u00een urm\u0103 cu 20 de ani a fost \u00eencarcerat dou\u0103 zile \u00een SUA pentru c\u0103 a condus sub influen\u0163a alcoolului.<\/p>\n<p>\u201eAcum 20 de ani am condus sub influen\u021ba alcoolului, am f\u0103cut o gre\u0219eal\u0103 acum 20 de ani\u201d, a spus C\u00ee\u021bu, miercuri.<\/p>\n<p>C\u00ee\u021bu este mirat c\u0103 informa\u021bia a ap\u0103rut abia acum: \u201eAm pl\u0103tit amenda respectiv\u0103, una foarte mare. Am f\u0103cut o gre\u015feal\u0103 acum 20 de ani. E interesant c\u0103 apare aceast\u0103 informa\u0163ie acum c\u00e2nd este competi\u0163ia intern\u0103 PNL\u201d.<\/p>\n<p>Un document din martie 2000, prezentat de flux24.ro, arat\u0103 c\u0103 actualul premier Florin C\u00ee\u0163u ar fi fost \u00eencarcerat 2 zile \u00een SUA. Pentru condus sub influen\u021ba alcoolului sau drogurilor\/legisla\u0163ia american\u0103 nu face diferen\u0163\u0103 \u00eentre ele. Conform documentului Cur\u021bii de Justi\u021bie din Iowa, Florin Vasile C\u00ee\u0163u ar fi fost re\u021binut 2 zile \u00een anul 2000 \u015fi a primit \u015fi o amend\u0103 de 1000 de dolari americani. (conf. Jurnalist.ro)<\/p>\n","protected":false},"excerpt":{"rendered":"<p>Premierul Florin C\u00ee\u0163u a admis, miercuri, c\u0103 \u00een urm\u0103 cu 20 de ani a fost \u00eencarcerat dou\u0103 zile \u00een SUA<\/p>\n","protected":false},"author":1,"featured_media":5106,"comment_status":"open","ping_status":"open","sticky":false,"template":"","format":"standard","meta":{"colormag_page_container_layout":"default_layout","colormag_page_sidebar_layout":"default_layout","footnotes":""},"categories":[5],"tags":[],"class_list":["post-5105","post","type-post","status-publish","format-standard","has-post-thumbnail","hentry","category-locale"],"yoast_head":"<!-- This site is optimized with the Yoast SEO plugin v27.0 - https:\/\/yoast.com\/product\/yoast-seo-wordpress\/ -->\n<title>Florin C\u00ee\u0163u, \u00eencarcerat \u00een SUA - MHF Photography<\/title>\n<meta name=\"robots\" content=\"index, follow, max-snippet:-1, max-image-preview:large, max-video-preview:-1\" \/>\n<link rel=\"canonical\" href=\"https:\/\/mhf.ro\/mm\/florin-citu-incarcerat-in-sua\/\" \/>\n<meta property=\"og:locale\" content=\"ro_RO\" \/>\n<meta property=\"og:type\" content=\"article\" \/>\n<meta property=\"og:title\" content=\"Florin C\u00ee\u0163u, \u00eencarcerat \u00een SUA - MHF Photography\" \/>\n<meta property=\"og:description\" content=\"Premierul Florin C\u00ee\u0163u a admis, miercuri, c\u0103 \u00een urm\u0103 cu 20 de ani a fost \u00eencarcerat dou\u0103 zile \u00een SUA\" \/>\n<meta property=\"og:url\" content=\"https:\/\/mhf.ro\/mm\/florin-citu-incarcerat-in-sua\/\" \/>\n<meta property=\"og:site_name\" content=\"MHF Photography\" \/>\n<meta property=\"article:published_time\" content=\"2021-08-11T12:39:40+00:00\" \/>\n<meta property=\"article:modified_time\" content=\"2021-08-11T12:41:08+00:00\" \/>\n<meta property=\"og:image\" content=\"https:\/\/mhf.ro\/mm\/wp-content\/uploads\/2021\/08\/florin-citu.png\" \/>\n\t<meta property=\"og:image:width\" content=\"1200\" \/>\n\t<meta property=\"og:image:height\" content=\"672\" \/>\n\t<meta property=\"og:image:type\" content=\"image\/png\" \/>\n<meta name=\"author\" content=\"Marius Marcu\" \/>\n<meta name=\"twitter:card\" content=\"summary_large_image\" \/>\n<meta name=\"twitter:label1\" content=\"Scris de\" \/>\n\t<meta name=\"twitter:data1\" content=\"Marius Marcu\" \/>\n\t<meta name=\"twitter:label2\" content=\"Timp estimat pentru citire\" \/>\n\t<meta name=\"twitter:data2\" content=\"1 minut\" \/>\n<script type=\"application\/ld+json\" class=\"yoast-schema-graph\">{\"@context\":\"https:\/\/schema.org\",\"@graph\":[{\"@type\":\"Article\",\"@id\":\"https:\/\/mhf.ro\/mm\/florin-citu-incarcerat-in-sua\/#article\",\"isPartOf\":{\"@id\":\"https:\/\/mhf.ro\/mm\/florin-citu-incarcerat-in-sua\/\"},\"author\":{\"name\":\"Marius Marcu\",\"@id\":\"https:\/\/mhf.ro\/mm\/#\/schema\/person\/a3bebf7bdb4bf12f698aff73c7e46c21\"},\"headline\":\"Florin C\u00ee\u0163u, \u00eencarcerat \u00een SUA\",\"datePublished\":\"2021-08-11T12:39:40+00:00\",\"dateModified\":\"2021-08-11T12:41:08+00:00\",\"mainEntityOfPage\":{\"@id\":\"https:\/\/mhf.ro\/mm\/florin-citu-incarcerat-in-sua\/\"},\"wordCount\":173,\"commentCount\":0,\"publisher\":{\"@id\":\"https:\/\/mhf.ro\/mm\/#\/schema\/person\/a3bebf7bdb4bf12f698aff73c7e46c21\"},\"image\":{\"@id\":\"https:\/\/mhf.ro\/mm\/florin-citu-incarcerat-in-sua\/#primaryimage\"},\"thumbnailUrl\":\"https:\/\/mhf.ro\/mm\/wp-content\/uploads\/2021\/08\/florin-citu.png\",\"articleSection\":[\"Locale\"],\"inLanguage\":\"ro-RO\",\"potentialAction\":[{\"@type\":\"CommentAction\",\"name\":\"Comment\",\"target\":[\"https:\/\/mhf.ro\/mm\/florin-citu-incarcerat-in-sua\/#respond\"]}]},{\"@type\":\"WebPage\",\"@id\":\"https:\/\/mhf.ro\/mm\/florin-citu-incarcerat-in-sua\/\",\"url\":\"https:\/\/mhf.ro\/mm\/florin-citu-incarcerat-in-sua\/\",\"name\":\"Florin C\u00ee\u0163u, \u00eencarcerat \u00een SUA - MHF Photography\",\"isPartOf\":{\"@id\":\"https:\/\/mhf.ro\/mm\/#website\"},\"primaryImageOfPage\":{\"@id\":\"https:\/\/mhf.ro\/mm\/florin-citu-incarcerat-in-sua\/#primaryimage\"},\"image\":{\"@id\":\"https:\/\/mhf.ro\/mm\/florin-citu-incarcerat-in-sua\/#primaryimage\"},\"thumbnailUrl\":\"https:\/\/mhf.ro\/mm\/wp-content\/uploads\/2021\/08\/florin-citu.png\",\"datePublished\":\"2021-08-11T12:39:40+00:00\",\"dateModified\":\"2021-08-11T12:41:08+00:00\",\"breadcrumb\":{\"@id\":\"https:\/\/mhf.ro\/mm\/florin-citu-incarcerat-in-sua\/#breadcrumb\"},\"inLanguage\":\"ro-RO\",\"potentialAction\":[{\"@type\":\"ReadAction\",\"target\":[\"https:\/\/mhf.ro\/mm\/florin-citu-incarcerat-in-sua\/\"]}]},{\"@type\":\"ImageObject\",\"inLanguage\":\"ro-RO\",\"@id\":\"https:\/\/mhf.ro\/mm\/florin-citu-incarcerat-in-sua\/#primaryimage\",\"url\":\"https:\/\/mhf.ro\/mm\/wp-content\/uploads\/2021\/08\/florin-citu.png\",\"contentUrl\":\"https:\/\/mhf.ro\/mm\/wp-content\/uploads\/2021\/08\/florin-citu.png\",\"width\":1200,\"height\":672},{\"@type\":\"BreadcrumbList\",\"@id\":\"https:\/\/mhf.ro\/mm\/florin-citu-incarcerat-in-sua\/#breadcrumb\",\"itemListElement\":[{\"@type\":\"ListItem\",\"position\":1,\"name\":\"Prima pagin\u0103\",\"item\":\"https:\/\/mhf.ro\/mm\/\"},{\"@type\":\"ListItem\",\"position\":2,\"name\":\"Florin C\u00ee\u0163u, \u00eencarcerat \u00een SUA\"}]},{\"@type\":\"WebSite\",\"@id\":\"https:\/\/mhf.ro\/mm\/#website\",\"url\":\"https:\/\/mhf.ro\/mm\/\",\"name\":\"MHF Photography \u2013 Blog de fotografie, natur\u0103 \u0219i tehnic\u0103 divers\u0103\",\"description\":\"Aventur\u0103 \u00een fiecare cadru.\",\"publisher\":{\"@id\":\"https:\/\/mhf.ro\/mm\/#\/schema\/person\/a3bebf7bdb4bf12f698aff73c7e46c21\"},\"potentialAction\":[{\"@type\":\"SearchAction\",\"target\":{\"@type\":\"EntryPoint\",\"urlTemplate\":\"https:\/\/mhf.ro\/mm\/?s={search_term_string}\"},\"query-input\":{\"@type\":\"PropertyValueSpecification\",\"valueRequired\":true,\"valueName\":\"search_term_string\"}}],\"inLanguage\":\"ro-RO\"},{\"@type\":[\"Person\",\"Organization\"],\"@id\":\"https:\/\/mhf.ro\/mm\/#\/schema\/person\/a3bebf7bdb4bf12f698aff73c7e46c21\",\"name\":\"Marius Marcu\",\"image\":{\"@type\":\"ImageObject\",\"inLanguage\":\"ro-RO\",\"@id\":\"https:\/\/mhf.ro\/mm\/#\/schema\/person\/image\/\",\"url\":\"https:\/\/mhf.ro\/mm\/wp-content\/uploads\/2025\/12\/cropped-logo_mhf_2.png\",\"contentUrl\":\"https:\/\/mhf.ro\/mm\/wp-content\/uploads\/2025\/12\/cropped-logo_mhf_2.png\",\"width\":1096,\"height\":457,\"caption\":\"Marius Marcu\"},\"logo\":{\"@id\":\"https:\/\/mhf.ro\/mm\/#\/schema\/person\/image\/\"},\"sameAs\":[\"https:\/\/mhf.ro\/mm\"],\"url\":\"https:\/\/mhf.ro\/mm\/author\/mihai\/\"}]}<\/script>\n<!-- \/ Yoast SEO plugin. -->","yoast_head_json":{"title":"Florin C\u00ee\u0163u, \u00eencarcerat \u00een SUA - MHF Photography","robots":{"index":"index","follow":"follow","max-snippet":"max-snippet:-1","max-image-preview":"max-image-preview:large","max-video-preview":"max-video-preview:-1"},"canonical":"https:\/\/mhf.ro\/mm\/florin-citu-incarcerat-in-sua\/","og_locale":"ro_RO","og_type":"article","og_title":"Florin C\u00ee\u0163u, \u00eencarcerat \u00een SUA - MHF Photography","og_description":"Premierul Florin C\u00ee\u0163u a admis, miercuri, c\u0103 \u00een urm\u0103 cu 20 de ani a fost \u00eencarcerat dou\u0103 zile \u00een SUA","og_url":"https:\/\/mhf.ro\/mm\/florin-citu-incarcerat-in-sua\/","og_site_name":"MHF Photography","article_published_time":"2021-08-11T12:39:40+00:00","article_modified_time":"2021-08-11T12:41:08+00:00","og_image":[{"width":1200,"height":672,"url":"https:\/\/mhf.ro\/mm\/wp-content\/uploads\/2021\/08\/florin-citu.png","type":"image\/png"}],"author":"Marius Marcu","twitter_card":"summary_large_image","twitter_misc":{"Scris de":"Marius Marcu","Timp estimat pentru citire":"1 minut"},"schema":{"@context":"https:\/\/schema.org","@graph":[{"@type":"Article","@id":"https:\/\/mhf.ro\/mm\/florin-citu-incarcerat-in-sua\/#article","isPartOf":{"@id":"https:\/\/mhf.ro\/mm\/florin-citu-incarcerat-in-sua\/"},"author":{"name":"Marius Marcu","@id":"https:\/\/mhf.ro\/mm\/#\/schema\/person\/a3bebf7bdb4bf12f698aff73c7e46c21"},"headline":"Florin C\u00ee\u0163u, \u00eencarcerat \u00een SUA","datePublished":"2021-08-11T12:39:40+00:00","dateModified":"2021-08-11T12:41:08+00:00","mainEntityOfPage":{"@id":"https:\/\/mhf.ro\/mm\/florin-citu-incarcerat-in-sua\/"},"wordCount":173,"commentCount":0,"publisher":{"@id":"https:\/\/mhf.ro\/mm\/#\/schema\/person\/a3bebf7bdb4bf12f698aff73c7e46c21"},"image":{"@id":"https:\/\/mhf.ro\/mm\/florin-citu-incarcerat-in-sua\/#primaryimage"},"thumbnailUrl":"https:\/\/mhf.ro\/mm\/wp-content\/uploads\/2021\/08\/florin-citu.png","articleSection":["Locale"],"inLanguage":"ro-RO","potentialAction":[{"@type":"CommentAction","name":"Comment","target":["https:\/\/mhf.ro\/mm\/florin-citu-incarcerat-in-sua\/#respond"]}]},{"@type":"WebPage","@id":"https:\/\/mhf.ro\/mm\/florin-citu-incarcerat-in-sua\/","url":"https:\/\/mhf.ro\/mm\/florin-citu-incarcerat-in-sua\/","name":"Florin C\u00ee\u0163u, \u00eencarcerat \u00een SUA - MHF Photography","isPartOf":{"@id":"https:\/\/mhf.ro\/mm\/#website"},"primaryImageOfPage":{"@id":"https:\/\/mhf.ro\/mm\/florin-citu-incarcerat-in-sua\/#primaryimage"},"image":{"@id":"https:\/\/mhf.ro\/mm\/florin-citu-incarcerat-in-sua\/#primaryimage"},"thumbnailUrl":"https:\/\/mhf.ro\/mm\/wp-content\/uploads\/2021\/08\/florin-citu.png","datePublished":"2021-08-11T12:39:40+00:00","dateModified":"2021-08-11T12:41:08+00:00","breadcrumb":{"@id":"https:\/\/mhf.ro\/mm\/florin-citu-incarcerat-in-sua\/#breadcrumb"},"inLanguage":"ro-RO","potentialAction":[{"@type":"ReadAction","target":["https:\/\/mhf.ro\/mm\/florin-citu-incarcerat-in-sua\/"]}]},{"@type":"ImageObject","inLanguage":"ro-RO","@id":"https:\/\/mhf.ro\/mm\/florin-citu-incarcerat-in-sua\/#primaryimage","url":"https:\/\/mhf.ro\/mm\/wp-content\/uploads\/2021\/08\/florin-citu.png","contentUrl":"https:\/\/mhf.ro\/mm\/wp-content\/uploads\/2021\/08\/florin-citu.png","width":1200,"height":672},{"@type":"BreadcrumbList","@id":"https:\/\/mhf.ro\/mm\/florin-citu-incarcerat-in-sua\/#breadcrumb","itemListElement":[{"@type":"ListItem","position":1,"name":"Prima pagin\u0103","item":"https:\/\/mhf.ro\/mm\/"},{"@type":"ListItem","position":2,"name":"Florin C\u00ee\u0163u, \u00eencarcerat \u00een SUA"}]},{"@type":"WebSite","@id":"https:\/\/mhf.ro\/mm\/#website","url":"https:\/\/mhf.ro\/mm\/","name":"MHF Photography \u2013 Blog de fotografie, natur\u0103 \u0219i tehnic\u0103 divers\u0103","description":"Aventur\u0103 \u00een fiecare cadru.","publisher":{"@id":"https:\/\/mhf.ro\/mm\/#\/schema\/person\/a3bebf7bdb4bf12f698aff73c7e46c21"},"potentialAction":[{"@type":"SearchAction","target":{"@type":"EntryPoint","urlTemplate":"https:\/\/mhf.ro\/mm\/?s={search_term_string}"},"query-input":{"@type":"PropertyValueSpecification","valueRequired":true,"valueName":"search_term_string"}}],"inLanguage":"ro-RO"},{"@type":["Person","Organization"],"@id":"https:\/\/mhf.ro\/mm\/#\/schema\/person\/a3bebf7bdb4bf12f698aff73c7e46c21","name":"Marius Marcu","image":{"@type":"ImageObject","inLanguage":"ro-RO","@id":"https:\/\/mhf.ro\/mm\/#\/schema\/person\/image\/","url":"https:\/\/mhf.ro\/mm\/wp-content\/uploads\/2025\/12\/cropped-logo_mhf_2.png","contentUrl":"https:\/\/mhf.ro\/mm\/wp-content\/uploads\/2025\/12\/cropped-logo_mhf_2.png","width":1096,"height":457,"caption":"Marius Marcu"},"logo":{"@id":"https:\/\/mhf.ro\/mm\/#\/schema\/person\/image\/"},"sameAs":["https:\/\/mhf.ro\/mm"],"url":"https:\/\/mhf.ro\/mm\/author\/mihai\/"}]}},"_links":{"self":[{"href":"https:\/\/mhf.ro\/mm\/wp-json\/wp\/v2\/posts\/5105","targetHints":{"allow":["GET"]}}],"collection":[{"href":"https:\/\/mhf.ro\/mm\/wp-json\/wp\/v2\/posts"}],"about":[{"href":"https:\/\/mhf.ro\/mm\/wp-json\/wp\/v2\/types\/post"}],"author":[{"embeddable":true,"href":"https:\/\/mhf.ro\/mm\/wp-json\/wp\/v2\/users\/1"}],"replies":[{"embeddable":true,"href":"https:\/\/mhf.ro\/mm\/wp-json\/wp\/v2\/comments?post=5105"}],"version-history":[{"count":1,"href":"https:\/\/mhf.ro\/mm\/wp-json\/wp\/v2\/posts\/5105\/revisions"}],"predecessor-version":[{"id":5107,"href":"https:\/\/mhf.ro\/mm\/wp-json\/wp\/v2\/posts\/5105\/revisions\/5107"}],"wp:featuredmedia":[{"embeddable":true,"href":"https:\/\/mhf.ro\/mm\/wp-json\/wp\/v2\/media\/5106"}],"wp:attachment":[{"href":"https:\/\/mhf.ro\/mm\/wp-json\/wp\/v2\/media?parent=5105"}],"wp:term":[{"taxonomy":"category","embeddable":true,"href":"https:\/\/mhf.ro\/mm\/wp-json\/wp\/v2\/categories?post=5105"},{"taxonomy":"post_tag","embeddable":true,"href":"https:\/\/mhf.ro\/mm\/wp-json\/wp\/v2\/tags?post=5105"}],"curies":[{"name":"wp","href":"https:\/\/api.w.org\/{rel}","templated":true}]}}