{"id":5124,"date":"2021-08-13T08:20:59","date_gmt":"2021-08-13T06:20:59","guid":{"rendered":"https:\/\/mhf.ro\/mm\/?p=5124"},"modified":"2021-08-13T08:21:43","modified_gmt":"2021-08-13T06:21:43","slug":"certificatul-digital-covid-obligatoriu-in-ue","status":"publish","type":"post","link":"https:\/\/mhf.ro\/mm\/certificatul-digital-covid-obligatoriu-in-ue\/","title":{"rendered":"Certificatul digital COVID, obligatoriu \u00een UE"},"content":{"rendered":"<p align=\"left\">Certificatul digital COVID devine obligatoriu \u00een toate \u021b\u0103rile UE, de vineri, 13 august.<\/p>\n<p align=\"left\">Concret, pentru trecerea frontierelor de stat, la nivelul Uniunii Europene, vor fi recunoscute ca documente doveditoare ale vaccin\u0103rii, trecerii prin boal\u0103 \u0219i ale rezultatului negativ al unui test RT-PCR doar certificatele digitale, documente ce con\u021bin un cod QR,<\/p>\n<p align=\"left\"><span lang=\"ro-RO\">Documentele electronice<\/span>\u00a0pot fi eliberate foarte u\u0219or acces\u00e2nd site-ul\u00a0<strong><u>https:\/\/vaccinare-covid.gov.ro\/<\/u><\/strong>.<\/p>\n<p>Tranzitarea frontierelor este posibil\u0103 \u0219i f\u0103r\u0103 existen\u021ba acestor certificate, dar cu respectarea normelor na\u021bionale de carantin\u0103 din fiecare stat,<span lang=\"ro-RO\"> transmite Guvernul <\/span><span lang=\"ro-RO\">Rom\u00e2niei<\/span>. (conf. <a href=\"https:\/\/jurnalist.ro\">Jurnalist.ro<\/a>)<\/p>\n","protected":false},"excerpt":{"rendered":"<p>Certificatul digital COVID devine obligatoriu \u00een toate \u021b\u0103rile UE, de vineri, 13 august. Concret, pentru trecerea frontierelor de stat, la<\/p>\n","protected":false},"author":1,"featured_media":5125,"comment_status":"open","ping_status":"open","sticky":false,"template":"","format":"standard","meta":{"colormag_page_container_layout":"default_layout","colormag_page_sidebar_layout":"default_layout","footnotes":""},"categories":[5],"tags":[],"class_list":["post-5124","post","type-post","status-publish","format-standard","has-post-thumbnail","hentry","category-locale"],"yoast_head":"<!-- This site is optimized with the Yoast SEO plugin v27.0 - https:\/\/yoast.com\/product\/yoast-seo-wordpress\/ -->\n<title>Certificatul digital COVID, obligatoriu \u00een UE - MHF Photography<\/title>\n<meta name=\"robots\" content=\"index, follow, max-snippet:-1, max-image-preview:large, max-video-preview:-1\" \/>\n<link rel=\"canonical\" href=\"https:\/\/mhf.ro\/mm\/certificatul-digital-covid-obligatoriu-in-ue\/\" \/>\n<meta property=\"og:locale\" content=\"ro_RO\" \/>\n<meta property=\"og:type\" content=\"article\" \/>\n<meta property=\"og:title\" content=\"Certificatul digital COVID, obligatoriu \u00een UE - MHF Photography\" \/>\n<meta property=\"og:description\" content=\"Certificatul digital COVID devine obligatoriu \u00een toate \u021b\u0103rile UE, de vineri, 13 august. Concret, pentru trecerea frontierelor de stat, la\" \/>\n<meta property=\"og:url\" content=\"https:\/\/mhf.ro\/mm\/certificatul-digital-covid-obligatoriu-in-ue\/\" \/>\n<meta property=\"og:site_name\" content=\"MHF Photography\" \/>\n<meta property=\"article:published_time\" content=\"2021-08-13T06:20:59+00:00\" \/>\n<meta property=\"article:modified_time\" content=\"2021-08-13T06:21:43+00:00\" \/>\n<meta property=\"og:image\" content=\"https:\/\/mhf.ro\/mm\/wp-content\/uploads\/2021\/08\/covid_cert.jpg\" \/>\n\t<meta property=\"og:image:width\" content=\"1200\" \/>\n\t<meta property=\"og:image:height\" content=\"562\" \/>\n\t<meta property=\"og:image:type\" content=\"image\/jpeg\" \/>\n<meta name=\"author\" content=\"Marius Marcu\" \/>\n<meta name=\"twitter:card\" content=\"summary_large_image\" \/>\n<meta name=\"twitter:label1\" content=\"Scris de\" \/>\n\t<meta name=\"twitter:data1\" content=\"Marius Marcu\" \/>\n\t<meta name=\"twitter:label2\" content=\"Timp estimat pentru citire\" \/>\n\t<meta name=\"twitter:data2\" content=\"1 minut\" \/>\n<script type=\"application\/ld+json\" class=\"yoast-schema-graph\">{\"@context\":\"https:\/\/schema.org\",\"@graph\":[{\"@type\":\"Article\",\"@id\":\"https:\/\/mhf.ro\/mm\/certificatul-digital-covid-obligatoriu-in-ue\/#article\",\"isPartOf\":{\"@id\":\"https:\/\/mhf.ro\/mm\/certificatul-digital-covid-obligatoriu-in-ue\/\"},\"author\":{\"name\":\"Marius Marcu\",\"@id\":\"https:\/\/mhf.ro\/mm\/#\/schema\/person\/a3bebf7bdb4bf12f698aff73c7e46c21\"},\"headline\":\"Certificatul digital COVID, obligatoriu \u00een UE\",\"datePublished\":\"2021-08-13T06:20:59+00:00\",\"dateModified\":\"2021-08-13T06:21:43+00:00\",\"mainEntityOfPage\":{\"@id\":\"https:\/\/mhf.ro\/mm\/certificatul-digital-covid-obligatoriu-in-ue\/\"},\"wordCount\":102,\"commentCount\":0,\"publisher\":{\"@id\":\"https:\/\/mhf.ro\/mm\/#\/schema\/person\/a3bebf7bdb4bf12f698aff73c7e46c21\"},\"image\":{\"@id\":\"https:\/\/mhf.ro\/mm\/certificatul-digital-covid-obligatoriu-in-ue\/#primaryimage\"},\"thumbnailUrl\":\"https:\/\/mhf.ro\/mm\/wp-content\/uploads\/2021\/08\/covid_cert.jpg\",\"articleSection\":[\"Locale\"],\"inLanguage\":\"ro-RO\",\"potentialAction\":[{\"@type\":\"CommentAction\",\"name\":\"Comment\",\"target\":[\"https:\/\/mhf.ro\/mm\/certificatul-digital-covid-obligatoriu-in-ue\/#respond\"]}]},{\"@type\":\"WebPage\",\"@id\":\"https:\/\/mhf.ro\/mm\/certificatul-digital-covid-obligatoriu-in-ue\/\",\"url\":\"https:\/\/mhf.ro\/mm\/certificatul-digital-covid-obligatoriu-in-ue\/\",\"name\":\"Certificatul digital COVID, obligatoriu \u00een UE - MHF Photography\",\"isPartOf\":{\"@id\":\"https:\/\/mhf.ro\/mm\/#website\"},\"primaryImageOfPage\":{\"@id\":\"https:\/\/mhf.ro\/mm\/certificatul-digital-covid-obligatoriu-in-ue\/#primaryimage\"},\"image\":{\"@id\":\"https:\/\/mhf.ro\/mm\/certificatul-digital-covid-obligatoriu-in-ue\/#primaryimage\"},\"thumbnailUrl\":\"https:\/\/mhf.ro\/mm\/wp-content\/uploads\/2021\/08\/covid_cert.jpg\",\"datePublished\":\"2021-08-13T06:20:59+00:00\",\"dateModified\":\"2021-08-13T06:21:43+00:00\",\"breadcrumb\":{\"@id\":\"https:\/\/mhf.ro\/mm\/certificatul-digital-covid-obligatoriu-in-ue\/#breadcrumb\"},\"inLanguage\":\"ro-RO\",\"potentialAction\":[{\"@type\":\"ReadAction\",\"target\":[\"https:\/\/mhf.ro\/mm\/certificatul-digital-covid-obligatoriu-in-ue\/\"]}]},{\"@type\":\"ImageObject\",\"inLanguage\":\"ro-RO\",\"@id\":\"https:\/\/mhf.ro\/mm\/certificatul-digital-covid-obligatoriu-in-ue\/#primaryimage\",\"url\":\"https:\/\/mhf.ro\/mm\/wp-content\/uploads\/2021\/08\/covid_cert.jpg\",\"contentUrl\":\"https:\/\/mhf.ro\/mm\/wp-content\/uploads\/2021\/08\/covid_cert.jpg\",\"width\":1200,\"height\":562},{\"@type\":\"BreadcrumbList\",\"@id\":\"https:\/\/mhf.ro\/mm\/certificatul-digital-covid-obligatoriu-in-ue\/#breadcrumb\",\"itemListElement\":[{\"@type\":\"ListItem\",\"position\":1,\"name\":\"Prima pagin\u0103\",\"item\":\"https:\/\/mhf.ro\/mm\/\"},{\"@type\":\"ListItem\",\"position\":2,\"name\":\"Certificatul digital COVID, obligatoriu \u00een UE\"}]},{\"@type\":\"WebSite\",\"@id\":\"https:\/\/mhf.ro\/mm\/#website\",\"url\":\"https:\/\/mhf.ro\/mm\/\",\"name\":\"MHF Photography \u2013 Blog de fotografie, natur\u0103 \u0219i tehnic\u0103 divers\u0103\",\"description\":\"Aventur\u0103 \u00een fiecare cadru.\",\"publisher\":{\"@id\":\"https:\/\/mhf.ro\/mm\/#\/schema\/person\/a3bebf7bdb4bf12f698aff73c7e46c21\"},\"potentialAction\":[{\"@type\":\"SearchAction\",\"target\":{\"@type\":\"EntryPoint\",\"urlTemplate\":\"https:\/\/mhf.ro\/mm\/?s={search_term_string}\"},\"query-input\":{\"@type\":\"PropertyValueSpecification\",\"valueRequired\":true,\"valueName\":\"search_term_string\"}}],\"inLanguage\":\"ro-RO\"},{\"@type\":[\"Person\",\"Organization\"],\"@id\":\"https:\/\/mhf.ro\/mm\/#\/schema\/person\/a3bebf7bdb4bf12f698aff73c7e46c21\",\"name\":\"Marius Marcu\",\"image\":{\"@type\":\"ImageObject\",\"inLanguage\":\"ro-RO\",\"@id\":\"https:\/\/mhf.ro\/mm\/#\/schema\/person\/image\/\",\"url\":\"https:\/\/mhf.ro\/mm\/wp-content\/uploads\/2025\/12\/cropped-logo_mhf_2.png\",\"contentUrl\":\"https:\/\/mhf.ro\/mm\/wp-content\/uploads\/2025\/12\/cropped-logo_mhf_2.png\",\"width\":1096,\"height\":457,\"caption\":\"Marius Marcu\"},\"logo\":{\"@id\":\"https:\/\/mhf.ro\/mm\/#\/schema\/person\/image\/\"},\"sameAs\":[\"https:\/\/mhf.ro\/mm\"],\"url\":\"https:\/\/mhf.ro\/mm\/author\/mihai\/\"}]}<\/script>\n<!-- \/ Yoast SEO plugin. -->","yoast_head_json":{"title":"Certificatul digital COVID, obligatoriu \u00een UE - MHF Photography","robots":{"index":"index","follow":"follow","max-snippet":"max-snippet:-1","max-image-preview":"max-image-preview:large","max-video-preview":"max-video-preview:-1"},"canonical":"https:\/\/mhf.ro\/mm\/certificatul-digital-covid-obligatoriu-in-ue\/","og_locale":"ro_RO","og_type":"article","og_title":"Certificatul digital COVID, obligatoriu \u00een UE - MHF Photography","og_description":"Certificatul digital COVID devine obligatoriu \u00een toate \u021b\u0103rile UE, de vineri, 13 august. Concret, pentru trecerea frontierelor de stat, la","og_url":"https:\/\/mhf.ro\/mm\/certificatul-digital-covid-obligatoriu-in-ue\/","og_site_name":"MHF Photography","article_published_time":"2021-08-13T06:20:59+00:00","article_modified_time":"2021-08-13T06:21:43+00:00","og_image":[{"width":1200,"height":562,"url":"https:\/\/mhf.ro\/mm\/wp-content\/uploads\/2021\/08\/covid_cert.jpg","type":"image\/jpeg"}],"author":"Marius Marcu","twitter_card":"summary_large_image","twitter_misc":{"Scris de":"Marius Marcu","Timp estimat pentru citire":"1 minut"},"schema":{"@context":"https:\/\/schema.org","@graph":[{"@type":"Article","@id":"https:\/\/mhf.ro\/mm\/certificatul-digital-covid-obligatoriu-in-ue\/#article","isPartOf":{"@id":"https:\/\/mhf.ro\/mm\/certificatul-digital-covid-obligatoriu-in-ue\/"},"author":{"name":"Marius Marcu","@id":"https:\/\/mhf.ro\/mm\/#\/schema\/person\/a3bebf7bdb4bf12f698aff73c7e46c21"},"headline":"Certificatul digital COVID, obligatoriu \u00een UE","datePublished":"2021-08-13T06:20:59+00:00","dateModified":"2021-08-13T06:21:43+00:00","mainEntityOfPage":{"@id":"https:\/\/mhf.ro\/mm\/certificatul-digital-covid-obligatoriu-in-ue\/"},"wordCount":102,"commentCount":0,"publisher":{"@id":"https:\/\/mhf.ro\/mm\/#\/schema\/person\/a3bebf7bdb4bf12f698aff73c7e46c21"},"image":{"@id":"https:\/\/mhf.ro\/mm\/certificatul-digital-covid-obligatoriu-in-ue\/#primaryimage"},"thumbnailUrl":"https:\/\/mhf.ro\/mm\/wp-content\/uploads\/2021\/08\/covid_cert.jpg","articleSection":["Locale"],"inLanguage":"ro-RO","potentialAction":[{"@type":"CommentAction","name":"Comment","target":["https:\/\/mhf.ro\/mm\/certificatul-digital-covid-obligatoriu-in-ue\/#respond"]}]},{"@type":"WebPage","@id":"https:\/\/mhf.ro\/mm\/certificatul-digital-covid-obligatoriu-in-ue\/","url":"https:\/\/mhf.ro\/mm\/certificatul-digital-covid-obligatoriu-in-ue\/","name":"Certificatul digital COVID, obligatoriu \u00een UE - MHF Photography","isPartOf":{"@id":"https:\/\/mhf.ro\/mm\/#website"},"primaryImageOfPage":{"@id":"https:\/\/mhf.ro\/mm\/certificatul-digital-covid-obligatoriu-in-ue\/#primaryimage"},"image":{"@id":"https:\/\/mhf.ro\/mm\/certificatul-digital-covid-obligatoriu-in-ue\/#primaryimage"},"thumbnailUrl":"https:\/\/mhf.ro\/mm\/wp-content\/uploads\/2021\/08\/covid_cert.jpg","datePublished":"2021-08-13T06:20:59+00:00","dateModified":"2021-08-13T06:21:43+00:00","breadcrumb":{"@id":"https:\/\/mhf.ro\/mm\/certificatul-digital-covid-obligatoriu-in-ue\/#breadcrumb"},"inLanguage":"ro-RO","potentialAction":[{"@type":"ReadAction","target":["https:\/\/mhf.ro\/mm\/certificatul-digital-covid-obligatoriu-in-ue\/"]}]},{"@type":"ImageObject","inLanguage":"ro-RO","@id":"https:\/\/mhf.ro\/mm\/certificatul-digital-covid-obligatoriu-in-ue\/#primaryimage","url":"https:\/\/mhf.ro\/mm\/wp-content\/uploads\/2021\/08\/covid_cert.jpg","contentUrl":"https:\/\/mhf.ro\/mm\/wp-content\/uploads\/2021\/08\/covid_cert.jpg","width":1200,"height":562},{"@type":"BreadcrumbList","@id":"https:\/\/mhf.ro\/mm\/certificatul-digital-covid-obligatoriu-in-ue\/#breadcrumb","itemListElement":[{"@type":"ListItem","position":1,"name":"Prima pagin\u0103","item":"https:\/\/mhf.ro\/mm\/"},{"@type":"ListItem","position":2,"name":"Certificatul digital COVID, obligatoriu \u00een UE"}]},{"@type":"WebSite","@id":"https:\/\/mhf.ro\/mm\/#website","url":"https:\/\/mhf.ro\/mm\/","name":"MHF Photography \u2013 Blog de fotografie, natur\u0103 \u0219i tehnic\u0103 divers\u0103","description":"Aventur\u0103 \u00een fiecare cadru.","publisher":{"@id":"https:\/\/mhf.ro\/mm\/#\/schema\/person\/a3bebf7bdb4bf12f698aff73c7e46c21"},"potentialAction":[{"@type":"SearchAction","target":{"@type":"EntryPoint","urlTemplate":"https:\/\/mhf.ro\/mm\/?s={search_term_string}"},"query-input":{"@type":"PropertyValueSpecification","valueRequired":true,"valueName":"search_term_string"}}],"inLanguage":"ro-RO"},{"@type":["Person","Organization"],"@id":"https:\/\/mhf.ro\/mm\/#\/schema\/person\/a3bebf7bdb4bf12f698aff73c7e46c21","name":"Marius Marcu","image":{"@type":"ImageObject","inLanguage":"ro-RO","@id":"https:\/\/mhf.ro\/mm\/#\/schema\/person\/image\/","url":"https:\/\/mhf.ro\/mm\/wp-content\/uploads\/2025\/12\/cropped-logo_mhf_2.png","contentUrl":"https:\/\/mhf.ro\/mm\/wp-content\/uploads\/2025\/12\/cropped-logo_mhf_2.png","width":1096,"height":457,"caption":"Marius Marcu"},"logo":{"@id":"https:\/\/mhf.ro\/mm\/#\/schema\/person\/image\/"},"sameAs":["https:\/\/mhf.ro\/mm"],"url":"https:\/\/mhf.ro\/mm\/author\/mihai\/"}]}},"_links":{"self":[{"href":"https:\/\/mhf.ro\/mm\/wp-json\/wp\/v2\/posts\/5124","targetHints":{"allow":["GET"]}}],"collection":[{"href":"https:\/\/mhf.ro\/mm\/wp-json\/wp\/v2\/posts"}],"about":[{"href":"https:\/\/mhf.ro\/mm\/wp-json\/wp\/v2\/types\/post"}],"author":[{"embeddable":true,"href":"https:\/\/mhf.ro\/mm\/wp-json\/wp\/v2\/users\/1"}],"replies":[{"embeddable":true,"href":"https:\/\/mhf.ro\/mm\/wp-json\/wp\/v2\/comments?post=5124"}],"version-history":[{"count":2,"href":"https:\/\/mhf.ro\/mm\/wp-json\/wp\/v2\/posts\/5124\/revisions"}],"predecessor-version":[{"id":5127,"href":"https:\/\/mhf.ro\/mm\/wp-json\/wp\/v2\/posts\/5124\/revisions\/5127"}],"wp:featuredmedia":[{"embeddable":true,"href":"https:\/\/mhf.ro\/mm\/wp-json\/wp\/v2\/media\/5125"}],"wp:attachment":[{"href":"https:\/\/mhf.ro\/mm\/wp-json\/wp\/v2\/media?parent=5124"}],"wp:term":[{"taxonomy":"category","embeddable":true,"href":"https:\/\/mhf.ro\/mm\/wp-json\/wp\/v2\/categories?post=5124"},{"taxonomy":"post_tag","embeddable":true,"href":"https:\/\/mhf.ro\/mm\/wp-json\/wp\/v2\/tags?post=5124"}],"curies":[{"name":"wp","href":"https:\/\/api.w.org\/{rel}","templated":true}]}}