{"id":5129,"date":"2021-08-18T11:13:06","date_gmt":"2021-08-18T09:13:06","guid":{"rendered":"https:\/\/mhf.ro\/mm\/?p=5129"},"modified":"2021-08-18T11:13:06","modified_gmt":"2021-08-18T09:13:06","slug":"remember-tara-sfanta","status":"publish","type":"post","link":"https:\/\/mhf.ro\/mm\/remember-tara-sfanta\/","title":{"rendered":"Remember-\u021aara Sf\u00e2nt\u0103"},"content":{"rendered":"<p>Locurile care pentru noi, cre\u0219tinii, sunt sfinte, pentru c\u0103 ne amintesc de vie\u021buirea p\u0103m\u00e2nteasc\u0103 a Domnului nostru Iisus Hristos, au fost de multe ori \u00een istorie inaccesibile sau foarte greu accesibile cre\u0219tinilor. Dar au fost \u0219i perioade favorabile vizit\u0103rii: st\u0103p\u00e2nirea bizantin\u0103 \u0219i cruciat\u0103 a acelor locuri sau, mai recent, perioada de pace \u00eentre palestinieni \u0219i evrei din anii preceden\u021bi pandemiei.<\/p>\n<p>\u00cen prezent nu se \u00eentrevede probabilitatea relu\u0103rii pelerinajelor \u00een \u021aara Sf\u00e2nt\u0103 deci locurile sfinte pentru cre\u0219tini sunt accesibile, deocamdat\u0103, doar pe calea g\u00e2ndului.<\/p>\n<p>Urm\u00e2nd geografia \u021a\u0103rii Sfinte, de la Nord la Sud, din Galileea \u00een Iudeea de odinioar\u0103, ne re\u021bin aten\u021bia c\u00e2teva locuri interesante.<\/p>\n<ol>\n<li>Nazaretul, locul Bunei-Vestiri \u0219i al copil\u0103riei lui Iisus;<\/li>\n<li>Cana, locul primei minuni a M\u00e2ntuitorului, provocat\u0103 de interven\u021bia mamei Sale;<\/li>\n<li>Capernaum, localitate p\u0103r\u0103sit\u0103 acum, a fost re\u0219edin\u021ba perioadei activit\u0103\u021bii publice a M\u00e2ntuitorului. Aici revenea din c\u0103l\u0103toriile prin \u021bar\u0103.<\/li>\n<li>Tabgha, locul \u00eenmul\u021birii p\u00e2inilor;<\/li>\n<li>Muntele Fericirilor, locul rostirii a\u0219a-numitei ,,Predica de pe munte\u201d;<\/li>\n<li>\u021a\u0103rmul M\u0103rii Galileii, locul reprimirii la apostolie a Sf. Ap. Petru, dup\u0103 \u00cenviere;<\/li>\n<li>Muntele Tabor, locul Schimb\u0103rii la Fa\u021b\u0103 a Domnului;<\/li>\n<\/ol>\n<p>&#8230;va urma&#8230;<\/p>\n","protected":false},"excerpt":{"rendered":"<p>Locurile care pentru noi, cre\u0219tinii, sunt sfinte, pentru c\u0103 ne amintesc de vie\u021buirea p\u0103m\u00e2nteasc\u0103 a Domnului nostru Iisus Hristos, au<\/p>\n","protected":false},"author":4,"featured_media":5130,"comment_status":"open","ping_status":"open","sticky":false,"template":"","format":"standard","meta":{"colormag_page_container_layout":"default_layout","colormag_page_sidebar_layout":"default_layout","footnotes":""},"categories":[5,34],"tags":[],"class_list":["post-5129","post","type-post","status-publish","format-standard","has-post-thumbnail","hentry","category-locale","category-religie"],"yoast_head":"<!-- This site is optimized with the Yoast SEO plugin v27.0 - https:\/\/yoast.com\/product\/yoast-seo-wordpress\/ -->\n<title>Remember-\u021aara Sf\u00e2nt\u0103 - MHF Photography<\/title>\n<meta name=\"robots\" content=\"index, follow, max-snippet:-1, max-image-preview:large, max-video-preview:-1\" \/>\n<link rel=\"canonical\" href=\"https:\/\/mhf.ro\/mm\/remember-tara-sfanta\/\" \/>\n<meta property=\"og:locale\" content=\"ro_RO\" \/>\n<meta property=\"og:type\" content=\"article\" \/>\n<meta property=\"og:title\" content=\"Remember-\u021aara Sf\u00e2nt\u0103 - MHF Photography\" \/>\n<meta property=\"og:description\" content=\"Locurile care pentru noi, cre\u0219tinii, sunt sfinte, pentru c\u0103 ne amintesc de vie\u021buirea p\u0103m\u00e2nteasc\u0103 a Domnului nostru Iisus Hristos, au\" \/>\n<meta property=\"og:url\" content=\"https:\/\/mhf.ro\/mm\/remember-tara-sfanta\/\" \/>\n<meta property=\"og:site_name\" content=\"MHF Photography\" \/>\n<meta property=\"article:published_time\" content=\"2021-08-18T09:13:06+00:00\" \/>\n<meta property=\"og:image\" content=\"https:\/\/mhf.ro\/mm\/wp-content\/uploads\/2021\/08\/israel.jpg\" \/>\n\t<meta property=\"og:image:width\" content=\"259\" \/>\n\t<meta property=\"og:image:height\" content=\"194\" \/>\n\t<meta property=\"og:image:type\" content=\"image\/jpeg\" \/>\n<meta name=\"author\" content=\"Preot paroh Horvat Petru\" \/>\n<meta name=\"twitter:card\" content=\"summary_large_image\" \/>\n<meta name=\"twitter:label1\" content=\"Scris de\" \/>\n\t<meta name=\"twitter:data1\" content=\"Preot paroh Horvat Petru\" \/>\n\t<meta name=\"twitter:label2\" content=\"Timp estimat pentru citire\" \/>\n\t<meta name=\"twitter:data2\" content=\"1 minut\" \/>\n<script type=\"application\/ld+json\" class=\"yoast-schema-graph\">{\"@context\":\"https:\/\/schema.org\",\"@graph\":[{\"@type\":\"Article\",\"@id\":\"https:\/\/mhf.ro\/mm\/remember-tara-sfanta\/#article\",\"isPartOf\":{\"@id\":\"https:\/\/mhf.ro\/mm\/remember-tara-sfanta\/\"},\"author\":{\"name\":\"Preot paroh Horvat Petru\",\"@id\":\"https:\/\/mhf.ro\/mm\/#\/schema\/person\/4c8c06c801b7b666e81ed44550086900\"},\"headline\":\"Remember-\u021aara Sf\u00e2nt\u0103\",\"datePublished\":\"2021-08-18T09:13:06+00:00\",\"mainEntityOfPage\":{\"@id\":\"https:\/\/mhf.ro\/mm\/remember-tara-sfanta\/\"},\"wordCount\":214,\"commentCount\":0,\"publisher\":{\"@id\":\"https:\/\/mhf.ro\/mm\/#\/schema\/person\/a3bebf7bdb4bf12f698aff73c7e46c21\"},\"image\":{\"@id\":\"https:\/\/mhf.ro\/mm\/remember-tara-sfanta\/#primaryimage\"},\"thumbnailUrl\":\"https:\/\/mhf.ro\/mm\/wp-content\/uploads\/2021\/08\/israel.jpg\",\"articleSection\":[\"Locale\",\"Religie\"],\"inLanguage\":\"ro-RO\",\"potentialAction\":[{\"@type\":\"CommentAction\",\"name\":\"Comment\",\"target\":[\"https:\/\/mhf.ro\/mm\/remember-tara-sfanta\/#respond\"]}]},{\"@type\":\"WebPage\",\"@id\":\"https:\/\/mhf.ro\/mm\/remember-tara-sfanta\/\",\"url\":\"https:\/\/mhf.ro\/mm\/remember-tara-sfanta\/\",\"name\":\"Remember-\u021aara Sf\u00e2nt\u0103 - MHF Photography\",\"isPartOf\":{\"@id\":\"https:\/\/mhf.ro\/mm\/#website\"},\"primaryImageOfPage\":{\"@id\":\"https:\/\/mhf.ro\/mm\/remember-tara-sfanta\/#primaryimage\"},\"image\":{\"@id\":\"https:\/\/mhf.ro\/mm\/remember-tara-sfanta\/#primaryimage\"},\"thumbnailUrl\":\"https:\/\/mhf.ro\/mm\/wp-content\/uploads\/2021\/08\/israel.jpg\",\"datePublished\":\"2021-08-18T09:13:06+00:00\",\"breadcrumb\":{\"@id\":\"https:\/\/mhf.ro\/mm\/remember-tara-sfanta\/#breadcrumb\"},\"inLanguage\":\"ro-RO\",\"potentialAction\":[{\"@type\":\"ReadAction\",\"target\":[\"https:\/\/mhf.ro\/mm\/remember-tara-sfanta\/\"]}]},{\"@type\":\"ImageObject\",\"inLanguage\":\"ro-RO\",\"@id\":\"https:\/\/mhf.ro\/mm\/remember-tara-sfanta\/#primaryimage\",\"url\":\"https:\/\/mhf.ro\/mm\/wp-content\/uploads\/2021\/08\/israel.jpg\",\"contentUrl\":\"https:\/\/mhf.ro\/mm\/wp-content\/uploads\/2021\/08\/israel.jpg\",\"width\":259,\"height\":194},{\"@type\":\"BreadcrumbList\",\"@id\":\"https:\/\/mhf.ro\/mm\/remember-tara-sfanta\/#breadcrumb\",\"itemListElement\":[{\"@type\":\"ListItem\",\"position\":1,\"name\":\"Prima pagin\u0103\",\"item\":\"https:\/\/mhf.ro\/mm\/\"},{\"@type\":\"ListItem\",\"position\":2,\"name\":\"Remember-\u021aara Sf\u00e2nt\u0103\"}]},{\"@type\":\"WebSite\",\"@id\":\"https:\/\/mhf.ro\/mm\/#website\",\"url\":\"https:\/\/mhf.ro\/mm\/\",\"name\":\"MHF Photography \u2013 Blog de fotografie, natur\u0103 \u0219i tehnic\u0103 divers\u0103\",\"description\":\"Aventur\u0103 \u00een fiecare cadru.\",\"publisher\":{\"@id\":\"https:\/\/mhf.ro\/mm\/#\/schema\/person\/a3bebf7bdb4bf12f698aff73c7e46c21\"},\"potentialAction\":[{\"@type\":\"SearchAction\",\"target\":{\"@type\":\"EntryPoint\",\"urlTemplate\":\"https:\/\/mhf.ro\/mm\/?s={search_term_string}\"},\"query-input\":{\"@type\":\"PropertyValueSpecification\",\"valueRequired\":true,\"valueName\":\"search_term_string\"}}],\"inLanguage\":\"ro-RO\"},{\"@type\":[\"Person\",\"Organization\"],\"@id\":\"https:\/\/mhf.ro\/mm\/#\/schema\/person\/a3bebf7bdb4bf12f698aff73c7e46c21\",\"name\":\"Marius Marcu\",\"image\":{\"@type\":\"ImageObject\",\"inLanguage\":\"ro-RO\",\"@id\":\"https:\/\/mhf.ro\/mm\/#\/schema\/person\/image\/\",\"url\":\"https:\/\/mhf.ro\/mm\/wp-content\/uploads\/2025\/12\/cropped-logo_mhf_2.png\",\"contentUrl\":\"https:\/\/mhf.ro\/mm\/wp-content\/uploads\/2025\/12\/cropped-logo_mhf_2.png\",\"width\":1096,\"height\":457,\"caption\":\"Marius Marcu\"},\"logo\":{\"@id\":\"https:\/\/mhf.ro\/mm\/#\/schema\/person\/image\/\"},\"sameAs\":[\"https:\/\/mhf.ro\/mm\"]},{\"@type\":\"Person\",\"@id\":\"https:\/\/mhf.ro\/mm\/#\/schema\/person\/4c8c06c801b7b666e81ed44550086900\",\"name\":\"Preot paroh Horvat Petru\",\"image\":{\"@type\":\"ImageObject\",\"inLanguage\":\"ro-RO\",\"@id\":\"https:\/\/mhf.ro\/mm\/#\/schema\/person\/image\/\",\"url\":\"https:\/\/secure.gravatar.com\/avatar\/c2d2dcdf21c6f41aad486d71768c144cd6e23cb7b63bae9bd6fab542b26ad321?s=96&d=monsterid&r=g\",\"contentUrl\":\"https:\/\/secure.gravatar.com\/avatar\/c2d2dcdf21c6f41aad486d71768c144cd6e23cb7b63bae9bd6fab542b26ad321?s=96&d=monsterid&r=g\",\"caption\":\"Preot paroh Horvat Petru\"},\"sameAs\":[\"https:\/\/mhf.ro\/mm\"],\"url\":\"https:\/\/mhf.ro\/mm\/author\/petrica\/\"}]}<\/script>\n<!-- \/ Yoast SEO plugin. -->","yoast_head_json":{"title":"Remember-\u021aara Sf\u00e2nt\u0103 - MHF Photography","robots":{"index":"index","follow":"follow","max-snippet":"max-snippet:-1","max-image-preview":"max-image-preview:large","max-video-preview":"max-video-preview:-1"},"canonical":"https:\/\/mhf.ro\/mm\/remember-tara-sfanta\/","og_locale":"ro_RO","og_type":"article","og_title":"Remember-\u021aara Sf\u00e2nt\u0103 - MHF Photography","og_description":"Locurile care pentru noi, cre\u0219tinii, sunt sfinte, pentru c\u0103 ne amintesc de vie\u021buirea p\u0103m\u00e2nteasc\u0103 a Domnului nostru Iisus Hristos, au","og_url":"https:\/\/mhf.ro\/mm\/remember-tara-sfanta\/","og_site_name":"MHF Photography","article_published_time":"2021-08-18T09:13:06+00:00","og_image":[{"width":259,"height":194,"url":"https:\/\/mhf.ro\/mm\/wp-content\/uploads\/2021\/08\/israel.jpg","type":"image\/jpeg"}],"author":"Preot paroh Horvat Petru","twitter_card":"summary_large_image","twitter_misc":{"Scris de":"Preot paroh Horvat Petru","Timp estimat pentru citire":"1 minut"},"schema":{"@context":"https:\/\/schema.org","@graph":[{"@type":"Article","@id":"https:\/\/mhf.ro\/mm\/remember-tara-sfanta\/#article","isPartOf":{"@id":"https:\/\/mhf.ro\/mm\/remember-tara-sfanta\/"},"author":{"name":"Preot paroh Horvat Petru","@id":"https:\/\/mhf.ro\/mm\/#\/schema\/person\/4c8c06c801b7b666e81ed44550086900"},"headline":"Remember-\u021aara Sf\u00e2nt\u0103","datePublished":"2021-08-18T09:13:06+00:00","mainEntityOfPage":{"@id":"https:\/\/mhf.ro\/mm\/remember-tara-sfanta\/"},"wordCount":214,"commentCount":0,"publisher":{"@id":"https:\/\/mhf.ro\/mm\/#\/schema\/person\/a3bebf7bdb4bf12f698aff73c7e46c21"},"image":{"@id":"https:\/\/mhf.ro\/mm\/remember-tara-sfanta\/#primaryimage"},"thumbnailUrl":"https:\/\/mhf.ro\/mm\/wp-content\/uploads\/2021\/08\/israel.jpg","articleSection":["Locale","Religie"],"inLanguage":"ro-RO","potentialAction":[{"@type":"CommentAction","name":"Comment","target":["https:\/\/mhf.ro\/mm\/remember-tara-sfanta\/#respond"]}]},{"@type":"WebPage","@id":"https:\/\/mhf.ro\/mm\/remember-tara-sfanta\/","url":"https:\/\/mhf.ro\/mm\/remember-tara-sfanta\/","name":"Remember-\u021aara Sf\u00e2nt\u0103 - MHF Photography","isPartOf":{"@id":"https:\/\/mhf.ro\/mm\/#website"},"primaryImageOfPage":{"@id":"https:\/\/mhf.ro\/mm\/remember-tara-sfanta\/#primaryimage"},"image":{"@id":"https:\/\/mhf.ro\/mm\/remember-tara-sfanta\/#primaryimage"},"thumbnailUrl":"https:\/\/mhf.ro\/mm\/wp-content\/uploads\/2021\/08\/israel.jpg","datePublished":"2021-08-18T09:13:06+00:00","breadcrumb":{"@id":"https:\/\/mhf.ro\/mm\/remember-tara-sfanta\/#breadcrumb"},"inLanguage":"ro-RO","potentialAction":[{"@type":"ReadAction","target":["https:\/\/mhf.ro\/mm\/remember-tara-sfanta\/"]}]},{"@type":"ImageObject","inLanguage":"ro-RO","@id":"https:\/\/mhf.ro\/mm\/remember-tara-sfanta\/#primaryimage","url":"https:\/\/mhf.ro\/mm\/wp-content\/uploads\/2021\/08\/israel.jpg","contentUrl":"https:\/\/mhf.ro\/mm\/wp-content\/uploads\/2021\/08\/israel.jpg","width":259,"height":194},{"@type":"BreadcrumbList","@id":"https:\/\/mhf.ro\/mm\/remember-tara-sfanta\/#breadcrumb","itemListElement":[{"@type":"ListItem","position":1,"name":"Prima pagin\u0103","item":"https:\/\/mhf.ro\/mm\/"},{"@type":"ListItem","position":2,"name":"Remember-\u021aara Sf\u00e2nt\u0103"}]},{"@type":"WebSite","@id":"https:\/\/mhf.ro\/mm\/#website","url":"https:\/\/mhf.ro\/mm\/","name":"MHF Photography \u2013 Blog de fotografie, natur\u0103 \u0219i tehnic\u0103 divers\u0103","description":"Aventur\u0103 \u00een fiecare cadru.","publisher":{"@id":"https:\/\/mhf.ro\/mm\/#\/schema\/person\/a3bebf7bdb4bf12f698aff73c7e46c21"},"potentialAction":[{"@type":"SearchAction","target":{"@type":"EntryPoint","urlTemplate":"https:\/\/mhf.ro\/mm\/?s={search_term_string}"},"query-input":{"@type":"PropertyValueSpecification","valueRequired":true,"valueName":"search_term_string"}}],"inLanguage":"ro-RO"},{"@type":["Person","Organization"],"@id":"https:\/\/mhf.ro\/mm\/#\/schema\/person\/a3bebf7bdb4bf12f698aff73c7e46c21","name":"Marius Marcu","image":{"@type":"ImageObject","inLanguage":"ro-RO","@id":"https:\/\/mhf.ro\/mm\/#\/schema\/person\/image\/","url":"https:\/\/mhf.ro\/mm\/wp-content\/uploads\/2025\/12\/cropped-logo_mhf_2.png","contentUrl":"https:\/\/mhf.ro\/mm\/wp-content\/uploads\/2025\/12\/cropped-logo_mhf_2.png","width":1096,"height":457,"caption":"Marius Marcu"},"logo":{"@id":"https:\/\/mhf.ro\/mm\/#\/schema\/person\/image\/"},"sameAs":["https:\/\/mhf.ro\/mm"]},{"@type":"Person","@id":"https:\/\/mhf.ro\/mm\/#\/schema\/person\/4c8c06c801b7b666e81ed44550086900","name":"Preot paroh Horvat Petru","image":{"@type":"ImageObject","inLanguage":"ro-RO","@id":"https:\/\/mhf.ro\/mm\/#\/schema\/person\/image\/","url":"https:\/\/secure.gravatar.com\/avatar\/c2d2dcdf21c6f41aad486d71768c144cd6e23cb7b63bae9bd6fab542b26ad321?s=96&d=monsterid&r=g","contentUrl":"https:\/\/secure.gravatar.com\/avatar\/c2d2dcdf21c6f41aad486d71768c144cd6e23cb7b63bae9bd6fab542b26ad321?s=96&d=monsterid&r=g","caption":"Preot paroh Horvat Petru"},"sameAs":["https:\/\/mhf.ro\/mm"],"url":"https:\/\/mhf.ro\/mm\/author\/petrica\/"}]}},"_links":{"self":[{"href":"https:\/\/mhf.ro\/mm\/wp-json\/wp\/v2\/posts\/5129","targetHints":{"allow":["GET"]}}],"collection":[{"href":"https:\/\/mhf.ro\/mm\/wp-json\/wp\/v2\/posts"}],"about":[{"href":"https:\/\/mhf.ro\/mm\/wp-json\/wp\/v2\/types\/post"}],"author":[{"embeddable":true,"href":"https:\/\/mhf.ro\/mm\/wp-json\/wp\/v2\/users\/4"}],"replies":[{"embeddable":true,"href":"https:\/\/mhf.ro\/mm\/wp-json\/wp\/v2\/comments?post=5129"}],"version-history":[{"count":1,"href":"https:\/\/mhf.ro\/mm\/wp-json\/wp\/v2\/posts\/5129\/revisions"}],"predecessor-version":[{"id":5131,"href":"https:\/\/mhf.ro\/mm\/wp-json\/wp\/v2\/posts\/5129\/revisions\/5131"}],"wp:featuredmedia":[{"embeddable":true,"href":"https:\/\/mhf.ro\/mm\/wp-json\/wp\/v2\/media\/5130"}],"wp:attachment":[{"href":"https:\/\/mhf.ro\/mm\/wp-json\/wp\/v2\/media?parent=5129"}],"wp:term":[{"taxonomy":"category","embeddable":true,"href":"https:\/\/mhf.ro\/mm\/wp-json\/wp\/v2\/categories?post=5129"},{"taxonomy":"post_tag","embeddable":true,"href":"https:\/\/mhf.ro\/mm\/wp-json\/wp\/v2\/tags?post=5129"}],"curies":[{"name":"wp","href":"https:\/\/api.w.org\/{rel}","templated":true}]}}