{"id":5133,"date":"2021-08-29T14:42:54","date_gmt":"2021-08-29T12:42:54","guid":{"rendered":"https:\/\/mhf.ro\/mm\/?p=5133"},"modified":"2021-08-29T14:42:54","modified_gmt":"2021-08-29T12:42:54","slug":"remember-tara-sfanta-continuare","status":"publish","type":"post","link":"https:\/\/mhf.ro\/mm\/remember-tara-sfanta-continuare\/","title":{"rendered":"Remember-\u021aara Sf\u00e2nt\u0103 (continuare)"},"content":{"rendered":"<p>Urm\u00e2nd geografia \u021a\u0103rii Sfinte, \u00een continuarea locurilor enumerate \u00een articolul precedent, amintim:<\/p>\n<ol start=\"8\">\n<li>Ora\u0219ul Haifa, cu Muntele Carmel \u0219i gr\u0103dinile Bahai;<\/li>\n<li>Lida, cu morm\u00e2ntul Sf. Mucenic Gheorghe;<\/li>\n<li>Iope, unde Sf. Ap. Petru a avut viziunea prin care a \u00een\u021beles primirea la Hristos a neamurilor;<\/li>\n<li>Ierihon, unde se afl\u0103:<\/li>\n<li>sicomorul lui Zaheu<\/li>\n<li>izvorul Sf. Prooroc Elisei<\/li>\n<li>Muntele Quarantaniei-locul ispitirii Domnului<\/li>\n<li>a\u0219ez\u0103m\u00e2ntul rom\u00e2nesc;<\/li>\n<li>Iordan, locul botezului Domnului;<\/li>\n<li>Marea Moart\u0103;<\/li>\n<li>Betleem, unde se afl\u0103:<\/li>\n<li>biserica Na\u0219terii<\/li>\n<li>grota laptelui<\/li>\n<li>c\u00e2mpul p\u0103storilor;<\/li>\n<li>M\u0103n\u0103stirea Sf. Ghe. Hozevitul, cu moa\u0219tele Sf. rom\u00e2n Ioan Iacob \u0219i pe\u0219tera Sf. Ilie;<\/li>\n<li>M\u0103n\u0103stirile Sf. Teodosie \u0219i Sf. Sava;<\/li>\n<li>Ein Karem, locul na\u0219terii Sf. Ioan Botez\u0103torul \u0219i al \u00eent\u00e2lnirii dintre Maria \u0219i Elisabeta;<\/li>\n<\/ol>\n<p><img fetchpriority=\"high\" decoding=\"async\" class=\"alignnone size-full wp-image-3793\" src=\"https:\/\/mhf.ro\/mm\/wp-content\/uploads\/2021\/02\/ispitire.jpg\" alt=\"\" width=\"275\" height=\"183\" \/><\/p>\n<p>A r\u0103mas de amintit, Ierusalimul.<\/p>\n<p>&nbsp;<\/p>\n","protected":false},"excerpt":{"rendered":"<p>Urm\u00e2nd geografia \u021a\u0103rii Sfinte, \u00een continuarea locurilor enumerate \u00een articolul precedent, amintim: Ora\u0219ul Haifa, cu Muntele Carmel \u0219i gr\u0103dinile Bahai;<\/p>\n","protected":false},"author":4,"featured_media":3748,"comment_status":"open","ping_status":"open","sticky":false,"template":"","format":"standard","meta":{"colormag_page_container_layout":"default_layout","colormag_page_sidebar_layout":"default_layout","footnotes":""},"categories":[5,34],"tags":[],"class_list":["post-5133","post","type-post","status-publish","format-standard","has-post-thumbnail","hentry","category-locale","category-religie"],"yoast_head":"<!-- This site is optimized with the Yoast SEO plugin v27.0 - https:\/\/yoast.com\/product\/yoast-seo-wordpress\/ -->\n<title>Remember-\u021aara Sf\u00e2nt\u0103 (continuare) - MHF Photography<\/title>\n<meta name=\"robots\" content=\"index, follow, max-snippet:-1, max-image-preview:large, max-video-preview:-1\" \/>\n<link rel=\"canonical\" href=\"https:\/\/mhf.ro\/mm\/remember-tara-sfanta-continuare\/\" \/>\n<meta property=\"og:locale\" content=\"ro_RO\" \/>\n<meta property=\"og:type\" content=\"article\" \/>\n<meta property=\"og:title\" content=\"Remember-\u021aara Sf\u00e2nt\u0103 (continuare) - MHF Photography\" \/>\n<meta property=\"og:description\" content=\"Urm\u00e2nd geografia \u021a\u0103rii Sfinte, \u00een continuarea locurilor enumerate \u00een articolul precedent, amintim: Ora\u0219ul Haifa, cu Muntele Carmel \u0219i gr\u0103dinile Bahai;\" \/>\n<meta property=\"og:url\" content=\"https:\/\/mhf.ro\/mm\/remember-tara-sfanta-continuare\/\" \/>\n<meta property=\"og:site_name\" content=\"MHF Photography\" \/>\n<meta property=\"article:published_time\" content=\"2021-08-29T12:42:54+00:00\" \/>\n<meta property=\"og:image\" content=\"https:\/\/mhf.ro\/mm\/wp-content\/uploads\/2021\/01\/iordan.jpg\" \/>\n\t<meta property=\"og:image:width\" content=\"1024\" \/>\n\t<meta property=\"og:image:height\" content=\"576\" \/>\n\t<meta property=\"og:image:type\" content=\"image\/jpeg\" \/>\n<meta name=\"author\" content=\"Preot paroh Horvat Petru\" \/>\n<meta name=\"twitter:card\" content=\"summary_large_image\" \/>\n<meta name=\"twitter:label1\" content=\"Scris de\" \/>\n\t<meta name=\"twitter:data1\" content=\"Preot paroh Horvat Petru\" \/>\n\t<meta name=\"twitter:label2\" content=\"Timp estimat pentru citire\" \/>\n\t<meta name=\"twitter:data2\" content=\"1 minut\" \/>\n<script type=\"application\/ld+json\" class=\"yoast-schema-graph\">{\"@context\":\"https:\/\/schema.org\",\"@graph\":[{\"@type\":\"Article\",\"@id\":\"https:\/\/mhf.ro\/mm\/remember-tara-sfanta-continuare\/#article\",\"isPartOf\":{\"@id\":\"https:\/\/mhf.ro\/mm\/remember-tara-sfanta-continuare\/\"},\"author\":{\"name\":\"Preot paroh Horvat Petru\",\"@id\":\"https:\/\/mhf.ro\/mm\/#\/schema\/person\/4c8c06c801b7b666e81ed44550086900\"},\"headline\":\"Remember-\u021aara Sf\u00e2nt\u0103 (continuare)\",\"datePublished\":\"2021-08-29T12:42:54+00:00\",\"mainEntityOfPage\":{\"@id\":\"https:\/\/mhf.ro\/mm\/remember-tara-sfanta-continuare\/\"},\"wordCount\":144,\"commentCount\":0,\"publisher\":{\"@id\":\"https:\/\/mhf.ro\/mm\/#\/schema\/person\/a3bebf7bdb4bf12f698aff73c7e46c21\"},\"image\":{\"@id\":\"https:\/\/mhf.ro\/mm\/remember-tara-sfanta-continuare\/#primaryimage\"},\"thumbnailUrl\":\"https:\/\/mhf.ro\/mm\/wp-content\/uploads\/2021\/01\/iordan.jpg\",\"articleSection\":[\"Locale\",\"Religie\"],\"inLanguage\":\"ro-RO\",\"potentialAction\":[{\"@type\":\"CommentAction\",\"name\":\"Comment\",\"target\":[\"https:\/\/mhf.ro\/mm\/remember-tara-sfanta-continuare\/#respond\"]}]},{\"@type\":\"WebPage\",\"@id\":\"https:\/\/mhf.ro\/mm\/remember-tara-sfanta-continuare\/\",\"url\":\"https:\/\/mhf.ro\/mm\/remember-tara-sfanta-continuare\/\",\"name\":\"Remember-\u021aara Sf\u00e2nt\u0103 (continuare) - MHF Photography\",\"isPartOf\":{\"@id\":\"https:\/\/mhf.ro\/mm\/#website\"},\"primaryImageOfPage\":{\"@id\":\"https:\/\/mhf.ro\/mm\/remember-tara-sfanta-continuare\/#primaryimage\"},\"image\":{\"@id\":\"https:\/\/mhf.ro\/mm\/remember-tara-sfanta-continuare\/#primaryimage\"},\"thumbnailUrl\":\"https:\/\/mhf.ro\/mm\/wp-content\/uploads\/2021\/01\/iordan.jpg\",\"datePublished\":\"2021-08-29T12:42:54+00:00\",\"breadcrumb\":{\"@id\":\"https:\/\/mhf.ro\/mm\/remember-tara-sfanta-continuare\/#breadcrumb\"},\"inLanguage\":\"ro-RO\",\"potentialAction\":[{\"@type\":\"ReadAction\",\"target\":[\"https:\/\/mhf.ro\/mm\/remember-tara-sfanta-continuare\/\"]}]},{\"@type\":\"ImageObject\",\"inLanguage\":\"ro-RO\",\"@id\":\"https:\/\/mhf.ro\/mm\/remember-tara-sfanta-continuare\/#primaryimage\",\"url\":\"https:\/\/mhf.ro\/mm\/wp-content\/uploads\/2021\/01\/iordan.jpg\",\"contentUrl\":\"https:\/\/mhf.ro\/mm\/wp-content\/uploads\/2021\/01\/iordan.jpg\",\"width\":1024,\"height\":576},{\"@type\":\"BreadcrumbList\",\"@id\":\"https:\/\/mhf.ro\/mm\/remember-tara-sfanta-continuare\/#breadcrumb\",\"itemListElement\":[{\"@type\":\"ListItem\",\"position\":1,\"name\":\"Prima pagin\u0103\",\"item\":\"https:\/\/mhf.ro\/mm\/\"},{\"@type\":\"ListItem\",\"position\":2,\"name\":\"Remember-\u021aara Sf\u00e2nt\u0103 (continuare)\"}]},{\"@type\":\"WebSite\",\"@id\":\"https:\/\/mhf.ro\/mm\/#website\",\"url\":\"https:\/\/mhf.ro\/mm\/\",\"name\":\"MHF Photography \u2013 Blog de fotografie, natur\u0103 \u0219i tehnic\u0103 divers\u0103\",\"description\":\"Aventur\u0103 \u00een fiecare cadru.\",\"publisher\":{\"@id\":\"https:\/\/mhf.ro\/mm\/#\/schema\/person\/a3bebf7bdb4bf12f698aff73c7e46c21\"},\"potentialAction\":[{\"@type\":\"SearchAction\",\"target\":{\"@type\":\"EntryPoint\",\"urlTemplate\":\"https:\/\/mhf.ro\/mm\/?s={search_term_string}\"},\"query-input\":{\"@type\":\"PropertyValueSpecification\",\"valueRequired\":true,\"valueName\":\"search_term_string\"}}],\"inLanguage\":\"ro-RO\"},{\"@type\":[\"Person\",\"Organization\"],\"@id\":\"https:\/\/mhf.ro\/mm\/#\/schema\/person\/a3bebf7bdb4bf12f698aff73c7e46c21\",\"name\":\"Marius Marcu\",\"image\":{\"@type\":\"ImageObject\",\"inLanguage\":\"ro-RO\",\"@id\":\"https:\/\/mhf.ro\/mm\/#\/schema\/person\/image\/\",\"url\":\"https:\/\/mhf.ro\/mm\/wp-content\/uploads\/2025\/12\/cropped-logo_mhf_2.png\",\"contentUrl\":\"https:\/\/mhf.ro\/mm\/wp-content\/uploads\/2025\/12\/cropped-logo_mhf_2.png\",\"width\":1096,\"height\":457,\"caption\":\"Marius Marcu\"},\"logo\":{\"@id\":\"https:\/\/mhf.ro\/mm\/#\/schema\/person\/image\/\"},\"sameAs\":[\"https:\/\/mhf.ro\/mm\"]},{\"@type\":\"Person\",\"@id\":\"https:\/\/mhf.ro\/mm\/#\/schema\/person\/4c8c06c801b7b666e81ed44550086900\",\"name\":\"Preot paroh Horvat Petru\",\"image\":{\"@type\":\"ImageObject\",\"inLanguage\":\"ro-RO\",\"@id\":\"https:\/\/mhf.ro\/mm\/#\/schema\/person\/image\/\",\"url\":\"https:\/\/secure.gravatar.com\/avatar\/c2d2dcdf21c6f41aad486d71768c144cd6e23cb7b63bae9bd6fab542b26ad321?s=96&d=monsterid&r=g\",\"contentUrl\":\"https:\/\/secure.gravatar.com\/avatar\/c2d2dcdf21c6f41aad486d71768c144cd6e23cb7b63bae9bd6fab542b26ad321?s=96&d=monsterid&r=g\",\"caption\":\"Preot paroh Horvat Petru\"},\"sameAs\":[\"https:\/\/mhf.ro\/mm\"],\"url\":\"https:\/\/mhf.ro\/mm\/author\/petrica\/\"}]}<\/script>\n<!-- \/ Yoast SEO plugin. -->","yoast_head_json":{"title":"Remember-\u021aara Sf\u00e2nt\u0103 (continuare) - MHF Photography","robots":{"index":"index","follow":"follow","max-snippet":"max-snippet:-1","max-image-preview":"max-image-preview:large","max-video-preview":"max-video-preview:-1"},"canonical":"https:\/\/mhf.ro\/mm\/remember-tara-sfanta-continuare\/","og_locale":"ro_RO","og_type":"article","og_title":"Remember-\u021aara Sf\u00e2nt\u0103 (continuare) - MHF Photography","og_description":"Urm\u00e2nd geografia \u021a\u0103rii Sfinte, \u00een continuarea locurilor enumerate \u00een articolul precedent, amintim: Ora\u0219ul Haifa, cu Muntele Carmel \u0219i gr\u0103dinile Bahai;","og_url":"https:\/\/mhf.ro\/mm\/remember-tara-sfanta-continuare\/","og_site_name":"MHF Photography","article_published_time":"2021-08-29T12:42:54+00:00","og_image":[{"width":1024,"height":576,"url":"https:\/\/mhf.ro\/mm\/wp-content\/uploads\/2021\/01\/iordan.jpg","type":"image\/jpeg"}],"author":"Preot paroh Horvat Petru","twitter_card":"summary_large_image","twitter_misc":{"Scris de":"Preot paroh Horvat Petru","Timp estimat pentru citire":"1 minut"},"schema":{"@context":"https:\/\/schema.org","@graph":[{"@type":"Article","@id":"https:\/\/mhf.ro\/mm\/remember-tara-sfanta-continuare\/#article","isPartOf":{"@id":"https:\/\/mhf.ro\/mm\/remember-tara-sfanta-continuare\/"},"author":{"name":"Preot paroh Horvat Petru","@id":"https:\/\/mhf.ro\/mm\/#\/schema\/person\/4c8c06c801b7b666e81ed44550086900"},"headline":"Remember-\u021aara Sf\u00e2nt\u0103 (continuare)","datePublished":"2021-08-29T12:42:54+00:00","mainEntityOfPage":{"@id":"https:\/\/mhf.ro\/mm\/remember-tara-sfanta-continuare\/"},"wordCount":144,"commentCount":0,"publisher":{"@id":"https:\/\/mhf.ro\/mm\/#\/schema\/person\/a3bebf7bdb4bf12f698aff73c7e46c21"},"image":{"@id":"https:\/\/mhf.ro\/mm\/remember-tara-sfanta-continuare\/#primaryimage"},"thumbnailUrl":"https:\/\/mhf.ro\/mm\/wp-content\/uploads\/2021\/01\/iordan.jpg","articleSection":["Locale","Religie"],"inLanguage":"ro-RO","potentialAction":[{"@type":"CommentAction","name":"Comment","target":["https:\/\/mhf.ro\/mm\/remember-tara-sfanta-continuare\/#respond"]}]},{"@type":"WebPage","@id":"https:\/\/mhf.ro\/mm\/remember-tara-sfanta-continuare\/","url":"https:\/\/mhf.ro\/mm\/remember-tara-sfanta-continuare\/","name":"Remember-\u021aara Sf\u00e2nt\u0103 (continuare) - MHF Photography","isPartOf":{"@id":"https:\/\/mhf.ro\/mm\/#website"},"primaryImageOfPage":{"@id":"https:\/\/mhf.ro\/mm\/remember-tara-sfanta-continuare\/#primaryimage"},"image":{"@id":"https:\/\/mhf.ro\/mm\/remember-tara-sfanta-continuare\/#primaryimage"},"thumbnailUrl":"https:\/\/mhf.ro\/mm\/wp-content\/uploads\/2021\/01\/iordan.jpg","datePublished":"2021-08-29T12:42:54+00:00","breadcrumb":{"@id":"https:\/\/mhf.ro\/mm\/remember-tara-sfanta-continuare\/#breadcrumb"},"inLanguage":"ro-RO","potentialAction":[{"@type":"ReadAction","target":["https:\/\/mhf.ro\/mm\/remember-tara-sfanta-continuare\/"]}]},{"@type":"ImageObject","inLanguage":"ro-RO","@id":"https:\/\/mhf.ro\/mm\/remember-tara-sfanta-continuare\/#primaryimage","url":"https:\/\/mhf.ro\/mm\/wp-content\/uploads\/2021\/01\/iordan.jpg","contentUrl":"https:\/\/mhf.ro\/mm\/wp-content\/uploads\/2021\/01\/iordan.jpg","width":1024,"height":576},{"@type":"BreadcrumbList","@id":"https:\/\/mhf.ro\/mm\/remember-tara-sfanta-continuare\/#breadcrumb","itemListElement":[{"@type":"ListItem","position":1,"name":"Prima pagin\u0103","item":"https:\/\/mhf.ro\/mm\/"},{"@type":"ListItem","position":2,"name":"Remember-\u021aara Sf\u00e2nt\u0103 (continuare)"}]},{"@type":"WebSite","@id":"https:\/\/mhf.ro\/mm\/#website","url":"https:\/\/mhf.ro\/mm\/","name":"MHF Photography \u2013 Blog de fotografie, natur\u0103 \u0219i tehnic\u0103 divers\u0103","description":"Aventur\u0103 \u00een fiecare cadru.","publisher":{"@id":"https:\/\/mhf.ro\/mm\/#\/schema\/person\/a3bebf7bdb4bf12f698aff73c7e46c21"},"potentialAction":[{"@type":"SearchAction","target":{"@type":"EntryPoint","urlTemplate":"https:\/\/mhf.ro\/mm\/?s={search_term_string}"},"query-input":{"@type":"PropertyValueSpecification","valueRequired":true,"valueName":"search_term_string"}}],"inLanguage":"ro-RO"},{"@type":["Person","Organization"],"@id":"https:\/\/mhf.ro\/mm\/#\/schema\/person\/a3bebf7bdb4bf12f698aff73c7e46c21","name":"Marius Marcu","image":{"@type":"ImageObject","inLanguage":"ro-RO","@id":"https:\/\/mhf.ro\/mm\/#\/schema\/person\/image\/","url":"https:\/\/mhf.ro\/mm\/wp-content\/uploads\/2025\/12\/cropped-logo_mhf_2.png","contentUrl":"https:\/\/mhf.ro\/mm\/wp-content\/uploads\/2025\/12\/cropped-logo_mhf_2.png","width":1096,"height":457,"caption":"Marius Marcu"},"logo":{"@id":"https:\/\/mhf.ro\/mm\/#\/schema\/person\/image\/"},"sameAs":["https:\/\/mhf.ro\/mm"]},{"@type":"Person","@id":"https:\/\/mhf.ro\/mm\/#\/schema\/person\/4c8c06c801b7b666e81ed44550086900","name":"Preot paroh Horvat Petru","image":{"@type":"ImageObject","inLanguage":"ro-RO","@id":"https:\/\/mhf.ro\/mm\/#\/schema\/person\/image\/","url":"https:\/\/secure.gravatar.com\/avatar\/c2d2dcdf21c6f41aad486d71768c144cd6e23cb7b63bae9bd6fab542b26ad321?s=96&d=monsterid&r=g","contentUrl":"https:\/\/secure.gravatar.com\/avatar\/c2d2dcdf21c6f41aad486d71768c144cd6e23cb7b63bae9bd6fab542b26ad321?s=96&d=monsterid&r=g","caption":"Preot paroh Horvat Petru"},"sameAs":["https:\/\/mhf.ro\/mm"],"url":"https:\/\/mhf.ro\/mm\/author\/petrica\/"}]}},"_links":{"self":[{"href":"https:\/\/mhf.ro\/mm\/wp-json\/wp\/v2\/posts\/5133","targetHints":{"allow":["GET"]}}],"collection":[{"href":"https:\/\/mhf.ro\/mm\/wp-json\/wp\/v2\/posts"}],"about":[{"href":"https:\/\/mhf.ro\/mm\/wp-json\/wp\/v2\/types\/post"}],"author":[{"embeddable":true,"href":"https:\/\/mhf.ro\/mm\/wp-json\/wp\/v2\/users\/4"}],"replies":[{"embeddable":true,"href":"https:\/\/mhf.ro\/mm\/wp-json\/wp\/v2\/comments?post=5133"}],"version-history":[{"count":1,"href":"https:\/\/mhf.ro\/mm\/wp-json\/wp\/v2\/posts\/5133\/revisions"}],"predecessor-version":[{"id":5134,"href":"https:\/\/mhf.ro\/mm\/wp-json\/wp\/v2\/posts\/5133\/revisions\/5134"}],"wp:featuredmedia":[{"embeddable":true,"href":"https:\/\/mhf.ro\/mm\/wp-json\/wp\/v2\/media\/3748"}],"wp:attachment":[{"href":"https:\/\/mhf.ro\/mm\/wp-json\/wp\/v2\/media?parent=5133"}],"wp:term":[{"taxonomy":"category","embeddable":true,"href":"https:\/\/mhf.ro\/mm\/wp-json\/wp\/v2\/categories?post=5133"},{"taxonomy":"post_tag","embeddable":true,"href":"https:\/\/mhf.ro\/mm\/wp-json\/wp\/v2\/tags?post=5133"}],"curies":[{"name":"wp","href":"https:\/\/api.w.org\/{rel}","templated":true}]}}