{"id":5138,"date":"2021-08-31T09:07:34","date_gmt":"2021-08-31T07:07:34","guid":{"rendered":"https:\/\/mhf.ro\/mm\/?p=5138"},"modified":"2021-08-31T09:07:34","modified_gmt":"2021-08-31T07:07:34","slug":"vaccinati-si-premiati","status":"publish","type":"post","link":"https:\/\/mhf.ro\/mm\/vaccinati-si-premiati\/","title":{"rendered":"Vaccina\u021bi \u0219i premia\u021bi"},"content":{"rendered":"<p><strong>Ministrul s\u0103n\u0103t\u0103\u021bii, Ioana Mih\u0103il\u0103, a anun\u021bat c\u0103 a fost aprobat cadrul legal privind \u201estimularea adresabilit\u0103\u021bii popula\u021biei spre vaccinare\u201d.<\/strong><\/p>\n<p>Cei vaccina\u021bi cu schema complet\u0103 vor beneficia de o aloca\u021bie individual\u0103 de hran\u0103 \u00een valoare de 100 de lei. Acest lucru va fi posibil dup\u0103 ce OUG va fi publicat\u0103 \u00een Monitorul Oficial. Dac\u0103 se vor \u00eenscrie la Loteria de vaccinare, participan\u021bii vor putea primi premii de un milion de lei.<\/p>\n<p>Vor putea beneficia numai cei vaccina\u021bi cu schema complet\u0103, c\u00e2te dou\u0103 doze de vaccin Pfizer, AstraZeneca \u0219i Moderna, sau o doz\u0103 de vaccin Johnson &amp; Johnson.<\/p>\n<p>\u201ePersoanele care se vaccineaz\u0103 cu schem\u0103 complet\u0103 de vaccinare vor beneficia din momentul \u00een care aceast\u0103 OUG intr\u0103 \u00een vigoare de o aloca\u021bie individual\u0103 de hran\u0103 \u00een valoare total\u0103 de 100 de lei, sub form\u0103 de tichete de mas\u0103\u201d, a declarat ministrul.<\/p>\n<p>\u201eCa o m\u0103sur\u0103 suplimentar\u0103 de recompensare a tuturor persoanelor care au fost vaccinate \u00eempotriva COVID-19, s-a propus, de asemenea, organizarea Loteriei de vaccinare, Loterie care const\u0103 \u00een acordarea de premii \u00een bani persoanelor vaccinate cu schema complet\u0103\u201d.<\/p>\n<p>Rom\u00e2nii vor primi voucherele din momentul \u00een care OUG va fi publicat\u0103 \u00een Monitorul oficial.<\/p>\n<p>\u201eEi vor putea s\u0103 ridice aceste bonuri de mas\u0103 \u00een momentul \u00een care vor fi disponibile, de la centrul de vaccinare de la care s-au vaccinat, c\u00e2nd vor fi disponibile. \u00cencerc\u0103m s\u0103 gr\u0103bim procedurile legale \u0219i de achizi\u021bii\u201d.<\/p>\n<p>Valoare premiilor poate ajunge la un milion de lei.<\/p>\n<p>\u201ePremiile sunt sume \u00een bani. Ele urmeaz\u0103 s\u0103 fie reglementate cu Loteria Na\u021bional\u0103, Ministerul Economiei \u0219i Ministerul S\u0103n\u0103t\u0103\u021bii. La o prim\u0103 discu\u021bie, apreciem c\u0103 premiile cele mai consistente vor fi \u00een valoare de un milion de lei\u201d.<\/p>\n<p>Loteriile vor fi organizate pentru perioada octombrie-decembrie 2021,iar dup\u0103 intrarea \u00een vigoare a OUG, persoanele care se vor vaccina cu schema complet\u0103 vor primi 100 de lei sub forma de tichete de mas\u0103. Cheltuielile vor fi suportate din bugetul Ministerului S\u0103n\u0103t\u0103\u021bii. (conf. <a href=\"https:\/\/jurnalist.ro\/vaccinati-si-premiati\/\">Jurnalist.ro<\/a>)<\/p>\n","protected":false},"excerpt":{"rendered":"<p>Ministrul s\u0103n\u0103t\u0103\u021bii, Ioana Mih\u0103il\u0103, a anun\u021bat c\u0103 a fost aprobat cadrul legal privind \u201estimularea adresabilit\u0103\u021bii popula\u021biei spre vaccinare\u201d. Cei vaccina\u021bi<\/p>\n","protected":false},"author":1,"featured_media":5139,"comment_status":"open","ping_status":"open","sticky":false,"template":"","format":"standard","meta":{"colormag_page_container_layout":"default_layout","colormag_page_sidebar_layout":"default_layout","footnotes":""},"categories":[5],"tags":[],"class_list":["post-5138","post","type-post","status-publish","format-standard","has-post-thumbnail","hentry","category-locale"],"yoast_head":"<!-- This site is optimized with the Yoast SEO plugin v27.0 - https:\/\/yoast.com\/product\/yoast-seo-wordpress\/ -->\n<title>Vaccina\u021bi \u0219i premia\u021bi - MHF Photography<\/title>\n<meta name=\"robots\" content=\"index, follow, max-snippet:-1, max-image-preview:large, max-video-preview:-1\" \/>\n<link rel=\"canonical\" href=\"https:\/\/mhf.ro\/mm\/vaccinati-si-premiati\/\" \/>\n<meta property=\"og:locale\" content=\"ro_RO\" \/>\n<meta property=\"og:type\" content=\"article\" \/>\n<meta property=\"og:title\" content=\"Vaccina\u021bi \u0219i premia\u021bi - MHF Photography\" \/>\n<meta property=\"og:description\" content=\"Ministrul s\u0103n\u0103t\u0103\u021bii, Ioana Mih\u0103il\u0103, a anun\u021bat c\u0103 a fost aprobat cadrul legal privind \u201estimularea adresabilit\u0103\u021bii popula\u021biei spre vaccinare\u201d. Cei vaccina\u021bi\" \/>\n<meta property=\"og:url\" content=\"https:\/\/mhf.ro\/mm\/vaccinati-si-premiati\/\" \/>\n<meta property=\"og:site_name\" content=\"MHF Photography\" \/>\n<meta property=\"article:published_time\" content=\"2021-08-31T07:07:34+00:00\" \/>\n<meta property=\"og:image\" content=\"https:\/\/mhf.ro\/mm\/wp-content\/uploads\/2021\/08\/ioana-mihaila.jpg\" \/>\n\t<meta property=\"og:image:width\" content=\"1200\" \/>\n\t<meta property=\"og:image:height\" content=\"647\" \/>\n\t<meta property=\"og:image:type\" content=\"image\/jpeg\" \/>\n<meta name=\"author\" content=\"Marius Marcu\" \/>\n<meta name=\"twitter:card\" content=\"summary_large_image\" \/>\n<meta name=\"twitter:label1\" content=\"Scris de\" \/>\n\t<meta name=\"twitter:data1\" content=\"Marius Marcu\" \/>\n\t<meta name=\"twitter:label2\" content=\"Timp estimat pentru citire\" \/>\n\t<meta name=\"twitter:data2\" content=\"2 minute\" \/>\n<script type=\"application\/ld+json\" class=\"yoast-schema-graph\">{\"@context\":\"https:\/\/schema.org\",\"@graph\":[{\"@type\":\"Article\",\"@id\":\"https:\/\/mhf.ro\/mm\/vaccinati-si-premiati\/#article\",\"isPartOf\":{\"@id\":\"https:\/\/mhf.ro\/mm\/vaccinati-si-premiati\/\"},\"author\":{\"name\":\"Marius Marcu\",\"@id\":\"https:\/\/mhf.ro\/mm\/#\/schema\/person\/a3bebf7bdb4bf12f698aff73c7e46c21\"},\"headline\":\"Vaccina\u021bi \u0219i premia\u021bi\",\"datePublished\":\"2021-08-31T07:07:34+00:00\",\"mainEntityOfPage\":{\"@id\":\"https:\/\/mhf.ro\/mm\/vaccinati-si-premiati\/\"},\"wordCount\":346,\"commentCount\":0,\"publisher\":{\"@id\":\"https:\/\/mhf.ro\/mm\/#\/schema\/person\/a3bebf7bdb4bf12f698aff73c7e46c21\"},\"image\":{\"@id\":\"https:\/\/mhf.ro\/mm\/vaccinati-si-premiati\/#primaryimage\"},\"thumbnailUrl\":\"https:\/\/mhf.ro\/mm\/wp-content\/uploads\/2021\/08\/ioana-mihaila.jpg\",\"articleSection\":[\"Locale\"],\"inLanguage\":\"ro-RO\",\"potentialAction\":[{\"@type\":\"CommentAction\",\"name\":\"Comment\",\"target\":[\"https:\/\/mhf.ro\/mm\/vaccinati-si-premiati\/#respond\"]}]},{\"@type\":\"WebPage\",\"@id\":\"https:\/\/mhf.ro\/mm\/vaccinati-si-premiati\/\",\"url\":\"https:\/\/mhf.ro\/mm\/vaccinati-si-premiati\/\",\"name\":\"Vaccina\u021bi \u0219i premia\u021bi - MHF Photography\",\"isPartOf\":{\"@id\":\"https:\/\/mhf.ro\/mm\/#website\"},\"primaryImageOfPage\":{\"@id\":\"https:\/\/mhf.ro\/mm\/vaccinati-si-premiati\/#primaryimage\"},\"image\":{\"@id\":\"https:\/\/mhf.ro\/mm\/vaccinati-si-premiati\/#primaryimage\"},\"thumbnailUrl\":\"https:\/\/mhf.ro\/mm\/wp-content\/uploads\/2021\/08\/ioana-mihaila.jpg\",\"datePublished\":\"2021-08-31T07:07:34+00:00\",\"breadcrumb\":{\"@id\":\"https:\/\/mhf.ro\/mm\/vaccinati-si-premiati\/#breadcrumb\"},\"inLanguage\":\"ro-RO\",\"potentialAction\":[{\"@type\":\"ReadAction\",\"target\":[\"https:\/\/mhf.ro\/mm\/vaccinati-si-premiati\/\"]}]},{\"@type\":\"ImageObject\",\"inLanguage\":\"ro-RO\",\"@id\":\"https:\/\/mhf.ro\/mm\/vaccinati-si-premiati\/#primaryimage\",\"url\":\"https:\/\/mhf.ro\/mm\/wp-content\/uploads\/2021\/08\/ioana-mihaila.jpg\",\"contentUrl\":\"https:\/\/mhf.ro\/mm\/wp-content\/uploads\/2021\/08\/ioana-mihaila.jpg\",\"width\":1200,\"height\":647},{\"@type\":\"BreadcrumbList\",\"@id\":\"https:\/\/mhf.ro\/mm\/vaccinati-si-premiati\/#breadcrumb\",\"itemListElement\":[{\"@type\":\"ListItem\",\"position\":1,\"name\":\"Prima pagin\u0103\",\"item\":\"https:\/\/mhf.ro\/mm\/\"},{\"@type\":\"ListItem\",\"position\":2,\"name\":\"Vaccina\u021bi \u0219i premia\u021bi\"}]},{\"@type\":\"WebSite\",\"@id\":\"https:\/\/mhf.ro\/mm\/#website\",\"url\":\"https:\/\/mhf.ro\/mm\/\",\"name\":\"MHF Photography \u2013 Blog de fotografie, natur\u0103 \u0219i tehnic\u0103 divers\u0103\",\"description\":\"Aventur\u0103 \u00een fiecare cadru.\",\"publisher\":{\"@id\":\"https:\/\/mhf.ro\/mm\/#\/schema\/person\/a3bebf7bdb4bf12f698aff73c7e46c21\"},\"potentialAction\":[{\"@type\":\"SearchAction\",\"target\":{\"@type\":\"EntryPoint\",\"urlTemplate\":\"https:\/\/mhf.ro\/mm\/?s={search_term_string}\"},\"query-input\":{\"@type\":\"PropertyValueSpecification\",\"valueRequired\":true,\"valueName\":\"search_term_string\"}}],\"inLanguage\":\"ro-RO\"},{\"@type\":[\"Person\",\"Organization\"],\"@id\":\"https:\/\/mhf.ro\/mm\/#\/schema\/person\/a3bebf7bdb4bf12f698aff73c7e46c21\",\"name\":\"Marius Marcu\",\"image\":{\"@type\":\"ImageObject\",\"inLanguage\":\"ro-RO\",\"@id\":\"https:\/\/mhf.ro\/mm\/#\/schema\/person\/image\/\",\"url\":\"https:\/\/mhf.ro\/mm\/wp-content\/uploads\/2025\/12\/cropped-logo_mhf_2.png\",\"contentUrl\":\"https:\/\/mhf.ro\/mm\/wp-content\/uploads\/2025\/12\/cropped-logo_mhf_2.png\",\"width\":1096,\"height\":457,\"caption\":\"Marius Marcu\"},\"logo\":{\"@id\":\"https:\/\/mhf.ro\/mm\/#\/schema\/person\/image\/\"},\"sameAs\":[\"https:\/\/mhf.ro\/mm\"],\"url\":\"https:\/\/mhf.ro\/mm\/author\/mihai\/\"}]}<\/script>\n<!-- \/ Yoast SEO plugin. -->","yoast_head_json":{"title":"Vaccina\u021bi \u0219i premia\u021bi - MHF Photography","robots":{"index":"index","follow":"follow","max-snippet":"max-snippet:-1","max-image-preview":"max-image-preview:large","max-video-preview":"max-video-preview:-1"},"canonical":"https:\/\/mhf.ro\/mm\/vaccinati-si-premiati\/","og_locale":"ro_RO","og_type":"article","og_title":"Vaccina\u021bi \u0219i premia\u021bi - MHF Photography","og_description":"Ministrul s\u0103n\u0103t\u0103\u021bii, Ioana Mih\u0103il\u0103, a anun\u021bat c\u0103 a fost aprobat cadrul legal privind \u201estimularea adresabilit\u0103\u021bii popula\u021biei spre vaccinare\u201d. Cei vaccina\u021bi","og_url":"https:\/\/mhf.ro\/mm\/vaccinati-si-premiati\/","og_site_name":"MHF Photography","article_published_time":"2021-08-31T07:07:34+00:00","og_image":[{"width":1200,"height":647,"url":"https:\/\/mhf.ro\/mm\/wp-content\/uploads\/2021\/08\/ioana-mihaila.jpg","type":"image\/jpeg"}],"author":"Marius Marcu","twitter_card":"summary_large_image","twitter_misc":{"Scris de":"Marius Marcu","Timp estimat pentru citire":"2 minute"},"schema":{"@context":"https:\/\/schema.org","@graph":[{"@type":"Article","@id":"https:\/\/mhf.ro\/mm\/vaccinati-si-premiati\/#article","isPartOf":{"@id":"https:\/\/mhf.ro\/mm\/vaccinati-si-premiati\/"},"author":{"name":"Marius Marcu","@id":"https:\/\/mhf.ro\/mm\/#\/schema\/person\/a3bebf7bdb4bf12f698aff73c7e46c21"},"headline":"Vaccina\u021bi \u0219i premia\u021bi","datePublished":"2021-08-31T07:07:34+00:00","mainEntityOfPage":{"@id":"https:\/\/mhf.ro\/mm\/vaccinati-si-premiati\/"},"wordCount":346,"commentCount":0,"publisher":{"@id":"https:\/\/mhf.ro\/mm\/#\/schema\/person\/a3bebf7bdb4bf12f698aff73c7e46c21"},"image":{"@id":"https:\/\/mhf.ro\/mm\/vaccinati-si-premiati\/#primaryimage"},"thumbnailUrl":"https:\/\/mhf.ro\/mm\/wp-content\/uploads\/2021\/08\/ioana-mihaila.jpg","articleSection":["Locale"],"inLanguage":"ro-RO","potentialAction":[{"@type":"CommentAction","name":"Comment","target":["https:\/\/mhf.ro\/mm\/vaccinati-si-premiati\/#respond"]}]},{"@type":"WebPage","@id":"https:\/\/mhf.ro\/mm\/vaccinati-si-premiati\/","url":"https:\/\/mhf.ro\/mm\/vaccinati-si-premiati\/","name":"Vaccina\u021bi \u0219i premia\u021bi - MHF Photography","isPartOf":{"@id":"https:\/\/mhf.ro\/mm\/#website"},"primaryImageOfPage":{"@id":"https:\/\/mhf.ro\/mm\/vaccinati-si-premiati\/#primaryimage"},"image":{"@id":"https:\/\/mhf.ro\/mm\/vaccinati-si-premiati\/#primaryimage"},"thumbnailUrl":"https:\/\/mhf.ro\/mm\/wp-content\/uploads\/2021\/08\/ioana-mihaila.jpg","datePublished":"2021-08-31T07:07:34+00:00","breadcrumb":{"@id":"https:\/\/mhf.ro\/mm\/vaccinati-si-premiati\/#breadcrumb"},"inLanguage":"ro-RO","potentialAction":[{"@type":"ReadAction","target":["https:\/\/mhf.ro\/mm\/vaccinati-si-premiati\/"]}]},{"@type":"ImageObject","inLanguage":"ro-RO","@id":"https:\/\/mhf.ro\/mm\/vaccinati-si-premiati\/#primaryimage","url":"https:\/\/mhf.ro\/mm\/wp-content\/uploads\/2021\/08\/ioana-mihaila.jpg","contentUrl":"https:\/\/mhf.ro\/mm\/wp-content\/uploads\/2021\/08\/ioana-mihaila.jpg","width":1200,"height":647},{"@type":"BreadcrumbList","@id":"https:\/\/mhf.ro\/mm\/vaccinati-si-premiati\/#breadcrumb","itemListElement":[{"@type":"ListItem","position":1,"name":"Prima pagin\u0103","item":"https:\/\/mhf.ro\/mm\/"},{"@type":"ListItem","position":2,"name":"Vaccina\u021bi \u0219i premia\u021bi"}]},{"@type":"WebSite","@id":"https:\/\/mhf.ro\/mm\/#website","url":"https:\/\/mhf.ro\/mm\/","name":"MHF Photography \u2013 Blog de fotografie, natur\u0103 \u0219i tehnic\u0103 divers\u0103","description":"Aventur\u0103 \u00een fiecare cadru.","publisher":{"@id":"https:\/\/mhf.ro\/mm\/#\/schema\/person\/a3bebf7bdb4bf12f698aff73c7e46c21"},"potentialAction":[{"@type":"SearchAction","target":{"@type":"EntryPoint","urlTemplate":"https:\/\/mhf.ro\/mm\/?s={search_term_string}"},"query-input":{"@type":"PropertyValueSpecification","valueRequired":true,"valueName":"search_term_string"}}],"inLanguage":"ro-RO"},{"@type":["Person","Organization"],"@id":"https:\/\/mhf.ro\/mm\/#\/schema\/person\/a3bebf7bdb4bf12f698aff73c7e46c21","name":"Marius Marcu","image":{"@type":"ImageObject","inLanguage":"ro-RO","@id":"https:\/\/mhf.ro\/mm\/#\/schema\/person\/image\/","url":"https:\/\/mhf.ro\/mm\/wp-content\/uploads\/2025\/12\/cropped-logo_mhf_2.png","contentUrl":"https:\/\/mhf.ro\/mm\/wp-content\/uploads\/2025\/12\/cropped-logo_mhf_2.png","width":1096,"height":457,"caption":"Marius Marcu"},"logo":{"@id":"https:\/\/mhf.ro\/mm\/#\/schema\/person\/image\/"},"sameAs":["https:\/\/mhf.ro\/mm"],"url":"https:\/\/mhf.ro\/mm\/author\/mihai\/"}]}},"_links":{"self":[{"href":"https:\/\/mhf.ro\/mm\/wp-json\/wp\/v2\/posts\/5138","targetHints":{"allow":["GET"]}}],"collection":[{"href":"https:\/\/mhf.ro\/mm\/wp-json\/wp\/v2\/posts"}],"about":[{"href":"https:\/\/mhf.ro\/mm\/wp-json\/wp\/v2\/types\/post"}],"author":[{"embeddable":true,"href":"https:\/\/mhf.ro\/mm\/wp-json\/wp\/v2\/users\/1"}],"replies":[{"embeddable":true,"href":"https:\/\/mhf.ro\/mm\/wp-json\/wp\/v2\/comments?post=5138"}],"version-history":[{"count":1,"href":"https:\/\/mhf.ro\/mm\/wp-json\/wp\/v2\/posts\/5138\/revisions"}],"predecessor-version":[{"id":5140,"href":"https:\/\/mhf.ro\/mm\/wp-json\/wp\/v2\/posts\/5138\/revisions\/5140"}],"wp:featuredmedia":[{"embeddable":true,"href":"https:\/\/mhf.ro\/mm\/wp-json\/wp\/v2\/media\/5139"}],"wp:attachment":[{"href":"https:\/\/mhf.ro\/mm\/wp-json\/wp\/v2\/media?parent=5138"}],"wp:term":[{"taxonomy":"category","embeddable":true,"href":"https:\/\/mhf.ro\/mm\/wp-json\/wp\/v2\/categories?post=5138"},{"taxonomy":"post_tag","embeddable":true,"href":"https:\/\/mhf.ro\/mm\/wp-json\/wp\/v2\/tags?post=5138"}],"curies":[{"name":"wp","href":"https:\/\/api.w.org\/{rel}","templated":true}]}}