{"id":5144,"date":"2021-09-05T08:35:57","date_gmt":"2021-09-05T06:35:57","guid":{"rendered":"https:\/\/mhf.ro\/mm\/?p=5144"},"modified":"2021-09-05T08:36:26","modified_gmt":"2021-09-05T06:36:26","slug":"productie-de-fructe-de-padure-in-romania","status":"publish","type":"post","link":"https:\/\/mhf.ro\/mm\/productie-de-fructe-de-padure-in-romania\/","title":{"rendered":"Produc\u021bie de fructe de p\u0103dure \u00een Rom\u00e2nia"},"content":{"rendered":"<div class=\"lead-articol\">\n<p><strong>Mul\u021bi ingineri \u0219i fermieri din Rom\u00e2nia investesc \u00een produc\u021bia de fructe de p\u0103dure. Chiar dac\u0103 se import\u0103 masiv, aceast\u0103 afacere este c\u00e2\u0219tig\u0103toare pe termen lung.<\/strong><\/p>\n<\/div>\n<p>\u0218i suprafa\u021ba pe care se cultiv\u0103 a crescut semnificativ.\u00a0 \u00cen 2021 a ajuns la 5 mii de hectare.<\/p>\n<p>\u00cen localitatea Afuma\u0163i, la doar 18 kilometri de Bucure\u015fti, Nicolae, inginer agronom, are o planta\u0163ie de zmeur\u0103 \u015fi mure. De\u0219i \u0219i-a \u00eenceput afacerea de c\u00e2\u0163iva ani, acum are dou\u0103 hectare cultivate.<\/p>\n<p>Camburu Nicolae: \u201cAm \u00eenceput cu circa 2 500 de metri \u015fi u\u015for u\u015for de la an la an am extins cultura. Cererea e din ce \u00een ce mai mare pentru ceste fructe naturale. Ele sunt fructe perisabile care se depreciaz\u0103 \u015fi dac\u0103 nu le procesezi \u00een aceea\u015fi zi sau le bagi la frigider, congelator se altereaz\u0103\u201d.<\/p>\n<p>Acesta a g\u00e2ndit un sistem pentru a-\u0219i vinde repede recolta. Doritorii sunt a\u015ftepta\u0163i s\u0103 \u00ee\u015fi culeag\u0103 singuri fructele. Un kilogram cules costa 8 lei. Cel gata cules cost\u0103 \u00eentre 12 \u015fi 15 lei kg. De anul acesta, a \u00eenceput s\u0103 procesze fructele r\u0103mase \u00een gem, vin, p\u0103linc\u0103 sau murat\u0103.<\/p>\n<p>Afacerile cu mure, zmeur\u0103 \u015fi afine s-au dezvoltat tot mai mult \u00een ultima perioada. Fructele ajung tot mai u\u015for \u00een pie\u0163e sau direct la clien\u0163i, prin aplica\u0163ii.<\/p>\n<p>Tot \u00een acela\u015fi timp s-au dezvoltat \u015fi pepinierele.\u00a0 Puie\u0163i cu mure sau zmeur\u0103 sunt v\u00e2ndu\u021bi \u00een toat\u0103 \u0163ara. Unul dintre proprietari spune c\u0103 afacerea i s-a dezvoltat, iar acum a ajuns la un profit de 200 de mii de euro pe an.<\/p>\n<p>Gabriel Achim: \u201cE o produc\u0163ie foarte bun\u0103 dac\u0103 ne raport\u0103m la ultimii ani. Fructele se v\u00e2nd la contracte, la procesatori, avem contracte \u00een pia\u0163\u0103. Zmeura este dorit\u0103 \u00een aceast\u0103 perioad\u0103, \u00eens\u0103 de specificat c\u0103 rom\u00e2nul este \u00eenv\u0103\u0163at s\u0103 consume fructele. Zmeura nu e ca banana, trebuie consumat\u0103 iunie, iulie august\u201d.<\/p>\n<p>Suprafa\u0163a cultivat\u0103 cu fructe de p\u0103dure\u00a0 a crescut din 2010 de \u0219apte ori \u015fi a ajuns la 5000 de hectare, potrivit Agen\u0163iei de pl\u0103\u021bi \u0219i interven\u0163ie pentru Agricultur\u0103.\u00a0 Produc\u0163ia total\u0103 de zmeur\u0103 a ajuns la 205 tone. Totu\u0219i, cu o industrie \u00een plin\u0103 dezvoltare, am importat mai multe fructe de p\u0103dure dec\u00e2t am exportat. (conf. <a href=\"http:\/\/jurnalist.ro\">Jurnalist.ro<\/a>)<\/p>\n<h4 style=\"text-align: right;\"><a href=\"https:\/\/riz.ro\/hw\/\">G\u0103zduire WEB &#8211; Creare site prezentare<\/a><\/h4>\n","protected":false},"excerpt":{"rendered":"<p>Mul\u021bi ingineri \u0219i fermieri din Rom\u00e2nia investesc \u00een produc\u021bia de fructe de p\u0103dure. Chiar dac\u0103 se import\u0103 masiv, aceast\u0103 afacere<\/p>\n","protected":false},"author":1,"featured_media":5145,"comment_status":"open","ping_status":"open","sticky":false,"template":"","format":"standard","meta":{"colormag_page_container_layout":"default_layout","colormag_page_sidebar_layout":"default_layout","footnotes":""},"categories":[8],"tags":[],"class_list":["post-5144","post","type-post","status-publish","format-standard","has-post-thumbnail","hentry","category-div"],"yoast_head":"<!-- This site is optimized with the Yoast SEO plugin v27.0 - https:\/\/yoast.com\/product\/yoast-seo-wordpress\/ -->\n<title>Produc\u021bie de fructe de p\u0103dure \u00een Rom\u00e2nia - MHF Photography<\/title>\n<meta name=\"description\" content=\"Un pas foarte important \u00een dezvoltarea afacerii tale este crearea unui site de prezentare. Mai ieftin dec\u00e2t spa\u021biu de prezentare \u00eenchiriat!!\" \/>\n<meta name=\"robots\" content=\"index, follow, max-snippet:-1, max-image-preview:large, max-video-preview:-1\" \/>\n<link rel=\"canonical\" href=\"https:\/\/mhf.ro\/mm\/productie-de-fructe-de-padure-in-romania\/\" \/>\n<meta property=\"og:locale\" content=\"ro_RO\" \/>\n<meta property=\"og:type\" content=\"article\" \/>\n<meta property=\"og:title\" content=\"Produc\u021bie de fructe de p\u0103dure \u00een Rom\u00e2nia - MHF Photography\" \/>\n<meta property=\"og:description\" content=\"Un pas foarte important \u00een dezvoltarea afacerii tale este crearea unui site de prezentare. Mai ieftin dec\u00e2t spa\u021biu de prezentare \u00eenchiriat!!\" \/>\n<meta property=\"og:url\" content=\"https:\/\/mhf.ro\/mm\/productie-de-fructe-de-padure-in-romania\/\" \/>\n<meta property=\"og:site_name\" content=\"MHF Photography\" \/>\n<meta property=\"article:published_time\" content=\"2021-09-05T06:35:57+00:00\" \/>\n<meta property=\"article:modified_time\" content=\"2021-09-05T06:36:26+00:00\" \/>\n<meta property=\"og:image\" content=\"https:\/\/mhf.ro\/mm\/wp-content\/uploads\/2021\/09\/fructe-padure-2.jpg\" \/>\n\t<meta property=\"og:image:width\" content=\"850\" \/>\n\t<meta property=\"og:image:height\" content=\"478\" \/>\n\t<meta property=\"og:image:type\" content=\"image\/jpeg\" \/>\n<meta name=\"author\" content=\"Marius Marcu\" \/>\n<meta name=\"twitter:card\" content=\"summary_large_image\" \/>\n<meta name=\"twitter:label1\" content=\"Scris de\" \/>\n\t<meta name=\"twitter:data1\" content=\"Marius Marcu\" \/>\n\t<meta name=\"twitter:label2\" content=\"Timp estimat pentru citire\" \/>\n\t<meta name=\"twitter:data2\" content=\"2 minute\" \/>\n<script type=\"application\/ld+json\" class=\"yoast-schema-graph\">{\"@context\":\"https:\/\/schema.org\",\"@graph\":[{\"@type\":\"Article\",\"@id\":\"https:\/\/mhf.ro\/mm\/productie-de-fructe-de-padure-in-romania\/#article\",\"isPartOf\":{\"@id\":\"https:\/\/mhf.ro\/mm\/productie-de-fructe-de-padure-in-romania\/\"},\"author\":{\"name\":\"Marius Marcu\",\"@id\":\"https:\/\/mhf.ro\/mm\/#\/schema\/person\/a3bebf7bdb4bf12f698aff73c7e46c21\"},\"headline\":\"Produc\u021bie de fructe de p\u0103dure \u00een Rom\u00e2nia\",\"datePublished\":\"2021-09-05T06:35:57+00:00\",\"dateModified\":\"2021-09-05T06:36:26+00:00\",\"mainEntityOfPage\":{\"@id\":\"https:\/\/mhf.ro\/mm\/productie-de-fructe-de-padure-in-romania\/\"},\"wordCount\":403,\"commentCount\":0,\"publisher\":{\"@id\":\"https:\/\/mhf.ro\/mm\/#\/schema\/person\/a3bebf7bdb4bf12f698aff73c7e46c21\"},\"image\":{\"@id\":\"https:\/\/mhf.ro\/mm\/productie-de-fructe-de-padure-in-romania\/#primaryimage\"},\"thumbnailUrl\":\"https:\/\/mhf.ro\/mm\/wp-content\/uploads\/2021\/09\/fructe-padure-2.jpg\",\"articleSection\":[\"Diverse\"],\"inLanguage\":\"ro-RO\",\"potentialAction\":[{\"@type\":\"CommentAction\",\"name\":\"Comment\",\"target\":[\"https:\/\/mhf.ro\/mm\/productie-de-fructe-de-padure-in-romania\/#respond\"]}]},{\"@type\":\"WebPage\",\"@id\":\"https:\/\/mhf.ro\/mm\/productie-de-fructe-de-padure-in-romania\/\",\"url\":\"https:\/\/mhf.ro\/mm\/productie-de-fructe-de-padure-in-romania\/\",\"name\":\"Produc\u021bie de fructe de p\u0103dure \u00een Rom\u00e2nia - MHF Photography\",\"isPartOf\":{\"@id\":\"https:\/\/mhf.ro\/mm\/#website\"},\"primaryImageOfPage\":{\"@id\":\"https:\/\/mhf.ro\/mm\/productie-de-fructe-de-padure-in-romania\/#primaryimage\"},\"image\":{\"@id\":\"https:\/\/mhf.ro\/mm\/productie-de-fructe-de-padure-in-romania\/#primaryimage\"},\"thumbnailUrl\":\"https:\/\/mhf.ro\/mm\/wp-content\/uploads\/2021\/09\/fructe-padure-2.jpg\",\"datePublished\":\"2021-09-05T06:35:57+00:00\",\"dateModified\":\"2021-09-05T06:36:26+00:00\",\"description\":\"Un pas foarte important \u00een dezvoltarea afacerii tale este crearea unui site de prezentare. Mai ieftin dec\u00e2t spa\u021biu de prezentare \u00eenchiriat!!\",\"breadcrumb\":{\"@id\":\"https:\/\/mhf.ro\/mm\/productie-de-fructe-de-padure-in-romania\/#breadcrumb\"},\"inLanguage\":\"ro-RO\",\"potentialAction\":[{\"@type\":\"ReadAction\",\"target\":[\"https:\/\/mhf.ro\/mm\/productie-de-fructe-de-padure-in-romania\/\"]}]},{\"@type\":\"ImageObject\",\"inLanguage\":\"ro-RO\",\"@id\":\"https:\/\/mhf.ro\/mm\/productie-de-fructe-de-padure-in-romania\/#primaryimage\",\"url\":\"https:\/\/mhf.ro\/mm\/wp-content\/uploads\/2021\/09\/fructe-padure-2.jpg\",\"contentUrl\":\"https:\/\/mhf.ro\/mm\/wp-content\/uploads\/2021\/09\/fructe-padure-2.jpg\",\"width\":850,\"height\":478},{\"@type\":\"BreadcrumbList\",\"@id\":\"https:\/\/mhf.ro\/mm\/productie-de-fructe-de-padure-in-romania\/#breadcrumb\",\"itemListElement\":[{\"@type\":\"ListItem\",\"position\":1,\"name\":\"Prima pagin\u0103\",\"item\":\"https:\/\/mhf.ro\/mm\/\"},{\"@type\":\"ListItem\",\"position\":2,\"name\":\"Produc\u021bie de fructe de p\u0103dure \u00een Rom\u00e2nia\"}]},{\"@type\":\"WebSite\",\"@id\":\"https:\/\/mhf.ro\/mm\/#website\",\"url\":\"https:\/\/mhf.ro\/mm\/\",\"name\":\"MHF Photography \u2013 Blog de fotografie, natur\u0103 \u0219i tehnic\u0103 divers\u0103\",\"description\":\"Aventur\u0103 \u00een fiecare cadru.\",\"publisher\":{\"@id\":\"https:\/\/mhf.ro\/mm\/#\/schema\/person\/a3bebf7bdb4bf12f698aff73c7e46c21\"},\"potentialAction\":[{\"@type\":\"SearchAction\",\"target\":{\"@type\":\"EntryPoint\",\"urlTemplate\":\"https:\/\/mhf.ro\/mm\/?s={search_term_string}\"},\"query-input\":{\"@type\":\"PropertyValueSpecification\",\"valueRequired\":true,\"valueName\":\"search_term_string\"}}],\"inLanguage\":\"ro-RO\"},{\"@type\":[\"Person\",\"Organization\"],\"@id\":\"https:\/\/mhf.ro\/mm\/#\/schema\/person\/a3bebf7bdb4bf12f698aff73c7e46c21\",\"name\":\"Marius Marcu\",\"image\":{\"@type\":\"ImageObject\",\"inLanguage\":\"ro-RO\",\"@id\":\"https:\/\/mhf.ro\/mm\/#\/schema\/person\/image\/\",\"url\":\"https:\/\/mhf.ro\/mm\/wp-content\/uploads\/2025\/12\/cropped-logo_mhf_2.png\",\"contentUrl\":\"https:\/\/mhf.ro\/mm\/wp-content\/uploads\/2025\/12\/cropped-logo_mhf_2.png\",\"width\":1096,\"height\":457,\"caption\":\"Marius Marcu\"},\"logo\":{\"@id\":\"https:\/\/mhf.ro\/mm\/#\/schema\/person\/image\/\"},\"sameAs\":[\"https:\/\/mhf.ro\/mm\"],\"url\":\"https:\/\/mhf.ro\/mm\/author\/mihai\/\"}]}<\/script>\n<!-- \/ Yoast SEO plugin. -->","yoast_head_json":{"title":"Produc\u021bie de fructe de p\u0103dure \u00een Rom\u00e2nia - MHF Photography","description":"Un pas foarte important \u00een dezvoltarea afacerii tale este crearea unui site de prezentare. Mai ieftin dec\u00e2t spa\u021biu de prezentare \u00eenchiriat!!","robots":{"index":"index","follow":"follow","max-snippet":"max-snippet:-1","max-image-preview":"max-image-preview:large","max-video-preview":"max-video-preview:-1"},"canonical":"https:\/\/mhf.ro\/mm\/productie-de-fructe-de-padure-in-romania\/","og_locale":"ro_RO","og_type":"article","og_title":"Produc\u021bie de fructe de p\u0103dure \u00een Rom\u00e2nia - MHF Photography","og_description":"Un pas foarte important \u00een dezvoltarea afacerii tale este crearea unui site de prezentare. Mai ieftin dec\u00e2t spa\u021biu de prezentare \u00eenchiriat!!","og_url":"https:\/\/mhf.ro\/mm\/productie-de-fructe-de-padure-in-romania\/","og_site_name":"MHF Photography","article_published_time":"2021-09-05T06:35:57+00:00","article_modified_time":"2021-09-05T06:36:26+00:00","og_image":[{"width":850,"height":478,"url":"https:\/\/mhf.ro\/mm\/wp-content\/uploads\/2021\/09\/fructe-padure-2.jpg","type":"image\/jpeg"}],"author":"Marius Marcu","twitter_card":"summary_large_image","twitter_misc":{"Scris de":"Marius Marcu","Timp estimat pentru citire":"2 minute"},"schema":{"@context":"https:\/\/schema.org","@graph":[{"@type":"Article","@id":"https:\/\/mhf.ro\/mm\/productie-de-fructe-de-padure-in-romania\/#article","isPartOf":{"@id":"https:\/\/mhf.ro\/mm\/productie-de-fructe-de-padure-in-romania\/"},"author":{"name":"Marius Marcu","@id":"https:\/\/mhf.ro\/mm\/#\/schema\/person\/a3bebf7bdb4bf12f698aff73c7e46c21"},"headline":"Produc\u021bie de fructe de p\u0103dure \u00een Rom\u00e2nia","datePublished":"2021-09-05T06:35:57+00:00","dateModified":"2021-09-05T06:36:26+00:00","mainEntityOfPage":{"@id":"https:\/\/mhf.ro\/mm\/productie-de-fructe-de-padure-in-romania\/"},"wordCount":403,"commentCount":0,"publisher":{"@id":"https:\/\/mhf.ro\/mm\/#\/schema\/person\/a3bebf7bdb4bf12f698aff73c7e46c21"},"image":{"@id":"https:\/\/mhf.ro\/mm\/productie-de-fructe-de-padure-in-romania\/#primaryimage"},"thumbnailUrl":"https:\/\/mhf.ro\/mm\/wp-content\/uploads\/2021\/09\/fructe-padure-2.jpg","articleSection":["Diverse"],"inLanguage":"ro-RO","potentialAction":[{"@type":"CommentAction","name":"Comment","target":["https:\/\/mhf.ro\/mm\/productie-de-fructe-de-padure-in-romania\/#respond"]}]},{"@type":"WebPage","@id":"https:\/\/mhf.ro\/mm\/productie-de-fructe-de-padure-in-romania\/","url":"https:\/\/mhf.ro\/mm\/productie-de-fructe-de-padure-in-romania\/","name":"Produc\u021bie de fructe de p\u0103dure \u00een Rom\u00e2nia - MHF Photography","isPartOf":{"@id":"https:\/\/mhf.ro\/mm\/#website"},"primaryImageOfPage":{"@id":"https:\/\/mhf.ro\/mm\/productie-de-fructe-de-padure-in-romania\/#primaryimage"},"image":{"@id":"https:\/\/mhf.ro\/mm\/productie-de-fructe-de-padure-in-romania\/#primaryimage"},"thumbnailUrl":"https:\/\/mhf.ro\/mm\/wp-content\/uploads\/2021\/09\/fructe-padure-2.jpg","datePublished":"2021-09-05T06:35:57+00:00","dateModified":"2021-09-05T06:36:26+00:00","description":"Un pas foarte important \u00een dezvoltarea afacerii tale este crearea unui site de prezentare. Mai ieftin dec\u00e2t spa\u021biu de prezentare \u00eenchiriat!!","breadcrumb":{"@id":"https:\/\/mhf.ro\/mm\/productie-de-fructe-de-padure-in-romania\/#breadcrumb"},"inLanguage":"ro-RO","potentialAction":[{"@type":"ReadAction","target":["https:\/\/mhf.ro\/mm\/productie-de-fructe-de-padure-in-romania\/"]}]},{"@type":"ImageObject","inLanguage":"ro-RO","@id":"https:\/\/mhf.ro\/mm\/productie-de-fructe-de-padure-in-romania\/#primaryimage","url":"https:\/\/mhf.ro\/mm\/wp-content\/uploads\/2021\/09\/fructe-padure-2.jpg","contentUrl":"https:\/\/mhf.ro\/mm\/wp-content\/uploads\/2021\/09\/fructe-padure-2.jpg","width":850,"height":478},{"@type":"BreadcrumbList","@id":"https:\/\/mhf.ro\/mm\/productie-de-fructe-de-padure-in-romania\/#breadcrumb","itemListElement":[{"@type":"ListItem","position":1,"name":"Prima pagin\u0103","item":"https:\/\/mhf.ro\/mm\/"},{"@type":"ListItem","position":2,"name":"Produc\u021bie de fructe de p\u0103dure \u00een Rom\u00e2nia"}]},{"@type":"WebSite","@id":"https:\/\/mhf.ro\/mm\/#website","url":"https:\/\/mhf.ro\/mm\/","name":"MHF Photography \u2013 Blog de fotografie, natur\u0103 \u0219i tehnic\u0103 divers\u0103","description":"Aventur\u0103 \u00een fiecare cadru.","publisher":{"@id":"https:\/\/mhf.ro\/mm\/#\/schema\/person\/a3bebf7bdb4bf12f698aff73c7e46c21"},"potentialAction":[{"@type":"SearchAction","target":{"@type":"EntryPoint","urlTemplate":"https:\/\/mhf.ro\/mm\/?s={search_term_string}"},"query-input":{"@type":"PropertyValueSpecification","valueRequired":true,"valueName":"search_term_string"}}],"inLanguage":"ro-RO"},{"@type":["Person","Organization"],"@id":"https:\/\/mhf.ro\/mm\/#\/schema\/person\/a3bebf7bdb4bf12f698aff73c7e46c21","name":"Marius Marcu","image":{"@type":"ImageObject","inLanguage":"ro-RO","@id":"https:\/\/mhf.ro\/mm\/#\/schema\/person\/image\/","url":"https:\/\/mhf.ro\/mm\/wp-content\/uploads\/2025\/12\/cropped-logo_mhf_2.png","contentUrl":"https:\/\/mhf.ro\/mm\/wp-content\/uploads\/2025\/12\/cropped-logo_mhf_2.png","width":1096,"height":457,"caption":"Marius Marcu"},"logo":{"@id":"https:\/\/mhf.ro\/mm\/#\/schema\/person\/image\/"},"sameAs":["https:\/\/mhf.ro\/mm"],"url":"https:\/\/mhf.ro\/mm\/author\/mihai\/"}]}},"_links":{"self":[{"href":"https:\/\/mhf.ro\/mm\/wp-json\/wp\/v2\/posts\/5144","targetHints":{"allow":["GET"]}}],"collection":[{"href":"https:\/\/mhf.ro\/mm\/wp-json\/wp\/v2\/posts"}],"about":[{"href":"https:\/\/mhf.ro\/mm\/wp-json\/wp\/v2\/types\/post"}],"author":[{"embeddable":true,"href":"https:\/\/mhf.ro\/mm\/wp-json\/wp\/v2\/users\/1"}],"replies":[{"embeddable":true,"href":"https:\/\/mhf.ro\/mm\/wp-json\/wp\/v2\/comments?post=5144"}],"version-history":[{"count":2,"href":"https:\/\/mhf.ro\/mm\/wp-json\/wp\/v2\/posts\/5144\/revisions"}],"predecessor-version":[{"id":5147,"href":"https:\/\/mhf.ro\/mm\/wp-json\/wp\/v2\/posts\/5144\/revisions\/5147"}],"wp:featuredmedia":[{"embeddable":true,"href":"https:\/\/mhf.ro\/mm\/wp-json\/wp\/v2\/media\/5145"}],"wp:attachment":[{"href":"https:\/\/mhf.ro\/mm\/wp-json\/wp\/v2\/media?parent=5144"}],"wp:term":[{"taxonomy":"category","embeddable":true,"href":"https:\/\/mhf.ro\/mm\/wp-json\/wp\/v2\/categories?post=5144"},{"taxonomy":"post_tag","embeddable":true,"href":"https:\/\/mhf.ro\/mm\/wp-json\/wp\/v2\/tags?post=5144"}],"curies":[{"name":"wp","href":"https:\/\/api.w.org\/{rel}","templated":true}]}}