{"id":5154,"date":"2021-09-15T09:09:52","date_gmt":"2021-09-15T07:09:52","guid":{"rendered":"https:\/\/mhf.ro\/mm\/?p=5154"},"modified":"2021-09-15T09:09:52","modified_gmt":"2021-09-15T07:09:52","slug":"declarat-mort-din-greseala","status":"publish","type":"post","link":"https:\/\/mhf.ro\/mm\/declarat-mort-din-greseala\/","title":{"rendered":"Declarat mort din gre\u0219eal\u0103"},"content":{"rendered":"<p><strong>Se \u00eent\u00e2mpl\u0103 \u00een Rom\u00e2nia, mai exact la Spitalul Jude\u021bean de Urgen\u021b\u0103 din Craiova. Un b\u0103rbat de 78 de an, din comuna doljean\u0103 Cioroia\u0219i, a fost declarat decedat, de\u0219i este \u00een via\u021b\u0103, internat \u00een sec\u021bia de terapie intensiv\u0103.<\/strong><\/p>\n<p>Reprezentan\u021bii unit\u0103\u021bii medicale au anun\u021bat familia c\u0103 pacientul a decedat. Dup\u0103 ce au fost anun\u021ba\u021bi, rudele au \u00eenceput preg\u0103tirile pentru \u00eenmorm\u00e2ntare. Potrivit documentelor primite de la spital, \u201edecesul\u201d a survenit duminic\u0103, 12 septembrie, la ora 8.00.<\/p>\n<p>Luni, 13 septembrie, familia a venit s\u0103 confirme decesul. Nu mic\u0103 le-a fost mirarea c\u00e2nd au constatat c\u0103 nu este vorba despre ruda lor.<\/p>\n<p>\u201eA b\u0103tut clopotul \u00een sat, am adus gorni\u0219tii, practic tot ce se face, \u00een sat, pentru o \u00eenmorm\u00e2ntare. Ulterior, \u0219i-au dat seama c\u0103 au \u00eencurcat pacien\u021bii. Dar oare, \u00een cele dou\u0103 zile, nu au realizat acest lucru? Nu s-au uitat la acea br\u0103\u021bar\u0103 pe care o poart\u0103 pacientul la m\u00e2n\u0103?<em>\u201d<\/em>, a declarat Petri\u0219or Oprea, fiul b\u0103rbatului.<\/p>\n<p>Managerul spitalului, Lauren\u021biu Ivanovici, a fost contactat telefonic de Realitatea de Craiova. Acesta a recunoscut gre\u0219eala \u0219i a transmis c\u0103 \u201e\u00eencurc\u0103tura\u201d s-a produs \u00een sec\u021bia ATI.<\/p>\n<p><img decoding=\"async\" class=\"jetpack-lazy-image jetpack-lazy-image--handled td-animation-stack-type0-2\" src=\"https:\/\/static4.libertatea.ro\/wp-content\/uploads\/2021\/09\/a39b470bb1faf028113db78f55f32330.jpeg\" alt=\"B\u0103rbat declarat mort din gre\u0219eal\u0103, la Spitalul Jude\u021bean din Craiova. Manager: \u201eS-a produs o \u00eencurc\u0103tur\u0103\u201d\" data-lazy-loaded=\"1\" \/><\/p>\n<p style=\"text-align: right;\">(conf. jurnalist.ro)<\/p>\n","protected":false},"excerpt":{"rendered":"<p>Se \u00eent\u00e2mpl\u0103 \u00een Rom\u00e2nia, mai exact la Spitalul Jude\u021bean de Urgen\u021b\u0103 din Craiova. Un b\u0103rbat de 78 de an, din<\/p>\n","protected":false},"author":1,"featured_media":5155,"comment_status":"open","ping_status":"open","sticky":false,"template":"","format":"standard","meta":{"colormag_page_container_layout":"default_layout","colormag_page_sidebar_layout":"default_layout","footnotes":""},"categories":[8],"tags":[],"class_list":["post-5154","post","type-post","status-publish","format-standard","has-post-thumbnail","hentry","category-div"],"yoast_head":"<!-- This site is optimized with the Yoast SEO plugin v27.0 - https:\/\/yoast.com\/product\/yoast-seo-wordpress\/ -->\n<title>Declarat mort din gre\u0219eal\u0103 - MHF Photography<\/title>\n<meta name=\"robots\" content=\"index, follow, max-snippet:-1, max-image-preview:large, max-video-preview:-1\" \/>\n<link rel=\"canonical\" href=\"https:\/\/mhf.ro\/mm\/declarat-mort-din-greseala\/\" \/>\n<meta property=\"og:locale\" content=\"ro_RO\" \/>\n<meta property=\"og:type\" content=\"article\" \/>\n<meta property=\"og:title\" content=\"Declarat mort din gre\u0219eal\u0103 - MHF Photography\" \/>\n<meta property=\"og:description\" content=\"Se \u00eent\u00e2mpl\u0103 \u00een Rom\u00e2nia, mai exact la Spitalul Jude\u021bean de Urgen\u021b\u0103 din Craiova. Un b\u0103rbat de 78 de an, din\" \/>\n<meta property=\"og:url\" content=\"https:\/\/mhf.ro\/mm\/declarat-mort-din-greseala\/\" \/>\n<meta property=\"og:site_name\" content=\"MHF Photography\" \/>\n<meta property=\"article:published_time\" content=\"2021-09-15T07:09:52+00:00\" \/>\n<meta property=\"og:image\" content=\"https:\/\/mhf.ro\/mm\/wp-content\/uploads\/2021\/09\/spitalmun.jpg\" \/>\n\t<meta property=\"og:image:width\" content=\"696\" \/>\n\t<meta property=\"og:image:height\" content=\"463\" \/>\n\t<meta property=\"og:image:type\" content=\"image\/jpeg\" \/>\n<meta name=\"author\" content=\"Marius Marcu\" \/>\n<meta name=\"twitter:card\" content=\"summary_large_image\" \/>\n<meta name=\"twitter:label1\" content=\"Scris de\" \/>\n\t<meta name=\"twitter:data1\" content=\"Marius Marcu\" \/>\n\t<meta name=\"twitter:label2\" content=\"Timp estimat pentru citire\" \/>\n\t<meta name=\"twitter:data2\" content=\"1 minut\" \/>\n<script type=\"application\/ld+json\" class=\"yoast-schema-graph\">{\"@context\":\"https:\/\/schema.org\",\"@graph\":[{\"@type\":\"Article\",\"@id\":\"https:\/\/mhf.ro\/mm\/declarat-mort-din-greseala\/#article\",\"isPartOf\":{\"@id\":\"https:\/\/mhf.ro\/mm\/declarat-mort-din-greseala\/\"},\"author\":{\"name\":\"Marius Marcu\",\"@id\":\"https:\/\/mhf.ro\/mm\/#\/schema\/person\/a3bebf7bdb4bf12f698aff73c7e46c21\"},\"headline\":\"Declarat mort din gre\u0219eal\u0103\",\"datePublished\":\"2021-09-15T07:09:52+00:00\",\"mainEntityOfPage\":{\"@id\":\"https:\/\/mhf.ro\/mm\/declarat-mort-din-greseala\/\"},\"wordCount\":210,\"commentCount\":0,\"publisher\":{\"@id\":\"https:\/\/mhf.ro\/mm\/#\/schema\/person\/a3bebf7bdb4bf12f698aff73c7e46c21\"},\"image\":{\"@id\":\"https:\/\/mhf.ro\/mm\/declarat-mort-din-greseala\/#primaryimage\"},\"thumbnailUrl\":\"https:\/\/mhf.ro\/mm\/wp-content\/uploads\/2021\/09\/spitalmun.jpg\",\"articleSection\":[\"Diverse\"],\"inLanguage\":\"ro-RO\",\"potentialAction\":[{\"@type\":\"CommentAction\",\"name\":\"Comment\",\"target\":[\"https:\/\/mhf.ro\/mm\/declarat-mort-din-greseala\/#respond\"]}]},{\"@type\":\"WebPage\",\"@id\":\"https:\/\/mhf.ro\/mm\/declarat-mort-din-greseala\/\",\"url\":\"https:\/\/mhf.ro\/mm\/declarat-mort-din-greseala\/\",\"name\":\"Declarat mort din gre\u0219eal\u0103 - MHF Photography\",\"isPartOf\":{\"@id\":\"https:\/\/mhf.ro\/mm\/#website\"},\"primaryImageOfPage\":{\"@id\":\"https:\/\/mhf.ro\/mm\/declarat-mort-din-greseala\/#primaryimage\"},\"image\":{\"@id\":\"https:\/\/mhf.ro\/mm\/declarat-mort-din-greseala\/#primaryimage\"},\"thumbnailUrl\":\"https:\/\/mhf.ro\/mm\/wp-content\/uploads\/2021\/09\/spitalmun.jpg\",\"datePublished\":\"2021-09-15T07:09:52+00:00\",\"breadcrumb\":{\"@id\":\"https:\/\/mhf.ro\/mm\/declarat-mort-din-greseala\/#breadcrumb\"},\"inLanguage\":\"ro-RO\",\"potentialAction\":[{\"@type\":\"ReadAction\",\"target\":[\"https:\/\/mhf.ro\/mm\/declarat-mort-din-greseala\/\"]}]},{\"@type\":\"ImageObject\",\"inLanguage\":\"ro-RO\",\"@id\":\"https:\/\/mhf.ro\/mm\/declarat-mort-din-greseala\/#primaryimage\",\"url\":\"https:\/\/mhf.ro\/mm\/wp-content\/uploads\/2021\/09\/spitalmun.jpg\",\"contentUrl\":\"https:\/\/mhf.ro\/mm\/wp-content\/uploads\/2021\/09\/spitalmun.jpg\",\"width\":696,\"height\":463},{\"@type\":\"BreadcrumbList\",\"@id\":\"https:\/\/mhf.ro\/mm\/declarat-mort-din-greseala\/#breadcrumb\",\"itemListElement\":[{\"@type\":\"ListItem\",\"position\":1,\"name\":\"Prima pagin\u0103\",\"item\":\"https:\/\/mhf.ro\/mm\/\"},{\"@type\":\"ListItem\",\"position\":2,\"name\":\"Declarat mort din gre\u0219eal\u0103\"}]},{\"@type\":\"WebSite\",\"@id\":\"https:\/\/mhf.ro\/mm\/#website\",\"url\":\"https:\/\/mhf.ro\/mm\/\",\"name\":\"MHF Photography \u2013 Blog de fotografie, natur\u0103 \u0219i tehnic\u0103 divers\u0103\",\"description\":\"Aventur\u0103 \u00een fiecare cadru.\",\"publisher\":{\"@id\":\"https:\/\/mhf.ro\/mm\/#\/schema\/person\/a3bebf7bdb4bf12f698aff73c7e46c21\"},\"potentialAction\":[{\"@type\":\"SearchAction\",\"target\":{\"@type\":\"EntryPoint\",\"urlTemplate\":\"https:\/\/mhf.ro\/mm\/?s={search_term_string}\"},\"query-input\":{\"@type\":\"PropertyValueSpecification\",\"valueRequired\":true,\"valueName\":\"search_term_string\"}}],\"inLanguage\":\"ro-RO\"},{\"@type\":[\"Person\",\"Organization\"],\"@id\":\"https:\/\/mhf.ro\/mm\/#\/schema\/person\/a3bebf7bdb4bf12f698aff73c7e46c21\",\"name\":\"Marius Marcu\",\"image\":{\"@type\":\"ImageObject\",\"inLanguage\":\"ro-RO\",\"@id\":\"https:\/\/mhf.ro\/mm\/#\/schema\/person\/image\/\",\"url\":\"https:\/\/mhf.ro\/mm\/wp-content\/uploads\/2025\/12\/cropped-logo_mhf_2.png\",\"contentUrl\":\"https:\/\/mhf.ro\/mm\/wp-content\/uploads\/2025\/12\/cropped-logo_mhf_2.png\",\"width\":1096,\"height\":457,\"caption\":\"Marius Marcu\"},\"logo\":{\"@id\":\"https:\/\/mhf.ro\/mm\/#\/schema\/person\/image\/\"},\"sameAs\":[\"https:\/\/mhf.ro\/mm\"],\"url\":\"https:\/\/mhf.ro\/mm\/author\/mihai\/\"}]}<\/script>\n<!-- \/ Yoast SEO plugin. -->","yoast_head_json":{"title":"Declarat mort din gre\u0219eal\u0103 - MHF Photography","robots":{"index":"index","follow":"follow","max-snippet":"max-snippet:-1","max-image-preview":"max-image-preview:large","max-video-preview":"max-video-preview:-1"},"canonical":"https:\/\/mhf.ro\/mm\/declarat-mort-din-greseala\/","og_locale":"ro_RO","og_type":"article","og_title":"Declarat mort din gre\u0219eal\u0103 - MHF Photography","og_description":"Se \u00eent\u00e2mpl\u0103 \u00een Rom\u00e2nia, mai exact la Spitalul Jude\u021bean de Urgen\u021b\u0103 din Craiova. Un b\u0103rbat de 78 de an, din","og_url":"https:\/\/mhf.ro\/mm\/declarat-mort-din-greseala\/","og_site_name":"MHF Photography","article_published_time":"2021-09-15T07:09:52+00:00","og_image":[{"width":696,"height":463,"url":"https:\/\/mhf.ro\/mm\/wp-content\/uploads\/2021\/09\/spitalmun.jpg","type":"image\/jpeg"}],"author":"Marius Marcu","twitter_card":"summary_large_image","twitter_misc":{"Scris de":"Marius Marcu","Timp estimat pentru citire":"1 minut"},"schema":{"@context":"https:\/\/schema.org","@graph":[{"@type":"Article","@id":"https:\/\/mhf.ro\/mm\/declarat-mort-din-greseala\/#article","isPartOf":{"@id":"https:\/\/mhf.ro\/mm\/declarat-mort-din-greseala\/"},"author":{"name":"Marius Marcu","@id":"https:\/\/mhf.ro\/mm\/#\/schema\/person\/a3bebf7bdb4bf12f698aff73c7e46c21"},"headline":"Declarat mort din gre\u0219eal\u0103","datePublished":"2021-09-15T07:09:52+00:00","mainEntityOfPage":{"@id":"https:\/\/mhf.ro\/mm\/declarat-mort-din-greseala\/"},"wordCount":210,"commentCount":0,"publisher":{"@id":"https:\/\/mhf.ro\/mm\/#\/schema\/person\/a3bebf7bdb4bf12f698aff73c7e46c21"},"image":{"@id":"https:\/\/mhf.ro\/mm\/declarat-mort-din-greseala\/#primaryimage"},"thumbnailUrl":"https:\/\/mhf.ro\/mm\/wp-content\/uploads\/2021\/09\/spitalmun.jpg","articleSection":["Diverse"],"inLanguage":"ro-RO","potentialAction":[{"@type":"CommentAction","name":"Comment","target":["https:\/\/mhf.ro\/mm\/declarat-mort-din-greseala\/#respond"]}]},{"@type":"WebPage","@id":"https:\/\/mhf.ro\/mm\/declarat-mort-din-greseala\/","url":"https:\/\/mhf.ro\/mm\/declarat-mort-din-greseala\/","name":"Declarat mort din gre\u0219eal\u0103 - MHF Photography","isPartOf":{"@id":"https:\/\/mhf.ro\/mm\/#website"},"primaryImageOfPage":{"@id":"https:\/\/mhf.ro\/mm\/declarat-mort-din-greseala\/#primaryimage"},"image":{"@id":"https:\/\/mhf.ro\/mm\/declarat-mort-din-greseala\/#primaryimage"},"thumbnailUrl":"https:\/\/mhf.ro\/mm\/wp-content\/uploads\/2021\/09\/spitalmun.jpg","datePublished":"2021-09-15T07:09:52+00:00","breadcrumb":{"@id":"https:\/\/mhf.ro\/mm\/declarat-mort-din-greseala\/#breadcrumb"},"inLanguage":"ro-RO","potentialAction":[{"@type":"ReadAction","target":["https:\/\/mhf.ro\/mm\/declarat-mort-din-greseala\/"]}]},{"@type":"ImageObject","inLanguage":"ro-RO","@id":"https:\/\/mhf.ro\/mm\/declarat-mort-din-greseala\/#primaryimage","url":"https:\/\/mhf.ro\/mm\/wp-content\/uploads\/2021\/09\/spitalmun.jpg","contentUrl":"https:\/\/mhf.ro\/mm\/wp-content\/uploads\/2021\/09\/spitalmun.jpg","width":696,"height":463},{"@type":"BreadcrumbList","@id":"https:\/\/mhf.ro\/mm\/declarat-mort-din-greseala\/#breadcrumb","itemListElement":[{"@type":"ListItem","position":1,"name":"Prima pagin\u0103","item":"https:\/\/mhf.ro\/mm\/"},{"@type":"ListItem","position":2,"name":"Declarat mort din gre\u0219eal\u0103"}]},{"@type":"WebSite","@id":"https:\/\/mhf.ro\/mm\/#website","url":"https:\/\/mhf.ro\/mm\/","name":"MHF Photography \u2013 Blog de fotografie, natur\u0103 \u0219i tehnic\u0103 divers\u0103","description":"Aventur\u0103 \u00een fiecare cadru.","publisher":{"@id":"https:\/\/mhf.ro\/mm\/#\/schema\/person\/a3bebf7bdb4bf12f698aff73c7e46c21"},"potentialAction":[{"@type":"SearchAction","target":{"@type":"EntryPoint","urlTemplate":"https:\/\/mhf.ro\/mm\/?s={search_term_string}"},"query-input":{"@type":"PropertyValueSpecification","valueRequired":true,"valueName":"search_term_string"}}],"inLanguage":"ro-RO"},{"@type":["Person","Organization"],"@id":"https:\/\/mhf.ro\/mm\/#\/schema\/person\/a3bebf7bdb4bf12f698aff73c7e46c21","name":"Marius Marcu","image":{"@type":"ImageObject","inLanguage":"ro-RO","@id":"https:\/\/mhf.ro\/mm\/#\/schema\/person\/image\/","url":"https:\/\/mhf.ro\/mm\/wp-content\/uploads\/2025\/12\/cropped-logo_mhf_2.png","contentUrl":"https:\/\/mhf.ro\/mm\/wp-content\/uploads\/2025\/12\/cropped-logo_mhf_2.png","width":1096,"height":457,"caption":"Marius Marcu"},"logo":{"@id":"https:\/\/mhf.ro\/mm\/#\/schema\/person\/image\/"},"sameAs":["https:\/\/mhf.ro\/mm"],"url":"https:\/\/mhf.ro\/mm\/author\/mihai\/"}]}},"_links":{"self":[{"href":"https:\/\/mhf.ro\/mm\/wp-json\/wp\/v2\/posts\/5154","targetHints":{"allow":["GET"]}}],"collection":[{"href":"https:\/\/mhf.ro\/mm\/wp-json\/wp\/v2\/posts"}],"about":[{"href":"https:\/\/mhf.ro\/mm\/wp-json\/wp\/v2\/types\/post"}],"author":[{"embeddable":true,"href":"https:\/\/mhf.ro\/mm\/wp-json\/wp\/v2\/users\/1"}],"replies":[{"embeddable":true,"href":"https:\/\/mhf.ro\/mm\/wp-json\/wp\/v2\/comments?post=5154"}],"version-history":[{"count":1,"href":"https:\/\/mhf.ro\/mm\/wp-json\/wp\/v2\/posts\/5154\/revisions"}],"predecessor-version":[{"id":5156,"href":"https:\/\/mhf.ro\/mm\/wp-json\/wp\/v2\/posts\/5154\/revisions\/5156"}],"wp:featuredmedia":[{"embeddable":true,"href":"https:\/\/mhf.ro\/mm\/wp-json\/wp\/v2\/media\/5155"}],"wp:attachment":[{"href":"https:\/\/mhf.ro\/mm\/wp-json\/wp\/v2\/media?parent=5154"}],"wp:term":[{"taxonomy":"category","embeddable":true,"href":"https:\/\/mhf.ro\/mm\/wp-json\/wp\/v2\/categories?post=5154"},{"taxonomy":"post_tag","embeddable":true,"href":"https:\/\/mhf.ro\/mm\/wp-json\/wp\/v2\/tags?post=5154"}],"curies":[{"name":"wp","href":"https:\/\/api.w.org\/{rel}","templated":true}]}}