{"id":5169,"date":"2021-09-17T07:33:35","date_gmt":"2021-09-17T05:33:35","guid":{"rendered":"https:\/\/mhf.ro\/mm\/?p=5169"},"modified":"2021-09-17T07:33:35","modified_gmt":"2021-09-17T05:33:35","slug":"ludovic-orban-cere-implicarea-lui-klaus-iohannis","status":"publish","type":"post","link":"https:\/\/mhf.ro\/mm\/ludovic-orban-cere-implicarea-lui-klaus-iohannis\/","title":{"rendered":"Ludovic Orban cere implicarea lui Klaus Iohannis"},"content":{"rendered":"<p><strong>Pre\u015fedintele Klaus Iohannis poate s\u0103 rezolve criza politic\u0103 ast\u0103zi. Declara\u021bia \u00eei apar\u021bine lui Ludovic Orban. Acesta su\u021bine c\u0103 pre\u0219edintele are toate instrumentele la dispozi\u0163ie \u015fi obliga\u0163ia constitu\u0163ional\u0103 s\u0103 se implice.<\/strong><\/p>\n<p data-index=\"2\">\u201ePre\u015fedintele poate s\u0103 rezolve criza ast\u0103zi. Are tot ce \u00eei trebuie la dispozi\u0163ie pentru solu\u0163ionarea crizei \u015fi este apanajul s\u0103u constitu\u0163ional, este obliga\u0163ia sa constitu\u0163ional\u0103 s\u0103 se implice pentru rezolvarea crizei. Solu\u0163ia e simpl\u0103: un tete-a-tete de 15 minute, \u00een sensul debloc\u0103rii situa\u0163iei.<\/p>\n<p data-index=\"3\">Sunt \u00eentr-o comunicare institu\u0163ional\u0103 cu pre\u015fedintele. Colegii mei, care blocheaz\u0103 procedura constitu\u0163ional\u0103 a mo\u0163iunii de cenzur\u0103 \u015fi care se fac scut uman, to\u0163i zic c\u0103 defileaz\u0103 sub stindardul pre\u015fedintelui Iohannis. Pre\u015fedintele Iohannis poate s\u0103-i conving\u0103 pe colegii mei de lucrurile pe care eu v\u0103d c\u0103 nu pot s\u0103-i conving c\u0103 sunt constitu\u0163ionale \u015fi este interesul fundamental al Rom\u00e2niei\u201d, a declarat Orban.<\/p>\n<p data-index=\"4\">El a mai spus c\u0103 dac\u0103 se cunosc atribu\u0163iile constitu\u0163ionale ale \u015fefului statului se \u0219tie c\u0103 \u201eeste atributul pre\u015fedintelui s\u0103 intervin\u0103 \u00eentr-o astfel de situa\u0163ie\u201d.<\/p>\n<p data-index=\"5\">\u201ePre\u015fedintele are cu certitudine posibilitatea de a rezolva criza, nu dup\u0103 25 septembrie, ci ast\u0103zi, dac\u0103 dore\u015fte\u201d, a mai spus Orban, conform Agerpres.<\/p>\n<p data-index=\"6\">Potrivit acestuia, \u00een plan extern, imaginea Rom\u00e2niei este \u201e\u015fifonat\u0103\u201d.<\/p>\n<p data-index=\"8\">\u201eAcum coali\u0163ia de guvernare este \u00eentr-o pauz\u0103 de lupt\u0103. Fiecare zi care trece \u00een care Rom\u00e2nia este afectat\u0103 de aceast\u0103 criz\u0103 politic\u0103 produce efecte extrem de negative asupra Rom\u00e2niei.<\/p>\n<p data-index=\"9\">\u00cen planul imaginii externe, imaginea Rom\u00e2niei este \u015fifonat\u0103, toat\u0103 lumea se \u00eentreab\u0103 ce e cu criza asta politic\u0103, investitorii se g\u00e2ndesc de \u015fapte ori dac\u0103 s\u0103 mai investeasc\u0103 \u00een Rom\u00e2nia, ca s\u0103 nu zic c\u0103 e \u015fi posibil s\u0103 \u015fi fug\u0103 unii, s\u0103 \u015fi plece unii dintre investitori.<\/p>\n<p data-index=\"10\">Agen\u0163iile de rating, a\u0163i v\u0103zut pozi\u0163ia agen\u0163iei Fitch \u015fi a agen\u0163iei Standard&amp;Poor\u2019s, deci cre\u0103m premise pentru sc\u0103derea ratingului, pentru pierderea ratingului. \u015ei a\u015fa ne \u00eemprumut\u0103m cel mai scump din \u0163\u0103rile UE, cu 3,74, asta ne-ar mai lipsi acum s\u0103 se ia o decizie la nivelul agen\u0163iilor de rating \u00een cursul evalu\u0103rii s\u0103 pierdem din rating\u201d, a explicat Ludovic Orban<\/p>\n<p data-index=\"11\">Aceast\u0103 criz\u0103 politic\u0103 a mai afectat \u015fi cursul de schimb valutar.<\/p>\n<p data-index=\"12\">\u201eEvident, se vede c\u0103 aceast\u0103 criz\u0103 politic\u0103 a afectat cursul de schimb. \u00cen ciuda interven\u0163iilor masive ale BNR, leul a sc\u0103zut o bun\u0103 perioad\u0103 de timp, deci efectele sunt extrem de negative, trebuie solu\u0163ionat\u0103 criza c\u00e2t mai repede.<\/p>\n<p data-index=\"13\">Refacerea coali\u0163iei este foarte simpl\u0103. Partidul USR PLUS care, practic, a p\u0103r\u0103sit temporar coali\u0163ia a exprimat o condi\u0163ie peste care nu poate s\u0103 treac\u0103. Ca s\u0103 putem reface coali\u0163ia trebuie rezolvat\u0103 acea condi\u0163ie. Lucrurile sunt foarte simple. Nu exist\u0103 nimic complicat.<\/p>\n<p data-index=\"14\">Nu exist\u0103, din punctul nostru de vedere, dec\u00e2t trei solu\u0163ii pentru Rom\u00e2nia: refacem coali\u0163ia, accept\u0103m un blat cu PSD, cum se pare c\u0103 se cam \u00eent\u00e2mpl\u0103 din partea unora dintre colegii mei, (\u2026) sau opozi\u0163ie. Din punctul meu de vedere, cel mai bine este refacerea coali\u0163iei \u015fi investirea unui Guvern cu deplin\u0103 capacitate de exerci\u0163iu, pentru c\u0103 ne confrunt\u0103m cu provoc\u0103ri extrem de grave c\u0103rora nu le poate face fa\u0163\u0103 un Guvern care sare \u00eentr-un picior\u201d.<\/p>\n<p data-index=\"15\">Orban a \u021binut s\u0103 men\u021bioneze c\u0103 este \u201ecategoric\u201d \u00eempotriva unei \u00een\u0163elegeri \u201epe fa\u0163\u0103 sau pe spate\u201d cu PSD.<\/p>\n<p data-index=\"16\">\u201eFace r\u0103u Rom\u00e2niei \u015fi va afecta dramatic imaginea PNL. Din acest motiv, le solicit \u00eenc\u0103 o dat\u0103 colegilor mei s\u0103 nu mai fac\u0103 jocuri pe la spate cu PSD, pentru c\u0103 fac r\u0103u Rom\u00e2niei \u015fi PNL\u201d, a mai spus el. (conf. Jurnalist.ro)<\/p>\n","protected":false},"excerpt":{"rendered":"<p>Pre\u015fedintele Klaus Iohannis poate s\u0103 rezolve criza politic\u0103 ast\u0103zi. Declara\u021bia \u00eei apar\u021bine lui Ludovic Orban. Acesta su\u021bine c\u0103 pre\u0219edintele are<\/p>\n","protected":false},"author":1,"featured_media":5170,"comment_status":"open","ping_status":"open","sticky":false,"template":"","format":"standard","meta":{"colormag_page_container_layout":"default_layout","colormag_page_sidebar_layout":"default_layout","footnotes":""},"categories":[5],"tags":[],"class_list":["post-5169","post","type-post","status-publish","format-standard","has-post-thumbnail","hentry","category-locale"],"yoast_head":"<!-- This site is optimized with the Yoast SEO plugin v27.0 - https:\/\/yoast.com\/product\/yoast-seo-wordpress\/ -->\n<title>Ludovic Orban cere implicarea lui Klaus Iohannis - MHF Photography<\/title>\n<meta name=\"robots\" content=\"index, follow, max-snippet:-1, max-image-preview:large, max-video-preview:-1\" \/>\n<link rel=\"canonical\" href=\"https:\/\/mhf.ro\/mm\/ludovic-orban-cere-implicarea-lui-klaus-iohannis\/\" \/>\n<meta property=\"og:locale\" content=\"ro_RO\" \/>\n<meta property=\"og:type\" content=\"article\" \/>\n<meta property=\"og:title\" content=\"Ludovic Orban cere implicarea lui Klaus Iohannis - MHF Photography\" \/>\n<meta property=\"og:description\" content=\"Pre\u015fedintele Klaus Iohannis poate s\u0103 rezolve criza politic\u0103 ast\u0103zi. Declara\u021bia \u00eei apar\u021bine lui Ludovic Orban. Acesta su\u021bine c\u0103 pre\u0219edintele are\" \/>\n<meta property=\"og:url\" content=\"https:\/\/mhf.ro\/mm\/ludovic-orban-cere-implicarea-lui-klaus-iohannis\/\" \/>\n<meta property=\"og:site_name\" content=\"MHF Photography\" \/>\n<meta property=\"article:published_time\" content=\"2021-09-17T05:33:35+00:00\" \/>\n<meta property=\"og:image\" content=\"https:\/\/mhf.ro\/mm\/wp-content\/uploads\/2021\/09\/orban-iohannis.jpg\" \/>\n\t<meta property=\"og:image:width\" content=\"1260\" \/>\n\t<meta property=\"og:image:height\" content=\"709\" \/>\n\t<meta property=\"og:image:type\" content=\"image\/jpeg\" \/>\n<meta name=\"author\" content=\"Marius Marcu\" \/>\n<meta name=\"twitter:card\" content=\"summary_large_image\" \/>\n<meta name=\"twitter:label1\" content=\"Scris de\" \/>\n\t<meta name=\"twitter:data1\" content=\"Marius Marcu\" \/>\n\t<meta name=\"twitter:label2\" content=\"Timp estimat pentru citire\" \/>\n\t<meta name=\"twitter:data2\" content=\"3 minute\" \/>\n<script type=\"application\/ld+json\" class=\"yoast-schema-graph\">{\"@context\":\"https:\/\/schema.org\",\"@graph\":[{\"@type\":\"Article\",\"@id\":\"https:\/\/mhf.ro\/mm\/ludovic-orban-cere-implicarea-lui-klaus-iohannis\/#article\",\"isPartOf\":{\"@id\":\"https:\/\/mhf.ro\/mm\/ludovic-orban-cere-implicarea-lui-klaus-iohannis\/\"},\"author\":{\"name\":\"Marius Marcu\",\"@id\":\"https:\/\/mhf.ro\/mm\/#\/schema\/person\/a3bebf7bdb4bf12f698aff73c7e46c21\"},\"headline\":\"Ludovic Orban cere implicarea lui Klaus Iohannis\",\"datePublished\":\"2021-09-17T05:33:35+00:00\",\"mainEntityOfPage\":{\"@id\":\"https:\/\/mhf.ro\/mm\/ludovic-orban-cere-implicarea-lui-klaus-iohannis\/\"},\"wordCount\":647,\"commentCount\":0,\"publisher\":{\"@id\":\"https:\/\/mhf.ro\/mm\/#\/schema\/person\/a3bebf7bdb4bf12f698aff73c7e46c21\"},\"image\":{\"@id\":\"https:\/\/mhf.ro\/mm\/ludovic-orban-cere-implicarea-lui-klaus-iohannis\/#primaryimage\"},\"thumbnailUrl\":\"https:\/\/mhf.ro\/mm\/wp-content\/uploads\/2021\/09\/orban-iohannis.jpg\",\"articleSection\":[\"Locale\"],\"inLanguage\":\"ro-RO\",\"potentialAction\":[{\"@type\":\"CommentAction\",\"name\":\"Comment\",\"target\":[\"https:\/\/mhf.ro\/mm\/ludovic-orban-cere-implicarea-lui-klaus-iohannis\/#respond\"]}]},{\"@type\":\"WebPage\",\"@id\":\"https:\/\/mhf.ro\/mm\/ludovic-orban-cere-implicarea-lui-klaus-iohannis\/\",\"url\":\"https:\/\/mhf.ro\/mm\/ludovic-orban-cere-implicarea-lui-klaus-iohannis\/\",\"name\":\"Ludovic Orban cere implicarea lui Klaus Iohannis - MHF Photography\",\"isPartOf\":{\"@id\":\"https:\/\/mhf.ro\/mm\/#website\"},\"primaryImageOfPage\":{\"@id\":\"https:\/\/mhf.ro\/mm\/ludovic-orban-cere-implicarea-lui-klaus-iohannis\/#primaryimage\"},\"image\":{\"@id\":\"https:\/\/mhf.ro\/mm\/ludovic-orban-cere-implicarea-lui-klaus-iohannis\/#primaryimage\"},\"thumbnailUrl\":\"https:\/\/mhf.ro\/mm\/wp-content\/uploads\/2021\/09\/orban-iohannis.jpg\",\"datePublished\":\"2021-09-17T05:33:35+00:00\",\"breadcrumb\":{\"@id\":\"https:\/\/mhf.ro\/mm\/ludovic-orban-cere-implicarea-lui-klaus-iohannis\/#breadcrumb\"},\"inLanguage\":\"ro-RO\",\"potentialAction\":[{\"@type\":\"ReadAction\",\"target\":[\"https:\/\/mhf.ro\/mm\/ludovic-orban-cere-implicarea-lui-klaus-iohannis\/\"]}]},{\"@type\":\"ImageObject\",\"inLanguage\":\"ro-RO\",\"@id\":\"https:\/\/mhf.ro\/mm\/ludovic-orban-cere-implicarea-lui-klaus-iohannis\/#primaryimage\",\"url\":\"https:\/\/mhf.ro\/mm\/wp-content\/uploads\/2021\/09\/orban-iohannis.jpg\",\"contentUrl\":\"https:\/\/mhf.ro\/mm\/wp-content\/uploads\/2021\/09\/orban-iohannis.jpg\",\"width\":1260,\"height\":709},{\"@type\":\"BreadcrumbList\",\"@id\":\"https:\/\/mhf.ro\/mm\/ludovic-orban-cere-implicarea-lui-klaus-iohannis\/#breadcrumb\",\"itemListElement\":[{\"@type\":\"ListItem\",\"position\":1,\"name\":\"Prima pagin\u0103\",\"item\":\"https:\/\/mhf.ro\/mm\/\"},{\"@type\":\"ListItem\",\"position\":2,\"name\":\"Ludovic Orban cere implicarea lui Klaus Iohannis\"}]},{\"@type\":\"WebSite\",\"@id\":\"https:\/\/mhf.ro\/mm\/#website\",\"url\":\"https:\/\/mhf.ro\/mm\/\",\"name\":\"MHF Photography \u2013 Blog de fotografie, natur\u0103 \u0219i tehnic\u0103 divers\u0103\",\"description\":\"Aventur\u0103 \u00een fiecare cadru.\",\"publisher\":{\"@id\":\"https:\/\/mhf.ro\/mm\/#\/schema\/person\/a3bebf7bdb4bf12f698aff73c7e46c21\"},\"potentialAction\":[{\"@type\":\"SearchAction\",\"target\":{\"@type\":\"EntryPoint\",\"urlTemplate\":\"https:\/\/mhf.ro\/mm\/?s={search_term_string}\"},\"query-input\":{\"@type\":\"PropertyValueSpecification\",\"valueRequired\":true,\"valueName\":\"search_term_string\"}}],\"inLanguage\":\"ro-RO\"},{\"@type\":[\"Person\",\"Organization\"],\"@id\":\"https:\/\/mhf.ro\/mm\/#\/schema\/person\/a3bebf7bdb4bf12f698aff73c7e46c21\",\"name\":\"Marius Marcu\",\"image\":{\"@type\":\"ImageObject\",\"inLanguage\":\"ro-RO\",\"@id\":\"https:\/\/mhf.ro\/mm\/#\/schema\/person\/image\/\",\"url\":\"https:\/\/mhf.ro\/mm\/wp-content\/uploads\/2025\/12\/cropped-logo_mhf_2.png\",\"contentUrl\":\"https:\/\/mhf.ro\/mm\/wp-content\/uploads\/2025\/12\/cropped-logo_mhf_2.png\",\"width\":1096,\"height\":457,\"caption\":\"Marius Marcu\"},\"logo\":{\"@id\":\"https:\/\/mhf.ro\/mm\/#\/schema\/person\/image\/\"},\"sameAs\":[\"https:\/\/mhf.ro\/mm\"],\"url\":\"https:\/\/mhf.ro\/mm\/author\/mihai\/\"}]}<\/script>\n<!-- \/ Yoast SEO plugin. -->","yoast_head_json":{"title":"Ludovic Orban cere implicarea lui Klaus Iohannis - MHF Photography","robots":{"index":"index","follow":"follow","max-snippet":"max-snippet:-1","max-image-preview":"max-image-preview:large","max-video-preview":"max-video-preview:-1"},"canonical":"https:\/\/mhf.ro\/mm\/ludovic-orban-cere-implicarea-lui-klaus-iohannis\/","og_locale":"ro_RO","og_type":"article","og_title":"Ludovic Orban cere implicarea lui Klaus Iohannis - MHF Photography","og_description":"Pre\u015fedintele Klaus Iohannis poate s\u0103 rezolve criza politic\u0103 ast\u0103zi. Declara\u021bia \u00eei apar\u021bine lui Ludovic Orban. Acesta su\u021bine c\u0103 pre\u0219edintele are","og_url":"https:\/\/mhf.ro\/mm\/ludovic-orban-cere-implicarea-lui-klaus-iohannis\/","og_site_name":"MHF Photography","article_published_time":"2021-09-17T05:33:35+00:00","og_image":[{"width":1260,"height":709,"url":"https:\/\/mhf.ro\/mm\/wp-content\/uploads\/2021\/09\/orban-iohannis.jpg","type":"image\/jpeg"}],"author":"Marius Marcu","twitter_card":"summary_large_image","twitter_misc":{"Scris de":"Marius Marcu","Timp estimat pentru citire":"3 minute"},"schema":{"@context":"https:\/\/schema.org","@graph":[{"@type":"Article","@id":"https:\/\/mhf.ro\/mm\/ludovic-orban-cere-implicarea-lui-klaus-iohannis\/#article","isPartOf":{"@id":"https:\/\/mhf.ro\/mm\/ludovic-orban-cere-implicarea-lui-klaus-iohannis\/"},"author":{"name":"Marius Marcu","@id":"https:\/\/mhf.ro\/mm\/#\/schema\/person\/a3bebf7bdb4bf12f698aff73c7e46c21"},"headline":"Ludovic Orban cere implicarea lui Klaus Iohannis","datePublished":"2021-09-17T05:33:35+00:00","mainEntityOfPage":{"@id":"https:\/\/mhf.ro\/mm\/ludovic-orban-cere-implicarea-lui-klaus-iohannis\/"},"wordCount":647,"commentCount":0,"publisher":{"@id":"https:\/\/mhf.ro\/mm\/#\/schema\/person\/a3bebf7bdb4bf12f698aff73c7e46c21"},"image":{"@id":"https:\/\/mhf.ro\/mm\/ludovic-orban-cere-implicarea-lui-klaus-iohannis\/#primaryimage"},"thumbnailUrl":"https:\/\/mhf.ro\/mm\/wp-content\/uploads\/2021\/09\/orban-iohannis.jpg","articleSection":["Locale"],"inLanguage":"ro-RO","potentialAction":[{"@type":"CommentAction","name":"Comment","target":["https:\/\/mhf.ro\/mm\/ludovic-orban-cere-implicarea-lui-klaus-iohannis\/#respond"]}]},{"@type":"WebPage","@id":"https:\/\/mhf.ro\/mm\/ludovic-orban-cere-implicarea-lui-klaus-iohannis\/","url":"https:\/\/mhf.ro\/mm\/ludovic-orban-cere-implicarea-lui-klaus-iohannis\/","name":"Ludovic Orban cere implicarea lui Klaus Iohannis - MHF Photography","isPartOf":{"@id":"https:\/\/mhf.ro\/mm\/#website"},"primaryImageOfPage":{"@id":"https:\/\/mhf.ro\/mm\/ludovic-orban-cere-implicarea-lui-klaus-iohannis\/#primaryimage"},"image":{"@id":"https:\/\/mhf.ro\/mm\/ludovic-orban-cere-implicarea-lui-klaus-iohannis\/#primaryimage"},"thumbnailUrl":"https:\/\/mhf.ro\/mm\/wp-content\/uploads\/2021\/09\/orban-iohannis.jpg","datePublished":"2021-09-17T05:33:35+00:00","breadcrumb":{"@id":"https:\/\/mhf.ro\/mm\/ludovic-orban-cere-implicarea-lui-klaus-iohannis\/#breadcrumb"},"inLanguage":"ro-RO","potentialAction":[{"@type":"ReadAction","target":["https:\/\/mhf.ro\/mm\/ludovic-orban-cere-implicarea-lui-klaus-iohannis\/"]}]},{"@type":"ImageObject","inLanguage":"ro-RO","@id":"https:\/\/mhf.ro\/mm\/ludovic-orban-cere-implicarea-lui-klaus-iohannis\/#primaryimage","url":"https:\/\/mhf.ro\/mm\/wp-content\/uploads\/2021\/09\/orban-iohannis.jpg","contentUrl":"https:\/\/mhf.ro\/mm\/wp-content\/uploads\/2021\/09\/orban-iohannis.jpg","width":1260,"height":709},{"@type":"BreadcrumbList","@id":"https:\/\/mhf.ro\/mm\/ludovic-orban-cere-implicarea-lui-klaus-iohannis\/#breadcrumb","itemListElement":[{"@type":"ListItem","position":1,"name":"Prima pagin\u0103","item":"https:\/\/mhf.ro\/mm\/"},{"@type":"ListItem","position":2,"name":"Ludovic Orban cere implicarea lui Klaus Iohannis"}]},{"@type":"WebSite","@id":"https:\/\/mhf.ro\/mm\/#website","url":"https:\/\/mhf.ro\/mm\/","name":"MHF Photography \u2013 Blog de fotografie, natur\u0103 \u0219i tehnic\u0103 divers\u0103","description":"Aventur\u0103 \u00een fiecare cadru.","publisher":{"@id":"https:\/\/mhf.ro\/mm\/#\/schema\/person\/a3bebf7bdb4bf12f698aff73c7e46c21"},"potentialAction":[{"@type":"SearchAction","target":{"@type":"EntryPoint","urlTemplate":"https:\/\/mhf.ro\/mm\/?s={search_term_string}"},"query-input":{"@type":"PropertyValueSpecification","valueRequired":true,"valueName":"search_term_string"}}],"inLanguage":"ro-RO"},{"@type":["Person","Organization"],"@id":"https:\/\/mhf.ro\/mm\/#\/schema\/person\/a3bebf7bdb4bf12f698aff73c7e46c21","name":"Marius Marcu","image":{"@type":"ImageObject","inLanguage":"ro-RO","@id":"https:\/\/mhf.ro\/mm\/#\/schema\/person\/image\/","url":"https:\/\/mhf.ro\/mm\/wp-content\/uploads\/2025\/12\/cropped-logo_mhf_2.png","contentUrl":"https:\/\/mhf.ro\/mm\/wp-content\/uploads\/2025\/12\/cropped-logo_mhf_2.png","width":1096,"height":457,"caption":"Marius Marcu"},"logo":{"@id":"https:\/\/mhf.ro\/mm\/#\/schema\/person\/image\/"},"sameAs":["https:\/\/mhf.ro\/mm"],"url":"https:\/\/mhf.ro\/mm\/author\/mihai\/"}]}},"_links":{"self":[{"href":"https:\/\/mhf.ro\/mm\/wp-json\/wp\/v2\/posts\/5169","targetHints":{"allow":["GET"]}}],"collection":[{"href":"https:\/\/mhf.ro\/mm\/wp-json\/wp\/v2\/posts"}],"about":[{"href":"https:\/\/mhf.ro\/mm\/wp-json\/wp\/v2\/types\/post"}],"author":[{"embeddable":true,"href":"https:\/\/mhf.ro\/mm\/wp-json\/wp\/v2\/users\/1"}],"replies":[{"embeddable":true,"href":"https:\/\/mhf.ro\/mm\/wp-json\/wp\/v2\/comments?post=5169"}],"version-history":[{"count":1,"href":"https:\/\/mhf.ro\/mm\/wp-json\/wp\/v2\/posts\/5169\/revisions"}],"predecessor-version":[{"id":5171,"href":"https:\/\/mhf.ro\/mm\/wp-json\/wp\/v2\/posts\/5169\/revisions\/5171"}],"wp:featuredmedia":[{"embeddable":true,"href":"https:\/\/mhf.ro\/mm\/wp-json\/wp\/v2\/media\/5170"}],"wp:attachment":[{"href":"https:\/\/mhf.ro\/mm\/wp-json\/wp\/v2\/media?parent=5169"}],"wp:term":[{"taxonomy":"category","embeddable":true,"href":"https:\/\/mhf.ro\/mm\/wp-json\/wp\/v2\/categories?post=5169"},{"taxonomy":"post_tag","embeddable":true,"href":"https:\/\/mhf.ro\/mm\/wp-json\/wp\/v2\/tags?post=5169"}],"curies":[{"name":"wp","href":"https:\/\/api.w.org\/{rel}","templated":true}]}}