{"id":5172,"date":"2021-09-17T08:06:39","date_gmt":"2021-09-17T06:06:39","guid":{"rendered":"https:\/\/mhf.ro\/mm\/?p=5172"},"modified":"2021-09-17T08:06:39","modified_gmt":"2021-09-17T06:06:39","slug":"bulgaria-si-franta-au-intrat-in-zona-galbena","status":"publish","type":"post","link":"https:\/\/mhf.ro\/mm\/bulgaria-si-franta-au-intrat-in-zona-galbena\/","title":{"rendered":"Bulgaria \u0219i Fran\u021ba au intrat \u00een zona galben\u0103"},"content":{"rendered":"<p>In urma sc\u0103derii inciden\u021bei Bulgaria, Fran\u021ba, Thailanda, Puerto Rico, Eswatini \u0219i Guernsey au ie\u0219it din zona ro\u0219ie intr\u00e2nd \u00een zona galben\u0103. Ca urmare a cre\u0219terii inciden\u021bei, Republica Moldova, Honduras, Noua Caledonie, Saint Vincent, Grenadine \u0219i Gibraltar ajung \u00een zona Galben\u0103.<\/p>\n<p>Tot ca urmare a cre\u0219terii inciden\u021bei, \u00een aceast\u0103 s\u0103pt\u0103m\u00e2n\u0103, Liechtenstein, Grenada, Bahamas, Barbados, Guyana, Bonaire, Saint Eustatius \u0219i Saba intr\u0103 \u00een zona ro\u0219ie, al\u0103turi de Israel, Guam, Polinezia Francez\u0103, Muntenegru, Dominica, Mongolia, Bermuda, Georgia, Serbia, Cuba, Saint Lucia, Suriname, Malaysia, Saint Kitts \u015fi Nevis, Kosovo, Sint Maarten, Marea Britanie, Seychelles, Anguilla, Palestina, Antigua \u015fi Barbuda, Statele Unite ale Americii, Costa Rica, Aruba, Slovenia, Insula Man, Elve\u0163ia, Albania, Azerbaidjan, Botswana, Iran, Irlanda, Insulele Virgine ale Statelor Unite, Estonia, Macedonia de Nord, Lituania, Belize, Brunei Darussalam, Maldive, Turcia, Jersey, Norvegia, Fiji, Grecia, Cipru, Jamaica, Sri Lanka, Kazahstan, Africa de Sud, Brazilia, Nepal, India.<\/p>\n<p>Vestea bun\u0103: Spania, Danemarca, Luxemburg, Mexic, Panama, Argentina, Maroc \u0219i Montserrat au intrat \u00een zona verde.<\/p>\n<p>Lista a fost aprobat\u0103 joi ;i intr\u0103 \u00een vigoare \u00eencep\u00e2nd cu data de 19 septembrie, conform CNSU.<\/p>\n<h4 style=\"text-align: right;\"><a href=\"https:\/\/riz.ro\/wp\/coloana-capitel-baza-din-polistiren\/\">Ancadramente polistiren<\/a><\/h4>\n","protected":false},"excerpt":{"rendered":"<p>In urma sc\u0103derii inciden\u021bei Bulgaria, Fran\u021ba, Thailanda, Puerto Rico, Eswatini \u0219i Guernsey au ie\u0219it din zona ro\u0219ie intr\u00e2nd \u00een zona<\/p>\n","protected":false},"author":1,"featured_media":5173,"comment_status":"open","ping_status":"open","sticky":false,"template":"","format":"standard","meta":{"colormag_page_container_layout":"default_layout","colormag_page_sidebar_layout":"default_layout","footnotes":""},"categories":[5],"tags":[],"class_list":["post-5172","post","type-post","status-publish","format-standard","has-post-thumbnail","hentry","category-locale"],"yoast_head":"<!-- This site is optimized with the Yoast SEO plugin v27.0 - https:\/\/yoast.com\/product\/yoast-seo-wordpress\/ -->\n<title>Bulgaria \u0219i Fran\u021ba au intrat \u00een zona galben\u0103 - MHF Photography<\/title>\n<meta name=\"description\" content=\"ca urmare a cre\u0219terii inciden\u021bei, \u00een aceast\u0103 s\u0103pt\u0103m\u00e2n\u0103, Liechtenstein, Grenada, Bahamas, Barbados, Guyana \u0219i Saba intr\u0103 \u00een zona ro\u0219ie\" \/>\n<meta name=\"robots\" content=\"index, follow, max-snippet:-1, max-image-preview:large, max-video-preview:-1\" \/>\n<link rel=\"canonical\" href=\"https:\/\/mhf.ro\/mm\/bulgaria-si-franta-au-intrat-in-zona-galbena\/\" \/>\n<meta property=\"og:locale\" content=\"ro_RO\" \/>\n<meta property=\"og:type\" content=\"article\" \/>\n<meta property=\"og:title\" content=\"Bulgaria \u0219i Fran\u021ba au intrat \u00een zona galben\u0103 - MHF Photography\" \/>\n<meta property=\"og:description\" content=\"ca urmare a cre\u0219terii inciden\u021bei, \u00een aceast\u0103 s\u0103pt\u0103m\u00e2n\u0103, Liechtenstein, Grenada, Bahamas, Barbados, Guyana \u0219i Saba intr\u0103 \u00een zona ro\u0219ie\" \/>\n<meta property=\"og:url\" content=\"https:\/\/mhf.ro\/mm\/bulgaria-si-franta-au-intrat-in-zona-galbena\/\" \/>\n<meta property=\"og:site_name\" content=\"MHF Photography\" \/>\n<meta property=\"article:published_time\" content=\"2021-09-17T06:06:39+00:00\" \/>\n<meta property=\"og:image\" content=\"https:\/\/mhf.ro\/mm\/wp-content\/uploads\/2021\/09\/statistica.png\" \/>\n\t<meta property=\"og:image:width\" content=\"1280\" \/>\n\t<meta property=\"og:image:height\" content=\"853\" \/>\n\t<meta property=\"og:image:type\" content=\"image\/png\" \/>\n<meta name=\"author\" content=\"Marius Marcu\" \/>\n<meta name=\"twitter:card\" content=\"summary_large_image\" \/>\n<meta name=\"twitter:label1\" content=\"Scris de\" \/>\n\t<meta name=\"twitter:data1\" content=\"Marius Marcu\" \/>\n\t<meta name=\"twitter:label2\" content=\"Timp estimat pentru citire\" \/>\n\t<meta name=\"twitter:data2\" content=\"1 minut\" \/>\n<script type=\"application\/ld+json\" class=\"yoast-schema-graph\">{\"@context\":\"https:\/\/schema.org\",\"@graph\":[{\"@type\":\"Article\",\"@id\":\"https:\/\/mhf.ro\/mm\/bulgaria-si-franta-au-intrat-in-zona-galbena\/#article\",\"isPartOf\":{\"@id\":\"https:\/\/mhf.ro\/mm\/bulgaria-si-franta-au-intrat-in-zona-galbena\/\"},\"author\":{\"name\":\"Marius Marcu\",\"@id\":\"https:\/\/mhf.ro\/mm\/#\/schema\/person\/a3bebf7bdb4bf12f698aff73c7e46c21\"},\"headline\":\"Bulgaria \u0219i Fran\u021ba au intrat \u00een zona galben\u0103\",\"datePublished\":\"2021-09-17T06:06:39+00:00\",\"mainEntityOfPage\":{\"@id\":\"https:\/\/mhf.ro\/mm\/bulgaria-si-franta-au-intrat-in-zona-galbena\/\"},\"wordCount\":201,\"commentCount\":0,\"publisher\":{\"@id\":\"https:\/\/mhf.ro\/mm\/#\/schema\/person\/a3bebf7bdb4bf12f698aff73c7e46c21\"},\"image\":{\"@id\":\"https:\/\/mhf.ro\/mm\/bulgaria-si-franta-au-intrat-in-zona-galbena\/#primaryimage\"},\"thumbnailUrl\":\"https:\/\/mhf.ro\/mm\/wp-content\/uploads\/2021\/09\/statistica.png\",\"articleSection\":[\"Locale\"],\"inLanguage\":\"ro-RO\",\"potentialAction\":[{\"@type\":\"CommentAction\",\"name\":\"Comment\",\"target\":[\"https:\/\/mhf.ro\/mm\/bulgaria-si-franta-au-intrat-in-zona-galbena\/#respond\"]}]},{\"@type\":\"WebPage\",\"@id\":\"https:\/\/mhf.ro\/mm\/bulgaria-si-franta-au-intrat-in-zona-galbena\/\",\"url\":\"https:\/\/mhf.ro\/mm\/bulgaria-si-franta-au-intrat-in-zona-galbena\/\",\"name\":\"Bulgaria \u0219i Fran\u021ba au intrat \u00een zona galben\u0103 - MHF Photography\",\"isPartOf\":{\"@id\":\"https:\/\/mhf.ro\/mm\/#website\"},\"primaryImageOfPage\":{\"@id\":\"https:\/\/mhf.ro\/mm\/bulgaria-si-franta-au-intrat-in-zona-galbena\/#primaryimage\"},\"image\":{\"@id\":\"https:\/\/mhf.ro\/mm\/bulgaria-si-franta-au-intrat-in-zona-galbena\/#primaryimage\"},\"thumbnailUrl\":\"https:\/\/mhf.ro\/mm\/wp-content\/uploads\/2021\/09\/statistica.png\",\"datePublished\":\"2021-09-17T06:06:39+00:00\",\"description\":\"ca urmare a cre\u0219terii inciden\u021bei, \u00een aceast\u0103 s\u0103pt\u0103m\u00e2n\u0103, Liechtenstein, Grenada, Bahamas, Barbados, Guyana \u0219i Saba intr\u0103 \u00een zona ro\u0219ie\",\"breadcrumb\":{\"@id\":\"https:\/\/mhf.ro\/mm\/bulgaria-si-franta-au-intrat-in-zona-galbena\/#breadcrumb\"},\"inLanguage\":\"ro-RO\",\"potentialAction\":[{\"@type\":\"ReadAction\",\"target\":[\"https:\/\/mhf.ro\/mm\/bulgaria-si-franta-au-intrat-in-zona-galbena\/\"]}]},{\"@type\":\"ImageObject\",\"inLanguage\":\"ro-RO\",\"@id\":\"https:\/\/mhf.ro\/mm\/bulgaria-si-franta-au-intrat-in-zona-galbena\/#primaryimage\",\"url\":\"https:\/\/mhf.ro\/mm\/wp-content\/uploads\/2021\/09\/statistica.png\",\"contentUrl\":\"https:\/\/mhf.ro\/mm\/wp-content\/uploads\/2021\/09\/statistica.png\",\"width\":1280,\"height\":853},{\"@type\":\"BreadcrumbList\",\"@id\":\"https:\/\/mhf.ro\/mm\/bulgaria-si-franta-au-intrat-in-zona-galbena\/#breadcrumb\",\"itemListElement\":[{\"@type\":\"ListItem\",\"position\":1,\"name\":\"Prima pagin\u0103\",\"item\":\"https:\/\/mhf.ro\/mm\/\"},{\"@type\":\"ListItem\",\"position\":2,\"name\":\"Bulgaria \u0219i Fran\u021ba au intrat \u00een zona galben\u0103\"}]},{\"@type\":\"WebSite\",\"@id\":\"https:\/\/mhf.ro\/mm\/#website\",\"url\":\"https:\/\/mhf.ro\/mm\/\",\"name\":\"MHF Photography \u2013 Blog de fotografie, natur\u0103 \u0219i tehnic\u0103 divers\u0103\",\"description\":\"Aventur\u0103 \u00een fiecare cadru.\",\"publisher\":{\"@id\":\"https:\/\/mhf.ro\/mm\/#\/schema\/person\/a3bebf7bdb4bf12f698aff73c7e46c21\"},\"potentialAction\":[{\"@type\":\"SearchAction\",\"target\":{\"@type\":\"EntryPoint\",\"urlTemplate\":\"https:\/\/mhf.ro\/mm\/?s={search_term_string}\"},\"query-input\":{\"@type\":\"PropertyValueSpecification\",\"valueRequired\":true,\"valueName\":\"search_term_string\"}}],\"inLanguage\":\"ro-RO\"},{\"@type\":[\"Person\",\"Organization\"],\"@id\":\"https:\/\/mhf.ro\/mm\/#\/schema\/person\/a3bebf7bdb4bf12f698aff73c7e46c21\",\"name\":\"Marius Marcu\",\"image\":{\"@type\":\"ImageObject\",\"inLanguage\":\"ro-RO\",\"@id\":\"https:\/\/mhf.ro\/mm\/#\/schema\/person\/image\/\",\"url\":\"https:\/\/mhf.ro\/mm\/wp-content\/uploads\/2025\/12\/cropped-logo_mhf_2.png\",\"contentUrl\":\"https:\/\/mhf.ro\/mm\/wp-content\/uploads\/2025\/12\/cropped-logo_mhf_2.png\",\"width\":1096,\"height\":457,\"caption\":\"Marius Marcu\"},\"logo\":{\"@id\":\"https:\/\/mhf.ro\/mm\/#\/schema\/person\/image\/\"},\"sameAs\":[\"https:\/\/mhf.ro\/mm\"],\"url\":\"https:\/\/mhf.ro\/mm\/author\/mihai\/\"}]}<\/script>\n<!-- \/ Yoast SEO plugin. -->","yoast_head_json":{"title":"Bulgaria \u0219i Fran\u021ba au intrat \u00een zona galben\u0103 - MHF Photography","description":"ca urmare a cre\u0219terii inciden\u021bei, \u00een aceast\u0103 s\u0103pt\u0103m\u00e2n\u0103, Liechtenstein, Grenada, Bahamas, Barbados, Guyana \u0219i Saba intr\u0103 \u00een zona ro\u0219ie","robots":{"index":"index","follow":"follow","max-snippet":"max-snippet:-1","max-image-preview":"max-image-preview:large","max-video-preview":"max-video-preview:-1"},"canonical":"https:\/\/mhf.ro\/mm\/bulgaria-si-franta-au-intrat-in-zona-galbena\/","og_locale":"ro_RO","og_type":"article","og_title":"Bulgaria \u0219i Fran\u021ba au intrat \u00een zona galben\u0103 - MHF Photography","og_description":"ca urmare a cre\u0219terii inciden\u021bei, \u00een aceast\u0103 s\u0103pt\u0103m\u00e2n\u0103, Liechtenstein, Grenada, Bahamas, Barbados, Guyana \u0219i Saba intr\u0103 \u00een zona ro\u0219ie","og_url":"https:\/\/mhf.ro\/mm\/bulgaria-si-franta-au-intrat-in-zona-galbena\/","og_site_name":"MHF Photography","article_published_time":"2021-09-17T06:06:39+00:00","og_image":[{"width":1280,"height":853,"url":"https:\/\/mhf.ro\/mm\/wp-content\/uploads\/2021\/09\/statistica.png","type":"image\/png"}],"author":"Marius Marcu","twitter_card":"summary_large_image","twitter_misc":{"Scris de":"Marius Marcu","Timp estimat pentru citire":"1 minut"},"schema":{"@context":"https:\/\/schema.org","@graph":[{"@type":"Article","@id":"https:\/\/mhf.ro\/mm\/bulgaria-si-franta-au-intrat-in-zona-galbena\/#article","isPartOf":{"@id":"https:\/\/mhf.ro\/mm\/bulgaria-si-franta-au-intrat-in-zona-galbena\/"},"author":{"name":"Marius Marcu","@id":"https:\/\/mhf.ro\/mm\/#\/schema\/person\/a3bebf7bdb4bf12f698aff73c7e46c21"},"headline":"Bulgaria \u0219i Fran\u021ba au intrat \u00een zona galben\u0103","datePublished":"2021-09-17T06:06:39+00:00","mainEntityOfPage":{"@id":"https:\/\/mhf.ro\/mm\/bulgaria-si-franta-au-intrat-in-zona-galbena\/"},"wordCount":201,"commentCount":0,"publisher":{"@id":"https:\/\/mhf.ro\/mm\/#\/schema\/person\/a3bebf7bdb4bf12f698aff73c7e46c21"},"image":{"@id":"https:\/\/mhf.ro\/mm\/bulgaria-si-franta-au-intrat-in-zona-galbena\/#primaryimage"},"thumbnailUrl":"https:\/\/mhf.ro\/mm\/wp-content\/uploads\/2021\/09\/statistica.png","articleSection":["Locale"],"inLanguage":"ro-RO","potentialAction":[{"@type":"CommentAction","name":"Comment","target":["https:\/\/mhf.ro\/mm\/bulgaria-si-franta-au-intrat-in-zona-galbena\/#respond"]}]},{"@type":"WebPage","@id":"https:\/\/mhf.ro\/mm\/bulgaria-si-franta-au-intrat-in-zona-galbena\/","url":"https:\/\/mhf.ro\/mm\/bulgaria-si-franta-au-intrat-in-zona-galbena\/","name":"Bulgaria \u0219i Fran\u021ba au intrat \u00een zona galben\u0103 - MHF Photography","isPartOf":{"@id":"https:\/\/mhf.ro\/mm\/#website"},"primaryImageOfPage":{"@id":"https:\/\/mhf.ro\/mm\/bulgaria-si-franta-au-intrat-in-zona-galbena\/#primaryimage"},"image":{"@id":"https:\/\/mhf.ro\/mm\/bulgaria-si-franta-au-intrat-in-zona-galbena\/#primaryimage"},"thumbnailUrl":"https:\/\/mhf.ro\/mm\/wp-content\/uploads\/2021\/09\/statistica.png","datePublished":"2021-09-17T06:06:39+00:00","description":"ca urmare a cre\u0219terii inciden\u021bei, \u00een aceast\u0103 s\u0103pt\u0103m\u00e2n\u0103, Liechtenstein, Grenada, Bahamas, Barbados, Guyana \u0219i Saba intr\u0103 \u00een zona ro\u0219ie","breadcrumb":{"@id":"https:\/\/mhf.ro\/mm\/bulgaria-si-franta-au-intrat-in-zona-galbena\/#breadcrumb"},"inLanguage":"ro-RO","potentialAction":[{"@type":"ReadAction","target":["https:\/\/mhf.ro\/mm\/bulgaria-si-franta-au-intrat-in-zona-galbena\/"]}]},{"@type":"ImageObject","inLanguage":"ro-RO","@id":"https:\/\/mhf.ro\/mm\/bulgaria-si-franta-au-intrat-in-zona-galbena\/#primaryimage","url":"https:\/\/mhf.ro\/mm\/wp-content\/uploads\/2021\/09\/statistica.png","contentUrl":"https:\/\/mhf.ro\/mm\/wp-content\/uploads\/2021\/09\/statistica.png","width":1280,"height":853},{"@type":"BreadcrumbList","@id":"https:\/\/mhf.ro\/mm\/bulgaria-si-franta-au-intrat-in-zona-galbena\/#breadcrumb","itemListElement":[{"@type":"ListItem","position":1,"name":"Prima pagin\u0103","item":"https:\/\/mhf.ro\/mm\/"},{"@type":"ListItem","position":2,"name":"Bulgaria \u0219i Fran\u021ba au intrat \u00een zona galben\u0103"}]},{"@type":"WebSite","@id":"https:\/\/mhf.ro\/mm\/#website","url":"https:\/\/mhf.ro\/mm\/","name":"MHF Photography \u2013 Blog de fotografie, natur\u0103 \u0219i tehnic\u0103 divers\u0103","description":"Aventur\u0103 \u00een fiecare cadru.","publisher":{"@id":"https:\/\/mhf.ro\/mm\/#\/schema\/person\/a3bebf7bdb4bf12f698aff73c7e46c21"},"potentialAction":[{"@type":"SearchAction","target":{"@type":"EntryPoint","urlTemplate":"https:\/\/mhf.ro\/mm\/?s={search_term_string}"},"query-input":{"@type":"PropertyValueSpecification","valueRequired":true,"valueName":"search_term_string"}}],"inLanguage":"ro-RO"},{"@type":["Person","Organization"],"@id":"https:\/\/mhf.ro\/mm\/#\/schema\/person\/a3bebf7bdb4bf12f698aff73c7e46c21","name":"Marius Marcu","image":{"@type":"ImageObject","inLanguage":"ro-RO","@id":"https:\/\/mhf.ro\/mm\/#\/schema\/person\/image\/","url":"https:\/\/mhf.ro\/mm\/wp-content\/uploads\/2025\/12\/cropped-logo_mhf_2.png","contentUrl":"https:\/\/mhf.ro\/mm\/wp-content\/uploads\/2025\/12\/cropped-logo_mhf_2.png","width":1096,"height":457,"caption":"Marius Marcu"},"logo":{"@id":"https:\/\/mhf.ro\/mm\/#\/schema\/person\/image\/"},"sameAs":["https:\/\/mhf.ro\/mm"],"url":"https:\/\/mhf.ro\/mm\/author\/mihai\/"}]}},"_links":{"self":[{"href":"https:\/\/mhf.ro\/mm\/wp-json\/wp\/v2\/posts\/5172","targetHints":{"allow":["GET"]}}],"collection":[{"href":"https:\/\/mhf.ro\/mm\/wp-json\/wp\/v2\/posts"}],"about":[{"href":"https:\/\/mhf.ro\/mm\/wp-json\/wp\/v2\/types\/post"}],"author":[{"embeddable":true,"href":"https:\/\/mhf.ro\/mm\/wp-json\/wp\/v2\/users\/1"}],"replies":[{"embeddable":true,"href":"https:\/\/mhf.ro\/mm\/wp-json\/wp\/v2\/comments?post=5172"}],"version-history":[{"count":1,"href":"https:\/\/mhf.ro\/mm\/wp-json\/wp\/v2\/posts\/5172\/revisions"}],"predecessor-version":[{"id":5174,"href":"https:\/\/mhf.ro\/mm\/wp-json\/wp\/v2\/posts\/5172\/revisions\/5174"}],"wp:featuredmedia":[{"embeddable":true,"href":"https:\/\/mhf.ro\/mm\/wp-json\/wp\/v2\/media\/5173"}],"wp:attachment":[{"href":"https:\/\/mhf.ro\/mm\/wp-json\/wp\/v2\/media?parent=5172"}],"wp:term":[{"taxonomy":"category","embeddable":true,"href":"https:\/\/mhf.ro\/mm\/wp-json\/wp\/v2\/categories?post=5172"},{"taxonomy":"post_tag","embeddable":true,"href":"https:\/\/mhf.ro\/mm\/wp-json\/wp\/v2\/tags?post=5172"}],"curies":[{"name":"wp","href":"https:\/\/api.w.org\/{rel}","templated":true}]}}