{"id":5180,"date":"2021-09-25T18:40:27","date_gmt":"2021-09-25T16:40:27","guid":{"rendered":"https:\/\/mhf.ro\/mm\/?p=5180"},"modified":"2021-09-25T18:40:27","modified_gmt":"2021-09-25T16:40:27","slug":"caragiale-reloaded-iohannis-salutat-cu-orban-orban","status":"publish","type":"post","link":"https:\/\/mhf.ro\/mm\/caragiale-reloaded-iohannis-salutat-cu-orban-orban\/","title":{"rendered":"Caragiale reloaded: Iohannis salutat cu \u201eOrban! Orban!\u201d"},"content":{"rendered":"<p dir=\"ltr\">Marele dramaturg Ion Luca Caragiale ar fi cr\u0103pat ast\u0103zi de invidie, dac\u0103 ar fi fost la Congresul liberalilor.\u00a0 \u00cen operele lui, maestru ar fi surprins pasaje \u00eentregi din lupta pentru putere dat\u0103 \u00een prezent de urma\u0219ii br\u0103tienilor. A fost cu circ, a fost cu pasiune, a fost cu lupt\u0103 de clas\u0103.<br \/>\n\u00cenc\u0103 de la primele ore, pu\u021bin dup\u0103 9.30, la sediul Romexpo s-a l\u0103sat cu scandal. Mai multe grupuri de b\u0103ie\u021bi hot\u0103r\u00e2\u021bi s-au pus pe rupt perdelu\u021bele de la cabinele de vot\u00a0 asta, pe motiv c\u0103 se lansase zvonul c\u0103 delega\u021bii vot fi obliga\u021bi de \u0219efii de organiza\u021bie s\u0103-\u0219i fotografieze votul. Scandalul a fost rapid aplanat de agen\u021bii de paz\u0103.<br \/>\nCircul s-a mutat apoi la intrare,\u00a0 \u00een zona VIP, acolo unde liderii au fost fie aclamati,\u00a0 fie lua\u021bi cu HUO. Cel mai \u0219ifonat a ie\u0219it premierul C\u00ee\u021bu. Orban a fost la polul opus,\u00a0 intrarea sa fiind aclamata.<\/p>\n<h3 dir=\"ltr\">Iohannis, r\u00e2s u\u0219or nervos<\/h3>\n<p dir=\"ltr\">Cu o zi \u00eenainte,\u00a0 pe surse ap\u0103ruse informa\u021bia c\u0103 pre\u0219edintele Klaus Iohannis va fi huiduit de sus\u021bin\u0103torii lui Ludovic Orban. N-a fost asa, \u00eens\u0103 nici pe placul \u0219efului statului nu a fost treaba.<br \/>\nAbia urcat pe scen\u0103, de cum a transmis salutul poporului liberal, din sal\u0103 a \u00eenceput s\u0103 se aud\u0103 puternic \u201eOrban! Orban!\u201d. \u0218i a\u0219a a fost pe toat\u0103 perioada discursului preziden\u021bial. Cum zicea Iohannis ceva, cum lua o pauz\u0103, cum b\u0103gau b\u0103ie\u021bii placa \u201d Orban! Orban!\u201d<br \/>\nLa finalul discursului scris aplicat pe foi, \u0219eful statului a cobor\u00e2t de pe scen\u0103 cu un rictus nervos. Se oare c\u0103 a fost at\u00e2t de afectat, \u00eenc\u00e2t \u0219i-a uitat foile cu ceea ce tocmai citise. Noroc cu b\u0103ie\u021bii de la SPP..<\/p>\n<p><iframe title=\"Iohannis, \u00eent\u00e2mpinat la congres cu salutul &quot;Orban! Orban!&quot;\" src=\"https:\/\/www.youtube.com\/embed\/xNznW-ITHFk?feature=oembed\" width=\"100%\" height=\"392\" frameborder=\"0\" allowfullscreen=\"allowfullscreen\" data-mce-fragment=\"1\"><\/iframe><\/p>\n<p dir=\"ltr\">Un alt moment caragialesc a fost la urcarea pe scen\u0103 a lui Ludovic Orban. De data asta, b\u0103ie\u021bii din tab\u0103ra lui C\u00ee\u021bu s-a organizat \u0219i ea. Un p\u00e2lc de tineri cu pl\u0103m\u00e2ni puternici a fost improvizat exact \u00een spatele celor mai vocali sus\u021bin\u0103tori ai lui Orban. Cum \u021bipau unii Orban! \u00eei \u0219i d\u0103deau \u0103ilal\u021bi cu C\u00ee\u021bu.\u00a0 Parc\u0103 erau 2 coruri biserice\u0219ti,\u00a0 ce c\u00e2ntau pe voci diferite. Dincolo de ceea ce un text ar putea relata, imaginile de la acest congres vorbesc de la sine.<\/p>\n<p><iframe title=\"Tab\u0103ra Citu a devenit si ea vocala\" src=\"https:\/\/www.youtube.com\/embed\/Z3xa7NZqD9U?feature=oembed\" width=\"100%\" height=\"392\" frameborder=\"0\" allowfullscreen=\"allowfullscreen\" data-mce-fragment=\"1\"><\/iframe><\/p>\n<p>Premierul Florin C\u00ee\u021bu a fost desemnat presedintele PNL. (conf Jurnalist.ro)<\/p>\n","protected":false},"excerpt":{"rendered":"<p>Marele dramaturg Ion Luca Caragiale ar fi cr\u0103pat ast\u0103zi de invidie, dac\u0103 ar fi fost la Congresul liberalilor.\u00a0 \u00cen operele<\/p>\n","protected":false},"author":1,"featured_media":5181,"comment_status":"open","ping_status":"open","sticky":false,"template":"","format":"standard","meta":{"colormag_page_container_layout":"default_layout","colormag_page_sidebar_layout":"default_layout","footnotes":""},"categories":[5],"tags":[],"class_list":["post-5180","post","type-post","status-publish","format-standard","has-post-thumbnail","hentry","category-locale"],"yoast_head":"<!-- This site is optimized with the Yoast SEO plugin v27.0 - https:\/\/yoast.com\/product\/yoast-seo-wordpress\/ -->\n<title>Caragiale reloaded: Iohannis salutat cu \u201eOrban! Orban!\u201d - MHF Photography<\/title>\n<meta name=\"robots\" content=\"index, follow, max-snippet:-1, max-image-preview:large, max-video-preview:-1\" \/>\n<link rel=\"canonical\" href=\"https:\/\/mhf.ro\/mm\/caragiale-reloaded-iohannis-salutat-cu-orban-orban\/\" \/>\n<meta property=\"og:locale\" content=\"ro_RO\" \/>\n<meta property=\"og:type\" content=\"article\" \/>\n<meta property=\"og:title\" content=\"Caragiale reloaded: Iohannis salutat cu \u201eOrban! Orban!\u201d - MHF Photography\" \/>\n<meta property=\"og:description\" content=\"Marele dramaturg Ion Luca Caragiale ar fi cr\u0103pat ast\u0103zi de invidie, dac\u0103 ar fi fost la Congresul liberalilor.\u00a0 \u00cen operele\" \/>\n<meta property=\"og:url\" content=\"https:\/\/mhf.ro\/mm\/caragiale-reloaded-iohannis-salutat-cu-orban-orban\/\" \/>\n<meta property=\"og:site_name\" content=\"MHF Photography\" \/>\n<meta property=\"article:published_time\" content=\"2021-09-25T16:40:27+00:00\" \/>\n<meta property=\"og:image\" content=\"https:\/\/mhf.ro\/mm\/wp-content\/uploads\/2021\/09\/inCollage_congres.jpg\" \/>\n\t<meta property=\"og:image:width\" content=\"1920\" \/>\n\t<meta property=\"og:image:height\" content=\"1548\" \/>\n\t<meta property=\"og:image:type\" content=\"image\/jpeg\" \/>\n<meta name=\"author\" content=\"Marius Marcu\" \/>\n<meta name=\"twitter:card\" content=\"summary_large_image\" \/>\n<meta name=\"twitter:label1\" content=\"Scris de\" \/>\n\t<meta name=\"twitter:data1\" content=\"Marius Marcu\" \/>\n\t<meta name=\"twitter:label2\" content=\"Timp estimat pentru citire\" \/>\n\t<meta name=\"twitter:data2\" content=\"2 minute\" \/>\n<script type=\"application\/ld+json\" class=\"yoast-schema-graph\">{\"@context\":\"https:\/\/schema.org\",\"@graph\":[{\"@type\":\"Article\",\"@id\":\"https:\/\/mhf.ro\/mm\/caragiale-reloaded-iohannis-salutat-cu-orban-orban\/#article\",\"isPartOf\":{\"@id\":\"https:\/\/mhf.ro\/mm\/caragiale-reloaded-iohannis-salutat-cu-orban-orban\/\"},\"author\":{\"name\":\"Marius Marcu\",\"@id\":\"https:\/\/mhf.ro\/mm\/#\/schema\/person\/a3bebf7bdb4bf12f698aff73c7e46c21\"},\"headline\":\"Caragiale reloaded: Iohannis salutat cu \u201eOrban! Orban!\u201d\",\"datePublished\":\"2021-09-25T16:40:27+00:00\",\"mainEntityOfPage\":{\"@id\":\"https:\/\/mhf.ro\/mm\/caragiale-reloaded-iohannis-salutat-cu-orban-orban\/\"},\"wordCount\":421,\"commentCount\":0,\"publisher\":{\"@id\":\"https:\/\/mhf.ro\/mm\/#\/schema\/person\/a3bebf7bdb4bf12f698aff73c7e46c21\"},\"image\":{\"@id\":\"https:\/\/mhf.ro\/mm\/caragiale-reloaded-iohannis-salutat-cu-orban-orban\/#primaryimage\"},\"thumbnailUrl\":\"https:\/\/mhf.ro\/mm\/wp-content\/uploads\/2021\/09\/inCollage_congres.jpg\",\"articleSection\":[\"Locale\"],\"inLanguage\":\"ro-RO\",\"potentialAction\":[{\"@type\":\"CommentAction\",\"name\":\"Comment\",\"target\":[\"https:\/\/mhf.ro\/mm\/caragiale-reloaded-iohannis-salutat-cu-orban-orban\/#respond\"]}]},{\"@type\":\"WebPage\",\"@id\":\"https:\/\/mhf.ro\/mm\/caragiale-reloaded-iohannis-salutat-cu-orban-orban\/\",\"url\":\"https:\/\/mhf.ro\/mm\/caragiale-reloaded-iohannis-salutat-cu-orban-orban\/\",\"name\":\"Caragiale reloaded: Iohannis salutat cu \u201eOrban! Orban!\u201d - MHF Photography\",\"isPartOf\":{\"@id\":\"https:\/\/mhf.ro\/mm\/#website\"},\"primaryImageOfPage\":{\"@id\":\"https:\/\/mhf.ro\/mm\/caragiale-reloaded-iohannis-salutat-cu-orban-orban\/#primaryimage\"},\"image\":{\"@id\":\"https:\/\/mhf.ro\/mm\/caragiale-reloaded-iohannis-salutat-cu-orban-orban\/#primaryimage\"},\"thumbnailUrl\":\"https:\/\/mhf.ro\/mm\/wp-content\/uploads\/2021\/09\/inCollage_congres.jpg\",\"datePublished\":\"2021-09-25T16:40:27+00:00\",\"breadcrumb\":{\"@id\":\"https:\/\/mhf.ro\/mm\/caragiale-reloaded-iohannis-salutat-cu-orban-orban\/#breadcrumb\"},\"inLanguage\":\"ro-RO\",\"potentialAction\":[{\"@type\":\"ReadAction\",\"target\":[\"https:\/\/mhf.ro\/mm\/caragiale-reloaded-iohannis-salutat-cu-orban-orban\/\"]}]},{\"@type\":\"ImageObject\",\"inLanguage\":\"ro-RO\",\"@id\":\"https:\/\/mhf.ro\/mm\/caragiale-reloaded-iohannis-salutat-cu-orban-orban\/#primaryimage\",\"url\":\"https:\/\/mhf.ro\/mm\/wp-content\/uploads\/2021\/09\/inCollage_congres.jpg\",\"contentUrl\":\"https:\/\/mhf.ro\/mm\/wp-content\/uploads\/2021\/09\/inCollage_congres.jpg\",\"width\":1920,\"height\":1548},{\"@type\":\"BreadcrumbList\",\"@id\":\"https:\/\/mhf.ro\/mm\/caragiale-reloaded-iohannis-salutat-cu-orban-orban\/#breadcrumb\",\"itemListElement\":[{\"@type\":\"ListItem\",\"position\":1,\"name\":\"Prima pagin\u0103\",\"item\":\"https:\/\/mhf.ro\/mm\/\"},{\"@type\":\"ListItem\",\"position\":2,\"name\":\"Caragiale reloaded: Iohannis salutat cu \u201eOrban! Orban!\u201d\"}]},{\"@type\":\"WebSite\",\"@id\":\"https:\/\/mhf.ro\/mm\/#website\",\"url\":\"https:\/\/mhf.ro\/mm\/\",\"name\":\"MHF Photography \u2013 Blog de fotografie, natur\u0103 \u0219i tehnic\u0103 divers\u0103\",\"description\":\"Aventur\u0103 \u00een fiecare cadru.\",\"publisher\":{\"@id\":\"https:\/\/mhf.ro\/mm\/#\/schema\/person\/a3bebf7bdb4bf12f698aff73c7e46c21\"},\"potentialAction\":[{\"@type\":\"SearchAction\",\"target\":{\"@type\":\"EntryPoint\",\"urlTemplate\":\"https:\/\/mhf.ro\/mm\/?s={search_term_string}\"},\"query-input\":{\"@type\":\"PropertyValueSpecification\",\"valueRequired\":true,\"valueName\":\"search_term_string\"}}],\"inLanguage\":\"ro-RO\"},{\"@type\":[\"Person\",\"Organization\"],\"@id\":\"https:\/\/mhf.ro\/mm\/#\/schema\/person\/a3bebf7bdb4bf12f698aff73c7e46c21\",\"name\":\"Marius Marcu\",\"image\":{\"@type\":\"ImageObject\",\"inLanguage\":\"ro-RO\",\"@id\":\"https:\/\/mhf.ro\/mm\/#\/schema\/person\/image\/\",\"url\":\"https:\/\/mhf.ro\/mm\/wp-content\/uploads\/2025\/12\/cropped-logo_mhf_2.png\",\"contentUrl\":\"https:\/\/mhf.ro\/mm\/wp-content\/uploads\/2025\/12\/cropped-logo_mhf_2.png\",\"width\":1096,\"height\":457,\"caption\":\"Marius Marcu\"},\"logo\":{\"@id\":\"https:\/\/mhf.ro\/mm\/#\/schema\/person\/image\/\"},\"sameAs\":[\"https:\/\/mhf.ro\/mm\"],\"url\":\"https:\/\/mhf.ro\/mm\/author\/mihai\/\"}]}<\/script>\n<!-- \/ Yoast SEO plugin. -->","yoast_head_json":{"title":"Caragiale reloaded: Iohannis salutat cu \u201eOrban! Orban!\u201d - MHF Photography","robots":{"index":"index","follow":"follow","max-snippet":"max-snippet:-1","max-image-preview":"max-image-preview:large","max-video-preview":"max-video-preview:-1"},"canonical":"https:\/\/mhf.ro\/mm\/caragiale-reloaded-iohannis-salutat-cu-orban-orban\/","og_locale":"ro_RO","og_type":"article","og_title":"Caragiale reloaded: Iohannis salutat cu \u201eOrban! Orban!\u201d - MHF Photography","og_description":"Marele dramaturg Ion Luca Caragiale ar fi cr\u0103pat ast\u0103zi de invidie, dac\u0103 ar fi fost la Congresul liberalilor.\u00a0 \u00cen operele","og_url":"https:\/\/mhf.ro\/mm\/caragiale-reloaded-iohannis-salutat-cu-orban-orban\/","og_site_name":"MHF Photography","article_published_time":"2021-09-25T16:40:27+00:00","og_image":[{"width":1920,"height":1548,"url":"https:\/\/mhf.ro\/mm\/wp-content\/uploads\/2021\/09\/inCollage_congres.jpg","type":"image\/jpeg"}],"author":"Marius Marcu","twitter_card":"summary_large_image","twitter_misc":{"Scris de":"Marius Marcu","Timp estimat pentru citire":"2 minute"},"schema":{"@context":"https:\/\/schema.org","@graph":[{"@type":"Article","@id":"https:\/\/mhf.ro\/mm\/caragiale-reloaded-iohannis-salutat-cu-orban-orban\/#article","isPartOf":{"@id":"https:\/\/mhf.ro\/mm\/caragiale-reloaded-iohannis-salutat-cu-orban-orban\/"},"author":{"name":"Marius Marcu","@id":"https:\/\/mhf.ro\/mm\/#\/schema\/person\/a3bebf7bdb4bf12f698aff73c7e46c21"},"headline":"Caragiale reloaded: Iohannis salutat cu \u201eOrban! Orban!\u201d","datePublished":"2021-09-25T16:40:27+00:00","mainEntityOfPage":{"@id":"https:\/\/mhf.ro\/mm\/caragiale-reloaded-iohannis-salutat-cu-orban-orban\/"},"wordCount":421,"commentCount":0,"publisher":{"@id":"https:\/\/mhf.ro\/mm\/#\/schema\/person\/a3bebf7bdb4bf12f698aff73c7e46c21"},"image":{"@id":"https:\/\/mhf.ro\/mm\/caragiale-reloaded-iohannis-salutat-cu-orban-orban\/#primaryimage"},"thumbnailUrl":"https:\/\/mhf.ro\/mm\/wp-content\/uploads\/2021\/09\/inCollage_congres.jpg","articleSection":["Locale"],"inLanguage":"ro-RO","potentialAction":[{"@type":"CommentAction","name":"Comment","target":["https:\/\/mhf.ro\/mm\/caragiale-reloaded-iohannis-salutat-cu-orban-orban\/#respond"]}]},{"@type":"WebPage","@id":"https:\/\/mhf.ro\/mm\/caragiale-reloaded-iohannis-salutat-cu-orban-orban\/","url":"https:\/\/mhf.ro\/mm\/caragiale-reloaded-iohannis-salutat-cu-orban-orban\/","name":"Caragiale reloaded: Iohannis salutat cu \u201eOrban! Orban!\u201d - MHF Photography","isPartOf":{"@id":"https:\/\/mhf.ro\/mm\/#website"},"primaryImageOfPage":{"@id":"https:\/\/mhf.ro\/mm\/caragiale-reloaded-iohannis-salutat-cu-orban-orban\/#primaryimage"},"image":{"@id":"https:\/\/mhf.ro\/mm\/caragiale-reloaded-iohannis-salutat-cu-orban-orban\/#primaryimage"},"thumbnailUrl":"https:\/\/mhf.ro\/mm\/wp-content\/uploads\/2021\/09\/inCollage_congres.jpg","datePublished":"2021-09-25T16:40:27+00:00","breadcrumb":{"@id":"https:\/\/mhf.ro\/mm\/caragiale-reloaded-iohannis-salutat-cu-orban-orban\/#breadcrumb"},"inLanguage":"ro-RO","potentialAction":[{"@type":"ReadAction","target":["https:\/\/mhf.ro\/mm\/caragiale-reloaded-iohannis-salutat-cu-orban-orban\/"]}]},{"@type":"ImageObject","inLanguage":"ro-RO","@id":"https:\/\/mhf.ro\/mm\/caragiale-reloaded-iohannis-salutat-cu-orban-orban\/#primaryimage","url":"https:\/\/mhf.ro\/mm\/wp-content\/uploads\/2021\/09\/inCollage_congres.jpg","contentUrl":"https:\/\/mhf.ro\/mm\/wp-content\/uploads\/2021\/09\/inCollage_congres.jpg","width":1920,"height":1548},{"@type":"BreadcrumbList","@id":"https:\/\/mhf.ro\/mm\/caragiale-reloaded-iohannis-salutat-cu-orban-orban\/#breadcrumb","itemListElement":[{"@type":"ListItem","position":1,"name":"Prima pagin\u0103","item":"https:\/\/mhf.ro\/mm\/"},{"@type":"ListItem","position":2,"name":"Caragiale reloaded: Iohannis salutat cu \u201eOrban! Orban!\u201d"}]},{"@type":"WebSite","@id":"https:\/\/mhf.ro\/mm\/#website","url":"https:\/\/mhf.ro\/mm\/","name":"MHF Photography \u2013 Blog de fotografie, natur\u0103 \u0219i tehnic\u0103 divers\u0103","description":"Aventur\u0103 \u00een fiecare cadru.","publisher":{"@id":"https:\/\/mhf.ro\/mm\/#\/schema\/person\/a3bebf7bdb4bf12f698aff73c7e46c21"},"potentialAction":[{"@type":"SearchAction","target":{"@type":"EntryPoint","urlTemplate":"https:\/\/mhf.ro\/mm\/?s={search_term_string}"},"query-input":{"@type":"PropertyValueSpecification","valueRequired":true,"valueName":"search_term_string"}}],"inLanguage":"ro-RO"},{"@type":["Person","Organization"],"@id":"https:\/\/mhf.ro\/mm\/#\/schema\/person\/a3bebf7bdb4bf12f698aff73c7e46c21","name":"Marius Marcu","image":{"@type":"ImageObject","inLanguage":"ro-RO","@id":"https:\/\/mhf.ro\/mm\/#\/schema\/person\/image\/","url":"https:\/\/mhf.ro\/mm\/wp-content\/uploads\/2025\/12\/cropped-logo_mhf_2.png","contentUrl":"https:\/\/mhf.ro\/mm\/wp-content\/uploads\/2025\/12\/cropped-logo_mhf_2.png","width":1096,"height":457,"caption":"Marius Marcu"},"logo":{"@id":"https:\/\/mhf.ro\/mm\/#\/schema\/person\/image\/"},"sameAs":["https:\/\/mhf.ro\/mm"],"url":"https:\/\/mhf.ro\/mm\/author\/mihai\/"}]}},"_links":{"self":[{"href":"https:\/\/mhf.ro\/mm\/wp-json\/wp\/v2\/posts\/5180","targetHints":{"allow":["GET"]}}],"collection":[{"href":"https:\/\/mhf.ro\/mm\/wp-json\/wp\/v2\/posts"}],"about":[{"href":"https:\/\/mhf.ro\/mm\/wp-json\/wp\/v2\/types\/post"}],"author":[{"embeddable":true,"href":"https:\/\/mhf.ro\/mm\/wp-json\/wp\/v2\/users\/1"}],"replies":[{"embeddable":true,"href":"https:\/\/mhf.ro\/mm\/wp-json\/wp\/v2\/comments?post=5180"}],"version-history":[{"count":1,"href":"https:\/\/mhf.ro\/mm\/wp-json\/wp\/v2\/posts\/5180\/revisions"}],"predecessor-version":[{"id":5182,"href":"https:\/\/mhf.ro\/mm\/wp-json\/wp\/v2\/posts\/5180\/revisions\/5182"}],"wp:featuredmedia":[{"embeddable":true,"href":"https:\/\/mhf.ro\/mm\/wp-json\/wp\/v2\/media\/5181"}],"wp:attachment":[{"href":"https:\/\/mhf.ro\/mm\/wp-json\/wp\/v2\/media?parent=5180"}],"wp:term":[{"taxonomy":"category","embeddable":true,"href":"https:\/\/mhf.ro\/mm\/wp-json\/wp\/v2\/categories?post=5180"},{"taxonomy":"post_tag","embeddable":true,"href":"https:\/\/mhf.ro\/mm\/wp-json\/wp\/v2\/tags?post=5180"}],"curies":[{"name":"wp","href":"https:\/\/api.w.org\/{rel}","templated":true}]}}