{"id":5191,"date":"2021-09-29T08:37:27","date_gmt":"2021-09-29T06:37:27","guid":{"rendered":"https:\/\/mhf.ro\/mm\/?p=5191"},"modified":"2021-09-29T09:52:51","modified_gmt":"2021-09-29T07:52:51","slug":"incepe-imunizarea-cu-a-3-a-doza-de-vaccin-anti-covid","status":"publish","type":"post","link":"https:\/\/mhf.ro\/mm\/incepe-imunizarea-cu-a-3-a-doza-de-vaccin-anti-covid\/","title":{"rendered":"\u00cencepe imunizarea cu a 3-a doz\u0103 de vaccin anti-Covid"},"content":{"rendered":"<p class=\"font-serif text-5xl font-bold mb-4\">\u00cen Rom\u00e2nia \u00eencepe mar\u021bi administrarea celei de-a treia doze de vaccin \u00eempotriva COVID-19. Se pot imuniza persoanele care au cel pu\u021bin 6 luni de la vaccinarea cu primele dou\u0103 doze. A\u0219a-numitul \u201ebooster\u201d se va face doar cu seruri\u00a0care folosesc tehnologia ARN mesager, cum sunt cele de la Pfizer \u0219i Moderna, \u0219i prin urmare doar \u00een centrele care administreaz\u0103 aceste tipuri de vaccin.<\/p>\n<p>Printre primele persoane vaccinate cu cea de a treia doz\u0103 se afl\u0103 ministrul interimar al S\u0103n\u0103t\u0103\u021bii, Cseke Attila, \u0219i vicepremierul Kelemen Hunor, pre\u0219edintele UDMR.<\/p>\n<p>Circa 12.000 de persoane eligibile s-au programat deja pentru vaccinarea cu a treia doz\u0103 de ser anti-COVID-19, a precizat Cseke Attila.<\/p>\n<p>\u201eDe ast\u0103zi, to\u021bi cei care s-au vaccinat cu schem\u0103 complet\u0103, cu cele dou\u0103 doze, \u0219i au trecut cel pu\u021bin \u0219ase luni de la ultima doz\u0103, pot cere vaccinarea cu cea de-a treia doz\u0103. Recomand tuturor \u0219i \u00eendemn pe toat\u0103 lumea. P\u00e2n\u0103 azi diminea\u021b\u0103, \u00een platforma \u00een care se pot programa pentru cea de-a treia doz\u0103, sunt programa\u021bi circa 12.000 de persoane dintre cele care pot lua acest vaccin.\u201d, a declarat oficialul.<\/p>\n<p>Ministrul interimar al S\u0103n\u0103t\u0103\u021bii a vorbit \u0219i despre proiectul privind\u00a0<a href=\"https:\/\/jurnalist.ro\/personalul-medical-obligat-sa-se-vaccineze-anti-covid\/\">obligativitatea certificatului digital pentru personalul medical<\/a>.<\/p>\n<p>\u201eTestele se fac pe cheltuiala proprie, statul pune la dispozi\u021bie \u00een mod gratuit vaccinul, exist\u0103 aceast\u0103 posibilitate.\u00a0 \u00cen cazul \u00een care nu se prezint\u0103, avem de-a face cu o persoan\u0103 din sistemul medical care nu este vaccinat\u0103, nu a trecut prin boal\u0103 \u0219i nu se testeaz\u0103, va fi suspendat contractul individual de munc\u0103, respectiv dup\u0103 30 de zile de la suspendare poate avea loc \u0219i \u00eencetarea contractului de munc\u0103. De asemenea, proiectul de lege prevede \u0219i sanc\u021biuni care se aplic\u0103 conduc\u0103torului unit\u0103\u021bii sanitare \u00een cazul \u00een care nu respect\u0103 prevederea acestei legi\u201d, a spus Cseke Attila. (conf. Jurnalist.ro)<\/p>\n","protected":false},"excerpt":{"rendered":"<p>\u00cen Rom\u00e2nia \u00eencepe mar\u021bi administrarea celei de-a treia doze de vaccin \u00eempotriva COVID-19. Se pot imuniza persoanele care au cel<\/p>\n","protected":false},"author":1,"featured_media":5192,"comment_status":"open","ping_status":"open","sticky":false,"template":"","format":"standard","meta":{"colormag_page_container_layout":"default_layout","colormag_page_sidebar_layout":"default_layout","footnotes":""},"categories":[5],"tags":[],"class_list":["post-5191","post","type-post","status-publish","format-standard","has-post-thumbnail","hentry","category-locale"],"yoast_head":"<!-- This site is optimized with the Yoast SEO plugin v27.0 - https:\/\/yoast.com\/product\/yoast-seo-wordpress\/ -->\n<title>\u00cencepe imunizarea cu a 3-a doz\u0103 de vaccin anti-Covid - MHF Photography<\/title>\n<meta name=\"robots\" content=\"index, follow, max-snippet:-1, max-image-preview:large, max-video-preview:-1\" \/>\n<link rel=\"canonical\" href=\"https:\/\/mhf.ro\/mm\/incepe-imunizarea-cu-a-3-a-doza-de-vaccin-anti-covid\/\" \/>\n<meta property=\"og:locale\" content=\"ro_RO\" \/>\n<meta property=\"og:type\" content=\"article\" \/>\n<meta property=\"og:title\" content=\"\u00cencepe imunizarea cu a 3-a doz\u0103 de vaccin anti-Covid - MHF Photography\" \/>\n<meta property=\"og:description\" content=\"\u00cen Rom\u00e2nia \u00eencepe mar\u021bi administrarea celei de-a treia doze de vaccin \u00eempotriva COVID-19. Se pot imuniza persoanele care au cel\" \/>\n<meta property=\"og:url\" content=\"https:\/\/mhf.ro\/mm\/incepe-imunizarea-cu-a-3-a-doza-de-vaccin-anti-covid\/\" \/>\n<meta property=\"og:site_name\" content=\"MHF Photography\" \/>\n<meta property=\"article:published_time\" content=\"2021-09-29T06:37:27+00:00\" \/>\n<meta property=\"article:modified_time\" content=\"2021-09-29T07:52:51+00:00\" \/>\n<meta property=\"og:image\" content=\"https:\/\/mhf.ro\/mm\/wp-content\/uploads\/2021\/09\/vaccin-a-treia-doza.jpg\" \/>\n\t<meta property=\"og:image:width\" content=\"1260\" \/>\n\t<meta property=\"og:image:height\" content=\"709\" \/>\n\t<meta property=\"og:image:type\" content=\"image\/jpeg\" \/>\n<meta name=\"author\" content=\"Marius Marcu\" \/>\n<meta name=\"twitter:card\" content=\"summary_large_image\" \/>\n<meta name=\"twitter:label1\" content=\"Scris de\" \/>\n\t<meta name=\"twitter:data1\" content=\"Marius Marcu\" \/>\n\t<meta name=\"twitter:label2\" content=\"Timp estimat pentru citire\" \/>\n\t<meta name=\"twitter:data2\" content=\"2 minute\" \/>\n<script type=\"application\/ld+json\" class=\"yoast-schema-graph\">{\"@context\":\"https:\/\/schema.org\",\"@graph\":[{\"@type\":\"Article\",\"@id\":\"https:\/\/mhf.ro\/mm\/incepe-imunizarea-cu-a-3-a-doza-de-vaccin-anti-covid\/#article\",\"isPartOf\":{\"@id\":\"https:\/\/mhf.ro\/mm\/incepe-imunizarea-cu-a-3-a-doza-de-vaccin-anti-covid\/\"},\"author\":{\"name\":\"Marius Marcu\",\"@id\":\"https:\/\/mhf.ro\/mm\/#\/schema\/person\/a3bebf7bdb4bf12f698aff73c7e46c21\"},\"headline\":\"\u00cencepe imunizarea cu a 3-a doz\u0103 de vaccin anti-Covid\",\"datePublished\":\"2021-09-29T06:37:27+00:00\",\"dateModified\":\"2021-09-29T07:52:51+00:00\",\"mainEntityOfPage\":{\"@id\":\"https:\/\/mhf.ro\/mm\/incepe-imunizarea-cu-a-3-a-doza-de-vaccin-anti-covid\/\"},\"wordCount\":319,\"commentCount\":0,\"publisher\":{\"@id\":\"https:\/\/mhf.ro\/mm\/#\/schema\/person\/a3bebf7bdb4bf12f698aff73c7e46c21\"},\"image\":{\"@id\":\"https:\/\/mhf.ro\/mm\/incepe-imunizarea-cu-a-3-a-doza-de-vaccin-anti-covid\/#primaryimage\"},\"thumbnailUrl\":\"https:\/\/mhf.ro\/mm\/wp-content\/uploads\/2021\/09\/vaccin-a-treia-doza.jpg\",\"articleSection\":[\"Locale\"],\"inLanguage\":\"ro-RO\",\"potentialAction\":[{\"@type\":\"CommentAction\",\"name\":\"Comment\",\"target\":[\"https:\/\/mhf.ro\/mm\/incepe-imunizarea-cu-a-3-a-doza-de-vaccin-anti-covid\/#respond\"]}]},{\"@type\":\"WebPage\",\"@id\":\"https:\/\/mhf.ro\/mm\/incepe-imunizarea-cu-a-3-a-doza-de-vaccin-anti-covid\/\",\"url\":\"https:\/\/mhf.ro\/mm\/incepe-imunizarea-cu-a-3-a-doza-de-vaccin-anti-covid\/\",\"name\":\"\u00cencepe imunizarea cu a 3-a doz\u0103 de vaccin anti-Covid - MHF Photography\",\"isPartOf\":{\"@id\":\"https:\/\/mhf.ro\/mm\/#website\"},\"primaryImageOfPage\":{\"@id\":\"https:\/\/mhf.ro\/mm\/incepe-imunizarea-cu-a-3-a-doza-de-vaccin-anti-covid\/#primaryimage\"},\"image\":{\"@id\":\"https:\/\/mhf.ro\/mm\/incepe-imunizarea-cu-a-3-a-doza-de-vaccin-anti-covid\/#primaryimage\"},\"thumbnailUrl\":\"https:\/\/mhf.ro\/mm\/wp-content\/uploads\/2021\/09\/vaccin-a-treia-doza.jpg\",\"datePublished\":\"2021-09-29T06:37:27+00:00\",\"dateModified\":\"2021-09-29T07:52:51+00:00\",\"breadcrumb\":{\"@id\":\"https:\/\/mhf.ro\/mm\/incepe-imunizarea-cu-a-3-a-doza-de-vaccin-anti-covid\/#breadcrumb\"},\"inLanguage\":\"ro-RO\",\"potentialAction\":[{\"@type\":\"ReadAction\",\"target\":[\"https:\/\/mhf.ro\/mm\/incepe-imunizarea-cu-a-3-a-doza-de-vaccin-anti-covid\/\"]}]},{\"@type\":\"ImageObject\",\"inLanguage\":\"ro-RO\",\"@id\":\"https:\/\/mhf.ro\/mm\/incepe-imunizarea-cu-a-3-a-doza-de-vaccin-anti-covid\/#primaryimage\",\"url\":\"https:\/\/mhf.ro\/mm\/wp-content\/uploads\/2021\/09\/vaccin-a-treia-doza.jpg\",\"contentUrl\":\"https:\/\/mhf.ro\/mm\/wp-content\/uploads\/2021\/09\/vaccin-a-treia-doza.jpg\",\"width\":1260,\"height\":709},{\"@type\":\"BreadcrumbList\",\"@id\":\"https:\/\/mhf.ro\/mm\/incepe-imunizarea-cu-a-3-a-doza-de-vaccin-anti-covid\/#breadcrumb\",\"itemListElement\":[{\"@type\":\"ListItem\",\"position\":1,\"name\":\"Prima pagin\u0103\",\"item\":\"https:\/\/mhf.ro\/mm\/\"},{\"@type\":\"ListItem\",\"position\":2,\"name\":\"\u00cencepe imunizarea cu a 3-a doz\u0103 de vaccin anti-Covid\"}]},{\"@type\":\"WebSite\",\"@id\":\"https:\/\/mhf.ro\/mm\/#website\",\"url\":\"https:\/\/mhf.ro\/mm\/\",\"name\":\"MHF Photography \u2013 Blog de fotografie, natur\u0103 \u0219i tehnic\u0103 divers\u0103\",\"description\":\"Aventur\u0103 \u00een fiecare cadru.\",\"publisher\":{\"@id\":\"https:\/\/mhf.ro\/mm\/#\/schema\/person\/a3bebf7bdb4bf12f698aff73c7e46c21\"},\"potentialAction\":[{\"@type\":\"SearchAction\",\"target\":{\"@type\":\"EntryPoint\",\"urlTemplate\":\"https:\/\/mhf.ro\/mm\/?s={search_term_string}\"},\"query-input\":{\"@type\":\"PropertyValueSpecification\",\"valueRequired\":true,\"valueName\":\"search_term_string\"}}],\"inLanguage\":\"ro-RO\"},{\"@type\":[\"Person\",\"Organization\"],\"@id\":\"https:\/\/mhf.ro\/mm\/#\/schema\/person\/a3bebf7bdb4bf12f698aff73c7e46c21\",\"name\":\"Marius Marcu\",\"image\":{\"@type\":\"ImageObject\",\"inLanguage\":\"ro-RO\",\"@id\":\"https:\/\/mhf.ro\/mm\/#\/schema\/person\/image\/\",\"url\":\"https:\/\/mhf.ro\/mm\/wp-content\/uploads\/2025\/12\/cropped-logo_mhf_2.png\",\"contentUrl\":\"https:\/\/mhf.ro\/mm\/wp-content\/uploads\/2025\/12\/cropped-logo_mhf_2.png\",\"width\":1096,\"height\":457,\"caption\":\"Marius Marcu\"},\"logo\":{\"@id\":\"https:\/\/mhf.ro\/mm\/#\/schema\/person\/image\/\"},\"sameAs\":[\"https:\/\/mhf.ro\/mm\"],\"url\":\"https:\/\/mhf.ro\/mm\/author\/mihai\/\"}]}<\/script>\n<!-- \/ Yoast SEO plugin. -->","yoast_head_json":{"title":"\u00cencepe imunizarea cu a 3-a doz\u0103 de vaccin anti-Covid - MHF Photography","robots":{"index":"index","follow":"follow","max-snippet":"max-snippet:-1","max-image-preview":"max-image-preview:large","max-video-preview":"max-video-preview:-1"},"canonical":"https:\/\/mhf.ro\/mm\/incepe-imunizarea-cu-a-3-a-doza-de-vaccin-anti-covid\/","og_locale":"ro_RO","og_type":"article","og_title":"\u00cencepe imunizarea cu a 3-a doz\u0103 de vaccin anti-Covid - MHF Photography","og_description":"\u00cen Rom\u00e2nia \u00eencepe mar\u021bi administrarea celei de-a treia doze de vaccin \u00eempotriva COVID-19. Se pot imuniza persoanele care au cel","og_url":"https:\/\/mhf.ro\/mm\/incepe-imunizarea-cu-a-3-a-doza-de-vaccin-anti-covid\/","og_site_name":"MHF Photography","article_published_time":"2021-09-29T06:37:27+00:00","article_modified_time":"2021-09-29T07:52:51+00:00","og_image":[{"width":1260,"height":709,"url":"https:\/\/mhf.ro\/mm\/wp-content\/uploads\/2021\/09\/vaccin-a-treia-doza.jpg","type":"image\/jpeg"}],"author":"Marius Marcu","twitter_card":"summary_large_image","twitter_misc":{"Scris de":"Marius Marcu","Timp estimat pentru citire":"2 minute"},"schema":{"@context":"https:\/\/schema.org","@graph":[{"@type":"Article","@id":"https:\/\/mhf.ro\/mm\/incepe-imunizarea-cu-a-3-a-doza-de-vaccin-anti-covid\/#article","isPartOf":{"@id":"https:\/\/mhf.ro\/mm\/incepe-imunizarea-cu-a-3-a-doza-de-vaccin-anti-covid\/"},"author":{"name":"Marius Marcu","@id":"https:\/\/mhf.ro\/mm\/#\/schema\/person\/a3bebf7bdb4bf12f698aff73c7e46c21"},"headline":"\u00cencepe imunizarea cu a 3-a doz\u0103 de vaccin anti-Covid","datePublished":"2021-09-29T06:37:27+00:00","dateModified":"2021-09-29T07:52:51+00:00","mainEntityOfPage":{"@id":"https:\/\/mhf.ro\/mm\/incepe-imunizarea-cu-a-3-a-doza-de-vaccin-anti-covid\/"},"wordCount":319,"commentCount":0,"publisher":{"@id":"https:\/\/mhf.ro\/mm\/#\/schema\/person\/a3bebf7bdb4bf12f698aff73c7e46c21"},"image":{"@id":"https:\/\/mhf.ro\/mm\/incepe-imunizarea-cu-a-3-a-doza-de-vaccin-anti-covid\/#primaryimage"},"thumbnailUrl":"https:\/\/mhf.ro\/mm\/wp-content\/uploads\/2021\/09\/vaccin-a-treia-doza.jpg","articleSection":["Locale"],"inLanguage":"ro-RO","potentialAction":[{"@type":"CommentAction","name":"Comment","target":["https:\/\/mhf.ro\/mm\/incepe-imunizarea-cu-a-3-a-doza-de-vaccin-anti-covid\/#respond"]}]},{"@type":"WebPage","@id":"https:\/\/mhf.ro\/mm\/incepe-imunizarea-cu-a-3-a-doza-de-vaccin-anti-covid\/","url":"https:\/\/mhf.ro\/mm\/incepe-imunizarea-cu-a-3-a-doza-de-vaccin-anti-covid\/","name":"\u00cencepe imunizarea cu a 3-a doz\u0103 de vaccin anti-Covid - MHF Photography","isPartOf":{"@id":"https:\/\/mhf.ro\/mm\/#website"},"primaryImageOfPage":{"@id":"https:\/\/mhf.ro\/mm\/incepe-imunizarea-cu-a-3-a-doza-de-vaccin-anti-covid\/#primaryimage"},"image":{"@id":"https:\/\/mhf.ro\/mm\/incepe-imunizarea-cu-a-3-a-doza-de-vaccin-anti-covid\/#primaryimage"},"thumbnailUrl":"https:\/\/mhf.ro\/mm\/wp-content\/uploads\/2021\/09\/vaccin-a-treia-doza.jpg","datePublished":"2021-09-29T06:37:27+00:00","dateModified":"2021-09-29T07:52:51+00:00","breadcrumb":{"@id":"https:\/\/mhf.ro\/mm\/incepe-imunizarea-cu-a-3-a-doza-de-vaccin-anti-covid\/#breadcrumb"},"inLanguage":"ro-RO","potentialAction":[{"@type":"ReadAction","target":["https:\/\/mhf.ro\/mm\/incepe-imunizarea-cu-a-3-a-doza-de-vaccin-anti-covid\/"]}]},{"@type":"ImageObject","inLanguage":"ro-RO","@id":"https:\/\/mhf.ro\/mm\/incepe-imunizarea-cu-a-3-a-doza-de-vaccin-anti-covid\/#primaryimage","url":"https:\/\/mhf.ro\/mm\/wp-content\/uploads\/2021\/09\/vaccin-a-treia-doza.jpg","contentUrl":"https:\/\/mhf.ro\/mm\/wp-content\/uploads\/2021\/09\/vaccin-a-treia-doza.jpg","width":1260,"height":709},{"@type":"BreadcrumbList","@id":"https:\/\/mhf.ro\/mm\/incepe-imunizarea-cu-a-3-a-doza-de-vaccin-anti-covid\/#breadcrumb","itemListElement":[{"@type":"ListItem","position":1,"name":"Prima pagin\u0103","item":"https:\/\/mhf.ro\/mm\/"},{"@type":"ListItem","position":2,"name":"\u00cencepe imunizarea cu a 3-a doz\u0103 de vaccin anti-Covid"}]},{"@type":"WebSite","@id":"https:\/\/mhf.ro\/mm\/#website","url":"https:\/\/mhf.ro\/mm\/","name":"MHF Photography \u2013 Blog de fotografie, natur\u0103 \u0219i tehnic\u0103 divers\u0103","description":"Aventur\u0103 \u00een fiecare cadru.","publisher":{"@id":"https:\/\/mhf.ro\/mm\/#\/schema\/person\/a3bebf7bdb4bf12f698aff73c7e46c21"},"potentialAction":[{"@type":"SearchAction","target":{"@type":"EntryPoint","urlTemplate":"https:\/\/mhf.ro\/mm\/?s={search_term_string}"},"query-input":{"@type":"PropertyValueSpecification","valueRequired":true,"valueName":"search_term_string"}}],"inLanguage":"ro-RO"},{"@type":["Person","Organization"],"@id":"https:\/\/mhf.ro\/mm\/#\/schema\/person\/a3bebf7bdb4bf12f698aff73c7e46c21","name":"Marius Marcu","image":{"@type":"ImageObject","inLanguage":"ro-RO","@id":"https:\/\/mhf.ro\/mm\/#\/schema\/person\/image\/","url":"https:\/\/mhf.ro\/mm\/wp-content\/uploads\/2025\/12\/cropped-logo_mhf_2.png","contentUrl":"https:\/\/mhf.ro\/mm\/wp-content\/uploads\/2025\/12\/cropped-logo_mhf_2.png","width":1096,"height":457,"caption":"Marius Marcu"},"logo":{"@id":"https:\/\/mhf.ro\/mm\/#\/schema\/person\/image\/"},"sameAs":["https:\/\/mhf.ro\/mm"],"url":"https:\/\/mhf.ro\/mm\/author\/mihai\/"}]}},"_links":{"self":[{"href":"https:\/\/mhf.ro\/mm\/wp-json\/wp\/v2\/posts\/5191","targetHints":{"allow":["GET"]}}],"collection":[{"href":"https:\/\/mhf.ro\/mm\/wp-json\/wp\/v2\/posts"}],"about":[{"href":"https:\/\/mhf.ro\/mm\/wp-json\/wp\/v2\/types\/post"}],"author":[{"embeddable":true,"href":"https:\/\/mhf.ro\/mm\/wp-json\/wp\/v2\/users\/1"}],"replies":[{"embeddable":true,"href":"https:\/\/mhf.ro\/mm\/wp-json\/wp\/v2\/comments?post=5191"}],"version-history":[{"count":1,"href":"https:\/\/mhf.ro\/mm\/wp-json\/wp\/v2\/posts\/5191\/revisions"}],"predecessor-version":[{"id":5193,"href":"https:\/\/mhf.ro\/mm\/wp-json\/wp\/v2\/posts\/5191\/revisions\/5193"}],"wp:featuredmedia":[{"embeddable":true,"href":"https:\/\/mhf.ro\/mm\/wp-json\/wp\/v2\/media\/5192"}],"wp:attachment":[{"href":"https:\/\/mhf.ro\/mm\/wp-json\/wp\/v2\/media?parent=5191"}],"wp:term":[{"taxonomy":"category","embeddable":true,"href":"https:\/\/mhf.ro\/mm\/wp-json\/wp\/v2\/categories?post=5191"},{"taxonomy":"post_tag","embeddable":true,"href":"https:\/\/mhf.ro\/mm\/wp-json\/wp\/v2\/tags?post=5191"}],"curies":[{"name":"wp","href":"https:\/\/api.w.org\/{rel}","templated":true}]}}