{"id":5197,"date":"2021-10-03T09:02:47","date_gmt":"2021-10-03T07:02:47","guid":{"rendered":"https:\/\/mhf.ro\/mm\/?p=5197"},"modified":"2021-10-03T09:02:47","modified_gmt":"2021-10-03T07:02:47","slug":"vaccinare-obligatorie-impusa-de-joe-biden","status":"publish","type":"post","link":"https:\/\/mhf.ro\/mm\/vaccinare-obligatorie-impusa-de-joe-biden\/","title":{"rendered":"Vaccinare obligatorie impus\u0103 de Joe Biden"},"content":{"rendered":"<p>Casa Alb\u0103 face presiuni \u0219i dore\u0219te s\u0103 impun\u0103 vaccinarea angaja\u0163ilor companiilor aeriene p\u00e2n\u0103 pe 8 decembrie. Acesta este termenul limit\u0103 oferit \u0219i se pare c\u0103 nu se dore\u0219te am\u00e2nare, au declarat patru surse citate de Reuters.<\/p>\n<p>Deja s-au purtat discu\u021bii cu directorii generali ai American Airlines, Delta Air Lines \u015fi Southwest Airlines, pentru a se asigura c\u0103 vor impune vaccinarea angaja\u0163ilor \u00eenainte de termenul limit\u0103, au spus sursele.<\/p>\n<p>Pre\u015fedintele\u00a0Joe Biden\u00a0a semnat luna trecut\u0103 un ordin executiv .<\/p>\n<p>American Airlines a declarat vineri sear\u0103 c\u0103 peste 100.000 de angaja\u0163i din SUA vor trebui s\u0103 se vaccineze. Nu a fost specificat\u0103 o dat\u0103 clara.<\/p>\n<p>\u201e\u00cen timp ce \u00eenc\u0103 lucr\u0103m la detaliile cerin\u0163elor federale, este clar c\u0103 membrii echipei care aleg s\u0103 r\u0103m\u00e2n\u0103 nevaccina\u0163i nu vor putea lucra la American Airlines.<\/p>\n<p>Ne d\u0103m seama c\u0103 aceast\u0103 obligativitate federal\u0103 poate fi dificil\u0103, dar este ceea ce se cere companiei noastre \u015fi vom respecta acest lucru\u201d, au declarat pre\u015fedintele Doug Parker \u015fi pre\u015fedintele Robert Isom, \u00eentr-un memo.<\/p>\n<p>Jeffrey Zients, consilierul Pre\u0219edintelui Statelor Unite ale Americii a cerut companiilor aeriene \u201ds\u0103 ac\u0163ioneze mai devreme dec\u00e2t mai t\u00e2rziu pentru a se asigura un proces de implementare c\u00e2t mai bun posibil\u201d, a spus o surs\u0103, \u015fi a precizat c\u0103 administra\u0163ia de la Casa Alb\u0103 nu inten\u0163ioneaz\u0103 s\u0103 relaxeze termenul limit\u0103.<\/p>\n<p>Acesta a dat exemplul de la United Airlines, care a impus vaccinarea angaja\u0163ilor \u00een luna august.<\/p>\n<p>Cele trei companii aeriene au refuzat s\u0103 fac\u0103 publice detaliile discu\u021biilor purtate. (conf. Jurnalist.ro)<\/p>\n","protected":false},"excerpt":{"rendered":"<p>Casa Alb\u0103 face presiuni \u0219i dore\u0219te s\u0103 impun\u0103 vaccinarea angaja\u0163ilor companiilor aeriene p\u00e2n\u0103 pe 8 decembrie. Acesta este termenul limit\u0103<\/p>\n","protected":false},"author":1,"featured_media":5198,"comment_status":"open","ping_status":"open","sticky":false,"template":"","format":"standard","meta":{"colormag_page_container_layout":"default_layout","colormag_page_sidebar_layout":"default_layout","footnotes":""},"categories":[5],"tags":[],"class_list":["post-5197","post","type-post","status-publish","format-standard","has-post-thumbnail","hentry","category-locale"],"yoast_head":"<!-- This site is optimized with the Yoast SEO plugin v27.0 - https:\/\/yoast.com\/product\/yoast-seo-wordpress\/ -->\n<title>Vaccinare obligatorie impus\u0103 de Joe Biden - MHF Photography<\/title>\n<meta name=\"robots\" content=\"index, follow, max-snippet:-1, max-image-preview:large, max-video-preview:-1\" \/>\n<link rel=\"canonical\" href=\"https:\/\/mhf.ro\/mm\/vaccinare-obligatorie-impusa-de-joe-biden\/\" \/>\n<meta property=\"og:locale\" content=\"ro_RO\" \/>\n<meta property=\"og:type\" content=\"article\" \/>\n<meta property=\"og:title\" content=\"Vaccinare obligatorie impus\u0103 de Joe Biden - MHF Photography\" \/>\n<meta property=\"og:description\" content=\"Casa Alb\u0103 face presiuni \u0219i dore\u0219te s\u0103 impun\u0103 vaccinarea angaja\u0163ilor companiilor aeriene p\u00e2n\u0103 pe 8 decembrie. Acesta este termenul limit\u0103\" \/>\n<meta property=\"og:url\" content=\"https:\/\/mhf.ro\/mm\/vaccinare-obligatorie-impusa-de-joe-biden\/\" \/>\n<meta property=\"og:site_name\" content=\"MHF Photography\" \/>\n<meta property=\"article:published_time\" content=\"2021-10-03T07:02:47+00:00\" \/>\n<meta property=\"og:image\" content=\"https:\/\/mhf.ro\/mm\/wp-content\/uploads\/2021\/10\/biden.jpg\" \/>\n\t<meta property=\"og:image:width\" content=\"1000\" \/>\n\t<meta property=\"og:image:height\" content=\"571\" \/>\n\t<meta property=\"og:image:type\" content=\"image\/jpeg\" \/>\n<meta name=\"author\" content=\"Marius Marcu\" \/>\n<meta name=\"twitter:card\" content=\"summary_large_image\" \/>\n<meta name=\"twitter:label1\" content=\"Scris de\" \/>\n\t<meta name=\"twitter:data1\" content=\"Marius Marcu\" \/>\n\t<meta name=\"twitter:label2\" content=\"Timp estimat pentru citire\" \/>\n\t<meta name=\"twitter:data2\" content=\"1 minut\" \/>\n<script type=\"application\/ld+json\" class=\"yoast-schema-graph\">{\"@context\":\"https:\/\/schema.org\",\"@graph\":[{\"@type\":\"Article\",\"@id\":\"https:\/\/mhf.ro\/mm\/vaccinare-obligatorie-impusa-de-joe-biden\/#article\",\"isPartOf\":{\"@id\":\"https:\/\/mhf.ro\/mm\/vaccinare-obligatorie-impusa-de-joe-biden\/\"},\"author\":{\"name\":\"Marius Marcu\",\"@id\":\"https:\/\/mhf.ro\/mm\/#\/schema\/person\/a3bebf7bdb4bf12f698aff73c7e46c21\"},\"headline\":\"Vaccinare obligatorie impus\u0103 de Joe Biden\",\"datePublished\":\"2021-10-03T07:02:47+00:00\",\"mainEntityOfPage\":{\"@id\":\"https:\/\/mhf.ro\/mm\/vaccinare-obligatorie-impusa-de-joe-biden\/\"},\"wordCount\":274,\"commentCount\":0,\"publisher\":{\"@id\":\"https:\/\/mhf.ro\/mm\/#\/schema\/person\/a3bebf7bdb4bf12f698aff73c7e46c21\"},\"image\":{\"@id\":\"https:\/\/mhf.ro\/mm\/vaccinare-obligatorie-impusa-de-joe-biden\/#primaryimage\"},\"thumbnailUrl\":\"https:\/\/mhf.ro\/mm\/wp-content\/uploads\/2021\/10\/biden.jpg\",\"articleSection\":[\"Locale\"],\"inLanguage\":\"ro-RO\",\"potentialAction\":[{\"@type\":\"CommentAction\",\"name\":\"Comment\",\"target\":[\"https:\/\/mhf.ro\/mm\/vaccinare-obligatorie-impusa-de-joe-biden\/#respond\"]}]},{\"@type\":\"WebPage\",\"@id\":\"https:\/\/mhf.ro\/mm\/vaccinare-obligatorie-impusa-de-joe-biden\/\",\"url\":\"https:\/\/mhf.ro\/mm\/vaccinare-obligatorie-impusa-de-joe-biden\/\",\"name\":\"Vaccinare obligatorie impus\u0103 de Joe Biden - MHF Photography\",\"isPartOf\":{\"@id\":\"https:\/\/mhf.ro\/mm\/#website\"},\"primaryImageOfPage\":{\"@id\":\"https:\/\/mhf.ro\/mm\/vaccinare-obligatorie-impusa-de-joe-biden\/#primaryimage\"},\"image\":{\"@id\":\"https:\/\/mhf.ro\/mm\/vaccinare-obligatorie-impusa-de-joe-biden\/#primaryimage\"},\"thumbnailUrl\":\"https:\/\/mhf.ro\/mm\/wp-content\/uploads\/2021\/10\/biden.jpg\",\"datePublished\":\"2021-10-03T07:02:47+00:00\",\"breadcrumb\":{\"@id\":\"https:\/\/mhf.ro\/mm\/vaccinare-obligatorie-impusa-de-joe-biden\/#breadcrumb\"},\"inLanguage\":\"ro-RO\",\"potentialAction\":[{\"@type\":\"ReadAction\",\"target\":[\"https:\/\/mhf.ro\/mm\/vaccinare-obligatorie-impusa-de-joe-biden\/\"]}]},{\"@type\":\"ImageObject\",\"inLanguage\":\"ro-RO\",\"@id\":\"https:\/\/mhf.ro\/mm\/vaccinare-obligatorie-impusa-de-joe-biden\/#primaryimage\",\"url\":\"https:\/\/mhf.ro\/mm\/wp-content\/uploads\/2021\/10\/biden.jpg\",\"contentUrl\":\"https:\/\/mhf.ro\/mm\/wp-content\/uploads\/2021\/10\/biden.jpg\",\"width\":1000,\"height\":571},{\"@type\":\"BreadcrumbList\",\"@id\":\"https:\/\/mhf.ro\/mm\/vaccinare-obligatorie-impusa-de-joe-biden\/#breadcrumb\",\"itemListElement\":[{\"@type\":\"ListItem\",\"position\":1,\"name\":\"Prima pagin\u0103\",\"item\":\"https:\/\/mhf.ro\/mm\/\"},{\"@type\":\"ListItem\",\"position\":2,\"name\":\"Vaccinare obligatorie impus\u0103 de Joe Biden\"}]},{\"@type\":\"WebSite\",\"@id\":\"https:\/\/mhf.ro\/mm\/#website\",\"url\":\"https:\/\/mhf.ro\/mm\/\",\"name\":\"MHF Photography \u2013 Blog de fotografie, natur\u0103 \u0219i tehnic\u0103 divers\u0103\",\"description\":\"Aventur\u0103 \u00een fiecare cadru.\",\"publisher\":{\"@id\":\"https:\/\/mhf.ro\/mm\/#\/schema\/person\/a3bebf7bdb4bf12f698aff73c7e46c21\"},\"potentialAction\":[{\"@type\":\"SearchAction\",\"target\":{\"@type\":\"EntryPoint\",\"urlTemplate\":\"https:\/\/mhf.ro\/mm\/?s={search_term_string}\"},\"query-input\":{\"@type\":\"PropertyValueSpecification\",\"valueRequired\":true,\"valueName\":\"search_term_string\"}}],\"inLanguage\":\"ro-RO\"},{\"@type\":[\"Person\",\"Organization\"],\"@id\":\"https:\/\/mhf.ro\/mm\/#\/schema\/person\/a3bebf7bdb4bf12f698aff73c7e46c21\",\"name\":\"Marius Marcu\",\"image\":{\"@type\":\"ImageObject\",\"inLanguage\":\"ro-RO\",\"@id\":\"https:\/\/mhf.ro\/mm\/#\/schema\/person\/image\/\",\"url\":\"https:\/\/mhf.ro\/mm\/wp-content\/uploads\/2025\/12\/cropped-logo_mhf_2.png\",\"contentUrl\":\"https:\/\/mhf.ro\/mm\/wp-content\/uploads\/2025\/12\/cropped-logo_mhf_2.png\",\"width\":1096,\"height\":457,\"caption\":\"Marius Marcu\"},\"logo\":{\"@id\":\"https:\/\/mhf.ro\/mm\/#\/schema\/person\/image\/\"},\"sameAs\":[\"https:\/\/mhf.ro\/mm\"],\"url\":\"https:\/\/mhf.ro\/mm\/author\/mihai\/\"}]}<\/script>\n<!-- \/ Yoast SEO plugin. -->","yoast_head_json":{"title":"Vaccinare obligatorie impus\u0103 de Joe Biden - MHF Photography","robots":{"index":"index","follow":"follow","max-snippet":"max-snippet:-1","max-image-preview":"max-image-preview:large","max-video-preview":"max-video-preview:-1"},"canonical":"https:\/\/mhf.ro\/mm\/vaccinare-obligatorie-impusa-de-joe-biden\/","og_locale":"ro_RO","og_type":"article","og_title":"Vaccinare obligatorie impus\u0103 de Joe Biden - MHF Photography","og_description":"Casa Alb\u0103 face presiuni \u0219i dore\u0219te s\u0103 impun\u0103 vaccinarea angaja\u0163ilor companiilor aeriene p\u00e2n\u0103 pe 8 decembrie. Acesta este termenul limit\u0103","og_url":"https:\/\/mhf.ro\/mm\/vaccinare-obligatorie-impusa-de-joe-biden\/","og_site_name":"MHF Photography","article_published_time":"2021-10-03T07:02:47+00:00","og_image":[{"width":1000,"height":571,"url":"https:\/\/mhf.ro\/mm\/wp-content\/uploads\/2021\/10\/biden.jpg","type":"image\/jpeg"}],"author":"Marius Marcu","twitter_card":"summary_large_image","twitter_misc":{"Scris de":"Marius Marcu","Timp estimat pentru citire":"1 minut"},"schema":{"@context":"https:\/\/schema.org","@graph":[{"@type":"Article","@id":"https:\/\/mhf.ro\/mm\/vaccinare-obligatorie-impusa-de-joe-biden\/#article","isPartOf":{"@id":"https:\/\/mhf.ro\/mm\/vaccinare-obligatorie-impusa-de-joe-biden\/"},"author":{"name":"Marius Marcu","@id":"https:\/\/mhf.ro\/mm\/#\/schema\/person\/a3bebf7bdb4bf12f698aff73c7e46c21"},"headline":"Vaccinare obligatorie impus\u0103 de Joe Biden","datePublished":"2021-10-03T07:02:47+00:00","mainEntityOfPage":{"@id":"https:\/\/mhf.ro\/mm\/vaccinare-obligatorie-impusa-de-joe-biden\/"},"wordCount":274,"commentCount":0,"publisher":{"@id":"https:\/\/mhf.ro\/mm\/#\/schema\/person\/a3bebf7bdb4bf12f698aff73c7e46c21"},"image":{"@id":"https:\/\/mhf.ro\/mm\/vaccinare-obligatorie-impusa-de-joe-biden\/#primaryimage"},"thumbnailUrl":"https:\/\/mhf.ro\/mm\/wp-content\/uploads\/2021\/10\/biden.jpg","articleSection":["Locale"],"inLanguage":"ro-RO","potentialAction":[{"@type":"CommentAction","name":"Comment","target":["https:\/\/mhf.ro\/mm\/vaccinare-obligatorie-impusa-de-joe-biden\/#respond"]}]},{"@type":"WebPage","@id":"https:\/\/mhf.ro\/mm\/vaccinare-obligatorie-impusa-de-joe-biden\/","url":"https:\/\/mhf.ro\/mm\/vaccinare-obligatorie-impusa-de-joe-biden\/","name":"Vaccinare obligatorie impus\u0103 de Joe Biden - MHF Photography","isPartOf":{"@id":"https:\/\/mhf.ro\/mm\/#website"},"primaryImageOfPage":{"@id":"https:\/\/mhf.ro\/mm\/vaccinare-obligatorie-impusa-de-joe-biden\/#primaryimage"},"image":{"@id":"https:\/\/mhf.ro\/mm\/vaccinare-obligatorie-impusa-de-joe-biden\/#primaryimage"},"thumbnailUrl":"https:\/\/mhf.ro\/mm\/wp-content\/uploads\/2021\/10\/biden.jpg","datePublished":"2021-10-03T07:02:47+00:00","breadcrumb":{"@id":"https:\/\/mhf.ro\/mm\/vaccinare-obligatorie-impusa-de-joe-biden\/#breadcrumb"},"inLanguage":"ro-RO","potentialAction":[{"@type":"ReadAction","target":["https:\/\/mhf.ro\/mm\/vaccinare-obligatorie-impusa-de-joe-biden\/"]}]},{"@type":"ImageObject","inLanguage":"ro-RO","@id":"https:\/\/mhf.ro\/mm\/vaccinare-obligatorie-impusa-de-joe-biden\/#primaryimage","url":"https:\/\/mhf.ro\/mm\/wp-content\/uploads\/2021\/10\/biden.jpg","contentUrl":"https:\/\/mhf.ro\/mm\/wp-content\/uploads\/2021\/10\/biden.jpg","width":1000,"height":571},{"@type":"BreadcrumbList","@id":"https:\/\/mhf.ro\/mm\/vaccinare-obligatorie-impusa-de-joe-biden\/#breadcrumb","itemListElement":[{"@type":"ListItem","position":1,"name":"Prima pagin\u0103","item":"https:\/\/mhf.ro\/mm\/"},{"@type":"ListItem","position":2,"name":"Vaccinare obligatorie impus\u0103 de Joe Biden"}]},{"@type":"WebSite","@id":"https:\/\/mhf.ro\/mm\/#website","url":"https:\/\/mhf.ro\/mm\/","name":"MHF Photography \u2013 Blog de fotografie, natur\u0103 \u0219i tehnic\u0103 divers\u0103","description":"Aventur\u0103 \u00een fiecare cadru.","publisher":{"@id":"https:\/\/mhf.ro\/mm\/#\/schema\/person\/a3bebf7bdb4bf12f698aff73c7e46c21"},"potentialAction":[{"@type":"SearchAction","target":{"@type":"EntryPoint","urlTemplate":"https:\/\/mhf.ro\/mm\/?s={search_term_string}"},"query-input":{"@type":"PropertyValueSpecification","valueRequired":true,"valueName":"search_term_string"}}],"inLanguage":"ro-RO"},{"@type":["Person","Organization"],"@id":"https:\/\/mhf.ro\/mm\/#\/schema\/person\/a3bebf7bdb4bf12f698aff73c7e46c21","name":"Marius Marcu","image":{"@type":"ImageObject","inLanguage":"ro-RO","@id":"https:\/\/mhf.ro\/mm\/#\/schema\/person\/image\/","url":"https:\/\/mhf.ro\/mm\/wp-content\/uploads\/2025\/12\/cropped-logo_mhf_2.png","contentUrl":"https:\/\/mhf.ro\/mm\/wp-content\/uploads\/2025\/12\/cropped-logo_mhf_2.png","width":1096,"height":457,"caption":"Marius Marcu"},"logo":{"@id":"https:\/\/mhf.ro\/mm\/#\/schema\/person\/image\/"},"sameAs":["https:\/\/mhf.ro\/mm"],"url":"https:\/\/mhf.ro\/mm\/author\/mihai\/"}]}},"_links":{"self":[{"href":"https:\/\/mhf.ro\/mm\/wp-json\/wp\/v2\/posts\/5197","targetHints":{"allow":["GET"]}}],"collection":[{"href":"https:\/\/mhf.ro\/mm\/wp-json\/wp\/v2\/posts"}],"about":[{"href":"https:\/\/mhf.ro\/mm\/wp-json\/wp\/v2\/types\/post"}],"author":[{"embeddable":true,"href":"https:\/\/mhf.ro\/mm\/wp-json\/wp\/v2\/users\/1"}],"replies":[{"embeddable":true,"href":"https:\/\/mhf.ro\/mm\/wp-json\/wp\/v2\/comments?post=5197"}],"version-history":[{"count":1,"href":"https:\/\/mhf.ro\/mm\/wp-json\/wp\/v2\/posts\/5197\/revisions"}],"predecessor-version":[{"id":5199,"href":"https:\/\/mhf.ro\/mm\/wp-json\/wp\/v2\/posts\/5197\/revisions\/5199"}],"wp:featuredmedia":[{"embeddable":true,"href":"https:\/\/mhf.ro\/mm\/wp-json\/wp\/v2\/media\/5198"}],"wp:attachment":[{"href":"https:\/\/mhf.ro\/mm\/wp-json\/wp\/v2\/media?parent=5197"}],"wp:term":[{"taxonomy":"category","embeddable":true,"href":"https:\/\/mhf.ro\/mm\/wp-json\/wp\/v2\/categories?post=5197"},{"taxonomy":"post_tag","embeddable":true,"href":"https:\/\/mhf.ro\/mm\/wp-json\/wp\/v2\/tags?post=5197"}],"curies":[{"name":"wp","href":"https:\/\/api.w.org\/{rel}","templated":true}]}}