{"id":5200,"date":"2021-10-03T09:05:31","date_gmt":"2021-10-03T07:05:31","guid":{"rendered":"https:\/\/mhf.ro\/mm\/?p=5200"},"modified":"2021-10-03T09:05:31","modified_gmt":"2021-10-03T07:05:31","slug":"noi-restrictii-aprobate-de-guvern","status":"publish","type":"post","link":"https:\/\/mhf.ro\/mm\/noi-restrictii-aprobate-de-guvern\/","title":{"rendered":"Noi restric\u0163ii aprobate de Guvern"},"content":{"rendered":"<p>Hot\u00e2r\u00e2rea Comitetului Na\u021bional pentru Situa\u021bii de Urgen\u021b\u0103 a fost aprobat\u0103 de Guvern. Una dintre m\u0103suri este eliminrea pragului de infectare de 6 la mie pentru \u00eenchiderea \u0219colilor, iar\u00a0 obligativitatea m\u0103\u0219tii redevine \u00een toate spa\u021biile \u00eenchise sau deschise, \u00een localit\u0103\u021bile cu inciden\u021ba de peste 6 la mie.<\/p>\n<p>\u201e\u00cen toate localit\u0103\u021bile \u00een care inciden\u021ba cumulat\u0103 a cazurilor, \u00een ultimele 14 zile este mai mare de 6\/1000 de locuitori, va fi instituit\u0103 obligativitatea purt\u0103rii m\u0103\u0219tii de protec\u021bie, astfel \u00eenc\u00e2t s\u0103 acopere nasul \u0219i gura, \u00een condi\u021biile stabilite prin ordinul comun al ministrului s\u0103n\u0103t\u0103\u021bii \u0219i al ministrului afacerilor interne, \u00een toate spa\u021biile publice \u00eenchise \u0219i deschise\u201d, se arat\u0103 \u00een hot\u0103r\u00e2rea CNSU, adoptat\u0103 de Guvern, \u00een \u015fedin\u0163a de s\u00e2mb\u0103t\u0103, 2 octombrie. De asemenea, s-a eliminat pragul de 6 la mie pentru \u00eenchiderea \u015fcolilor. Hot\u0103r\u00e2rea adoptat\u0103 de Guvern prevede \u201epermiterea particip\u0103rii zilnice, cu prezen\u021b\u0103 fizic\u0103 la cursuri, a tuturor antepre\u0219colarilor, pre\u0219colarilor \u0219i elevilor \u00een unit\u0103\u021bile de \u00eenv\u0103\u021b\u0103m\u00e2nt, indiferent de rata de inciden\u021b\u0103 cumulat\u0103 cu respectarea tuturor normelor de prevenire a r\u0103sp\u00e2ndirii infec\u021biilor cu SARS-CoV-2\u201d.<\/p>\n<p>Dup\u0103 ce rat\u0103 de inciden\u021b\u0103 trece de 6 la mie, carantina de noapte se impune \u00een weekend, iar \u00een restul s\u0103pt\u0103m\u00e2nii, dup\u0103 ce rata trece de 7,5. Numai cei vaccina\u021bi sau trecu\u021bi prin boal\u0103 au voie s\u0103 ias\u0103 din case \u0219i noaptea.<\/p>\n<p>Potrivit celui mai recent bilan\u0163 COVID, Bucure\u015fti \u015fi jude\u0163ul Ilfov \u00eenregistreaz\u0103 inciden\u0163e de peste 7,5 la mie. (conf. Jurnalist.ro)<\/p>\n<p>M\u0103surile adoptate de Guvern<\/p>\n<p><img fetchpriority=\"high\" decoding=\"async\" class=\"alignnone size-medium wp-image-19003 jetpack-lazy-image jetpack-lazy-image--handled td-animation-stack-type0-2\" src=\"https:\/\/jurnalist.ro\/wp-content\/uploads\/2021\/10\/download-212x300.png\" sizes=\"(max-width: 212px) 100vw, 212px\" srcset=\"https:\/\/jurnalist.ro\/wp-content\/uploads\/2021\/10\/download-212x300.png 212w, https:\/\/jurnalist.ro\/wp-content\/uploads\/2021\/10\/download-724x1024.png 724w, https:\/\/jurnalist.ro\/wp-content\/uploads\/2021\/10\/download-768x1086.png 768w, https:\/\/jurnalist.ro\/wp-content\/uploads\/2021\/10\/download-150x212.png 150w, https:\/\/jurnalist.ro\/wp-content\/uploads\/2021\/10\/download-300x424.png 300w, https:\/\/jurnalist.ro\/wp-content\/uploads\/2021\/10\/download-600x848.png 600w, https:\/\/jurnalist.ro\/wp-content\/uploads\/2021\/10\/download-696x984.png 696w, https:\/\/jurnalist.ro\/wp-content\/uploads\/2021\/10\/download-297x420.png 297w, https:\/\/jurnalist.ro\/wp-content\/uploads\/2021\/10\/download-594x840.png 594w, https:\/\/jurnalist.ro\/wp-content\/uploads\/2021\/10\/download.png 870w\" alt=\"\" width=\"212\" height=\"300\" data-lazy-loaded=\"1\" \/><\/p>\n","protected":false},"excerpt":{"rendered":"<p>Hot\u00e2r\u00e2rea Comitetului Na\u021bional pentru Situa\u021bii de Urgen\u021b\u0103 a fost aprobat\u0103 de Guvern. Una dintre m\u0103suri este eliminrea pragului de infectare<\/p>\n","protected":false},"author":1,"featured_media":5201,"comment_status":"open","ping_status":"open","sticky":false,"template":"","format":"standard","meta":{"colormag_page_container_layout":"default_layout","colormag_page_sidebar_layout":"default_layout","footnotes":""},"categories":[8],"tags":[],"class_list":["post-5200","post","type-post","status-publish","format-standard","has-post-thumbnail","hentry","category-div"],"yoast_head":"<!-- This site is optimized with the Yoast SEO plugin v27.0 - https:\/\/yoast.com\/product\/yoast-seo-wordpress\/ -->\n<title>Noi restric\u0163ii aprobate de Guvern - MHF Photography<\/title>\n<meta name=\"robots\" content=\"index, follow, max-snippet:-1, max-image-preview:large, max-video-preview:-1\" \/>\n<link rel=\"canonical\" href=\"https:\/\/mhf.ro\/mm\/noi-restrictii-aprobate-de-guvern\/\" \/>\n<meta property=\"og:locale\" content=\"ro_RO\" \/>\n<meta property=\"og:type\" content=\"article\" \/>\n<meta property=\"og:title\" content=\"Noi restric\u0163ii aprobate de Guvern - MHF Photography\" \/>\n<meta property=\"og:description\" content=\"Hot\u00e2r\u00e2rea Comitetului Na\u021bional pentru Situa\u021bii de Urgen\u021b\u0103 a fost aprobat\u0103 de Guvern. Una dintre m\u0103suri este eliminrea pragului de infectare\" \/>\n<meta property=\"og:url\" content=\"https:\/\/mhf.ro\/mm\/noi-restrictii-aprobate-de-guvern\/\" \/>\n<meta property=\"og:site_name\" content=\"MHF Photography\" \/>\n<meta property=\"article:published_time\" content=\"2021-10-03T07:05:31+00:00\" \/>\n<meta property=\"og:image\" content=\"https:\/\/mhf.ro\/mm\/wp-content\/uploads\/2021\/10\/covid.jpeg\" \/>\n\t<meta property=\"og:image:width\" content=\"680\" \/>\n\t<meta property=\"og:image:height\" content=\"453\" \/>\n\t<meta property=\"og:image:type\" content=\"image\/jpeg\" \/>\n<meta name=\"author\" content=\"Marius Marcu\" \/>\n<meta name=\"twitter:card\" content=\"summary_large_image\" \/>\n<meta name=\"twitter:label1\" content=\"Scris de\" \/>\n\t<meta name=\"twitter:data1\" content=\"Marius Marcu\" \/>\n\t<meta name=\"twitter:label2\" content=\"Timp estimat pentru citire\" \/>\n\t<meta name=\"twitter:data2\" content=\"1 minut\" \/>\n<script type=\"application\/ld+json\" class=\"yoast-schema-graph\">{\"@context\":\"https:\/\/schema.org\",\"@graph\":[{\"@type\":\"Article\",\"@id\":\"https:\/\/mhf.ro\/mm\/noi-restrictii-aprobate-de-guvern\/#article\",\"isPartOf\":{\"@id\":\"https:\/\/mhf.ro\/mm\/noi-restrictii-aprobate-de-guvern\/\"},\"author\":{\"name\":\"Marius Marcu\",\"@id\":\"https:\/\/mhf.ro\/mm\/#\/schema\/person\/a3bebf7bdb4bf12f698aff73c7e46c21\"},\"headline\":\"Noi restric\u0163ii aprobate de Guvern\",\"datePublished\":\"2021-10-03T07:05:31+00:00\",\"mainEntityOfPage\":{\"@id\":\"https:\/\/mhf.ro\/mm\/noi-restrictii-aprobate-de-guvern\/\"},\"wordCount\":276,\"commentCount\":0,\"publisher\":{\"@id\":\"https:\/\/mhf.ro\/mm\/#\/schema\/person\/a3bebf7bdb4bf12f698aff73c7e46c21\"},\"image\":{\"@id\":\"https:\/\/mhf.ro\/mm\/noi-restrictii-aprobate-de-guvern\/#primaryimage\"},\"thumbnailUrl\":\"https:\/\/mhf.ro\/mm\/wp-content\/uploads\/2021\/10\/covid.jpeg\",\"articleSection\":[\"Diverse\"],\"inLanguage\":\"ro-RO\",\"potentialAction\":[{\"@type\":\"CommentAction\",\"name\":\"Comment\",\"target\":[\"https:\/\/mhf.ro\/mm\/noi-restrictii-aprobate-de-guvern\/#respond\"]}]},{\"@type\":\"WebPage\",\"@id\":\"https:\/\/mhf.ro\/mm\/noi-restrictii-aprobate-de-guvern\/\",\"url\":\"https:\/\/mhf.ro\/mm\/noi-restrictii-aprobate-de-guvern\/\",\"name\":\"Noi restric\u0163ii aprobate de Guvern - MHF Photography\",\"isPartOf\":{\"@id\":\"https:\/\/mhf.ro\/mm\/#website\"},\"primaryImageOfPage\":{\"@id\":\"https:\/\/mhf.ro\/mm\/noi-restrictii-aprobate-de-guvern\/#primaryimage\"},\"image\":{\"@id\":\"https:\/\/mhf.ro\/mm\/noi-restrictii-aprobate-de-guvern\/#primaryimage\"},\"thumbnailUrl\":\"https:\/\/mhf.ro\/mm\/wp-content\/uploads\/2021\/10\/covid.jpeg\",\"datePublished\":\"2021-10-03T07:05:31+00:00\",\"breadcrumb\":{\"@id\":\"https:\/\/mhf.ro\/mm\/noi-restrictii-aprobate-de-guvern\/#breadcrumb\"},\"inLanguage\":\"ro-RO\",\"potentialAction\":[{\"@type\":\"ReadAction\",\"target\":[\"https:\/\/mhf.ro\/mm\/noi-restrictii-aprobate-de-guvern\/\"]}]},{\"@type\":\"ImageObject\",\"inLanguage\":\"ro-RO\",\"@id\":\"https:\/\/mhf.ro\/mm\/noi-restrictii-aprobate-de-guvern\/#primaryimage\",\"url\":\"https:\/\/mhf.ro\/mm\/wp-content\/uploads\/2021\/10\/covid.jpeg\",\"contentUrl\":\"https:\/\/mhf.ro\/mm\/wp-content\/uploads\/2021\/10\/covid.jpeg\",\"width\":680,\"height\":453},{\"@type\":\"BreadcrumbList\",\"@id\":\"https:\/\/mhf.ro\/mm\/noi-restrictii-aprobate-de-guvern\/#breadcrumb\",\"itemListElement\":[{\"@type\":\"ListItem\",\"position\":1,\"name\":\"Prima pagin\u0103\",\"item\":\"https:\/\/mhf.ro\/mm\/\"},{\"@type\":\"ListItem\",\"position\":2,\"name\":\"Noi restric\u0163ii aprobate de Guvern\"}]},{\"@type\":\"WebSite\",\"@id\":\"https:\/\/mhf.ro\/mm\/#website\",\"url\":\"https:\/\/mhf.ro\/mm\/\",\"name\":\"MHF Photography \u2013 Blog de fotografie, natur\u0103 \u0219i tehnic\u0103 divers\u0103\",\"description\":\"Aventur\u0103 \u00een fiecare cadru.\",\"publisher\":{\"@id\":\"https:\/\/mhf.ro\/mm\/#\/schema\/person\/a3bebf7bdb4bf12f698aff73c7e46c21\"},\"potentialAction\":[{\"@type\":\"SearchAction\",\"target\":{\"@type\":\"EntryPoint\",\"urlTemplate\":\"https:\/\/mhf.ro\/mm\/?s={search_term_string}\"},\"query-input\":{\"@type\":\"PropertyValueSpecification\",\"valueRequired\":true,\"valueName\":\"search_term_string\"}}],\"inLanguage\":\"ro-RO\"},{\"@type\":[\"Person\",\"Organization\"],\"@id\":\"https:\/\/mhf.ro\/mm\/#\/schema\/person\/a3bebf7bdb4bf12f698aff73c7e46c21\",\"name\":\"Marius Marcu\",\"image\":{\"@type\":\"ImageObject\",\"inLanguage\":\"ro-RO\",\"@id\":\"https:\/\/mhf.ro\/mm\/#\/schema\/person\/image\/\",\"url\":\"https:\/\/mhf.ro\/mm\/wp-content\/uploads\/2025\/12\/cropped-logo_mhf_2.png\",\"contentUrl\":\"https:\/\/mhf.ro\/mm\/wp-content\/uploads\/2025\/12\/cropped-logo_mhf_2.png\",\"width\":1096,\"height\":457,\"caption\":\"Marius Marcu\"},\"logo\":{\"@id\":\"https:\/\/mhf.ro\/mm\/#\/schema\/person\/image\/\"},\"sameAs\":[\"https:\/\/mhf.ro\/mm\"],\"url\":\"https:\/\/mhf.ro\/mm\/author\/mihai\/\"}]}<\/script>\n<!-- \/ Yoast SEO plugin. -->","yoast_head_json":{"title":"Noi restric\u0163ii aprobate de Guvern - MHF Photography","robots":{"index":"index","follow":"follow","max-snippet":"max-snippet:-1","max-image-preview":"max-image-preview:large","max-video-preview":"max-video-preview:-1"},"canonical":"https:\/\/mhf.ro\/mm\/noi-restrictii-aprobate-de-guvern\/","og_locale":"ro_RO","og_type":"article","og_title":"Noi restric\u0163ii aprobate de Guvern - MHF Photography","og_description":"Hot\u00e2r\u00e2rea Comitetului Na\u021bional pentru Situa\u021bii de Urgen\u021b\u0103 a fost aprobat\u0103 de Guvern. Una dintre m\u0103suri este eliminrea pragului de infectare","og_url":"https:\/\/mhf.ro\/mm\/noi-restrictii-aprobate-de-guvern\/","og_site_name":"MHF Photography","article_published_time":"2021-10-03T07:05:31+00:00","og_image":[{"width":680,"height":453,"url":"https:\/\/mhf.ro\/mm\/wp-content\/uploads\/2021\/10\/covid.jpeg","type":"image\/jpeg"}],"author":"Marius Marcu","twitter_card":"summary_large_image","twitter_misc":{"Scris de":"Marius Marcu","Timp estimat pentru citire":"1 minut"},"schema":{"@context":"https:\/\/schema.org","@graph":[{"@type":"Article","@id":"https:\/\/mhf.ro\/mm\/noi-restrictii-aprobate-de-guvern\/#article","isPartOf":{"@id":"https:\/\/mhf.ro\/mm\/noi-restrictii-aprobate-de-guvern\/"},"author":{"name":"Marius Marcu","@id":"https:\/\/mhf.ro\/mm\/#\/schema\/person\/a3bebf7bdb4bf12f698aff73c7e46c21"},"headline":"Noi restric\u0163ii aprobate de Guvern","datePublished":"2021-10-03T07:05:31+00:00","mainEntityOfPage":{"@id":"https:\/\/mhf.ro\/mm\/noi-restrictii-aprobate-de-guvern\/"},"wordCount":276,"commentCount":0,"publisher":{"@id":"https:\/\/mhf.ro\/mm\/#\/schema\/person\/a3bebf7bdb4bf12f698aff73c7e46c21"},"image":{"@id":"https:\/\/mhf.ro\/mm\/noi-restrictii-aprobate-de-guvern\/#primaryimage"},"thumbnailUrl":"https:\/\/mhf.ro\/mm\/wp-content\/uploads\/2021\/10\/covid.jpeg","articleSection":["Diverse"],"inLanguage":"ro-RO","potentialAction":[{"@type":"CommentAction","name":"Comment","target":["https:\/\/mhf.ro\/mm\/noi-restrictii-aprobate-de-guvern\/#respond"]}]},{"@type":"WebPage","@id":"https:\/\/mhf.ro\/mm\/noi-restrictii-aprobate-de-guvern\/","url":"https:\/\/mhf.ro\/mm\/noi-restrictii-aprobate-de-guvern\/","name":"Noi restric\u0163ii aprobate de Guvern - MHF Photography","isPartOf":{"@id":"https:\/\/mhf.ro\/mm\/#website"},"primaryImageOfPage":{"@id":"https:\/\/mhf.ro\/mm\/noi-restrictii-aprobate-de-guvern\/#primaryimage"},"image":{"@id":"https:\/\/mhf.ro\/mm\/noi-restrictii-aprobate-de-guvern\/#primaryimage"},"thumbnailUrl":"https:\/\/mhf.ro\/mm\/wp-content\/uploads\/2021\/10\/covid.jpeg","datePublished":"2021-10-03T07:05:31+00:00","breadcrumb":{"@id":"https:\/\/mhf.ro\/mm\/noi-restrictii-aprobate-de-guvern\/#breadcrumb"},"inLanguage":"ro-RO","potentialAction":[{"@type":"ReadAction","target":["https:\/\/mhf.ro\/mm\/noi-restrictii-aprobate-de-guvern\/"]}]},{"@type":"ImageObject","inLanguage":"ro-RO","@id":"https:\/\/mhf.ro\/mm\/noi-restrictii-aprobate-de-guvern\/#primaryimage","url":"https:\/\/mhf.ro\/mm\/wp-content\/uploads\/2021\/10\/covid.jpeg","contentUrl":"https:\/\/mhf.ro\/mm\/wp-content\/uploads\/2021\/10\/covid.jpeg","width":680,"height":453},{"@type":"BreadcrumbList","@id":"https:\/\/mhf.ro\/mm\/noi-restrictii-aprobate-de-guvern\/#breadcrumb","itemListElement":[{"@type":"ListItem","position":1,"name":"Prima pagin\u0103","item":"https:\/\/mhf.ro\/mm\/"},{"@type":"ListItem","position":2,"name":"Noi restric\u0163ii aprobate de Guvern"}]},{"@type":"WebSite","@id":"https:\/\/mhf.ro\/mm\/#website","url":"https:\/\/mhf.ro\/mm\/","name":"MHF Photography \u2013 Blog de fotografie, natur\u0103 \u0219i tehnic\u0103 divers\u0103","description":"Aventur\u0103 \u00een fiecare cadru.","publisher":{"@id":"https:\/\/mhf.ro\/mm\/#\/schema\/person\/a3bebf7bdb4bf12f698aff73c7e46c21"},"potentialAction":[{"@type":"SearchAction","target":{"@type":"EntryPoint","urlTemplate":"https:\/\/mhf.ro\/mm\/?s={search_term_string}"},"query-input":{"@type":"PropertyValueSpecification","valueRequired":true,"valueName":"search_term_string"}}],"inLanguage":"ro-RO"},{"@type":["Person","Organization"],"@id":"https:\/\/mhf.ro\/mm\/#\/schema\/person\/a3bebf7bdb4bf12f698aff73c7e46c21","name":"Marius Marcu","image":{"@type":"ImageObject","inLanguage":"ro-RO","@id":"https:\/\/mhf.ro\/mm\/#\/schema\/person\/image\/","url":"https:\/\/mhf.ro\/mm\/wp-content\/uploads\/2025\/12\/cropped-logo_mhf_2.png","contentUrl":"https:\/\/mhf.ro\/mm\/wp-content\/uploads\/2025\/12\/cropped-logo_mhf_2.png","width":1096,"height":457,"caption":"Marius Marcu"},"logo":{"@id":"https:\/\/mhf.ro\/mm\/#\/schema\/person\/image\/"},"sameAs":["https:\/\/mhf.ro\/mm"],"url":"https:\/\/mhf.ro\/mm\/author\/mihai\/"}]}},"_links":{"self":[{"href":"https:\/\/mhf.ro\/mm\/wp-json\/wp\/v2\/posts\/5200","targetHints":{"allow":["GET"]}}],"collection":[{"href":"https:\/\/mhf.ro\/mm\/wp-json\/wp\/v2\/posts"}],"about":[{"href":"https:\/\/mhf.ro\/mm\/wp-json\/wp\/v2\/types\/post"}],"author":[{"embeddable":true,"href":"https:\/\/mhf.ro\/mm\/wp-json\/wp\/v2\/users\/1"}],"replies":[{"embeddable":true,"href":"https:\/\/mhf.ro\/mm\/wp-json\/wp\/v2\/comments?post=5200"}],"version-history":[{"count":1,"href":"https:\/\/mhf.ro\/mm\/wp-json\/wp\/v2\/posts\/5200\/revisions"}],"predecessor-version":[{"id":5202,"href":"https:\/\/mhf.ro\/mm\/wp-json\/wp\/v2\/posts\/5200\/revisions\/5202"}],"wp:featuredmedia":[{"embeddable":true,"href":"https:\/\/mhf.ro\/mm\/wp-json\/wp\/v2\/media\/5201"}],"wp:attachment":[{"href":"https:\/\/mhf.ro\/mm\/wp-json\/wp\/v2\/media?parent=5200"}],"wp:term":[{"taxonomy":"category","embeddable":true,"href":"https:\/\/mhf.ro\/mm\/wp-json\/wp\/v2\/categories?post=5200"},{"taxonomy":"post_tag","embeddable":true,"href":"https:\/\/mhf.ro\/mm\/wp-json\/wp\/v2\/tags?post=5200"}],"curies":[{"name":"wp","href":"https:\/\/api.w.org\/{rel}","templated":true}]}}