{"id":5206,"date":"2021-10-06T09:26:04","date_gmt":"2021-10-06T07:26:04","guid":{"rendered":"https:\/\/mhf.ro\/mm\/?p=5206"},"modified":"2021-10-06T09:26:04","modified_gmt":"2021-10-06T07:26:04","slug":"covid-19-romania-cere-asistenta-internationala","status":"publish","type":"post","link":"https:\/\/mhf.ro\/mm\/covid-19-romania-cere-asistenta-internationala\/","title":{"rendered":"Covid-19. Rom\u00e2nia cere asisten\u021b\u0103 interna\u021bional\u0103"},"content":{"rendered":"<p align=\"left\">Rom\u00e2nia este nevoit\u0103 s\u0103 cear\u0103 asiten\u021b\u0103 interna\u021bional\u0103 \u00een condi\u021biile \u00een care spitalele sunt pline de pacien\u021bi\u00a0diagnostica\u021bi cu Covid-19. DE altfel, mar\u021bi, niciun pat ATI nu mai era liber pentru ace\u0219ti pacien\u021bi, \u00een \u021bara noastr\u0103. Astfel,\u00a0<span lang=\"ro-RO\">Comitetul Na\u0163ional pentru Situa\u0163ii de Urgen\u0163\u0103 a aprobat solicitarea de asisten\u0163\u0103 interna\u0163ional\u0103 pentru achizi\u0163ionarea a 12.700 flacoane de 400 mg de Tocilizumabum, medicament folosit \u00een tratarea pacien\u0163ilor cu forme severe de COVID-19,\u00a0\u0219i pentru<\/span>\u00a0<span lang=\"ro-RO\">concentratoare de oxigen.<\/span><\/p>\n<p align=\"left\"><span lang=\"ro-RO\">Pe baza ofertelor primite, Ministerul S\u0103n\u0103t\u0103\u0163ii va \u00eentreprinde demersurile necesare pentru \u00eencheierea contractelor \u015fi achizi\u0163ionarea \u00een cel mai scurt timp posibil a cantit\u0103\u0163ilor necesare de Tocilizumabum,\u00a0potrivit Hot\u0103r\u00e2rii CNSU.<\/span><\/p>\n<p align=\"left\"><span lang=\"ro-RO\">\u00cen ultimele 24 de ore au fost \u00eenregistrate 15.037 de cazuri noi de persoane infectate cu SARS \u2013 CoV \u2013 2.<\/span><\/p>\n<p>\u00a0\u00cen intervalul 04.10.2021 (10:00) \u2013 05.10.2021 (10:00) au fost raportate de c\u0103tre INSP 252 de decese (118 b\u0103rba\u021bi \u0219i 134 femei).<\/p>\n<p>\u00cen unit\u0103\u021bile sanitare de profil, num\u0103rul total de persoane internate cu COVID-19 este de 14.402. Dintre acestea, 1.480 sunt internate la ATI.<br \/>\nDin totalul pacien\u021bilor interna\u021bi, 407 sunt minori, 385 fiind interna\u021bi \u00een sec\u021bii \u0219i 22 la ATI. (conf. Jurnalist.ro)<\/p>\n","protected":false},"excerpt":{"rendered":"<p>Rom\u00e2nia este nevoit\u0103 s\u0103 cear\u0103 asiten\u021b\u0103 interna\u021bional\u0103 \u00een condi\u021biile \u00een care spitalele sunt pline de pacien\u021bi\u00a0diagnostica\u021bi cu Covid-19. DE altfel,<\/p>\n","protected":false},"author":1,"featured_media":5207,"comment_status":"open","ping_status":"open","sticky":false,"template":"","format":"standard","meta":{"colormag_page_container_layout":"default_layout","colormag_page_sidebar_layout":"default_layout","footnotes":""},"categories":[5],"tags":[],"class_list":["post-5206","post","type-post","status-publish","format-standard","has-post-thumbnail","hentry","category-locale"],"yoast_head":"<!-- This site is optimized with the Yoast SEO plugin v27.0 - https:\/\/yoast.com\/product\/yoast-seo-wordpress\/ -->\n<title>Covid-19. Rom\u00e2nia cere asisten\u021b\u0103 interna\u021bional\u0103 - MHF Photography<\/title>\n<meta name=\"robots\" content=\"index, follow, max-snippet:-1, max-image-preview:large, max-video-preview:-1\" \/>\n<link rel=\"canonical\" href=\"https:\/\/mhf.ro\/mm\/covid-19-romania-cere-asistenta-internationala\/\" \/>\n<meta property=\"og:locale\" content=\"ro_RO\" \/>\n<meta property=\"og:type\" content=\"article\" \/>\n<meta property=\"og:title\" content=\"Covid-19. Rom\u00e2nia cere asisten\u021b\u0103 interna\u021bional\u0103 - MHF Photography\" \/>\n<meta property=\"og:description\" content=\"Rom\u00e2nia este nevoit\u0103 s\u0103 cear\u0103 asiten\u021b\u0103 interna\u021bional\u0103 \u00een condi\u021biile \u00een care spitalele sunt pline de pacien\u021bi\u00a0diagnostica\u021bi cu Covid-19. DE altfel,\" \/>\n<meta property=\"og:url\" content=\"https:\/\/mhf.ro\/mm\/covid-19-romania-cere-asistenta-internationala\/\" \/>\n<meta property=\"og:site_name\" content=\"MHF Photography\" \/>\n<meta property=\"article:published_time\" content=\"2021-10-06T07:26:04+00:00\" \/>\n<meta property=\"og:image\" content=\"https:\/\/mhf.ro\/mm\/wp-content\/uploads\/2021\/10\/spital.jpg\" \/>\n\t<meta property=\"og:image:width\" content=\"1280\" \/>\n\t<meta property=\"og:image:height\" content=\"923\" \/>\n\t<meta property=\"og:image:type\" content=\"image\/jpeg\" \/>\n<meta name=\"author\" content=\"Marius Marcu\" \/>\n<meta name=\"twitter:card\" content=\"summary_large_image\" \/>\n<meta name=\"twitter:label1\" content=\"Scris de\" \/>\n\t<meta name=\"twitter:data1\" content=\"Marius Marcu\" \/>\n\t<meta name=\"twitter:label2\" content=\"Timp estimat pentru citire\" \/>\n\t<meta name=\"twitter:data2\" content=\"1 minut\" \/>\n<script type=\"application\/ld+json\" class=\"yoast-schema-graph\">{\"@context\":\"https:\/\/schema.org\",\"@graph\":[{\"@type\":\"Article\",\"@id\":\"https:\/\/mhf.ro\/mm\/covid-19-romania-cere-asistenta-internationala\/#article\",\"isPartOf\":{\"@id\":\"https:\/\/mhf.ro\/mm\/covid-19-romania-cere-asistenta-internationala\/\"},\"author\":{\"name\":\"Marius Marcu\",\"@id\":\"https:\/\/mhf.ro\/mm\/#\/schema\/person\/a3bebf7bdb4bf12f698aff73c7e46c21\"},\"headline\":\"Covid-19. Rom\u00e2nia cere asisten\u021b\u0103 interna\u021bional\u0103\",\"datePublished\":\"2021-10-06T07:26:04+00:00\",\"mainEntityOfPage\":{\"@id\":\"https:\/\/mhf.ro\/mm\/covid-19-romania-cere-asistenta-internationala\/\"},\"wordCount\":201,\"commentCount\":0,\"publisher\":{\"@id\":\"https:\/\/mhf.ro\/mm\/#\/schema\/person\/a3bebf7bdb4bf12f698aff73c7e46c21\"},\"image\":{\"@id\":\"https:\/\/mhf.ro\/mm\/covid-19-romania-cere-asistenta-internationala\/#primaryimage\"},\"thumbnailUrl\":\"https:\/\/mhf.ro\/mm\/wp-content\/uploads\/2021\/10\/spital.jpg\",\"articleSection\":[\"Locale\"],\"inLanguage\":\"ro-RO\",\"potentialAction\":[{\"@type\":\"CommentAction\",\"name\":\"Comment\",\"target\":[\"https:\/\/mhf.ro\/mm\/covid-19-romania-cere-asistenta-internationala\/#respond\"]}]},{\"@type\":\"WebPage\",\"@id\":\"https:\/\/mhf.ro\/mm\/covid-19-romania-cere-asistenta-internationala\/\",\"url\":\"https:\/\/mhf.ro\/mm\/covid-19-romania-cere-asistenta-internationala\/\",\"name\":\"Covid-19. Rom\u00e2nia cere asisten\u021b\u0103 interna\u021bional\u0103 - MHF Photography\",\"isPartOf\":{\"@id\":\"https:\/\/mhf.ro\/mm\/#website\"},\"primaryImageOfPage\":{\"@id\":\"https:\/\/mhf.ro\/mm\/covid-19-romania-cere-asistenta-internationala\/#primaryimage\"},\"image\":{\"@id\":\"https:\/\/mhf.ro\/mm\/covid-19-romania-cere-asistenta-internationala\/#primaryimage\"},\"thumbnailUrl\":\"https:\/\/mhf.ro\/mm\/wp-content\/uploads\/2021\/10\/spital.jpg\",\"datePublished\":\"2021-10-06T07:26:04+00:00\",\"breadcrumb\":{\"@id\":\"https:\/\/mhf.ro\/mm\/covid-19-romania-cere-asistenta-internationala\/#breadcrumb\"},\"inLanguage\":\"ro-RO\",\"potentialAction\":[{\"@type\":\"ReadAction\",\"target\":[\"https:\/\/mhf.ro\/mm\/covid-19-romania-cere-asistenta-internationala\/\"]}]},{\"@type\":\"ImageObject\",\"inLanguage\":\"ro-RO\",\"@id\":\"https:\/\/mhf.ro\/mm\/covid-19-romania-cere-asistenta-internationala\/#primaryimage\",\"url\":\"https:\/\/mhf.ro\/mm\/wp-content\/uploads\/2021\/10\/spital.jpg\",\"contentUrl\":\"https:\/\/mhf.ro\/mm\/wp-content\/uploads\/2021\/10\/spital.jpg\",\"width\":1280,\"height\":923},{\"@type\":\"BreadcrumbList\",\"@id\":\"https:\/\/mhf.ro\/mm\/covid-19-romania-cere-asistenta-internationala\/#breadcrumb\",\"itemListElement\":[{\"@type\":\"ListItem\",\"position\":1,\"name\":\"Prima pagin\u0103\",\"item\":\"https:\/\/mhf.ro\/mm\/\"},{\"@type\":\"ListItem\",\"position\":2,\"name\":\"Covid-19. Rom\u00e2nia cere asisten\u021b\u0103 interna\u021bional\u0103\"}]},{\"@type\":\"WebSite\",\"@id\":\"https:\/\/mhf.ro\/mm\/#website\",\"url\":\"https:\/\/mhf.ro\/mm\/\",\"name\":\"MHF Photography \u2013 Blog de fotografie, natur\u0103 \u0219i tehnic\u0103 divers\u0103\",\"description\":\"Aventur\u0103 \u00een fiecare cadru.\",\"publisher\":{\"@id\":\"https:\/\/mhf.ro\/mm\/#\/schema\/person\/a3bebf7bdb4bf12f698aff73c7e46c21\"},\"potentialAction\":[{\"@type\":\"SearchAction\",\"target\":{\"@type\":\"EntryPoint\",\"urlTemplate\":\"https:\/\/mhf.ro\/mm\/?s={search_term_string}\"},\"query-input\":{\"@type\":\"PropertyValueSpecification\",\"valueRequired\":true,\"valueName\":\"search_term_string\"}}],\"inLanguage\":\"ro-RO\"},{\"@type\":[\"Person\",\"Organization\"],\"@id\":\"https:\/\/mhf.ro\/mm\/#\/schema\/person\/a3bebf7bdb4bf12f698aff73c7e46c21\",\"name\":\"Marius Marcu\",\"image\":{\"@type\":\"ImageObject\",\"inLanguage\":\"ro-RO\",\"@id\":\"https:\/\/mhf.ro\/mm\/#\/schema\/person\/image\/\",\"url\":\"https:\/\/mhf.ro\/mm\/wp-content\/uploads\/2025\/12\/cropped-logo_mhf_2.png\",\"contentUrl\":\"https:\/\/mhf.ro\/mm\/wp-content\/uploads\/2025\/12\/cropped-logo_mhf_2.png\",\"width\":1096,\"height\":457,\"caption\":\"Marius Marcu\"},\"logo\":{\"@id\":\"https:\/\/mhf.ro\/mm\/#\/schema\/person\/image\/\"},\"sameAs\":[\"https:\/\/mhf.ro\/mm\"],\"url\":\"https:\/\/mhf.ro\/mm\/author\/mihai\/\"}]}<\/script>\n<!-- \/ Yoast SEO plugin. -->","yoast_head_json":{"title":"Covid-19. Rom\u00e2nia cere asisten\u021b\u0103 interna\u021bional\u0103 - MHF Photography","robots":{"index":"index","follow":"follow","max-snippet":"max-snippet:-1","max-image-preview":"max-image-preview:large","max-video-preview":"max-video-preview:-1"},"canonical":"https:\/\/mhf.ro\/mm\/covid-19-romania-cere-asistenta-internationala\/","og_locale":"ro_RO","og_type":"article","og_title":"Covid-19. Rom\u00e2nia cere asisten\u021b\u0103 interna\u021bional\u0103 - MHF Photography","og_description":"Rom\u00e2nia este nevoit\u0103 s\u0103 cear\u0103 asiten\u021b\u0103 interna\u021bional\u0103 \u00een condi\u021biile \u00een care spitalele sunt pline de pacien\u021bi\u00a0diagnostica\u021bi cu Covid-19. DE altfel,","og_url":"https:\/\/mhf.ro\/mm\/covid-19-romania-cere-asistenta-internationala\/","og_site_name":"MHF Photography","article_published_time":"2021-10-06T07:26:04+00:00","og_image":[{"width":1280,"height":923,"url":"https:\/\/mhf.ro\/mm\/wp-content\/uploads\/2021\/10\/spital.jpg","type":"image\/jpeg"}],"author":"Marius Marcu","twitter_card":"summary_large_image","twitter_misc":{"Scris de":"Marius Marcu","Timp estimat pentru citire":"1 minut"},"schema":{"@context":"https:\/\/schema.org","@graph":[{"@type":"Article","@id":"https:\/\/mhf.ro\/mm\/covid-19-romania-cere-asistenta-internationala\/#article","isPartOf":{"@id":"https:\/\/mhf.ro\/mm\/covid-19-romania-cere-asistenta-internationala\/"},"author":{"name":"Marius Marcu","@id":"https:\/\/mhf.ro\/mm\/#\/schema\/person\/a3bebf7bdb4bf12f698aff73c7e46c21"},"headline":"Covid-19. Rom\u00e2nia cere asisten\u021b\u0103 interna\u021bional\u0103","datePublished":"2021-10-06T07:26:04+00:00","mainEntityOfPage":{"@id":"https:\/\/mhf.ro\/mm\/covid-19-romania-cere-asistenta-internationala\/"},"wordCount":201,"commentCount":0,"publisher":{"@id":"https:\/\/mhf.ro\/mm\/#\/schema\/person\/a3bebf7bdb4bf12f698aff73c7e46c21"},"image":{"@id":"https:\/\/mhf.ro\/mm\/covid-19-romania-cere-asistenta-internationala\/#primaryimage"},"thumbnailUrl":"https:\/\/mhf.ro\/mm\/wp-content\/uploads\/2021\/10\/spital.jpg","articleSection":["Locale"],"inLanguage":"ro-RO","potentialAction":[{"@type":"CommentAction","name":"Comment","target":["https:\/\/mhf.ro\/mm\/covid-19-romania-cere-asistenta-internationala\/#respond"]}]},{"@type":"WebPage","@id":"https:\/\/mhf.ro\/mm\/covid-19-romania-cere-asistenta-internationala\/","url":"https:\/\/mhf.ro\/mm\/covid-19-romania-cere-asistenta-internationala\/","name":"Covid-19. Rom\u00e2nia cere asisten\u021b\u0103 interna\u021bional\u0103 - MHF Photography","isPartOf":{"@id":"https:\/\/mhf.ro\/mm\/#website"},"primaryImageOfPage":{"@id":"https:\/\/mhf.ro\/mm\/covid-19-romania-cere-asistenta-internationala\/#primaryimage"},"image":{"@id":"https:\/\/mhf.ro\/mm\/covid-19-romania-cere-asistenta-internationala\/#primaryimage"},"thumbnailUrl":"https:\/\/mhf.ro\/mm\/wp-content\/uploads\/2021\/10\/spital.jpg","datePublished":"2021-10-06T07:26:04+00:00","breadcrumb":{"@id":"https:\/\/mhf.ro\/mm\/covid-19-romania-cere-asistenta-internationala\/#breadcrumb"},"inLanguage":"ro-RO","potentialAction":[{"@type":"ReadAction","target":["https:\/\/mhf.ro\/mm\/covid-19-romania-cere-asistenta-internationala\/"]}]},{"@type":"ImageObject","inLanguage":"ro-RO","@id":"https:\/\/mhf.ro\/mm\/covid-19-romania-cere-asistenta-internationala\/#primaryimage","url":"https:\/\/mhf.ro\/mm\/wp-content\/uploads\/2021\/10\/spital.jpg","contentUrl":"https:\/\/mhf.ro\/mm\/wp-content\/uploads\/2021\/10\/spital.jpg","width":1280,"height":923},{"@type":"BreadcrumbList","@id":"https:\/\/mhf.ro\/mm\/covid-19-romania-cere-asistenta-internationala\/#breadcrumb","itemListElement":[{"@type":"ListItem","position":1,"name":"Prima pagin\u0103","item":"https:\/\/mhf.ro\/mm\/"},{"@type":"ListItem","position":2,"name":"Covid-19. Rom\u00e2nia cere asisten\u021b\u0103 interna\u021bional\u0103"}]},{"@type":"WebSite","@id":"https:\/\/mhf.ro\/mm\/#website","url":"https:\/\/mhf.ro\/mm\/","name":"MHF Photography \u2013 Blog de fotografie, natur\u0103 \u0219i tehnic\u0103 divers\u0103","description":"Aventur\u0103 \u00een fiecare cadru.","publisher":{"@id":"https:\/\/mhf.ro\/mm\/#\/schema\/person\/a3bebf7bdb4bf12f698aff73c7e46c21"},"potentialAction":[{"@type":"SearchAction","target":{"@type":"EntryPoint","urlTemplate":"https:\/\/mhf.ro\/mm\/?s={search_term_string}"},"query-input":{"@type":"PropertyValueSpecification","valueRequired":true,"valueName":"search_term_string"}}],"inLanguage":"ro-RO"},{"@type":["Person","Organization"],"@id":"https:\/\/mhf.ro\/mm\/#\/schema\/person\/a3bebf7bdb4bf12f698aff73c7e46c21","name":"Marius Marcu","image":{"@type":"ImageObject","inLanguage":"ro-RO","@id":"https:\/\/mhf.ro\/mm\/#\/schema\/person\/image\/","url":"https:\/\/mhf.ro\/mm\/wp-content\/uploads\/2025\/12\/cropped-logo_mhf_2.png","contentUrl":"https:\/\/mhf.ro\/mm\/wp-content\/uploads\/2025\/12\/cropped-logo_mhf_2.png","width":1096,"height":457,"caption":"Marius Marcu"},"logo":{"@id":"https:\/\/mhf.ro\/mm\/#\/schema\/person\/image\/"},"sameAs":["https:\/\/mhf.ro\/mm"],"url":"https:\/\/mhf.ro\/mm\/author\/mihai\/"}]}},"_links":{"self":[{"href":"https:\/\/mhf.ro\/mm\/wp-json\/wp\/v2\/posts\/5206","targetHints":{"allow":["GET"]}}],"collection":[{"href":"https:\/\/mhf.ro\/mm\/wp-json\/wp\/v2\/posts"}],"about":[{"href":"https:\/\/mhf.ro\/mm\/wp-json\/wp\/v2\/types\/post"}],"author":[{"embeddable":true,"href":"https:\/\/mhf.ro\/mm\/wp-json\/wp\/v2\/users\/1"}],"replies":[{"embeddable":true,"href":"https:\/\/mhf.ro\/mm\/wp-json\/wp\/v2\/comments?post=5206"}],"version-history":[{"count":1,"href":"https:\/\/mhf.ro\/mm\/wp-json\/wp\/v2\/posts\/5206\/revisions"}],"predecessor-version":[{"id":5208,"href":"https:\/\/mhf.ro\/mm\/wp-json\/wp\/v2\/posts\/5206\/revisions\/5208"}],"wp:featuredmedia":[{"embeddable":true,"href":"https:\/\/mhf.ro\/mm\/wp-json\/wp\/v2\/media\/5207"}],"wp:attachment":[{"href":"https:\/\/mhf.ro\/mm\/wp-json\/wp\/v2\/media?parent=5206"}],"wp:term":[{"taxonomy":"category","embeddable":true,"href":"https:\/\/mhf.ro\/mm\/wp-json\/wp\/v2\/categories?post=5206"},{"taxonomy":"post_tag","embeddable":true,"href":"https:\/\/mhf.ro\/mm\/wp-json\/wp\/v2\/tags?post=5206"}],"curies":[{"name":"wp","href":"https:\/\/api.w.org\/{rel}","templated":true}]}}