{"id":5214,"date":"2021-10-07T13:15:10","date_gmt":"2021-10-07T11:15:10","guid":{"rendered":"https:\/\/mhf.ro\/mm\/?p=5214"},"modified":"2021-10-07T13:15:10","modified_gmt":"2021-10-07T11:15:10","slug":"775-dintre-elevi-nu-vor-sa-se-vaccineze-anti-covid","status":"publish","type":"post","link":"https:\/\/mhf.ro\/mm\/775-dintre-elevi-nu-vor-sa-se-vaccineze-anti-covid\/","title":{"rendered":"77,5% dintre elevi nu vor s\u0103 se vaccineze anti-Covid"},"content":{"rendered":"<p>Ministrul Educa\u0163iei, Sorin C\u00eempeanu, a anun\u0163at, miercuri, c\u0103, dup\u0103 centralizarea a 290.000 de chestionare completate de p\u0103rin\u0163ii elevilor care ar putea fi vaccina\u0163i, 77,5% dintre ace\u015ftia au r\u0103spuns cu \u201dNu\u201d.<\/p>\n<p>\u201dEste o realitatea trist\u0103\u201d, a transmis ministrul.<\/p>\n<p>\u201dAvem circa 22.000 de r\u0103spunsuri cu Da din partea elevilor, r\u0103spunsuri completate de p\u0103rin\u0163i, 44.000 de indeci\u015fi, \u015fi 244.000 de r\u0103spunsuri cu Nu. Aceasta este realitatea, pe care am preferat s\u0103 o comunic c\u00e2t se poate de transparent, de\u015fi este o realitate trist\u0103\u201d, a anun\u0163at Sorin C\u00eempeanu.<\/p>\n<div>C\u00eempeanu a precizat c\u0103 datele celor 22.000 de elevi care \u0219i-au exprimat inten\u021bia de vaccinare vor fi transmise Comitetului de coordonare a vaccin\u0103rii, pentru a fi organizate echipe mobile care s\u0103 mearg\u0103 \u00een \u0219coli \u0219i s\u0103 \u00eei vaccineze pe copii.(conf. Jurnalist.ro)<\/div>\n","protected":false},"excerpt":{"rendered":"<p>Ministrul Educa\u0163iei, Sorin C\u00eempeanu, a anun\u0163at, miercuri, c\u0103, dup\u0103 centralizarea a 290.000 de chestionare completate de p\u0103rin\u0163ii elevilor care ar<\/p>\n","protected":false},"author":1,"featured_media":5215,"comment_status":"open","ping_status":"open","sticky":false,"template":"","format":"standard","meta":{"colormag_page_container_layout":"default_layout","colormag_page_sidebar_layout":"default_layout","footnotes":""},"categories":[5],"tags":[],"class_list":["post-5214","post","type-post","status-publish","format-standard","has-post-thumbnail","hentry","category-locale"],"yoast_head":"<!-- This site is optimized with the Yoast SEO plugin v27.0 - https:\/\/yoast.com\/product\/yoast-seo-wordpress\/ -->\n<title>77,5% dintre elevi nu vor s\u0103 se vaccineze anti-Covid - MHF Photography<\/title>\n<meta name=\"robots\" content=\"index, follow, max-snippet:-1, max-image-preview:large, max-video-preview:-1\" \/>\n<link rel=\"canonical\" href=\"https:\/\/mhf.ro\/mm\/775-dintre-elevi-nu-vor-sa-se-vaccineze-anti-covid\/\" \/>\n<meta property=\"og:locale\" content=\"ro_RO\" \/>\n<meta property=\"og:type\" content=\"article\" \/>\n<meta property=\"og:title\" content=\"77,5% dintre elevi nu vor s\u0103 se vaccineze anti-Covid - MHF Photography\" \/>\n<meta property=\"og:description\" content=\"Ministrul Educa\u0163iei, Sorin C\u00eempeanu, a anun\u0163at, miercuri, c\u0103, dup\u0103 centralizarea a 290.000 de chestionare completate de p\u0103rin\u0163ii elevilor care ar\" \/>\n<meta property=\"og:url\" content=\"https:\/\/mhf.ro\/mm\/775-dintre-elevi-nu-vor-sa-se-vaccineze-anti-covid\/\" \/>\n<meta property=\"og:site_name\" content=\"MHF Photography\" \/>\n<meta property=\"article:published_time\" content=\"2021-10-07T11:15:10+00:00\" \/>\n<meta property=\"og:image\" content=\"https:\/\/mhf.ro\/mm\/wp-content\/uploads\/2021\/10\/elevi.jpg\" \/>\n\t<meta property=\"og:image:width\" content=\"1000\" \/>\n\t<meta property=\"og:image:height\" content=\"564\" \/>\n\t<meta property=\"og:image:type\" content=\"image\/jpeg\" \/>\n<meta name=\"author\" content=\"Marius Marcu\" \/>\n<meta name=\"twitter:card\" content=\"summary_large_image\" \/>\n<meta name=\"twitter:label1\" content=\"Scris de\" \/>\n\t<meta name=\"twitter:data1\" content=\"Marius Marcu\" \/>\n\t<meta name=\"twitter:label2\" content=\"Timp estimat pentru citire\" \/>\n\t<meta name=\"twitter:data2\" content=\"1 minut\" \/>\n<script type=\"application\/ld+json\" class=\"yoast-schema-graph\">{\"@context\":\"https:\/\/schema.org\",\"@graph\":[{\"@type\":\"Article\",\"@id\":\"https:\/\/mhf.ro\/mm\/775-dintre-elevi-nu-vor-sa-se-vaccineze-anti-covid\/#article\",\"isPartOf\":{\"@id\":\"https:\/\/mhf.ro\/mm\/775-dintre-elevi-nu-vor-sa-se-vaccineze-anti-covid\/\"},\"author\":{\"name\":\"Marius Marcu\",\"@id\":\"https:\/\/mhf.ro\/mm\/#\/schema\/person\/a3bebf7bdb4bf12f698aff73c7e46c21\"},\"headline\":\"77,5% dintre elevi nu vor s\u0103 se vaccineze anti-Covid\",\"datePublished\":\"2021-10-07T11:15:10+00:00\",\"mainEntityOfPage\":{\"@id\":\"https:\/\/mhf.ro\/mm\/775-dintre-elevi-nu-vor-sa-se-vaccineze-anti-covid\/\"},\"wordCount\":150,\"commentCount\":0,\"publisher\":{\"@id\":\"https:\/\/mhf.ro\/mm\/#\/schema\/person\/a3bebf7bdb4bf12f698aff73c7e46c21\"},\"image\":{\"@id\":\"https:\/\/mhf.ro\/mm\/775-dintre-elevi-nu-vor-sa-se-vaccineze-anti-covid\/#primaryimage\"},\"thumbnailUrl\":\"https:\/\/mhf.ro\/mm\/wp-content\/uploads\/2021\/10\/elevi.jpg\",\"articleSection\":[\"Locale\"],\"inLanguage\":\"ro-RO\",\"potentialAction\":[{\"@type\":\"CommentAction\",\"name\":\"Comment\",\"target\":[\"https:\/\/mhf.ro\/mm\/775-dintre-elevi-nu-vor-sa-se-vaccineze-anti-covid\/#respond\"]}]},{\"@type\":\"WebPage\",\"@id\":\"https:\/\/mhf.ro\/mm\/775-dintre-elevi-nu-vor-sa-se-vaccineze-anti-covid\/\",\"url\":\"https:\/\/mhf.ro\/mm\/775-dintre-elevi-nu-vor-sa-se-vaccineze-anti-covid\/\",\"name\":\"77,5% dintre elevi nu vor s\u0103 se vaccineze anti-Covid - MHF Photography\",\"isPartOf\":{\"@id\":\"https:\/\/mhf.ro\/mm\/#website\"},\"primaryImageOfPage\":{\"@id\":\"https:\/\/mhf.ro\/mm\/775-dintre-elevi-nu-vor-sa-se-vaccineze-anti-covid\/#primaryimage\"},\"image\":{\"@id\":\"https:\/\/mhf.ro\/mm\/775-dintre-elevi-nu-vor-sa-se-vaccineze-anti-covid\/#primaryimage\"},\"thumbnailUrl\":\"https:\/\/mhf.ro\/mm\/wp-content\/uploads\/2021\/10\/elevi.jpg\",\"datePublished\":\"2021-10-07T11:15:10+00:00\",\"breadcrumb\":{\"@id\":\"https:\/\/mhf.ro\/mm\/775-dintre-elevi-nu-vor-sa-se-vaccineze-anti-covid\/#breadcrumb\"},\"inLanguage\":\"ro-RO\",\"potentialAction\":[{\"@type\":\"ReadAction\",\"target\":[\"https:\/\/mhf.ro\/mm\/775-dintre-elevi-nu-vor-sa-se-vaccineze-anti-covid\/\"]}]},{\"@type\":\"ImageObject\",\"inLanguage\":\"ro-RO\",\"@id\":\"https:\/\/mhf.ro\/mm\/775-dintre-elevi-nu-vor-sa-se-vaccineze-anti-covid\/#primaryimage\",\"url\":\"https:\/\/mhf.ro\/mm\/wp-content\/uploads\/2021\/10\/elevi.jpg\",\"contentUrl\":\"https:\/\/mhf.ro\/mm\/wp-content\/uploads\/2021\/10\/elevi.jpg\",\"width\":1000,\"height\":564},{\"@type\":\"BreadcrumbList\",\"@id\":\"https:\/\/mhf.ro\/mm\/775-dintre-elevi-nu-vor-sa-se-vaccineze-anti-covid\/#breadcrumb\",\"itemListElement\":[{\"@type\":\"ListItem\",\"position\":1,\"name\":\"Prima pagin\u0103\",\"item\":\"https:\/\/mhf.ro\/mm\/\"},{\"@type\":\"ListItem\",\"position\":2,\"name\":\"77,5% dintre elevi nu vor s\u0103 se vaccineze anti-Covid\"}]},{\"@type\":\"WebSite\",\"@id\":\"https:\/\/mhf.ro\/mm\/#website\",\"url\":\"https:\/\/mhf.ro\/mm\/\",\"name\":\"MHF Photography \u2013 Blog de fotografie, natur\u0103 \u0219i tehnic\u0103 divers\u0103\",\"description\":\"Aventur\u0103 \u00een fiecare cadru.\",\"publisher\":{\"@id\":\"https:\/\/mhf.ro\/mm\/#\/schema\/person\/a3bebf7bdb4bf12f698aff73c7e46c21\"},\"potentialAction\":[{\"@type\":\"SearchAction\",\"target\":{\"@type\":\"EntryPoint\",\"urlTemplate\":\"https:\/\/mhf.ro\/mm\/?s={search_term_string}\"},\"query-input\":{\"@type\":\"PropertyValueSpecification\",\"valueRequired\":true,\"valueName\":\"search_term_string\"}}],\"inLanguage\":\"ro-RO\"},{\"@type\":[\"Person\",\"Organization\"],\"@id\":\"https:\/\/mhf.ro\/mm\/#\/schema\/person\/a3bebf7bdb4bf12f698aff73c7e46c21\",\"name\":\"Marius Marcu\",\"image\":{\"@type\":\"ImageObject\",\"inLanguage\":\"ro-RO\",\"@id\":\"https:\/\/mhf.ro\/mm\/#\/schema\/person\/image\/\",\"url\":\"https:\/\/mhf.ro\/mm\/wp-content\/uploads\/2025\/12\/cropped-logo_mhf_2.png\",\"contentUrl\":\"https:\/\/mhf.ro\/mm\/wp-content\/uploads\/2025\/12\/cropped-logo_mhf_2.png\",\"width\":1096,\"height\":457,\"caption\":\"Marius Marcu\"},\"logo\":{\"@id\":\"https:\/\/mhf.ro\/mm\/#\/schema\/person\/image\/\"},\"sameAs\":[\"https:\/\/mhf.ro\/mm\"],\"url\":\"https:\/\/mhf.ro\/mm\/author\/mihai\/\"}]}<\/script>\n<!-- \/ Yoast SEO plugin. -->","yoast_head_json":{"title":"77,5% dintre elevi nu vor s\u0103 se vaccineze anti-Covid - MHF Photography","robots":{"index":"index","follow":"follow","max-snippet":"max-snippet:-1","max-image-preview":"max-image-preview:large","max-video-preview":"max-video-preview:-1"},"canonical":"https:\/\/mhf.ro\/mm\/775-dintre-elevi-nu-vor-sa-se-vaccineze-anti-covid\/","og_locale":"ro_RO","og_type":"article","og_title":"77,5% dintre elevi nu vor s\u0103 se vaccineze anti-Covid - MHF Photography","og_description":"Ministrul Educa\u0163iei, Sorin C\u00eempeanu, a anun\u0163at, miercuri, c\u0103, dup\u0103 centralizarea a 290.000 de chestionare completate de p\u0103rin\u0163ii elevilor care ar","og_url":"https:\/\/mhf.ro\/mm\/775-dintre-elevi-nu-vor-sa-se-vaccineze-anti-covid\/","og_site_name":"MHF Photography","article_published_time":"2021-10-07T11:15:10+00:00","og_image":[{"width":1000,"height":564,"url":"https:\/\/mhf.ro\/mm\/wp-content\/uploads\/2021\/10\/elevi.jpg","type":"image\/jpeg"}],"author":"Marius Marcu","twitter_card":"summary_large_image","twitter_misc":{"Scris de":"Marius Marcu","Timp estimat pentru citire":"1 minut"},"schema":{"@context":"https:\/\/schema.org","@graph":[{"@type":"Article","@id":"https:\/\/mhf.ro\/mm\/775-dintre-elevi-nu-vor-sa-se-vaccineze-anti-covid\/#article","isPartOf":{"@id":"https:\/\/mhf.ro\/mm\/775-dintre-elevi-nu-vor-sa-se-vaccineze-anti-covid\/"},"author":{"name":"Marius Marcu","@id":"https:\/\/mhf.ro\/mm\/#\/schema\/person\/a3bebf7bdb4bf12f698aff73c7e46c21"},"headline":"77,5% dintre elevi nu vor s\u0103 se vaccineze anti-Covid","datePublished":"2021-10-07T11:15:10+00:00","mainEntityOfPage":{"@id":"https:\/\/mhf.ro\/mm\/775-dintre-elevi-nu-vor-sa-se-vaccineze-anti-covid\/"},"wordCount":150,"commentCount":0,"publisher":{"@id":"https:\/\/mhf.ro\/mm\/#\/schema\/person\/a3bebf7bdb4bf12f698aff73c7e46c21"},"image":{"@id":"https:\/\/mhf.ro\/mm\/775-dintre-elevi-nu-vor-sa-se-vaccineze-anti-covid\/#primaryimage"},"thumbnailUrl":"https:\/\/mhf.ro\/mm\/wp-content\/uploads\/2021\/10\/elevi.jpg","articleSection":["Locale"],"inLanguage":"ro-RO","potentialAction":[{"@type":"CommentAction","name":"Comment","target":["https:\/\/mhf.ro\/mm\/775-dintre-elevi-nu-vor-sa-se-vaccineze-anti-covid\/#respond"]}]},{"@type":"WebPage","@id":"https:\/\/mhf.ro\/mm\/775-dintre-elevi-nu-vor-sa-se-vaccineze-anti-covid\/","url":"https:\/\/mhf.ro\/mm\/775-dintre-elevi-nu-vor-sa-se-vaccineze-anti-covid\/","name":"77,5% dintre elevi nu vor s\u0103 se vaccineze anti-Covid - MHF Photography","isPartOf":{"@id":"https:\/\/mhf.ro\/mm\/#website"},"primaryImageOfPage":{"@id":"https:\/\/mhf.ro\/mm\/775-dintre-elevi-nu-vor-sa-se-vaccineze-anti-covid\/#primaryimage"},"image":{"@id":"https:\/\/mhf.ro\/mm\/775-dintre-elevi-nu-vor-sa-se-vaccineze-anti-covid\/#primaryimage"},"thumbnailUrl":"https:\/\/mhf.ro\/mm\/wp-content\/uploads\/2021\/10\/elevi.jpg","datePublished":"2021-10-07T11:15:10+00:00","breadcrumb":{"@id":"https:\/\/mhf.ro\/mm\/775-dintre-elevi-nu-vor-sa-se-vaccineze-anti-covid\/#breadcrumb"},"inLanguage":"ro-RO","potentialAction":[{"@type":"ReadAction","target":["https:\/\/mhf.ro\/mm\/775-dintre-elevi-nu-vor-sa-se-vaccineze-anti-covid\/"]}]},{"@type":"ImageObject","inLanguage":"ro-RO","@id":"https:\/\/mhf.ro\/mm\/775-dintre-elevi-nu-vor-sa-se-vaccineze-anti-covid\/#primaryimage","url":"https:\/\/mhf.ro\/mm\/wp-content\/uploads\/2021\/10\/elevi.jpg","contentUrl":"https:\/\/mhf.ro\/mm\/wp-content\/uploads\/2021\/10\/elevi.jpg","width":1000,"height":564},{"@type":"BreadcrumbList","@id":"https:\/\/mhf.ro\/mm\/775-dintre-elevi-nu-vor-sa-se-vaccineze-anti-covid\/#breadcrumb","itemListElement":[{"@type":"ListItem","position":1,"name":"Prima pagin\u0103","item":"https:\/\/mhf.ro\/mm\/"},{"@type":"ListItem","position":2,"name":"77,5% dintre elevi nu vor s\u0103 se vaccineze anti-Covid"}]},{"@type":"WebSite","@id":"https:\/\/mhf.ro\/mm\/#website","url":"https:\/\/mhf.ro\/mm\/","name":"MHF Photography \u2013 Blog de fotografie, natur\u0103 \u0219i tehnic\u0103 divers\u0103","description":"Aventur\u0103 \u00een fiecare cadru.","publisher":{"@id":"https:\/\/mhf.ro\/mm\/#\/schema\/person\/a3bebf7bdb4bf12f698aff73c7e46c21"},"potentialAction":[{"@type":"SearchAction","target":{"@type":"EntryPoint","urlTemplate":"https:\/\/mhf.ro\/mm\/?s={search_term_string}"},"query-input":{"@type":"PropertyValueSpecification","valueRequired":true,"valueName":"search_term_string"}}],"inLanguage":"ro-RO"},{"@type":["Person","Organization"],"@id":"https:\/\/mhf.ro\/mm\/#\/schema\/person\/a3bebf7bdb4bf12f698aff73c7e46c21","name":"Marius Marcu","image":{"@type":"ImageObject","inLanguage":"ro-RO","@id":"https:\/\/mhf.ro\/mm\/#\/schema\/person\/image\/","url":"https:\/\/mhf.ro\/mm\/wp-content\/uploads\/2025\/12\/cropped-logo_mhf_2.png","contentUrl":"https:\/\/mhf.ro\/mm\/wp-content\/uploads\/2025\/12\/cropped-logo_mhf_2.png","width":1096,"height":457,"caption":"Marius Marcu"},"logo":{"@id":"https:\/\/mhf.ro\/mm\/#\/schema\/person\/image\/"},"sameAs":["https:\/\/mhf.ro\/mm"],"url":"https:\/\/mhf.ro\/mm\/author\/mihai\/"}]}},"_links":{"self":[{"href":"https:\/\/mhf.ro\/mm\/wp-json\/wp\/v2\/posts\/5214","targetHints":{"allow":["GET"]}}],"collection":[{"href":"https:\/\/mhf.ro\/mm\/wp-json\/wp\/v2\/posts"}],"about":[{"href":"https:\/\/mhf.ro\/mm\/wp-json\/wp\/v2\/types\/post"}],"author":[{"embeddable":true,"href":"https:\/\/mhf.ro\/mm\/wp-json\/wp\/v2\/users\/1"}],"replies":[{"embeddable":true,"href":"https:\/\/mhf.ro\/mm\/wp-json\/wp\/v2\/comments?post=5214"}],"version-history":[{"count":1,"href":"https:\/\/mhf.ro\/mm\/wp-json\/wp\/v2\/posts\/5214\/revisions"}],"predecessor-version":[{"id":5216,"href":"https:\/\/mhf.ro\/mm\/wp-json\/wp\/v2\/posts\/5214\/revisions\/5216"}],"wp:featuredmedia":[{"embeddable":true,"href":"https:\/\/mhf.ro\/mm\/wp-json\/wp\/v2\/media\/5215"}],"wp:attachment":[{"href":"https:\/\/mhf.ro\/mm\/wp-json\/wp\/v2\/media?parent=5214"}],"wp:term":[{"taxonomy":"category","embeddable":true,"href":"https:\/\/mhf.ro\/mm\/wp-json\/wp\/v2\/categories?post=5214"},{"taxonomy":"post_tag","embeddable":true,"href":"https:\/\/mhf.ro\/mm\/wp-json\/wp\/v2\/tags?post=5214"}],"curies":[{"name":"wp","href":"https:\/\/api.w.org\/{rel}","templated":true}]}}