{"id":5341,"date":"2021-10-11T10:50:39","date_gmt":"2021-10-11T08:50:39","guid":{"rendered":"https:\/\/mhf.ro\/mm\/?p=5341"},"modified":"2021-10-11T10:50:39","modified_gmt":"2021-10-11T08:50:39","slug":"contributia-de-sanatate-prea-mare-pentru-romanii-cu-salarii-mari","status":"publish","type":"post","link":"https:\/\/mhf.ro\/mm\/contributia-de-sanatate-prea-mare-pentru-romanii-cu-salarii-mari\/","title":{"rendered":"Contribu\u021bia de s\u0103n\u0103tate prea mare pentru rom\u00e2nii cu salarii mari"},"content":{"rendered":"<p>Ministrul Finan\u021belor Publice, Dan V\u00eelceanu, se g\u00e2nde\u0219te s\u0103-i scuteasc\u0103 pe rom\u00e2nii cu venituri mari de contribu\u021bii la s\u0103n\u0103tate. El consider\u0103 c\u0103 ace\u0219tia nu trebuie s\u0103 contribuie \u00een acela\u0219i procent cu rom\u00e2nii cu venituri mici.<\/p>\n<p>Acesta sus\u021bine c\u0103 trebuie f\u0103cut\u0103 o analiz\u0103 inclusiv la situa\u0163ia contribu\u0163iei la s\u0103n\u0103tate.<\/p>\n<p>Ministrul crede c\u0103 \u201ee incorect ca cineva cu salariu mare s\u0103 pl\u0103teasc\u0103 10%, iar altul cu salariu mic o sum\u0103 mult mai mic\u0103, dar cu acelea\u015fi servicii\u201d.<\/p>\n<p>\u201eTrebuie s\u0103 privim cu aten\u0163ie \u015fi modul \u00een care sunt percepute contribu\u0163iile, pentru c\u0103 \u00een toat\u0103 aceast\u0103 discu\u0163ie cu eliminarea excep\u0163iilor \u015fi reducerea contribu\u0163iilor, trebuie discutat principial. De exemplu, contribu\u0163iile la s\u0103n\u0103tate func\u0163ioneaz\u0103 ca un RCA. E o asigurare, practic, pentru momentul \u00een care ai nevoie de spital, de serviciile de s\u0103n\u0103tate. Este incorect ca cineva care c\u00e2\u015ftig\u0103 un salariu mare s\u0103 pl\u0103teasc\u0103 10% din acel salariu, iar cel care c\u00e2\u015ftig\u0103 un salariu mic s\u0103 pl\u0103teasc\u0103 o contribu\u0163ie mult mai mic\u0103, ei beneficiind practic de acelea\u015fi servicii atunci c\u00e2nd ajung la spital. Atunci, ar trebui s\u0103 g\u00e2ndim un plafon p\u00e2n\u0103 la care s\u0103 percepem contribu\u0163ia de s\u0103n\u0103tate, pentru c\u0103 ea nu func\u0163ioneaz\u0103 ca acea contribu\u0163ie la pensii, c\u00e2nd tu acumulezi, contribui \u015fi vei primi \u00eenapoi, atunci c\u00e2nd ajung la pensie, o sum\u0103 de bani\u201d, a anun\u0163at V\u00eelceanu, conform Jurnalist.ro<\/p>\n<h4 style=\"text-align: right;\"><a href=\"https:\/\/riz.ro\/ocart2\/index.php?route=product\/category&amp;path=20_71&amp;page=2\">Ornamente din polistiren extrudat!<\/a><\/h4>\n","protected":false},"excerpt":{"rendered":"<p>Ministrul Finan\u021belor Publice, Dan V\u00eelceanu, se g\u00e2nde\u0219te s\u0103-i scuteasc\u0103 pe rom\u00e2nii cu venituri mari de contribu\u021bii la s\u0103n\u0103tate. El consider\u0103<\/p>\n","protected":false},"author":1,"featured_media":5342,"comment_status":"open","ping_status":"open","sticky":false,"template":"","format":"standard","meta":{"colormag_page_container_layout":"default_layout","colormag_page_sidebar_layout":"default_layout","footnotes":""},"categories":[5],"tags":[],"class_list":["post-5341","post","type-post","status-publish","format-standard","has-post-thumbnail","hentry","category-locale"],"yoast_head":"<!-- This site is optimized with the Yoast SEO plugin v27.0 - https:\/\/yoast.com\/product\/yoast-seo-wordpress\/ -->\n<title>Contribu\u021bia de s\u0103n\u0103tate prea mare pentru rom\u00e2nii cu salarii mari - MHF Photography<\/title>\n<meta name=\"description\" content=\"Dan V\u00eelceanu consider\u0103 c\u0103 ace\u0219tia nu trebuie s\u0103 contribuie \u00een acela\u0219i procent cu rom\u00e2nii cu venituri mici.\" \/>\n<meta name=\"robots\" content=\"index, follow, max-snippet:-1, max-image-preview:large, max-video-preview:-1\" \/>\n<link rel=\"canonical\" href=\"https:\/\/mhf.ro\/mm\/contributia-de-sanatate-prea-mare-pentru-romanii-cu-salarii-mari\/\" \/>\n<meta property=\"og:locale\" content=\"ro_RO\" \/>\n<meta property=\"og:type\" content=\"article\" \/>\n<meta property=\"og:title\" content=\"Contribu\u021bia de s\u0103n\u0103tate prea mare pentru rom\u00e2nii cu salarii mari - MHF Photography\" \/>\n<meta property=\"og:description\" content=\"Dan V\u00eelceanu consider\u0103 c\u0103 ace\u0219tia nu trebuie s\u0103 contribuie \u00een acela\u0219i procent cu rom\u00e2nii cu venituri mici.\" \/>\n<meta property=\"og:url\" content=\"https:\/\/mhf.ro\/mm\/contributia-de-sanatate-prea-mare-pentru-romanii-cu-salarii-mari\/\" \/>\n<meta property=\"og:site_name\" content=\"MHF Photography\" \/>\n<meta property=\"article:published_time\" content=\"2021-10-11T08:50:39+00:00\" \/>\n<meta property=\"og:image\" content=\"https:\/\/mhf.ro\/mm\/wp-content\/uploads\/2021\/10\/vilceanu.png\" \/>\n\t<meta property=\"og:image:width\" content=\"1200\" \/>\n\t<meta property=\"og:image:height\" content=\"626\" \/>\n\t<meta property=\"og:image:type\" content=\"image\/png\" \/>\n<meta name=\"author\" content=\"Marius Marcu\" \/>\n<meta name=\"twitter:card\" content=\"summary_large_image\" \/>\n<meta name=\"twitter:label1\" content=\"Scris de\" \/>\n\t<meta name=\"twitter:data1\" content=\"Marius Marcu\" \/>\n\t<meta name=\"twitter:label2\" content=\"Timp estimat pentru citire\" \/>\n\t<meta name=\"twitter:data2\" content=\"1 minut\" \/>\n<script type=\"application\/ld+json\" class=\"yoast-schema-graph\">{\"@context\":\"https:\/\/schema.org\",\"@graph\":[{\"@type\":\"Article\",\"@id\":\"https:\/\/mhf.ro\/mm\/contributia-de-sanatate-prea-mare-pentru-romanii-cu-salarii-mari\/#article\",\"isPartOf\":{\"@id\":\"https:\/\/mhf.ro\/mm\/contributia-de-sanatate-prea-mare-pentru-romanii-cu-salarii-mari\/\"},\"author\":{\"name\":\"Marius Marcu\",\"@id\":\"https:\/\/mhf.ro\/mm\/#\/schema\/person\/a3bebf7bdb4bf12f698aff73c7e46c21\"},\"headline\":\"Contribu\u021bia de s\u0103n\u0103tate prea mare pentru rom\u00e2nii cu salarii mari\",\"datePublished\":\"2021-10-11T08:50:39+00:00\",\"mainEntityOfPage\":{\"@id\":\"https:\/\/mhf.ro\/mm\/contributia-de-sanatate-prea-mare-pentru-romanii-cu-salarii-mari\/\"},\"wordCount\":279,\"commentCount\":0,\"publisher\":{\"@id\":\"https:\/\/mhf.ro\/mm\/#\/schema\/person\/a3bebf7bdb4bf12f698aff73c7e46c21\"},\"image\":{\"@id\":\"https:\/\/mhf.ro\/mm\/contributia-de-sanatate-prea-mare-pentru-romanii-cu-salarii-mari\/#primaryimage\"},\"thumbnailUrl\":\"https:\/\/mhf.ro\/mm\/wp-content\/uploads\/2021\/10\/vilceanu.png\",\"articleSection\":[\"Locale\"],\"inLanguage\":\"ro-RO\",\"potentialAction\":[{\"@type\":\"CommentAction\",\"name\":\"Comment\",\"target\":[\"https:\/\/mhf.ro\/mm\/contributia-de-sanatate-prea-mare-pentru-romanii-cu-salarii-mari\/#respond\"]}]},{\"@type\":\"WebPage\",\"@id\":\"https:\/\/mhf.ro\/mm\/contributia-de-sanatate-prea-mare-pentru-romanii-cu-salarii-mari\/\",\"url\":\"https:\/\/mhf.ro\/mm\/contributia-de-sanatate-prea-mare-pentru-romanii-cu-salarii-mari\/\",\"name\":\"Contribu\u021bia de s\u0103n\u0103tate prea mare pentru rom\u00e2nii cu salarii mari - MHF Photography\",\"isPartOf\":{\"@id\":\"https:\/\/mhf.ro\/mm\/#website\"},\"primaryImageOfPage\":{\"@id\":\"https:\/\/mhf.ro\/mm\/contributia-de-sanatate-prea-mare-pentru-romanii-cu-salarii-mari\/#primaryimage\"},\"image\":{\"@id\":\"https:\/\/mhf.ro\/mm\/contributia-de-sanatate-prea-mare-pentru-romanii-cu-salarii-mari\/#primaryimage\"},\"thumbnailUrl\":\"https:\/\/mhf.ro\/mm\/wp-content\/uploads\/2021\/10\/vilceanu.png\",\"datePublished\":\"2021-10-11T08:50:39+00:00\",\"description\":\"Dan V\u00eelceanu consider\u0103 c\u0103 ace\u0219tia nu trebuie s\u0103 contribuie \u00een acela\u0219i procent cu rom\u00e2nii cu venituri mici.\",\"breadcrumb\":{\"@id\":\"https:\/\/mhf.ro\/mm\/contributia-de-sanatate-prea-mare-pentru-romanii-cu-salarii-mari\/#breadcrumb\"},\"inLanguage\":\"ro-RO\",\"potentialAction\":[{\"@type\":\"ReadAction\",\"target\":[\"https:\/\/mhf.ro\/mm\/contributia-de-sanatate-prea-mare-pentru-romanii-cu-salarii-mari\/\"]}]},{\"@type\":\"ImageObject\",\"inLanguage\":\"ro-RO\",\"@id\":\"https:\/\/mhf.ro\/mm\/contributia-de-sanatate-prea-mare-pentru-romanii-cu-salarii-mari\/#primaryimage\",\"url\":\"https:\/\/mhf.ro\/mm\/wp-content\/uploads\/2021\/10\/vilceanu.png\",\"contentUrl\":\"https:\/\/mhf.ro\/mm\/wp-content\/uploads\/2021\/10\/vilceanu.png\",\"width\":1200,\"height\":626},{\"@type\":\"BreadcrumbList\",\"@id\":\"https:\/\/mhf.ro\/mm\/contributia-de-sanatate-prea-mare-pentru-romanii-cu-salarii-mari\/#breadcrumb\",\"itemListElement\":[{\"@type\":\"ListItem\",\"position\":1,\"name\":\"Prima pagin\u0103\",\"item\":\"https:\/\/mhf.ro\/mm\/\"},{\"@type\":\"ListItem\",\"position\":2,\"name\":\"Contribu\u021bia de s\u0103n\u0103tate prea mare pentru rom\u00e2nii cu salarii mari\"}]},{\"@type\":\"WebSite\",\"@id\":\"https:\/\/mhf.ro\/mm\/#website\",\"url\":\"https:\/\/mhf.ro\/mm\/\",\"name\":\"MHF Photography \u2013 Blog de fotografie, natur\u0103 \u0219i tehnic\u0103 divers\u0103\",\"description\":\"Aventur\u0103 \u00een fiecare cadru.\",\"publisher\":{\"@id\":\"https:\/\/mhf.ro\/mm\/#\/schema\/person\/a3bebf7bdb4bf12f698aff73c7e46c21\"},\"potentialAction\":[{\"@type\":\"SearchAction\",\"target\":{\"@type\":\"EntryPoint\",\"urlTemplate\":\"https:\/\/mhf.ro\/mm\/?s={search_term_string}\"},\"query-input\":{\"@type\":\"PropertyValueSpecification\",\"valueRequired\":true,\"valueName\":\"search_term_string\"}}],\"inLanguage\":\"ro-RO\"},{\"@type\":[\"Person\",\"Organization\"],\"@id\":\"https:\/\/mhf.ro\/mm\/#\/schema\/person\/a3bebf7bdb4bf12f698aff73c7e46c21\",\"name\":\"Marius Marcu\",\"image\":{\"@type\":\"ImageObject\",\"inLanguage\":\"ro-RO\",\"@id\":\"https:\/\/mhf.ro\/mm\/#\/schema\/person\/image\/\",\"url\":\"https:\/\/mhf.ro\/mm\/wp-content\/uploads\/2025\/12\/cropped-logo_mhf_2.png\",\"contentUrl\":\"https:\/\/mhf.ro\/mm\/wp-content\/uploads\/2025\/12\/cropped-logo_mhf_2.png\",\"width\":1096,\"height\":457,\"caption\":\"Marius Marcu\"},\"logo\":{\"@id\":\"https:\/\/mhf.ro\/mm\/#\/schema\/person\/image\/\"},\"sameAs\":[\"https:\/\/mhf.ro\/mm\"],\"url\":\"https:\/\/mhf.ro\/mm\/author\/mihai\/\"}]}<\/script>\n<!-- \/ Yoast SEO plugin. -->","yoast_head_json":{"title":"Contribu\u021bia de s\u0103n\u0103tate prea mare pentru rom\u00e2nii cu salarii mari - MHF Photography","description":"Dan V\u00eelceanu consider\u0103 c\u0103 ace\u0219tia nu trebuie s\u0103 contribuie \u00een acela\u0219i procent cu rom\u00e2nii cu venituri mici.","robots":{"index":"index","follow":"follow","max-snippet":"max-snippet:-1","max-image-preview":"max-image-preview:large","max-video-preview":"max-video-preview:-1"},"canonical":"https:\/\/mhf.ro\/mm\/contributia-de-sanatate-prea-mare-pentru-romanii-cu-salarii-mari\/","og_locale":"ro_RO","og_type":"article","og_title":"Contribu\u021bia de s\u0103n\u0103tate prea mare pentru rom\u00e2nii cu salarii mari - MHF Photography","og_description":"Dan V\u00eelceanu consider\u0103 c\u0103 ace\u0219tia nu trebuie s\u0103 contribuie \u00een acela\u0219i procent cu rom\u00e2nii cu venituri mici.","og_url":"https:\/\/mhf.ro\/mm\/contributia-de-sanatate-prea-mare-pentru-romanii-cu-salarii-mari\/","og_site_name":"MHF Photography","article_published_time":"2021-10-11T08:50:39+00:00","og_image":[{"width":1200,"height":626,"url":"https:\/\/mhf.ro\/mm\/wp-content\/uploads\/2021\/10\/vilceanu.png","type":"image\/png"}],"author":"Marius Marcu","twitter_card":"summary_large_image","twitter_misc":{"Scris de":"Marius Marcu","Timp estimat pentru citire":"1 minut"},"schema":{"@context":"https:\/\/schema.org","@graph":[{"@type":"Article","@id":"https:\/\/mhf.ro\/mm\/contributia-de-sanatate-prea-mare-pentru-romanii-cu-salarii-mari\/#article","isPartOf":{"@id":"https:\/\/mhf.ro\/mm\/contributia-de-sanatate-prea-mare-pentru-romanii-cu-salarii-mari\/"},"author":{"name":"Marius Marcu","@id":"https:\/\/mhf.ro\/mm\/#\/schema\/person\/a3bebf7bdb4bf12f698aff73c7e46c21"},"headline":"Contribu\u021bia de s\u0103n\u0103tate prea mare pentru rom\u00e2nii cu salarii mari","datePublished":"2021-10-11T08:50:39+00:00","mainEntityOfPage":{"@id":"https:\/\/mhf.ro\/mm\/contributia-de-sanatate-prea-mare-pentru-romanii-cu-salarii-mari\/"},"wordCount":279,"commentCount":0,"publisher":{"@id":"https:\/\/mhf.ro\/mm\/#\/schema\/person\/a3bebf7bdb4bf12f698aff73c7e46c21"},"image":{"@id":"https:\/\/mhf.ro\/mm\/contributia-de-sanatate-prea-mare-pentru-romanii-cu-salarii-mari\/#primaryimage"},"thumbnailUrl":"https:\/\/mhf.ro\/mm\/wp-content\/uploads\/2021\/10\/vilceanu.png","articleSection":["Locale"],"inLanguage":"ro-RO","potentialAction":[{"@type":"CommentAction","name":"Comment","target":["https:\/\/mhf.ro\/mm\/contributia-de-sanatate-prea-mare-pentru-romanii-cu-salarii-mari\/#respond"]}]},{"@type":"WebPage","@id":"https:\/\/mhf.ro\/mm\/contributia-de-sanatate-prea-mare-pentru-romanii-cu-salarii-mari\/","url":"https:\/\/mhf.ro\/mm\/contributia-de-sanatate-prea-mare-pentru-romanii-cu-salarii-mari\/","name":"Contribu\u021bia de s\u0103n\u0103tate prea mare pentru rom\u00e2nii cu salarii mari - MHF Photography","isPartOf":{"@id":"https:\/\/mhf.ro\/mm\/#website"},"primaryImageOfPage":{"@id":"https:\/\/mhf.ro\/mm\/contributia-de-sanatate-prea-mare-pentru-romanii-cu-salarii-mari\/#primaryimage"},"image":{"@id":"https:\/\/mhf.ro\/mm\/contributia-de-sanatate-prea-mare-pentru-romanii-cu-salarii-mari\/#primaryimage"},"thumbnailUrl":"https:\/\/mhf.ro\/mm\/wp-content\/uploads\/2021\/10\/vilceanu.png","datePublished":"2021-10-11T08:50:39+00:00","description":"Dan V\u00eelceanu consider\u0103 c\u0103 ace\u0219tia nu trebuie s\u0103 contribuie \u00een acela\u0219i procent cu rom\u00e2nii cu venituri mici.","breadcrumb":{"@id":"https:\/\/mhf.ro\/mm\/contributia-de-sanatate-prea-mare-pentru-romanii-cu-salarii-mari\/#breadcrumb"},"inLanguage":"ro-RO","potentialAction":[{"@type":"ReadAction","target":["https:\/\/mhf.ro\/mm\/contributia-de-sanatate-prea-mare-pentru-romanii-cu-salarii-mari\/"]}]},{"@type":"ImageObject","inLanguage":"ro-RO","@id":"https:\/\/mhf.ro\/mm\/contributia-de-sanatate-prea-mare-pentru-romanii-cu-salarii-mari\/#primaryimage","url":"https:\/\/mhf.ro\/mm\/wp-content\/uploads\/2021\/10\/vilceanu.png","contentUrl":"https:\/\/mhf.ro\/mm\/wp-content\/uploads\/2021\/10\/vilceanu.png","width":1200,"height":626},{"@type":"BreadcrumbList","@id":"https:\/\/mhf.ro\/mm\/contributia-de-sanatate-prea-mare-pentru-romanii-cu-salarii-mari\/#breadcrumb","itemListElement":[{"@type":"ListItem","position":1,"name":"Prima pagin\u0103","item":"https:\/\/mhf.ro\/mm\/"},{"@type":"ListItem","position":2,"name":"Contribu\u021bia de s\u0103n\u0103tate prea mare pentru rom\u00e2nii cu salarii mari"}]},{"@type":"WebSite","@id":"https:\/\/mhf.ro\/mm\/#website","url":"https:\/\/mhf.ro\/mm\/","name":"MHF Photography \u2013 Blog de fotografie, natur\u0103 \u0219i tehnic\u0103 divers\u0103","description":"Aventur\u0103 \u00een fiecare cadru.","publisher":{"@id":"https:\/\/mhf.ro\/mm\/#\/schema\/person\/a3bebf7bdb4bf12f698aff73c7e46c21"},"potentialAction":[{"@type":"SearchAction","target":{"@type":"EntryPoint","urlTemplate":"https:\/\/mhf.ro\/mm\/?s={search_term_string}"},"query-input":{"@type":"PropertyValueSpecification","valueRequired":true,"valueName":"search_term_string"}}],"inLanguage":"ro-RO"},{"@type":["Person","Organization"],"@id":"https:\/\/mhf.ro\/mm\/#\/schema\/person\/a3bebf7bdb4bf12f698aff73c7e46c21","name":"Marius Marcu","image":{"@type":"ImageObject","inLanguage":"ro-RO","@id":"https:\/\/mhf.ro\/mm\/#\/schema\/person\/image\/","url":"https:\/\/mhf.ro\/mm\/wp-content\/uploads\/2025\/12\/cropped-logo_mhf_2.png","contentUrl":"https:\/\/mhf.ro\/mm\/wp-content\/uploads\/2025\/12\/cropped-logo_mhf_2.png","width":1096,"height":457,"caption":"Marius Marcu"},"logo":{"@id":"https:\/\/mhf.ro\/mm\/#\/schema\/person\/image\/"},"sameAs":["https:\/\/mhf.ro\/mm"],"url":"https:\/\/mhf.ro\/mm\/author\/mihai\/"}]}},"_links":{"self":[{"href":"https:\/\/mhf.ro\/mm\/wp-json\/wp\/v2\/posts\/5341","targetHints":{"allow":["GET"]}}],"collection":[{"href":"https:\/\/mhf.ro\/mm\/wp-json\/wp\/v2\/posts"}],"about":[{"href":"https:\/\/mhf.ro\/mm\/wp-json\/wp\/v2\/types\/post"}],"author":[{"embeddable":true,"href":"https:\/\/mhf.ro\/mm\/wp-json\/wp\/v2\/users\/1"}],"replies":[{"embeddable":true,"href":"https:\/\/mhf.ro\/mm\/wp-json\/wp\/v2\/comments?post=5341"}],"version-history":[{"count":1,"href":"https:\/\/mhf.ro\/mm\/wp-json\/wp\/v2\/posts\/5341\/revisions"}],"predecessor-version":[{"id":5343,"href":"https:\/\/mhf.ro\/mm\/wp-json\/wp\/v2\/posts\/5341\/revisions\/5343"}],"wp:featuredmedia":[{"embeddable":true,"href":"https:\/\/mhf.ro\/mm\/wp-json\/wp\/v2\/media\/5342"}],"wp:attachment":[{"href":"https:\/\/mhf.ro\/mm\/wp-json\/wp\/v2\/media?parent=5341"}],"wp:term":[{"taxonomy":"category","embeddable":true,"href":"https:\/\/mhf.ro\/mm\/wp-json\/wp\/v2\/categories?post=5341"},{"taxonomy":"post_tag","embeddable":true,"href":"https:\/\/mhf.ro\/mm\/wp-json\/wp\/v2\/tags?post=5341"}],"curies":[{"name":"wp","href":"https:\/\/api.w.org\/{rel}","templated":true}]}}