{"id":5368,"date":"2021-10-12T07:15:01","date_gmt":"2021-10-12T05:15:01","guid":{"rendered":"https:\/\/mhf.ro\/mm\/?p=5368"},"modified":"2021-10-12T07:47:46","modified_gmt":"2021-10-12T05:47:46","slug":"romania-cere-sprijin-international-in-criza-covid-19","status":"publish","type":"post","link":"https:\/\/mhf.ro\/mm\/romania-cere-sprijin-international-in-criza-covid-19\/","title":{"rendered":"Rom\u00e2nia cere sprijin interna\u021bional \u00een criza COVID-19"},"content":{"rendered":"<p class=\"font-titles\">Valul 4 al pandemiei a lovit grav sistemul sanitar rom\u00e2nesc. Autorit\u0103\u021bile de la Bucure\u0219ti cer ajutor interna\u021bional \u00een criza COVID pentru asigurarea medicamentelor \u00een tratarea pacien\u021bilor cu forme severe \u0219i critice.<\/p>\n<p>Comitetul Na\u021bional pentru Situa\u021bii de Urgen\u021b\u0103 (CNSU) a aprobat \u00een \u0219edin\u021ba de luni o hot\u0103r\u00e2re privind aprobarea solicit\u0103rii de asisten\u021b\u0103 interna\u021bional\u0103 pentru asigurarea produselor de strict\u0103 necesitate \u00een tratarea pacien\u021bilor cu forme severe \u0219i critice de COVID -19 prin intermediul Centrului Euro-Atlantic de Coordonare a R\u0103spunsului la Dezastre (EADRCC \u2013 Euro-Atlantic Disaster Response Coordination Centre).<\/p>\n<p>Prin aceast\u0103 hot\u0103r\u00e2re, se solicit\u0103 imunomodulatorul Tocilizumab \u0219i concentratoare de oxigen de 10 litri.<\/p>\n<p>Transportul medicamentelor \u0219i echipamentelor puse la dispozi\u021bie prin intermediul Centrului Euro-Atlantic de Coordonare a R\u0103spunsului la Dezastre se va asigura, dup\u0103 caz, de c\u0103tre Departamentul pentru Situa\u021bii de Urgen\u021b\u0103 prin Inspectoratul General de Avia\u021bie sau Inspectoratul General pentru Situa\u021bii de Urgen\u021b\u0103 ori de c\u0103tre Ministerul Ap\u0103r\u0103rii Na\u021bionale la solicitarea Departamentului. (conf. Jurnalist.ro)<\/p>\n<p style=\"text-align: right;\"><a href=\"https:\/\/www.riz.ro\/ocart2\/\">Ancadramente ferestre<\/a><\/p>\n","protected":false},"excerpt":{"rendered":"<p>Valul 4 al pandemiei a lovit grav sistemul sanitar rom\u00e2nesc. Autorit\u0103\u021bile de la Bucure\u0219ti cer ajutor interna\u021bional \u00een criza COVID<\/p>\n","protected":false},"author":1,"featured_media":5369,"comment_status":"open","ping_status":"open","sticky":false,"template":"","format":"standard","meta":{"colormag_page_container_layout":"default_layout","colormag_page_sidebar_layout":"default_layout","footnotes":""},"categories":[5],"tags":[],"class_list":["post-5368","post","type-post","status-publish","format-standard","has-post-thumbnail","hentry","category-locale"],"yoast_head":"<!-- This site is optimized with the Yoast SEO plugin v27.0 - https:\/\/yoast.com\/product\/yoast-seo-wordpress\/ -->\n<title>Rom\u00e2nia cere sprijin interna\u021bional \u00een criza COVID-19 - MHF Photography<\/title>\n<meta name=\"robots\" content=\"index, follow, max-snippet:-1, max-image-preview:large, max-video-preview:-1\" \/>\n<link rel=\"canonical\" href=\"https:\/\/mhf.ro\/mm\/romania-cere-sprijin-international-in-criza-covid-19\/\" \/>\n<meta property=\"og:locale\" content=\"ro_RO\" \/>\n<meta property=\"og:type\" content=\"article\" \/>\n<meta property=\"og:title\" content=\"Rom\u00e2nia cere sprijin interna\u021bional \u00een criza COVID-19 - MHF Photography\" \/>\n<meta property=\"og:description\" content=\"Valul 4 al pandemiei a lovit grav sistemul sanitar rom\u00e2nesc. Autorit\u0103\u021bile de la Bucure\u0219ti cer ajutor interna\u021bional \u00een criza COVID\" \/>\n<meta property=\"og:url\" content=\"https:\/\/mhf.ro\/mm\/romania-cere-sprijin-international-in-criza-covid-19\/\" \/>\n<meta property=\"og:site_name\" content=\"MHF Photography\" \/>\n<meta property=\"article:published_time\" content=\"2021-10-12T05:15:01+00:00\" \/>\n<meta property=\"article:modified_time\" content=\"2021-10-12T05:47:46+00:00\" \/>\n<meta property=\"og:image\" content=\"https:\/\/mhf.ro\/mm\/wp-content\/uploads\/2021\/10\/spital-1.jpg\" \/>\n\t<meta property=\"og:image:width\" content=\"1260\" \/>\n\t<meta property=\"og:image:height\" content=\"709\" \/>\n\t<meta property=\"og:image:type\" content=\"image\/jpeg\" \/>\n<meta name=\"author\" content=\"Marius Marcu\" \/>\n<meta name=\"twitter:card\" content=\"summary_large_image\" \/>\n<meta name=\"twitter:label1\" content=\"Scris de\" \/>\n\t<meta name=\"twitter:data1\" content=\"Marius Marcu\" \/>\n\t<meta name=\"twitter:label2\" content=\"Timp estimat pentru citire\" \/>\n\t<meta name=\"twitter:data2\" content=\"1 minut\" \/>\n<script type=\"application\/ld+json\" class=\"yoast-schema-graph\">{\"@context\":\"https:\/\/schema.org\",\"@graph\":[{\"@type\":\"Article\",\"@id\":\"https:\/\/mhf.ro\/mm\/romania-cere-sprijin-international-in-criza-covid-19\/#article\",\"isPartOf\":{\"@id\":\"https:\/\/mhf.ro\/mm\/romania-cere-sprijin-international-in-criza-covid-19\/\"},\"author\":{\"name\":\"Marius Marcu\",\"@id\":\"https:\/\/mhf.ro\/mm\/#\/schema\/person\/a3bebf7bdb4bf12f698aff73c7e46c21\"},\"headline\":\"Rom\u00e2nia cere sprijin interna\u021bional \u00een criza COVID-19\",\"datePublished\":\"2021-10-12T05:15:01+00:00\",\"dateModified\":\"2021-10-12T05:47:46+00:00\",\"mainEntityOfPage\":{\"@id\":\"https:\/\/mhf.ro\/mm\/romania-cere-sprijin-international-in-criza-covid-19\/\"},\"wordCount\":187,\"commentCount\":0,\"publisher\":{\"@id\":\"https:\/\/mhf.ro\/mm\/#\/schema\/person\/a3bebf7bdb4bf12f698aff73c7e46c21\"},\"image\":{\"@id\":\"https:\/\/mhf.ro\/mm\/romania-cere-sprijin-international-in-criza-covid-19\/#primaryimage\"},\"thumbnailUrl\":\"https:\/\/mhf.ro\/mm\/wp-content\/uploads\/2021\/10\/spital-1.jpg\",\"articleSection\":[\"Locale\"],\"inLanguage\":\"ro-RO\",\"potentialAction\":[{\"@type\":\"CommentAction\",\"name\":\"Comment\",\"target\":[\"https:\/\/mhf.ro\/mm\/romania-cere-sprijin-international-in-criza-covid-19\/#respond\"]}]},{\"@type\":\"WebPage\",\"@id\":\"https:\/\/mhf.ro\/mm\/romania-cere-sprijin-international-in-criza-covid-19\/\",\"url\":\"https:\/\/mhf.ro\/mm\/romania-cere-sprijin-international-in-criza-covid-19\/\",\"name\":\"Rom\u00e2nia cere sprijin interna\u021bional \u00een criza COVID-19 - MHF Photography\",\"isPartOf\":{\"@id\":\"https:\/\/mhf.ro\/mm\/#website\"},\"primaryImageOfPage\":{\"@id\":\"https:\/\/mhf.ro\/mm\/romania-cere-sprijin-international-in-criza-covid-19\/#primaryimage\"},\"image\":{\"@id\":\"https:\/\/mhf.ro\/mm\/romania-cere-sprijin-international-in-criza-covid-19\/#primaryimage\"},\"thumbnailUrl\":\"https:\/\/mhf.ro\/mm\/wp-content\/uploads\/2021\/10\/spital-1.jpg\",\"datePublished\":\"2021-10-12T05:15:01+00:00\",\"dateModified\":\"2021-10-12T05:47:46+00:00\",\"breadcrumb\":{\"@id\":\"https:\/\/mhf.ro\/mm\/romania-cere-sprijin-international-in-criza-covid-19\/#breadcrumb\"},\"inLanguage\":\"ro-RO\",\"potentialAction\":[{\"@type\":\"ReadAction\",\"target\":[\"https:\/\/mhf.ro\/mm\/romania-cere-sprijin-international-in-criza-covid-19\/\"]}]},{\"@type\":\"ImageObject\",\"inLanguage\":\"ro-RO\",\"@id\":\"https:\/\/mhf.ro\/mm\/romania-cere-sprijin-international-in-criza-covid-19\/#primaryimage\",\"url\":\"https:\/\/mhf.ro\/mm\/wp-content\/uploads\/2021\/10\/spital-1.jpg\",\"contentUrl\":\"https:\/\/mhf.ro\/mm\/wp-content\/uploads\/2021\/10\/spital-1.jpg\",\"width\":1260,\"height\":709},{\"@type\":\"BreadcrumbList\",\"@id\":\"https:\/\/mhf.ro\/mm\/romania-cere-sprijin-international-in-criza-covid-19\/#breadcrumb\",\"itemListElement\":[{\"@type\":\"ListItem\",\"position\":1,\"name\":\"Prima pagin\u0103\",\"item\":\"https:\/\/mhf.ro\/mm\/\"},{\"@type\":\"ListItem\",\"position\":2,\"name\":\"Rom\u00e2nia cere sprijin interna\u021bional \u00een criza COVID-19\"}]},{\"@type\":\"WebSite\",\"@id\":\"https:\/\/mhf.ro\/mm\/#website\",\"url\":\"https:\/\/mhf.ro\/mm\/\",\"name\":\"MHF Photography \u2013 Blog de fotografie, natur\u0103 \u0219i tehnic\u0103 divers\u0103\",\"description\":\"Aventur\u0103 \u00een fiecare cadru.\",\"publisher\":{\"@id\":\"https:\/\/mhf.ro\/mm\/#\/schema\/person\/a3bebf7bdb4bf12f698aff73c7e46c21\"},\"potentialAction\":[{\"@type\":\"SearchAction\",\"target\":{\"@type\":\"EntryPoint\",\"urlTemplate\":\"https:\/\/mhf.ro\/mm\/?s={search_term_string}\"},\"query-input\":{\"@type\":\"PropertyValueSpecification\",\"valueRequired\":true,\"valueName\":\"search_term_string\"}}],\"inLanguage\":\"ro-RO\"},{\"@type\":[\"Person\",\"Organization\"],\"@id\":\"https:\/\/mhf.ro\/mm\/#\/schema\/person\/a3bebf7bdb4bf12f698aff73c7e46c21\",\"name\":\"Marius Marcu\",\"image\":{\"@type\":\"ImageObject\",\"inLanguage\":\"ro-RO\",\"@id\":\"https:\/\/mhf.ro\/mm\/#\/schema\/person\/image\/\",\"url\":\"https:\/\/mhf.ro\/mm\/wp-content\/uploads\/2025\/12\/cropped-logo_mhf_2.png\",\"contentUrl\":\"https:\/\/mhf.ro\/mm\/wp-content\/uploads\/2025\/12\/cropped-logo_mhf_2.png\",\"width\":1096,\"height\":457,\"caption\":\"Marius Marcu\"},\"logo\":{\"@id\":\"https:\/\/mhf.ro\/mm\/#\/schema\/person\/image\/\"},\"sameAs\":[\"https:\/\/mhf.ro\/mm\"],\"url\":\"https:\/\/mhf.ro\/mm\/author\/mihai\/\"}]}<\/script>\n<!-- \/ Yoast SEO plugin. -->","yoast_head_json":{"title":"Rom\u00e2nia cere sprijin interna\u021bional \u00een criza COVID-19 - MHF Photography","robots":{"index":"index","follow":"follow","max-snippet":"max-snippet:-1","max-image-preview":"max-image-preview:large","max-video-preview":"max-video-preview:-1"},"canonical":"https:\/\/mhf.ro\/mm\/romania-cere-sprijin-international-in-criza-covid-19\/","og_locale":"ro_RO","og_type":"article","og_title":"Rom\u00e2nia cere sprijin interna\u021bional \u00een criza COVID-19 - MHF Photography","og_description":"Valul 4 al pandemiei a lovit grav sistemul sanitar rom\u00e2nesc. Autorit\u0103\u021bile de la Bucure\u0219ti cer ajutor interna\u021bional \u00een criza COVID","og_url":"https:\/\/mhf.ro\/mm\/romania-cere-sprijin-international-in-criza-covid-19\/","og_site_name":"MHF Photography","article_published_time":"2021-10-12T05:15:01+00:00","article_modified_time":"2021-10-12T05:47:46+00:00","og_image":[{"width":1260,"height":709,"url":"https:\/\/mhf.ro\/mm\/wp-content\/uploads\/2021\/10\/spital-1.jpg","type":"image\/jpeg"}],"author":"Marius Marcu","twitter_card":"summary_large_image","twitter_misc":{"Scris de":"Marius Marcu","Timp estimat pentru citire":"1 minut"},"schema":{"@context":"https:\/\/schema.org","@graph":[{"@type":"Article","@id":"https:\/\/mhf.ro\/mm\/romania-cere-sprijin-international-in-criza-covid-19\/#article","isPartOf":{"@id":"https:\/\/mhf.ro\/mm\/romania-cere-sprijin-international-in-criza-covid-19\/"},"author":{"name":"Marius Marcu","@id":"https:\/\/mhf.ro\/mm\/#\/schema\/person\/a3bebf7bdb4bf12f698aff73c7e46c21"},"headline":"Rom\u00e2nia cere sprijin interna\u021bional \u00een criza COVID-19","datePublished":"2021-10-12T05:15:01+00:00","dateModified":"2021-10-12T05:47:46+00:00","mainEntityOfPage":{"@id":"https:\/\/mhf.ro\/mm\/romania-cere-sprijin-international-in-criza-covid-19\/"},"wordCount":187,"commentCount":0,"publisher":{"@id":"https:\/\/mhf.ro\/mm\/#\/schema\/person\/a3bebf7bdb4bf12f698aff73c7e46c21"},"image":{"@id":"https:\/\/mhf.ro\/mm\/romania-cere-sprijin-international-in-criza-covid-19\/#primaryimage"},"thumbnailUrl":"https:\/\/mhf.ro\/mm\/wp-content\/uploads\/2021\/10\/spital-1.jpg","articleSection":["Locale"],"inLanguage":"ro-RO","potentialAction":[{"@type":"CommentAction","name":"Comment","target":["https:\/\/mhf.ro\/mm\/romania-cere-sprijin-international-in-criza-covid-19\/#respond"]}]},{"@type":"WebPage","@id":"https:\/\/mhf.ro\/mm\/romania-cere-sprijin-international-in-criza-covid-19\/","url":"https:\/\/mhf.ro\/mm\/romania-cere-sprijin-international-in-criza-covid-19\/","name":"Rom\u00e2nia cere sprijin interna\u021bional \u00een criza COVID-19 - MHF Photography","isPartOf":{"@id":"https:\/\/mhf.ro\/mm\/#website"},"primaryImageOfPage":{"@id":"https:\/\/mhf.ro\/mm\/romania-cere-sprijin-international-in-criza-covid-19\/#primaryimage"},"image":{"@id":"https:\/\/mhf.ro\/mm\/romania-cere-sprijin-international-in-criza-covid-19\/#primaryimage"},"thumbnailUrl":"https:\/\/mhf.ro\/mm\/wp-content\/uploads\/2021\/10\/spital-1.jpg","datePublished":"2021-10-12T05:15:01+00:00","dateModified":"2021-10-12T05:47:46+00:00","breadcrumb":{"@id":"https:\/\/mhf.ro\/mm\/romania-cere-sprijin-international-in-criza-covid-19\/#breadcrumb"},"inLanguage":"ro-RO","potentialAction":[{"@type":"ReadAction","target":["https:\/\/mhf.ro\/mm\/romania-cere-sprijin-international-in-criza-covid-19\/"]}]},{"@type":"ImageObject","inLanguage":"ro-RO","@id":"https:\/\/mhf.ro\/mm\/romania-cere-sprijin-international-in-criza-covid-19\/#primaryimage","url":"https:\/\/mhf.ro\/mm\/wp-content\/uploads\/2021\/10\/spital-1.jpg","contentUrl":"https:\/\/mhf.ro\/mm\/wp-content\/uploads\/2021\/10\/spital-1.jpg","width":1260,"height":709},{"@type":"BreadcrumbList","@id":"https:\/\/mhf.ro\/mm\/romania-cere-sprijin-international-in-criza-covid-19\/#breadcrumb","itemListElement":[{"@type":"ListItem","position":1,"name":"Prima pagin\u0103","item":"https:\/\/mhf.ro\/mm\/"},{"@type":"ListItem","position":2,"name":"Rom\u00e2nia cere sprijin interna\u021bional \u00een criza COVID-19"}]},{"@type":"WebSite","@id":"https:\/\/mhf.ro\/mm\/#website","url":"https:\/\/mhf.ro\/mm\/","name":"MHF Photography \u2013 Blog de fotografie, natur\u0103 \u0219i tehnic\u0103 divers\u0103","description":"Aventur\u0103 \u00een fiecare cadru.","publisher":{"@id":"https:\/\/mhf.ro\/mm\/#\/schema\/person\/a3bebf7bdb4bf12f698aff73c7e46c21"},"potentialAction":[{"@type":"SearchAction","target":{"@type":"EntryPoint","urlTemplate":"https:\/\/mhf.ro\/mm\/?s={search_term_string}"},"query-input":{"@type":"PropertyValueSpecification","valueRequired":true,"valueName":"search_term_string"}}],"inLanguage":"ro-RO"},{"@type":["Person","Organization"],"@id":"https:\/\/mhf.ro\/mm\/#\/schema\/person\/a3bebf7bdb4bf12f698aff73c7e46c21","name":"Marius Marcu","image":{"@type":"ImageObject","inLanguage":"ro-RO","@id":"https:\/\/mhf.ro\/mm\/#\/schema\/person\/image\/","url":"https:\/\/mhf.ro\/mm\/wp-content\/uploads\/2025\/12\/cropped-logo_mhf_2.png","contentUrl":"https:\/\/mhf.ro\/mm\/wp-content\/uploads\/2025\/12\/cropped-logo_mhf_2.png","width":1096,"height":457,"caption":"Marius Marcu"},"logo":{"@id":"https:\/\/mhf.ro\/mm\/#\/schema\/person\/image\/"},"sameAs":["https:\/\/mhf.ro\/mm"],"url":"https:\/\/mhf.ro\/mm\/author\/mihai\/"}]}},"_links":{"self":[{"href":"https:\/\/mhf.ro\/mm\/wp-json\/wp\/v2\/posts\/5368","targetHints":{"allow":["GET"]}}],"collection":[{"href":"https:\/\/mhf.ro\/mm\/wp-json\/wp\/v2\/posts"}],"about":[{"href":"https:\/\/mhf.ro\/mm\/wp-json\/wp\/v2\/types\/post"}],"author":[{"embeddable":true,"href":"https:\/\/mhf.ro\/mm\/wp-json\/wp\/v2\/users\/1"}],"replies":[{"embeddable":true,"href":"https:\/\/mhf.ro\/mm\/wp-json\/wp\/v2\/comments?post=5368"}],"version-history":[{"count":1,"href":"https:\/\/mhf.ro\/mm\/wp-json\/wp\/v2\/posts\/5368\/revisions"}],"predecessor-version":[{"id":5370,"href":"https:\/\/mhf.ro\/mm\/wp-json\/wp\/v2\/posts\/5368\/revisions\/5370"}],"wp:featuredmedia":[{"embeddable":true,"href":"https:\/\/mhf.ro\/mm\/wp-json\/wp\/v2\/media\/5369"}],"wp:attachment":[{"href":"https:\/\/mhf.ro\/mm\/wp-json\/wp\/v2\/media?parent=5368"}],"wp:term":[{"taxonomy":"category","embeddable":true,"href":"https:\/\/mhf.ro\/mm\/wp-json\/wp\/v2\/categories?post=5368"},{"taxonomy":"post_tag","embeddable":true,"href":"https:\/\/mhf.ro\/mm\/wp-json\/wp\/v2\/tags?post=5368"}],"curies":[{"name":"wp","href":"https:\/\/api.w.org\/{rel}","templated":true}]}}