{"id":5380,"date":"2021-10-13T13:01:20","date_gmt":"2021-10-13T11:01:20","guid":{"rendered":"https:\/\/mhf.ro\/mm\/?p=5380"},"modified":"2021-10-13T13:01:20","modified_gmt":"2021-10-13T11:01:20","slug":"orban-a-demisionat-de-la-sefia-camerei-deputatilor","status":"publish","type":"post","link":"https:\/\/mhf.ro\/mm\/orban-a-demisionat-de-la-sefia-camerei-deputatilor\/","title":{"rendered":"Orban a demisionat de la \u0219efia Camerei Deputa\u021bilor"},"content":{"rendered":"<p>Ludovic Orban \u0219i-a depus miercuri demisia din func\u0163ia de pre\u015fedinte al Camerei Deputa\u021bilor. Niciun partid nu are majoritatea pentru a ob\u021bine alegerea unui nou pre\u0219edinte.<\/p>\n<p>\u00cen urm\u0103 cu dou\u0103 s\u0103pt\u0103m\u00e2ni, dup\u0103 ce a pierdut alegerile pentru pre\u015fedin\u0163ia PNL, el anun\u0163a c\u0103 \u015fi-a trimis la partid demisia din func\u0163ia de pre\u015fedinte al Camerei Deputa\u0163ilor, pentru a fi la dispozi\u0163ia noului lider al liberalilor, care s\u0103 o depun\u0103 \u00een momentul \u00een care consider\u0103 necesar.<\/p>\n<p>Potrivit News.ro, pe fondul diviz\u0103rii PNL, \u0219efia Camerei Deputa\u021bilor ar putea fi c\u00e2\u0219tigat\u0103 de PSD, ca urmare a demisiei lui Orban. Florin C\u00ee\u021bu poate s\u0103-\u0219i impun\u0103 un apropiat \u00een fruntea Camerei Deputa\u0163ilor fie prin refacerea alian\u021bei cu USR, fie printr-un pact cu tab\u0103ra Orban, ambele variante fiind foarte pu\u021bin probabile \u00een acest moment. (conf. Jurnalist.ro)<\/p>\n","protected":false},"excerpt":{"rendered":"<p>Ludovic Orban \u0219i-a depus miercuri demisia din func\u0163ia de pre\u015fedinte al Camerei Deputa\u021bilor. Niciun partid nu are majoritatea pentru a<\/p>\n","protected":false},"author":1,"featured_media":5381,"comment_status":"open","ping_status":"open","sticky":false,"template":"","format":"standard","meta":{"colormag_page_container_layout":"default_layout","colormag_page_sidebar_layout":"default_layout","footnotes":""},"categories":[8],"tags":[],"class_list":["post-5380","post","type-post","status-publish","format-standard","has-post-thumbnail","hentry","category-div"],"yoast_head":"<!-- This site is optimized with the Yoast SEO plugin v27.0 - https:\/\/yoast.com\/product\/yoast-seo-wordpress\/ -->\n<title>Orban a demisionat de la \u0219efia Camerei Deputa\u021bilor - MHF Photography<\/title>\n<meta name=\"robots\" content=\"index, follow, max-snippet:-1, max-image-preview:large, max-video-preview:-1\" \/>\n<link rel=\"canonical\" href=\"https:\/\/mhf.ro\/mm\/orban-a-demisionat-de-la-sefia-camerei-deputatilor\/\" \/>\n<meta property=\"og:locale\" content=\"ro_RO\" \/>\n<meta property=\"og:type\" content=\"article\" \/>\n<meta property=\"og:title\" content=\"Orban a demisionat de la \u0219efia Camerei Deputa\u021bilor - MHF Photography\" \/>\n<meta property=\"og:description\" content=\"Ludovic Orban \u0219i-a depus miercuri demisia din func\u0163ia de pre\u015fedinte al Camerei Deputa\u021bilor. Niciun partid nu are majoritatea pentru a\" \/>\n<meta property=\"og:url\" content=\"https:\/\/mhf.ro\/mm\/orban-a-demisionat-de-la-sefia-camerei-deputatilor\/\" \/>\n<meta property=\"og:site_name\" content=\"MHF Photography\" \/>\n<meta property=\"article:published_time\" content=\"2021-10-13T11:01:20+00:00\" \/>\n<meta property=\"og:image\" content=\"https:\/\/mhf.ro\/mm\/wp-content\/uploads\/2021\/10\/ludovic-orban-1.jpg\" \/>\n\t<meta property=\"og:image:width\" content=\"1280\" \/>\n\t<meta property=\"og:image:height\" content=\"720\" \/>\n\t<meta property=\"og:image:type\" content=\"image\/jpeg\" \/>\n<meta name=\"author\" content=\"Marius Marcu\" \/>\n<meta name=\"twitter:card\" content=\"summary_large_image\" \/>\n<meta name=\"twitter:label1\" content=\"Scris de\" \/>\n\t<meta name=\"twitter:data1\" content=\"Marius Marcu\" \/>\n\t<meta name=\"twitter:label2\" content=\"Timp estimat pentru citire\" \/>\n\t<meta name=\"twitter:data2\" content=\"1 minut\" \/>\n<script type=\"application\/ld+json\" class=\"yoast-schema-graph\">{\"@context\":\"https:\/\/schema.org\",\"@graph\":[{\"@type\":\"Article\",\"@id\":\"https:\/\/mhf.ro\/mm\/orban-a-demisionat-de-la-sefia-camerei-deputatilor\/#article\",\"isPartOf\":{\"@id\":\"https:\/\/mhf.ro\/mm\/orban-a-demisionat-de-la-sefia-camerei-deputatilor\/\"},\"author\":{\"name\":\"Marius Marcu\",\"@id\":\"https:\/\/mhf.ro\/mm\/#\/schema\/person\/a3bebf7bdb4bf12f698aff73c7e46c21\"},\"headline\":\"Orban a demisionat de la \u0219efia Camerei Deputa\u021bilor\",\"datePublished\":\"2021-10-13T11:01:20+00:00\",\"mainEntityOfPage\":{\"@id\":\"https:\/\/mhf.ro\/mm\/orban-a-demisionat-de-la-sefia-camerei-deputatilor\/\"},\"wordCount\":163,\"commentCount\":0,\"publisher\":{\"@id\":\"https:\/\/mhf.ro\/mm\/#\/schema\/person\/a3bebf7bdb4bf12f698aff73c7e46c21\"},\"image\":{\"@id\":\"https:\/\/mhf.ro\/mm\/orban-a-demisionat-de-la-sefia-camerei-deputatilor\/#primaryimage\"},\"thumbnailUrl\":\"https:\/\/mhf.ro\/mm\/wp-content\/uploads\/2021\/10\/ludovic-orban-1.jpg\",\"articleSection\":[\"Diverse\"],\"inLanguage\":\"ro-RO\",\"potentialAction\":[{\"@type\":\"CommentAction\",\"name\":\"Comment\",\"target\":[\"https:\/\/mhf.ro\/mm\/orban-a-demisionat-de-la-sefia-camerei-deputatilor\/#respond\"]}]},{\"@type\":\"WebPage\",\"@id\":\"https:\/\/mhf.ro\/mm\/orban-a-demisionat-de-la-sefia-camerei-deputatilor\/\",\"url\":\"https:\/\/mhf.ro\/mm\/orban-a-demisionat-de-la-sefia-camerei-deputatilor\/\",\"name\":\"Orban a demisionat de la \u0219efia Camerei Deputa\u021bilor - MHF Photography\",\"isPartOf\":{\"@id\":\"https:\/\/mhf.ro\/mm\/#website\"},\"primaryImageOfPage\":{\"@id\":\"https:\/\/mhf.ro\/mm\/orban-a-demisionat-de-la-sefia-camerei-deputatilor\/#primaryimage\"},\"image\":{\"@id\":\"https:\/\/mhf.ro\/mm\/orban-a-demisionat-de-la-sefia-camerei-deputatilor\/#primaryimage\"},\"thumbnailUrl\":\"https:\/\/mhf.ro\/mm\/wp-content\/uploads\/2021\/10\/ludovic-orban-1.jpg\",\"datePublished\":\"2021-10-13T11:01:20+00:00\",\"breadcrumb\":{\"@id\":\"https:\/\/mhf.ro\/mm\/orban-a-demisionat-de-la-sefia-camerei-deputatilor\/#breadcrumb\"},\"inLanguage\":\"ro-RO\",\"potentialAction\":[{\"@type\":\"ReadAction\",\"target\":[\"https:\/\/mhf.ro\/mm\/orban-a-demisionat-de-la-sefia-camerei-deputatilor\/\"]}]},{\"@type\":\"ImageObject\",\"inLanguage\":\"ro-RO\",\"@id\":\"https:\/\/mhf.ro\/mm\/orban-a-demisionat-de-la-sefia-camerei-deputatilor\/#primaryimage\",\"url\":\"https:\/\/mhf.ro\/mm\/wp-content\/uploads\/2021\/10\/ludovic-orban-1.jpg\",\"contentUrl\":\"https:\/\/mhf.ro\/mm\/wp-content\/uploads\/2021\/10\/ludovic-orban-1.jpg\",\"width\":1280,\"height\":720},{\"@type\":\"BreadcrumbList\",\"@id\":\"https:\/\/mhf.ro\/mm\/orban-a-demisionat-de-la-sefia-camerei-deputatilor\/#breadcrumb\",\"itemListElement\":[{\"@type\":\"ListItem\",\"position\":1,\"name\":\"Prima pagin\u0103\",\"item\":\"https:\/\/mhf.ro\/mm\/\"},{\"@type\":\"ListItem\",\"position\":2,\"name\":\"Orban a demisionat de la \u0219efia Camerei Deputa\u021bilor\"}]},{\"@type\":\"WebSite\",\"@id\":\"https:\/\/mhf.ro\/mm\/#website\",\"url\":\"https:\/\/mhf.ro\/mm\/\",\"name\":\"MHF Photography \u2013 Blog de fotografie, natur\u0103 \u0219i tehnic\u0103 divers\u0103\",\"description\":\"Aventur\u0103 \u00een fiecare cadru.\",\"publisher\":{\"@id\":\"https:\/\/mhf.ro\/mm\/#\/schema\/person\/a3bebf7bdb4bf12f698aff73c7e46c21\"},\"potentialAction\":[{\"@type\":\"SearchAction\",\"target\":{\"@type\":\"EntryPoint\",\"urlTemplate\":\"https:\/\/mhf.ro\/mm\/?s={search_term_string}\"},\"query-input\":{\"@type\":\"PropertyValueSpecification\",\"valueRequired\":true,\"valueName\":\"search_term_string\"}}],\"inLanguage\":\"ro-RO\"},{\"@type\":[\"Person\",\"Organization\"],\"@id\":\"https:\/\/mhf.ro\/mm\/#\/schema\/person\/a3bebf7bdb4bf12f698aff73c7e46c21\",\"name\":\"Marius Marcu\",\"image\":{\"@type\":\"ImageObject\",\"inLanguage\":\"ro-RO\",\"@id\":\"https:\/\/mhf.ro\/mm\/#\/schema\/person\/image\/\",\"url\":\"https:\/\/mhf.ro\/mm\/wp-content\/uploads\/2025\/12\/cropped-logo_mhf_2.png\",\"contentUrl\":\"https:\/\/mhf.ro\/mm\/wp-content\/uploads\/2025\/12\/cropped-logo_mhf_2.png\",\"width\":1096,\"height\":457,\"caption\":\"Marius Marcu\"},\"logo\":{\"@id\":\"https:\/\/mhf.ro\/mm\/#\/schema\/person\/image\/\"},\"sameAs\":[\"https:\/\/mhf.ro\/mm\"],\"url\":\"https:\/\/mhf.ro\/mm\/author\/mihai\/\"}]}<\/script>\n<!-- \/ Yoast SEO plugin. -->","yoast_head_json":{"title":"Orban a demisionat de la \u0219efia Camerei Deputa\u021bilor - MHF Photography","robots":{"index":"index","follow":"follow","max-snippet":"max-snippet:-1","max-image-preview":"max-image-preview:large","max-video-preview":"max-video-preview:-1"},"canonical":"https:\/\/mhf.ro\/mm\/orban-a-demisionat-de-la-sefia-camerei-deputatilor\/","og_locale":"ro_RO","og_type":"article","og_title":"Orban a demisionat de la \u0219efia Camerei Deputa\u021bilor - MHF Photography","og_description":"Ludovic Orban \u0219i-a depus miercuri demisia din func\u0163ia de pre\u015fedinte al Camerei Deputa\u021bilor. Niciun partid nu are majoritatea pentru a","og_url":"https:\/\/mhf.ro\/mm\/orban-a-demisionat-de-la-sefia-camerei-deputatilor\/","og_site_name":"MHF Photography","article_published_time":"2021-10-13T11:01:20+00:00","og_image":[{"width":1280,"height":720,"url":"https:\/\/mhf.ro\/mm\/wp-content\/uploads\/2021\/10\/ludovic-orban-1.jpg","type":"image\/jpeg"}],"author":"Marius Marcu","twitter_card":"summary_large_image","twitter_misc":{"Scris de":"Marius Marcu","Timp estimat pentru citire":"1 minut"},"schema":{"@context":"https:\/\/schema.org","@graph":[{"@type":"Article","@id":"https:\/\/mhf.ro\/mm\/orban-a-demisionat-de-la-sefia-camerei-deputatilor\/#article","isPartOf":{"@id":"https:\/\/mhf.ro\/mm\/orban-a-demisionat-de-la-sefia-camerei-deputatilor\/"},"author":{"name":"Marius Marcu","@id":"https:\/\/mhf.ro\/mm\/#\/schema\/person\/a3bebf7bdb4bf12f698aff73c7e46c21"},"headline":"Orban a demisionat de la \u0219efia Camerei Deputa\u021bilor","datePublished":"2021-10-13T11:01:20+00:00","mainEntityOfPage":{"@id":"https:\/\/mhf.ro\/mm\/orban-a-demisionat-de-la-sefia-camerei-deputatilor\/"},"wordCount":163,"commentCount":0,"publisher":{"@id":"https:\/\/mhf.ro\/mm\/#\/schema\/person\/a3bebf7bdb4bf12f698aff73c7e46c21"},"image":{"@id":"https:\/\/mhf.ro\/mm\/orban-a-demisionat-de-la-sefia-camerei-deputatilor\/#primaryimage"},"thumbnailUrl":"https:\/\/mhf.ro\/mm\/wp-content\/uploads\/2021\/10\/ludovic-orban-1.jpg","articleSection":["Diverse"],"inLanguage":"ro-RO","potentialAction":[{"@type":"CommentAction","name":"Comment","target":["https:\/\/mhf.ro\/mm\/orban-a-demisionat-de-la-sefia-camerei-deputatilor\/#respond"]}]},{"@type":"WebPage","@id":"https:\/\/mhf.ro\/mm\/orban-a-demisionat-de-la-sefia-camerei-deputatilor\/","url":"https:\/\/mhf.ro\/mm\/orban-a-demisionat-de-la-sefia-camerei-deputatilor\/","name":"Orban a demisionat de la \u0219efia Camerei Deputa\u021bilor - MHF Photography","isPartOf":{"@id":"https:\/\/mhf.ro\/mm\/#website"},"primaryImageOfPage":{"@id":"https:\/\/mhf.ro\/mm\/orban-a-demisionat-de-la-sefia-camerei-deputatilor\/#primaryimage"},"image":{"@id":"https:\/\/mhf.ro\/mm\/orban-a-demisionat-de-la-sefia-camerei-deputatilor\/#primaryimage"},"thumbnailUrl":"https:\/\/mhf.ro\/mm\/wp-content\/uploads\/2021\/10\/ludovic-orban-1.jpg","datePublished":"2021-10-13T11:01:20+00:00","breadcrumb":{"@id":"https:\/\/mhf.ro\/mm\/orban-a-demisionat-de-la-sefia-camerei-deputatilor\/#breadcrumb"},"inLanguage":"ro-RO","potentialAction":[{"@type":"ReadAction","target":["https:\/\/mhf.ro\/mm\/orban-a-demisionat-de-la-sefia-camerei-deputatilor\/"]}]},{"@type":"ImageObject","inLanguage":"ro-RO","@id":"https:\/\/mhf.ro\/mm\/orban-a-demisionat-de-la-sefia-camerei-deputatilor\/#primaryimage","url":"https:\/\/mhf.ro\/mm\/wp-content\/uploads\/2021\/10\/ludovic-orban-1.jpg","contentUrl":"https:\/\/mhf.ro\/mm\/wp-content\/uploads\/2021\/10\/ludovic-orban-1.jpg","width":1280,"height":720},{"@type":"BreadcrumbList","@id":"https:\/\/mhf.ro\/mm\/orban-a-demisionat-de-la-sefia-camerei-deputatilor\/#breadcrumb","itemListElement":[{"@type":"ListItem","position":1,"name":"Prima pagin\u0103","item":"https:\/\/mhf.ro\/mm\/"},{"@type":"ListItem","position":2,"name":"Orban a demisionat de la \u0219efia Camerei Deputa\u021bilor"}]},{"@type":"WebSite","@id":"https:\/\/mhf.ro\/mm\/#website","url":"https:\/\/mhf.ro\/mm\/","name":"MHF Photography \u2013 Blog de fotografie, natur\u0103 \u0219i tehnic\u0103 divers\u0103","description":"Aventur\u0103 \u00een fiecare cadru.","publisher":{"@id":"https:\/\/mhf.ro\/mm\/#\/schema\/person\/a3bebf7bdb4bf12f698aff73c7e46c21"},"potentialAction":[{"@type":"SearchAction","target":{"@type":"EntryPoint","urlTemplate":"https:\/\/mhf.ro\/mm\/?s={search_term_string}"},"query-input":{"@type":"PropertyValueSpecification","valueRequired":true,"valueName":"search_term_string"}}],"inLanguage":"ro-RO"},{"@type":["Person","Organization"],"@id":"https:\/\/mhf.ro\/mm\/#\/schema\/person\/a3bebf7bdb4bf12f698aff73c7e46c21","name":"Marius Marcu","image":{"@type":"ImageObject","inLanguage":"ro-RO","@id":"https:\/\/mhf.ro\/mm\/#\/schema\/person\/image\/","url":"https:\/\/mhf.ro\/mm\/wp-content\/uploads\/2025\/12\/cropped-logo_mhf_2.png","contentUrl":"https:\/\/mhf.ro\/mm\/wp-content\/uploads\/2025\/12\/cropped-logo_mhf_2.png","width":1096,"height":457,"caption":"Marius Marcu"},"logo":{"@id":"https:\/\/mhf.ro\/mm\/#\/schema\/person\/image\/"},"sameAs":["https:\/\/mhf.ro\/mm"],"url":"https:\/\/mhf.ro\/mm\/author\/mihai\/"}]}},"_links":{"self":[{"href":"https:\/\/mhf.ro\/mm\/wp-json\/wp\/v2\/posts\/5380","targetHints":{"allow":["GET"]}}],"collection":[{"href":"https:\/\/mhf.ro\/mm\/wp-json\/wp\/v2\/posts"}],"about":[{"href":"https:\/\/mhf.ro\/mm\/wp-json\/wp\/v2\/types\/post"}],"author":[{"embeddable":true,"href":"https:\/\/mhf.ro\/mm\/wp-json\/wp\/v2\/users\/1"}],"replies":[{"embeddable":true,"href":"https:\/\/mhf.ro\/mm\/wp-json\/wp\/v2\/comments?post=5380"}],"version-history":[{"count":1,"href":"https:\/\/mhf.ro\/mm\/wp-json\/wp\/v2\/posts\/5380\/revisions"}],"predecessor-version":[{"id":5382,"href":"https:\/\/mhf.ro\/mm\/wp-json\/wp\/v2\/posts\/5380\/revisions\/5382"}],"wp:featuredmedia":[{"embeddable":true,"href":"https:\/\/mhf.ro\/mm\/wp-json\/wp\/v2\/media\/5381"}],"wp:attachment":[{"href":"https:\/\/mhf.ro\/mm\/wp-json\/wp\/v2\/media?parent=5380"}],"wp:term":[{"taxonomy":"category","embeddable":true,"href":"https:\/\/mhf.ro\/mm\/wp-json\/wp\/v2\/categories?post=5380"},{"taxonomy":"post_tag","embeddable":true,"href":"https:\/\/mhf.ro\/mm\/wp-json\/wp\/v2\/tags?post=5380"}],"curies":[{"name":"wp","href":"https:\/\/api.w.org\/{rel}","templated":true}]}}