{"id":5388,"date":"2021-10-14T15:42:59","date_gmt":"2021-10-14T13:42:59","guid":{"rendered":"https:\/\/mhf.ro\/mm\/?p=5388"},"modified":"2021-10-14T15:42:59","modified_gmt":"2021-10-14T13:42:59","slug":"pndl-3-o-firma-condusa-de-liberali-15-contracte-in-10-zile","status":"publish","type":"post","link":"https:\/\/mhf.ro\/mm\/pndl-3-o-firma-condusa-de-liberali-15-contracte-in-10-zile\/","title":{"rendered":"PNDL 3: O firm\u0103 condus\u0103 de liberali, 15 contracte \u00een 10 zile"},"content":{"rendered":"<p align=\"left\"><span lang=\"ro-RO\">O firm\u0103 printre ac\u021bionarii c\u0103reia se reg\u0103sesc mai mul\u021bi membri din <\/span><span lang=\"ro-RO\">PNL<\/span><span lang=\"ro-RO\">\u00a0a c\u00e2\u0219tigat, prin intermediul programului PNDL 3, 15 contracte \u00een valoare de 1,4 milioane de lei \u00een doar zece zile, scrie <a href=\"https:\/\/www.emaramures.ro\/jaf-liberal-organizat-cum-se-fura-in-maramures-14-milioane-de-lei-din-pndl-3\/\">emaramures.ro<\/a>. Este vorba despre firma Nordexpert Consulting SRL, cu sediul \u00een Baia Mare, \u00eenfiin\u021bat\u0103 \u00een urm\u0103 cu zece ani, cu zero angaja\u021bi \u0219i zero activitate p\u00e2n\u0103 acum.<\/span><\/p>\n<p align=\"left\"><span lang=\"ro-RO\">Acum, prin programul Anghel Saligny, Nordexpert Consulting SRL \u0219i-a adjudecat 15 contracte de consultan\u021b\u0103 \u00een valoare de 1,4 milioane de lei. Conform emaramures.ro, contractele respective au fost \u00eencredin\u021bate direct, f\u0103r\u0103 licita\u021bie.<\/span><\/p>\n<p align=\"left\"><img fetchpriority=\"high\" decoding=\"async\" class=\"alignnone size-full wp-image-19312 jetpack-lazy-image jetpack-lazy-image--handled td-animation-stack-type0-2\" src=\"https:\/\/jurnalist.ro\/wp-content\/uploads\/2021\/10\/11.jpg\" sizes=\"(max-width: 1024px) 100vw, 1024px\" srcset=\"https:\/\/jurnalist.ro\/wp-content\/uploads\/2021\/10\/11.jpg 1024w, https:\/\/jurnalist.ro\/wp-content\/uploads\/2021\/10\/11-300x80.jpg 300w, https:\/\/jurnalist.ro\/wp-content\/uploads\/2021\/10\/11-768x204.jpg 768w, https:\/\/jurnalist.ro\/wp-content\/uploads\/2021\/10\/11-150x40.jpg 150w, https:\/\/jurnalist.ro\/wp-content\/uploads\/2021\/10\/11-600x159.jpg 600w, https:\/\/jurnalist.ro\/wp-content\/uploads\/2021\/10\/11-696x185.jpg 696w\" alt=\"\" width=\"1024\" height=\"272\" data-lazy-loaded=\"1\" \/><\/p>\n<p align=\"left\"><span lang=\"ro-RO\">Sursa citat\u0103<\/span><span lang=\"ro-RO\">\u00a0mai explic\u0103 c\u0103 printre ac\u021bionarii firmei se reg\u0103sesc mai mul\u021bi liberali, printre care \u0219i Ioan C\u0103lin Bota, fost\u00a0<\/span><span lang=\"ro-RO\">consilier<\/span><span lang=\"ro-RO\">\u00a0local, actual\u00a0<\/span><span lang=\"ro-RO\">deputat<\/span><span lang=\"ro-RO\"> \u0219i pre\u0219edinte PNL Baia Mare. De firm\u0103 ar mai fi legat \u0219i numele lui Bondici \u0218erban Marius, consilier local PNL \u00een prim\u0103ria Baia Mare \u00een perioada 2012-2016. (conf. <a href=\"http:\/\/www.jurnalist.ro\">Jurnalist.ro<\/a>)<\/span><\/p>\n","protected":false},"excerpt":{"rendered":"<p>O firm\u0103 printre ac\u021bionarii c\u0103reia se reg\u0103sesc mai mul\u021bi membri din PNL\u00a0a c\u00e2\u0219tigat, prin intermediul programului PNDL 3, 15 contracte<\/p>\n","protected":false},"author":1,"featured_media":5389,"comment_status":"open","ping_status":"open","sticky":false,"template":"","format":"standard","meta":{"colormag_page_container_layout":"default_layout","colormag_page_sidebar_layout":"default_layout","footnotes":""},"categories":[8],"tags":[],"class_list":["post-5388","post","type-post","status-publish","format-standard","has-post-thumbnail","hentry","category-div"],"yoast_head":"<!-- This site is optimized with the Yoast SEO plugin v27.0 - https:\/\/yoast.com\/product\/yoast-seo-wordpress\/ -->\n<title>PNDL 3: O firm\u0103 condus\u0103 de liberali, 15 contracte \u00een 10 zile - MHF Photography<\/title>\n<meta name=\"robots\" content=\"index, follow, max-snippet:-1, max-image-preview:large, max-video-preview:-1\" \/>\n<link rel=\"canonical\" href=\"https:\/\/mhf.ro\/mm\/pndl-3-o-firma-condusa-de-liberali-15-contracte-in-10-zile\/\" \/>\n<meta property=\"og:locale\" content=\"ro_RO\" \/>\n<meta property=\"og:type\" content=\"article\" \/>\n<meta property=\"og:title\" content=\"PNDL 3: O firm\u0103 condus\u0103 de liberali, 15 contracte \u00een 10 zile - MHF Photography\" \/>\n<meta property=\"og:description\" content=\"O firm\u0103 printre ac\u021bionarii c\u0103reia se reg\u0103sesc mai mul\u021bi membri din PNL\u00a0a c\u00e2\u0219tigat, prin intermediul programului PNDL 3, 15 contracte\" \/>\n<meta property=\"og:url\" content=\"https:\/\/mhf.ro\/mm\/pndl-3-o-firma-condusa-de-liberali-15-contracte-in-10-zile\/\" \/>\n<meta property=\"og:site_name\" content=\"MHF Photography\" \/>\n<meta property=\"article:published_time\" content=\"2021-10-14T13:42:59+00:00\" \/>\n<meta property=\"og:image\" content=\"https:\/\/mhf.ro\/mm\/wp-content\/uploads\/2021\/10\/pnl1.jpg\" \/>\n\t<meta property=\"og:image:width\" content=\"1000\" \/>\n\t<meta property=\"og:image:height\" content=\"600\" \/>\n\t<meta property=\"og:image:type\" content=\"image\/jpeg\" \/>\n<meta name=\"author\" content=\"Marius Marcu\" \/>\n<meta name=\"twitter:card\" content=\"summary_large_image\" \/>\n<meta name=\"twitter:label1\" content=\"Scris de\" \/>\n\t<meta name=\"twitter:data1\" content=\"Marius Marcu\" \/>\n\t<meta name=\"twitter:label2\" content=\"Timp estimat pentru citire\" \/>\n\t<meta name=\"twitter:data2\" content=\"1 minut\" \/>\n<script type=\"application\/ld+json\" class=\"yoast-schema-graph\">{\"@context\":\"https:\/\/schema.org\",\"@graph\":[{\"@type\":\"Article\",\"@id\":\"https:\/\/mhf.ro\/mm\/pndl-3-o-firma-condusa-de-liberali-15-contracte-in-10-zile\/#article\",\"isPartOf\":{\"@id\":\"https:\/\/mhf.ro\/mm\/pndl-3-o-firma-condusa-de-liberali-15-contracte-in-10-zile\/\"},\"author\":{\"name\":\"Marius Marcu\",\"@id\":\"https:\/\/mhf.ro\/mm\/#\/schema\/person\/a3bebf7bdb4bf12f698aff73c7e46c21\"},\"headline\":\"PNDL 3: O firm\u0103 condus\u0103 de liberali, 15 contracte \u00een 10 zile\",\"datePublished\":\"2021-10-14T13:42:59+00:00\",\"mainEntityOfPage\":{\"@id\":\"https:\/\/mhf.ro\/mm\/pndl-3-o-firma-condusa-de-liberali-15-contracte-in-10-zile\/\"},\"wordCount\":168,\"commentCount\":0,\"publisher\":{\"@id\":\"https:\/\/mhf.ro\/mm\/#\/schema\/person\/a3bebf7bdb4bf12f698aff73c7e46c21\"},\"image\":{\"@id\":\"https:\/\/mhf.ro\/mm\/pndl-3-o-firma-condusa-de-liberali-15-contracte-in-10-zile\/#primaryimage\"},\"thumbnailUrl\":\"https:\/\/mhf.ro\/mm\/wp-content\/uploads\/2021\/10\/pnl1.jpg\",\"articleSection\":[\"Diverse\"],\"inLanguage\":\"ro-RO\",\"potentialAction\":[{\"@type\":\"CommentAction\",\"name\":\"Comment\",\"target\":[\"https:\/\/mhf.ro\/mm\/pndl-3-o-firma-condusa-de-liberali-15-contracte-in-10-zile\/#respond\"]}]},{\"@type\":\"WebPage\",\"@id\":\"https:\/\/mhf.ro\/mm\/pndl-3-o-firma-condusa-de-liberali-15-contracte-in-10-zile\/\",\"url\":\"https:\/\/mhf.ro\/mm\/pndl-3-o-firma-condusa-de-liberali-15-contracte-in-10-zile\/\",\"name\":\"PNDL 3: O firm\u0103 condus\u0103 de liberali, 15 contracte \u00een 10 zile - MHF Photography\",\"isPartOf\":{\"@id\":\"https:\/\/mhf.ro\/mm\/#website\"},\"primaryImageOfPage\":{\"@id\":\"https:\/\/mhf.ro\/mm\/pndl-3-o-firma-condusa-de-liberali-15-contracte-in-10-zile\/#primaryimage\"},\"image\":{\"@id\":\"https:\/\/mhf.ro\/mm\/pndl-3-o-firma-condusa-de-liberali-15-contracte-in-10-zile\/#primaryimage\"},\"thumbnailUrl\":\"https:\/\/mhf.ro\/mm\/wp-content\/uploads\/2021\/10\/pnl1.jpg\",\"datePublished\":\"2021-10-14T13:42:59+00:00\",\"breadcrumb\":{\"@id\":\"https:\/\/mhf.ro\/mm\/pndl-3-o-firma-condusa-de-liberali-15-contracte-in-10-zile\/#breadcrumb\"},\"inLanguage\":\"ro-RO\",\"potentialAction\":[{\"@type\":\"ReadAction\",\"target\":[\"https:\/\/mhf.ro\/mm\/pndl-3-o-firma-condusa-de-liberali-15-contracte-in-10-zile\/\"]}]},{\"@type\":\"ImageObject\",\"inLanguage\":\"ro-RO\",\"@id\":\"https:\/\/mhf.ro\/mm\/pndl-3-o-firma-condusa-de-liberali-15-contracte-in-10-zile\/#primaryimage\",\"url\":\"https:\/\/mhf.ro\/mm\/wp-content\/uploads\/2021\/10\/pnl1.jpg\",\"contentUrl\":\"https:\/\/mhf.ro\/mm\/wp-content\/uploads\/2021\/10\/pnl1.jpg\",\"width\":1000,\"height\":600},{\"@type\":\"BreadcrumbList\",\"@id\":\"https:\/\/mhf.ro\/mm\/pndl-3-o-firma-condusa-de-liberali-15-contracte-in-10-zile\/#breadcrumb\",\"itemListElement\":[{\"@type\":\"ListItem\",\"position\":1,\"name\":\"Prima pagin\u0103\",\"item\":\"https:\/\/mhf.ro\/mm\/\"},{\"@type\":\"ListItem\",\"position\":2,\"name\":\"PNDL 3: O firm\u0103 condus\u0103 de liberali, 15 contracte \u00een 10 zile\"}]},{\"@type\":\"WebSite\",\"@id\":\"https:\/\/mhf.ro\/mm\/#website\",\"url\":\"https:\/\/mhf.ro\/mm\/\",\"name\":\"MHF Photography \u2013 Blog de fotografie, natur\u0103 \u0219i tehnic\u0103 divers\u0103\",\"description\":\"Aventur\u0103 \u00een fiecare cadru.\",\"publisher\":{\"@id\":\"https:\/\/mhf.ro\/mm\/#\/schema\/person\/a3bebf7bdb4bf12f698aff73c7e46c21\"},\"potentialAction\":[{\"@type\":\"SearchAction\",\"target\":{\"@type\":\"EntryPoint\",\"urlTemplate\":\"https:\/\/mhf.ro\/mm\/?s={search_term_string}\"},\"query-input\":{\"@type\":\"PropertyValueSpecification\",\"valueRequired\":true,\"valueName\":\"search_term_string\"}}],\"inLanguage\":\"ro-RO\"},{\"@type\":[\"Person\",\"Organization\"],\"@id\":\"https:\/\/mhf.ro\/mm\/#\/schema\/person\/a3bebf7bdb4bf12f698aff73c7e46c21\",\"name\":\"Marius Marcu\",\"image\":{\"@type\":\"ImageObject\",\"inLanguage\":\"ro-RO\",\"@id\":\"https:\/\/mhf.ro\/mm\/#\/schema\/person\/image\/\",\"url\":\"https:\/\/mhf.ro\/mm\/wp-content\/uploads\/2025\/12\/cropped-logo_mhf_2.png\",\"contentUrl\":\"https:\/\/mhf.ro\/mm\/wp-content\/uploads\/2025\/12\/cropped-logo_mhf_2.png\",\"width\":1096,\"height\":457,\"caption\":\"Marius Marcu\"},\"logo\":{\"@id\":\"https:\/\/mhf.ro\/mm\/#\/schema\/person\/image\/\"},\"sameAs\":[\"https:\/\/mhf.ro\/mm\"],\"url\":\"https:\/\/mhf.ro\/mm\/author\/mihai\/\"}]}<\/script>\n<!-- \/ Yoast SEO plugin. -->","yoast_head_json":{"title":"PNDL 3: O firm\u0103 condus\u0103 de liberali, 15 contracte \u00een 10 zile - MHF Photography","robots":{"index":"index","follow":"follow","max-snippet":"max-snippet:-1","max-image-preview":"max-image-preview:large","max-video-preview":"max-video-preview:-1"},"canonical":"https:\/\/mhf.ro\/mm\/pndl-3-o-firma-condusa-de-liberali-15-contracte-in-10-zile\/","og_locale":"ro_RO","og_type":"article","og_title":"PNDL 3: O firm\u0103 condus\u0103 de liberali, 15 contracte \u00een 10 zile - MHF Photography","og_description":"O firm\u0103 printre ac\u021bionarii c\u0103reia se reg\u0103sesc mai mul\u021bi membri din PNL\u00a0a c\u00e2\u0219tigat, prin intermediul programului PNDL 3, 15 contracte","og_url":"https:\/\/mhf.ro\/mm\/pndl-3-o-firma-condusa-de-liberali-15-contracte-in-10-zile\/","og_site_name":"MHF Photography","article_published_time":"2021-10-14T13:42:59+00:00","og_image":[{"width":1000,"height":600,"url":"https:\/\/mhf.ro\/mm\/wp-content\/uploads\/2021\/10\/pnl1.jpg","type":"image\/jpeg"}],"author":"Marius Marcu","twitter_card":"summary_large_image","twitter_misc":{"Scris de":"Marius Marcu","Timp estimat pentru citire":"1 minut"},"schema":{"@context":"https:\/\/schema.org","@graph":[{"@type":"Article","@id":"https:\/\/mhf.ro\/mm\/pndl-3-o-firma-condusa-de-liberali-15-contracte-in-10-zile\/#article","isPartOf":{"@id":"https:\/\/mhf.ro\/mm\/pndl-3-o-firma-condusa-de-liberali-15-contracte-in-10-zile\/"},"author":{"name":"Marius Marcu","@id":"https:\/\/mhf.ro\/mm\/#\/schema\/person\/a3bebf7bdb4bf12f698aff73c7e46c21"},"headline":"PNDL 3: O firm\u0103 condus\u0103 de liberali, 15 contracte \u00een 10 zile","datePublished":"2021-10-14T13:42:59+00:00","mainEntityOfPage":{"@id":"https:\/\/mhf.ro\/mm\/pndl-3-o-firma-condusa-de-liberali-15-contracte-in-10-zile\/"},"wordCount":168,"commentCount":0,"publisher":{"@id":"https:\/\/mhf.ro\/mm\/#\/schema\/person\/a3bebf7bdb4bf12f698aff73c7e46c21"},"image":{"@id":"https:\/\/mhf.ro\/mm\/pndl-3-o-firma-condusa-de-liberali-15-contracte-in-10-zile\/#primaryimage"},"thumbnailUrl":"https:\/\/mhf.ro\/mm\/wp-content\/uploads\/2021\/10\/pnl1.jpg","articleSection":["Diverse"],"inLanguage":"ro-RO","potentialAction":[{"@type":"CommentAction","name":"Comment","target":["https:\/\/mhf.ro\/mm\/pndl-3-o-firma-condusa-de-liberali-15-contracte-in-10-zile\/#respond"]}]},{"@type":"WebPage","@id":"https:\/\/mhf.ro\/mm\/pndl-3-o-firma-condusa-de-liberali-15-contracte-in-10-zile\/","url":"https:\/\/mhf.ro\/mm\/pndl-3-o-firma-condusa-de-liberali-15-contracte-in-10-zile\/","name":"PNDL 3: O firm\u0103 condus\u0103 de liberali, 15 contracte \u00een 10 zile - MHF Photography","isPartOf":{"@id":"https:\/\/mhf.ro\/mm\/#website"},"primaryImageOfPage":{"@id":"https:\/\/mhf.ro\/mm\/pndl-3-o-firma-condusa-de-liberali-15-contracte-in-10-zile\/#primaryimage"},"image":{"@id":"https:\/\/mhf.ro\/mm\/pndl-3-o-firma-condusa-de-liberali-15-contracte-in-10-zile\/#primaryimage"},"thumbnailUrl":"https:\/\/mhf.ro\/mm\/wp-content\/uploads\/2021\/10\/pnl1.jpg","datePublished":"2021-10-14T13:42:59+00:00","breadcrumb":{"@id":"https:\/\/mhf.ro\/mm\/pndl-3-o-firma-condusa-de-liberali-15-contracte-in-10-zile\/#breadcrumb"},"inLanguage":"ro-RO","potentialAction":[{"@type":"ReadAction","target":["https:\/\/mhf.ro\/mm\/pndl-3-o-firma-condusa-de-liberali-15-contracte-in-10-zile\/"]}]},{"@type":"ImageObject","inLanguage":"ro-RO","@id":"https:\/\/mhf.ro\/mm\/pndl-3-o-firma-condusa-de-liberali-15-contracte-in-10-zile\/#primaryimage","url":"https:\/\/mhf.ro\/mm\/wp-content\/uploads\/2021\/10\/pnl1.jpg","contentUrl":"https:\/\/mhf.ro\/mm\/wp-content\/uploads\/2021\/10\/pnl1.jpg","width":1000,"height":600},{"@type":"BreadcrumbList","@id":"https:\/\/mhf.ro\/mm\/pndl-3-o-firma-condusa-de-liberali-15-contracte-in-10-zile\/#breadcrumb","itemListElement":[{"@type":"ListItem","position":1,"name":"Prima pagin\u0103","item":"https:\/\/mhf.ro\/mm\/"},{"@type":"ListItem","position":2,"name":"PNDL 3: O firm\u0103 condus\u0103 de liberali, 15 contracte \u00een 10 zile"}]},{"@type":"WebSite","@id":"https:\/\/mhf.ro\/mm\/#website","url":"https:\/\/mhf.ro\/mm\/","name":"MHF Photography \u2013 Blog de fotografie, natur\u0103 \u0219i tehnic\u0103 divers\u0103","description":"Aventur\u0103 \u00een fiecare cadru.","publisher":{"@id":"https:\/\/mhf.ro\/mm\/#\/schema\/person\/a3bebf7bdb4bf12f698aff73c7e46c21"},"potentialAction":[{"@type":"SearchAction","target":{"@type":"EntryPoint","urlTemplate":"https:\/\/mhf.ro\/mm\/?s={search_term_string}"},"query-input":{"@type":"PropertyValueSpecification","valueRequired":true,"valueName":"search_term_string"}}],"inLanguage":"ro-RO"},{"@type":["Person","Organization"],"@id":"https:\/\/mhf.ro\/mm\/#\/schema\/person\/a3bebf7bdb4bf12f698aff73c7e46c21","name":"Marius Marcu","image":{"@type":"ImageObject","inLanguage":"ro-RO","@id":"https:\/\/mhf.ro\/mm\/#\/schema\/person\/image\/","url":"https:\/\/mhf.ro\/mm\/wp-content\/uploads\/2025\/12\/cropped-logo_mhf_2.png","contentUrl":"https:\/\/mhf.ro\/mm\/wp-content\/uploads\/2025\/12\/cropped-logo_mhf_2.png","width":1096,"height":457,"caption":"Marius Marcu"},"logo":{"@id":"https:\/\/mhf.ro\/mm\/#\/schema\/person\/image\/"},"sameAs":["https:\/\/mhf.ro\/mm"],"url":"https:\/\/mhf.ro\/mm\/author\/mihai\/"}]}},"_links":{"self":[{"href":"https:\/\/mhf.ro\/mm\/wp-json\/wp\/v2\/posts\/5388","targetHints":{"allow":["GET"]}}],"collection":[{"href":"https:\/\/mhf.ro\/mm\/wp-json\/wp\/v2\/posts"}],"about":[{"href":"https:\/\/mhf.ro\/mm\/wp-json\/wp\/v2\/types\/post"}],"author":[{"embeddable":true,"href":"https:\/\/mhf.ro\/mm\/wp-json\/wp\/v2\/users\/1"}],"replies":[{"embeddable":true,"href":"https:\/\/mhf.ro\/mm\/wp-json\/wp\/v2\/comments?post=5388"}],"version-history":[{"count":1,"href":"https:\/\/mhf.ro\/mm\/wp-json\/wp\/v2\/posts\/5388\/revisions"}],"predecessor-version":[{"id":5390,"href":"https:\/\/mhf.ro\/mm\/wp-json\/wp\/v2\/posts\/5388\/revisions\/5390"}],"wp:featuredmedia":[{"embeddable":true,"href":"https:\/\/mhf.ro\/mm\/wp-json\/wp\/v2\/media\/5389"}],"wp:attachment":[{"href":"https:\/\/mhf.ro\/mm\/wp-json\/wp\/v2\/media?parent=5388"}],"wp:term":[{"taxonomy":"category","embeddable":true,"href":"https:\/\/mhf.ro\/mm\/wp-json\/wp\/v2\/categories?post=5388"},{"taxonomy":"post_tag","embeddable":true,"href":"https:\/\/mhf.ro\/mm\/wp-json\/wp\/v2\/tags?post=5388"}],"curies":[{"name":"wp","href":"https:\/\/api.w.org\/{rel}","templated":true}]}}