{"id":5392,"date":"2021-10-15T07:29:39","date_gmt":"2021-10-15T05:29:39","guid":{"rendered":"https:\/\/mhf.ro\/mm\/?p=5392"},"modified":"2021-10-15T07:29:39","modified_gmt":"2021-10-15T05:29:39","slug":"ventilatoare-si-milioane-de-masti-blocate-la-unifarm","status":"publish","type":"post","link":"https:\/\/mhf.ro\/mm\/ventilatoare-si-milioane-de-masti-blocate-la-unifarm\/","title":{"rendered":"Ventilatoare \u0219i milioane de m\u0103\u0219ti, blocate la Unifarm"},"content":{"rendered":"<p class=\"title\">\u00cen plin val 4 al pandemiei de Covid-19, sute de ventilatoare \u0219i zeci de milioane de m\u0103\u0219ti \u0219i echipamente medicale \u00een valoare de 650 de milioane de lei sunt blocate \u00een depozitele Unifarm, a anun\u021bat joi compania de stat. Reprezentan\u021bii acesteia spun v\u0103 vor s\u0103 cedeze stocul Departamentului pentru Situa\u021bii de Urgen\u021b\u0103, \u00eens\u0103 este nevoie de o modificare legislativ\u0103.<\/p>\n<div>\n<p>\u201eAchizi\u021bionarea stocului pentru combaterea pandemiei COVID-19 a fost realizat\u0103 \u00een mod excep\u021bional, \u00een condi\u021biile unei pie\u021be extrem de volatile, \u00een perioada st\u0103rii de urgen\u021b\u0103 din anul 2020, cu o finan\u021bare calificat\u0103 eronat la acel moment drept credit comercial, iar evolu\u021bia ulterioar\u0103 a pre\u021burilor a cauzat nevandabilitatea \u0219i blocarea acestui stoc din cauza calific\u0103rii gre\u0219ite a opera\u021biunii de finan\u021bare a achizi\u021biei.<\/p>\n<p>Deblocarea de urgen\u021b\u0103 a acestui stoc pentru care Statul Rom\u00e2n a cheltuit sume impresionante de bani este impus\u0103 de evolu\u021bia negativ\u0103 a pandemiei \u0219i de necesitatea ca autorit\u0103\u021bile s\u0103 nu cheltuiasc\u0103 noi resurse financiare pentru achizi\u021bionarea altor produse identice.<\/p>\n<p>\u00cen vederea concretiz\u0103rii urgente a solu\u021biei propuse, \u00een actualul context politic, este necesar\u0103 aprobarea \u00een regim de urgen\u021b\u0103, cu amendamente, a OUG nr. 29\/2020, astfel \u00eenc\u00e2t materialele \u0219i echipamentele s\u0103 ajung\u0103 imediat \u00een sistemul sanitar.\u201d, a transmis conducerea companiei.<\/p>\n<p>\u00cen depozitele Unifarm zac nefolosite, printre altele, 310 ventilatoare, 80 de ventilatoare mobile, 27 de milioane de m\u0103\u0219ti, ochelari \u0219i combinezoane de protec\u021bie, dezinfectan\u021bi \u0219i alte materiale sanitare \u0219i dispozitive medicale. (conf. Jurnalist.ro)<\/p>\n<\/div>\n","protected":false},"excerpt":{"rendered":"<p>\u00cen plin val 4 al pandemiei de Covid-19, sute de ventilatoare \u0219i zeci de milioane de m\u0103\u0219ti \u0219i echipamente medicale<\/p>\n","protected":false},"author":1,"featured_media":5393,"comment_status":"open","ping_status":"open","sticky":false,"template":"","format":"standard","meta":{"colormag_page_container_layout":"default_layout","colormag_page_sidebar_layout":"default_layout","footnotes":""},"categories":[5],"tags":[],"class_list":["post-5392","post","type-post","status-publish","format-standard","has-post-thumbnail","hentry","category-locale"],"yoast_head":"<!-- This site is optimized with the Yoast SEO plugin v27.0 - https:\/\/yoast.com\/product\/yoast-seo-wordpress\/ -->\n<title>Ventilatoare \u0219i milioane de m\u0103\u0219ti, blocate la Unifarm - MHF Photography<\/title>\n<meta name=\"robots\" content=\"index, follow, max-snippet:-1, max-image-preview:large, max-video-preview:-1\" \/>\n<link rel=\"canonical\" href=\"https:\/\/mhf.ro\/mm\/ventilatoare-si-milioane-de-masti-blocate-la-unifarm\/\" \/>\n<meta property=\"og:locale\" content=\"ro_RO\" \/>\n<meta property=\"og:type\" content=\"article\" \/>\n<meta property=\"og:title\" content=\"Ventilatoare \u0219i milioane de m\u0103\u0219ti, blocate la Unifarm - MHF Photography\" \/>\n<meta property=\"og:description\" content=\"\u00cen plin val 4 al pandemiei de Covid-19, sute de ventilatoare \u0219i zeci de milioane de m\u0103\u0219ti \u0219i echipamente medicale\" \/>\n<meta property=\"og:url\" content=\"https:\/\/mhf.ro\/mm\/ventilatoare-si-milioane-de-masti-blocate-la-unifarm\/\" \/>\n<meta property=\"og:site_name\" content=\"MHF Photography\" \/>\n<meta property=\"article:published_time\" content=\"2021-10-15T05:29:39+00:00\" \/>\n<meta property=\"og:image\" content=\"https:\/\/mhf.ro\/mm\/wp-content\/uploads\/2021\/10\/masti.jpg\" \/>\n\t<meta property=\"og:image:width\" content=\"799\" \/>\n\t<meta property=\"og:image:height\" content=\"481\" \/>\n\t<meta property=\"og:image:type\" content=\"image\/jpeg\" \/>\n<meta name=\"author\" content=\"Marius Marcu\" \/>\n<meta name=\"twitter:card\" content=\"summary_large_image\" \/>\n<meta name=\"twitter:label1\" content=\"Scris de\" \/>\n\t<meta name=\"twitter:data1\" content=\"Marius Marcu\" \/>\n\t<meta name=\"twitter:label2\" content=\"Timp estimat pentru citire\" \/>\n\t<meta name=\"twitter:data2\" content=\"1 minut\" \/>\n<script type=\"application\/ld+json\" class=\"yoast-schema-graph\">{\"@context\":\"https:\/\/schema.org\",\"@graph\":[{\"@type\":\"Article\",\"@id\":\"https:\/\/mhf.ro\/mm\/ventilatoare-si-milioane-de-masti-blocate-la-unifarm\/#article\",\"isPartOf\":{\"@id\":\"https:\/\/mhf.ro\/mm\/ventilatoare-si-milioane-de-masti-blocate-la-unifarm\/\"},\"author\":{\"name\":\"Marius Marcu\",\"@id\":\"https:\/\/mhf.ro\/mm\/#\/schema\/person\/a3bebf7bdb4bf12f698aff73c7e46c21\"},\"headline\":\"Ventilatoare \u0219i milioane de m\u0103\u0219ti, blocate la Unifarm\",\"datePublished\":\"2021-10-15T05:29:39+00:00\",\"mainEntityOfPage\":{\"@id\":\"https:\/\/mhf.ro\/mm\/ventilatoare-si-milioane-de-masti-blocate-la-unifarm\/\"},\"wordCount\":260,\"commentCount\":0,\"publisher\":{\"@id\":\"https:\/\/mhf.ro\/mm\/#\/schema\/person\/a3bebf7bdb4bf12f698aff73c7e46c21\"},\"image\":{\"@id\":\"https:\/\/mhf.ro\/mm\/ventilatoare-si-milioane-de-masti-blocate-la-unifarm\/#primaryimage\"},\"thumbnailUrl\":\"https:\/\/mhf.ro\/mm\/wp-content\/uploads\/2021\/10\/masti.jpg\",\"articleSection\":[\"Locale\"],\"inLanguage\":\"ro-RO\",\"potentialAction\":[{\"@type\":\"CommentAction\",\"name\":\"Comment\",\"target\":[\"https:\/\/mhf.ro\/mm\/ventilatoare-si-milioane-de-masti-blocate-la-unifarm\/#respond\"]}]},{\"@type\":\"WebPage\",\"@id\":\"https:\/\/mhf.ro\/mm\/ventilatoare-si-milioane-de-masti-blocate-la-unifarm\/\",\"url\":\"https:\/\/mhf.ro\/mm\/ventilatoare-si-milioane-de-masti-blocate-la-unifarm\/\",\"name\":\"Ventilatoare \u0219i milioane de m\u0103\u0219ti, blocate la Unifarm - MHF Photography\",\"isPartOf\":{\"@id\":\"https:\/\/mhf.ro\/mm\/#website\"},\"primaryImageOfPage\":{\"@id\":\"https:\/\/mhf.ro\/mm\/ventilatoare-si-milioane-de-masti-blocate-la-unifarm\/#primaryimage\"},\"image\":{\"@id\":\"https:\/\/mhf.ro\/mm\/ventilatoare-si-milioane-de-masti-blocate-la-unifarm\/#primaryimage\"},\"thumbnailUrl\":\"https:\/\/mhf.ro\/mm\/wp-content\/uploads\/2021\/10\/masti.jpg\",\"datePublished\":\"2021-10-15T05:29:39+00:00\",\"breadcrumb\":{\"@id\":\"https:\/\/mhf.ro\/mm\/ventilatoare-si-milioane-de-masti-blocate-la-unifarm\/#breadcrumb\"},\"inLanguage\":\"ro-RO\",\"potentialAction\":[{\"@type\":\"ReadAction\",\"target\":[\"https:\/\/mhf.ro\/mm\/ventilatoare-si-milioane-de-masti-blocate-la-unifarm\/\"]}]},{\"@type\":\"ImageObject\",\"inLanguage\":\"ro-RO\",\"@id\":\"https:\/\/mhf.ro\/mm\/ventilatoare-si-milioane-de-masti-blocate-la-unifarm\/#primaryimage\",\"url\":\"https:\/\/mhf.ro\/mm\/wp-content\/uploads\/2021\/10\/masti.jpg\",\"contentUrl\":\"https:\/\/mhf.ro\/mm\/wp-content\/uploads\/2021\/10\/masti.jpg\",\"width\":799,\"height\":481},{\"@type\":\"BreadcrumbList\",\"@id\":\"https:\/\/mhf.ro\/mm\/ventilatoare-si-milioane-de-masti-blocate-la-unifarm\/#breadcrumb\",\"itemListElement\":[{\"@type\":\"ListItem\",\"position\":1,\"name\":\"Prima pagin\u0103\",\"item\":\"https:\/\/mhf.ro\/mm\/\"},{\"@type\":\"ListItem\",\"position\":2,\"name\":\"Ventilatoare \u0219i milioane de m\u0103\u0219ti, blocate la Unifarm\"}]},{\"@type\":\"WebSite\",\"@id\":\"https:\/\/mhf.ro\/mm\/#website\",\"url\":\"https:\/\/mhf.ro\/mm\/\",\"name\":\"MHF Photography \u2013 Blog de fotografie, natur\u0103 \u0219i tehnic\u0103 divers\u0103\",\"description\":\"Aventur\u0103 \u00een fiecare cadru.\",\"publisher\":{\"@id\":\"https:\/\/mhf.ro\/mm\/#\/schema\/person\/a3bebf7bdb4bf12f698aff73c7e46c21\"},\"potentialAction\":[{\"@type\":\"SearchAction\",\"target\":{\"@type\":\"EntryPoint\",\"urlTemplate\":\"https:\/\/mhf.ro\/mm\/?s={search_term_string}\"},\"query-input\":{\"@type\":\"PropertyValueSpecification\",\"valueRequired\":true,\"valueName\":\"search_term_string\"}}],\"inLanguage\":\"ro-RO\"},{\"@type\":[\"Person\",\"Organization\"],\"@id\":\"https:\/\/mhf.ro\/mm\/#\/schema\/person\/a3bebf7bdb4bf12f698aff73c7e46c21\",\"name\":\"Marius Marcu\",\"image\":{\"@type\":\"ImageObject\",\"inLanguage\":\"ro-RO\",\"@id\":\"https:\/\/mhf.ro\/mm\/#\/schema\/person\/image\/\",\"url\":\"https:\/\/mhf.ro\/mm\/wp-content\/uploads\/2025\/12\/cropped-logo_mhf_2.png\",\"contentUrl\":\"https:\/\/mhf.ro\/mm\/wp-content\/uploads\/2025\/12\/cropped-logo_mhf_2.png\",\"width\":1096,\"height\":457,\"caption\":\"Marius Marcu\"},\"logo\":{\"@id\":\"https:\/\/mhf.ro\/mm\/#\/schema\/person\/image\/\"},\"sameAs\":[\"https:\/\/mhf.ro\/mm\"],\"url\":\"https:\/\/mhf.ro\/mm\/author\/mihai\/\"}]}<\/script>\n<!-- \/ Yoast SEO plugin. -->","yoast_head_json":{"title":"Ventilatoare \u0219i milioane de m\u0103\u0219ti, blocate la Unifarm - MHF Photography","robots":{"index":"index","follow":"follow","max-snippet":"max-snippet:-1","max-image-preview":"max-image-preview:large","max-video-preview":"max-video-preview:-1"},"canonical":"https:\/\/mhf.ro\/mm\/ventilatoare-si-milioane-de-masti-blocate-la-unifarm\/","og_locale":"ro_RO","og_type":"article","og_title":"Ventilatoare \u0219i milioane de m\u0103\u0219ti, blocate la Unifarm - MHF Photography","og_description":"\u00cen plin val 4 al pandemiei de Covid-19, sute de ventilatoare \u0219i zeci de milioane de m\u0103\u0219ti \u0219i echipamente medicale","og_url":"https:\/\/mhf.ro\/mm\/ventilatoare-si-milioane-de-masti-blocate-la-unifarm\/","og_site_name":"MHF Photography","article_published_time":"2021-10-15T05:29:39+00:00","og_image":[{"width":799,"height":481,"url":"https:\/\/mhf.ro\/mm\/wp-content\/uploads\/2021\/10\/masti.jpg","type":"image\/jpeg"}],"author":"Marius Marcu","twitter_card":"summary_large_image","twitter_misc":{"Scris de":"Marius Marcu","Timp estimat pentru citire":"1 minut"},"schema":{"@context":"https:\/\/schema.org","@graph":[{"@type":"Article","@id":"https:\/\/mhf.ro\/mm\/ventilatoare-si-milioane-de-masti-blocate-la-unifarm\/#article","isPartOf":{"@id":"https:\/\/mhf.ro\/mm\/ventilatoare-si-milioane-de-masti-blocate-la-unifarm\/"},"author":{"name":"Marius Marcu","@id":"https:\/\/mhf.ro\/mm\/#\/schema\/person\/a3bebf7bdb4bf12f698aff73c7e46c21"},"headline":"Ventilatoare \u0219i milioane de m\u0103\u0219ti, blocate la Unifarm","datePublished":"2021-10-15T05:29:39+00:00","mainEntityOfPage":{"@id":"https:\/\/mhf.ro\/mm\/ventilatoare-si-milioane-de-masti-blocate-la-unifarm\/"},"wordCount":260,"commentCount":0,"publisher":{"@id":"https:\/\/mhf.ro\/mm\/#\/schema\/person\/a3bebf7bdb4bf12f698aff73c7e46c21"},"image":{"@id":"https:\/\/mhf.ro\/mm\/ventilatoare-si-milioane-de-masti-blocate-la-unifarm\/#primaryimage"},"thumbnailUrl":"https:\/\/mhf.ro\/mm\/wp-content\/uploads\/2021\/10\/masti.jpg","articleSection":["Locale"],"inLanguage":"ro-RO","potentialAction":[{"@type":"CommentAction","name":"Comment","target":["https:\/\/mhf.ro\/mm\/ventilatoare-si-milioane-de-masti-blocate-la-unifarm\/#respond"]}]},{"@type":"WebPage","@id":"https:\/\/mhf.ro\/mm\/ventilatoare-si-milioane-de-masti-blocate-la-unifarm\/","url":"https:\/\/mhf.ro\/mm\/ventilatoare-si-milioane-de-masti-blocate-la-unifarm\/","name":"Ventilatoare \u0219i milioane de m\u0103\u0219ti, blocate la Unifarm - MHF Photography","isPartOf":{"@id":"https:\/\/mhf.ro\/mm\/#website"},"primaryImageOfPage":{"@id":"https:\/\/mhf.ro\/mm\/ventilatoare-si-milioane-de-masti-blocate-la-unifarm\/#primaryimage"},"image":{"@id":"https:\/\/mhf.ro\/mm\/ventilatoare-si-milioane-de-masti-blocate-la-unifarm\/#primaryimage"},"thumbnailUrl":"https:\/\/mhf.ro\/mm\/wp-content\/uploads\/2021\/10\/masti.jpg","datePublished":"2021-10-15T05:29:39+00:00","breadcrumb":{"@id":"https:\/\/mhf.ro\/mm\/ventilatoare-si-milioane-de-masti-blocate-la-unifarm\/#breadcrumb"},"inLanguage":"ro-RO","potentialAction":[{"@type":"ReadAction","target":["https:\/\/mhf.ro\/mm\/ventilatoare-si-milioane-de-masti-blocate-la-unifarm\/"]}]},{"@type":"ImageObject","inLanguage":"ro-RO","@id":"https:\/\/mhf.ro\/mm\/ventilatoare-si-milioane-de-masti-blocate-la-unifarm\/#primaryimage","url":"https:\/\/mhf.ro\/mm\/wp-content\/uploads\/2021\/10\/masti.jpg","contentUrl":"https:\/\/mhf.ro\/mm\/wp-content\/uploads\/2021\/10\/masti.jpg","width":799,"height":481},{"@type":"BreadcrumbList","@id":"https:\/\/mhf.ro\/mm\/ventilatoare-si-milioane-de-masti-blocate-la-unifarm\/#breadcrumb","itemListElement":[{"@type":"ListItem","position":1,"name":"Prima pagin\u0103","item":"https:\/\/mhf.ro\/mm\/"},{"@type":"ListItem","position":2,"name":"Ventilatoare \u0219i milioane de m\u0103\u0219ti, blocate la Unifarm"}]},{"@type":"WebSite","@id":"https:\/\/mhf.ro\/mm\/#website","url":"https:\/\/mhf.ro\/mm\/","name":"MHF Photography \u2013 Blog de fotografie, natur\u0103 \u0219i tehnic\u0103 divers\u0103","description":"Aventur\u0103 \u00een fiecare cadru.","publisher":{"@id":"https:\/\/mhf.ro\/mm\/#\/schema\/person\/a3bebf7bdb4bf12f698aff73c7e46c21"},"potentialAction":[{"@type":"SearchAction","target":{"@type":"EntryPoint","urlTemplate":"https:\/\/mhf.ro\/mm\/?s={search_term_string}"},"query-input":{"@type":"PropertyValueSpecification","valueRequired":true,"valueName":"search_term_string"}}],"inLanguage":"ro-RO"},{"@type":["Person","Organization"],"@id":"https:\/\/mhf.ro\/mm\/#\/schema\/person\/a3bebf7bdb4bf12f698aff73c7e46c21","name":"Marius Marcu","image":{"@type":"ImageObject","inLanguage":"ro-RO","@id":"https:\/\/mhf.ro\/mm\/#\/schema\/person\/image\/","url":"https:\/\/mhf.ro\/mm\/wp-content\/uploads\/2025\/12\/cropped-logo_mhf_2.png","contentUrl":"https:\/\/mhf.ro\/mm\/wp-content\/uploads\/2025\/12\/cropped-logo_mhf_2.png","width":1096,"height":457,"caption":"Marius Marcu"},"logo":{"@id":"https:\/\/mhf.ro\/mm\/#\/schema\/person\/image\/"},"sameAs":["https:\/\/mhf.ro\/mm"],"url":"https:\/\/mhf.ro\/mm\/author\/mihai\/"}]}},"_links":{"self":[{"href":"https:\/\/mhf.ro\/mm\/wp-json\/wp\/v2\/posts\/5392","targetHints":{"allow":["GET"]}}],"collection":[{"href":"https:\/\/mhf.ro\/mm\/wp-json\/wp\/v2\/posts"}],"about":[{"href":"https:\/\/mhf.ro\/mm\/wp-json\/wp\/v2\/types\/post"}],"author":[{"embeddable":true,"href":"https:\/\/mhf.ro\/mm\/wp-json\/wp\/v2\/users\/1"}],"replies":[{"embeddable":true,"href":"https:\/\/mhf.ro\/mm\/wp-json\/wp\/v2\/comments?post=5392"}],"version-history":[{"count":1,"href":"https:\/\/mhf.ro\/mm\/wp-json\/wp\/v2\/posts\/5392\/revisions"}],"predecessor-version":[{"id":5394,"href":"https:\/\/mhf.ro\/mm\/wp-json\/wp\/v2\/posts\/5392\/revisions\/5394"}],"wp:featuredmedia":[{"embeddable":true,"href":"https:\/\/mhf.ro\/mm\/wp-json\/wp\/v2\/media\/5393"}],"wp:attachment":[{"href":"https:\/\/mhf.ro\/mm\/wp-json\/wp\/v2\/media?parent=5392"}],"wp:term":[{"taxonomy":"category","embeddable":true,"href":"https:\/\/mhf.ro\/mm\/wp-json\/wp\/v2\/categories?post=5392"},{"taxonomy":"post_tag","embeddable":true,"href":"https:\/\/mhf.ro\/mm\/wp-json\/wp\/v2\/tags?post=5392"}],"curies":[{"name":"wp","href":"https:\/\/api.w.org\/{rel}","templated":true}]}}