{"id":5414,"date":"2021-10-17T07:25:07","date_gmt":"2021-10-17T05:25:07","guid":{"rendered":"https:\/\/mhf.ro\/mm\/?p=5414"},"modified":"2021-10-17T07:25:07","modified_gmt":"2021-10-17T05:25:07","slug":"e-on-romania-propune-scaderea-tva-la-energie","status":"publish","type":"post","link":"https:\/\/mhf.ro\/mm\/e-on-romania-propune-scaderea-tva-la-energie\/","title":{"rendered":"E.ON Rom\u00e2nia propune scaderea TVA la energie"},"content":{"rendered":"<div class=\"lead-articol\">\n<p>Facturile rom\u00e2nilor ar sc\u0103dea dac\u0103 Guvernul ar reduce TVA la energie pe l\u00e2ng\u0103 celelalte m\u0103suri pe care le-au anun\u0163at. Aceasta este solu\u021bia, a afirmat Volker Raffel, directorul general al E.ON Rom\u00e2nia, informeaz\u0103 Agerpres.<\/p>\n<\/div>\n<p>C\u00e2nd acesta a fost \u00eentrebat ce m\u0103suri ar trebui s\u0103 ia Guvernul pentru a ajuta popula\u0163ia s\u0103 pl\u0103teasc\u0103 facturile mari la energie \u015fi gaze, raspunsul a fost:<\/p>\n<p>\u201cSuntem foarte bucuro\u015fi c\u0103 Guvernul a pus deja \u00een func\u0163iune dou\u0103 scheme-suport: prima este cea privind consumatorii vulnerabili, iar a doua, ce a f\u0103cut Guvernul chiar \u00eenainte de a fi demis, schema-suport (de compensare a facturilor \u2013 n.r.) at\u00e2t pentru electricitate, c\u00e2t \u015fi gaze. Pentru cei care nu au consum mare, ci mic. Cred c\u0103 este foarte important s\u0103 ajut\u0103m consumatorii\u201d.<\/p>\n<p>Totu\u0219i, acesta a ad\u0103ugat c\u0103 sunt necesare \u015fi alte m\u0103suri.<\/p>\n<p>\u201cCu toate acestea, pre\u0163ul electricit\u0103\u0163ii \u015fi al gazelor \u00een toat\u0103 Europa continu\u0103 s\u0103 creasc\u0103 \u015fi nu exclud necesitatea de a lua mai departe \u015fi alte m\u0103suri de sus\u0163inere a consumatorilor. Sunt bucuros c\u0103 exist\u0103 discu\u0163ii politice la nivel european \u015fi vor decide cum s\u0103 o fac\u0103. De exemplu, Germania a decis reducerea TVA pentru \u015fase luni \u015fi aceasta ar fi o solu\u0163ie \u015fi pentru Rom\u00e2nia, pentru a supravie\u0163ui cumva acestei ierni. Cred c\u0103 impactul energiei este at\u00e2t de mare, \u00eenc\u00e2t o reducere a taxelor poate fi ceva folositor\u201d.<\/p>\n<p>O m\u0103sur\u0103 care s-ar putea aplica \u015fi \u00een Rom\u00e2nia este asigurarea din bugetul statului a certificatelor verzi pentru produc\u0163ia de energie regenerabil\u0103, pentru o perioad\u0103, \u00een locul consumatorilor finali.<\/p>\n<p>\u00cen Germania \u0219i la nivel european aceast\u0103 m\u0103sur\u0103 este \u00een discu\u021bie.<\/p>\n<p>\u201cDeci sunt mai multe posibilit\u0103\u0163i de a face ceva. Haide\u021bi s\u0103 vedem cum se va desf\u0103\u015fura dezbaterea politic\u0103, pentru c\u0103 acestea sunt decizii politice, iar noi, ca \u015fi companie, nu putem decide cu privire la ele. Dar trebuie s\u0103 fie discu\u0163ii democratice \u015fi, dac\u0103 pre\u0163urile vor continua s\u0103 creasc\u0103, cred c\u0103 va fi nevoie de m\u0103suri folositoare\u201d, a sus\u0163inut Volker Raffel. (conf. Jurnalist.ro)<\/p>\n","protected":false},"excerpt":{"rendered":"<p>Facturile rom\u00e2nilor ar sc\u0103dea dac\u0103 Guvernul ar reduce TVA la energie pe l\u00e2ng\u0103 celelalte m\u0103suri pe care le-au anun\u0163at. Aceasta<\/p>\n","protected":false},"author":1,"featured_media":5415,"comment_status":"open","ping_status":"open","sticky":false,"template":"","format":"standard","meta":{"colormag_page_container_layout":"default_layout","colormag_page_sidebar_layout":"default_layout","footnotes":""},"categories":[8],"tags":[],"class_list":["post-5414","post","type-post","status-publish","format-standard","has-post-thumbnail","hentry","category-div"],"yoast_head":"<!-- This site is optimized with the Yoast SEO plugin v27.0 - https:\/\/yoast.com\/product\/yoast-seo-wordpress\/ -->\n<title>E.ON Rom\u00e2nia propune scaderea TVA la energie - MHF Photography<\/title>\n<meta name=\"robots\" content=\"index, follow, max-snippet:-1, max-image-preview:large, max-video-preview:-1\" \/>\n<link rel=\"canonical\" href=\"https:\/\/mhf.ro\/mm\/e-on-romania-propune-scaderea-tva-la-energie\/\" \/>\n<meta property=\"og:locale\" content=\"ro_RO\" \/>\n<meta property=\"og:type\" content=\"article\" \/>\n<meta property=\"og:title\" content=\"E.ON Rom\u00e2nia propune scaderea TVA la energie - MHF Photography\" \/>\n<meta property=\"og:description\" content=\"Facturile rom\u00e2nilor ar sc\u0103dea dac\u0103 Guvernul ar reduce TVA la energie pe l\u00e2ng\u0103 celelalte m\u0103suri pe care le-au anun\u0163at. Aceasta\" \/>\n<meta property=\"og:url\" content=\"https:\/\/mhf.ro\/mm\/e-on-romania-propune-scaderea-tva-la-energie\/\" \/>\n<meta property=\"og:site_name\" content=\"MHF Photography\" \/>\n<meta property=\"article:published_time\" content=\"2021-10-17T05:25:07+00:00\" \/>\n<meta property=\"og:image\" content=\"https:\/\/mhf.ro\/mm\/wp-content\/uploads\/2021\/10\/bani-factura-eon-e1589528123316.jpg\" \/>\n\t<meta property=\"og:image:width\" content=\"700\" \/>\n\t<meta property=\"og:image:height\" content=\"368\" \/>\n\t<meta property=\"og:image:type\" content=\"image\/jpeg\" \/>\n<meta name=\"author\" content=\"Marius Marcu\" \/>\n<meta name=\"twitter:card\" content=\"summary_large_image\" \/>\n<meta name=\"twitter:label1\" content=\"Scris de\" \/>\n\t<meta name=\"twitter:data1\" content=\"Marius Marcu\" \/>\n\t<meta name=\"twitter:label2\" content=\"Timp estimat pentru citire\" \/>\n\t<meta name=\"twitter:data2\" content=\"2 minute\" \/>\n<script type=\"application\/ld+json\" class=\"yoast-schema-graph\">{\"@context\":\"https:\/\/schema.org\",\"@graph\":[{\"@type\":\"Article\",\"@id\":\"https:\/\/mhf.ro\/mm\/e-on-romania-propune-scaderea-tva-la-energie\/#article\",\"isPartOf\":{\"@id\":\"https:\/\/mhf.ro\/mm\/e-on-romania-propune-scaderea-tva-la-energie\/\"},\"author\":{\"name\":\"Marius Marcu\",\"@id\":\"https:\/\/mhf.ro\/mm\/#\/schema\/person\/a3bebf7bdb4bf12f698aff73c7e46c21\"},\"headline\":\"E.ON Rom\u00e2nia propune scaderea TVA la energie\",\"datePublished\":\"2021-10-17T05:25:07+00:00\",\"mainEntityOfPage\":{\"@id\":\"https:\/\/mhf.ro\/mm\/e-on-romania-propune-scaderea-tva-la-energie\/\"},\"wordCount\":375,\"commentCount\":0,\"publisher\":{\"@id\":\"https:\/\/mhf.ro\/mm\/#\/schema\/person\/a3bebf7bdb4bf12f698aff73c7e46c21\"},\"image\":{\"@id\":\"https:\/\/mhf.ro\/mm\/e-on-romania-propune-scaderea-tva-la-energie\/#primaryimage\"},\"thumbnailUrl\":\"https:\/\/mhf.ro\/mm\/wp-content\/uploads\/2021\/10\/bani-factura-eon-e1589528123316.jpg\",\"articleSection\":[\"Diverse\"],\"inLanguage\":\"ro-RO\",\"potentialAction\":[{\"@type\":\"CommentAction\",\"name\":\"Comment\",\"target\":[\"https:\/\/mhf.ro\/mm\/e-on-romania-propune-scaderea-tva-la-energie\/#respond\"]}]},{\"@type\":\"WebPage\",\"@id\":\"https:\/\/mhf.ro\/mm\/e-on-romania-propune-scaderea-tva-la-energie\/\",\"url\":\"https:\/\/mhf.ro\/mm\/e-on-romania-propune-scaderea-tva-la-energie\/\",\"name\":\"E.ON Rom\u00e2nia propune scaderea TVA la energie - MHF Photography\",\"isPartOf\":{\"@id\":\"https:\/\/mhf.ro\/mm\/#website\"},\"primaryImageOfPage\":{\"@id\":\"https:\/\/mhf.ro\/mm\/e-on-romania-propune-scaderea-tva-la-energie\/#primaryimage\"},\"image\":{\"@id\":\"https:\/\/mhf.ro\/mm\/e-on-romania-propune-scaderea-tva-la-energie\/#primaryimage\"},\"thumbnailUrl\":\"https:\/\/mhf.ro\/mm\/wp-content\/uploads\/2021\/10\/bani-factura-eon-e1589528123316.jpg\",\"datePublished\":\"2021-10-17T05:25:07+00:00\",\"breadcrumb\":{\"@id\":\"https:\/\/mhf.ro\/mm\/e-on-romania-propune-scaderea-tva-la-energie\/#breadcrumb\"},\"inLanguage\":\"ro-RO\",\"potentialAction\":[{\"@type\":\"ReadAction\",\"target\":[\"https:\/\/mhf.ro\/mm\/e-on-romania-propune-scaderea-tva-la-energie\/\"]}]},{\"@type\":\"ImageObject\",\"inLanguage\":\"ro-RO\",\"@id\":\"https:\/\/mhf.ro\/mm\/e-on-romania-propune-scaderea-tva-la-energie\/#primaryimage\",\"url\":\"https:\/\/mhf.ro\/mm\/wp-content\/uploads\/2021\/10\/bani-factura-eon-e1589528123316.jpg\",\"contentUrl\":\"https:\/\/mhf.ro\/mm\/wp-content\/uploads\/2021\/10\/bani-factura-eon-e1589528123316.jpg\",\"width\":700,\"height\":368},{\"@type\":\"BreadcrumbList\",\"@id\":\"https:\/\/mhf.ro\/mm\/e-on-romania-propune-scaderea-tva-la-energie\/#breadcrumb\",\"itemListElement\":[{\"@type\":\"ListItem\",\"position\":1,\"name\":\"Prima pagin\u0103\",\"item\":\"https:\/\/mhf.ro\/mm\/\"},{\"@type\":\"ListItem\",\"position\":2,\"name\":\"E.ON Rom\u00e2nia propune scaderea TVA la energie\"}]},{\"@type\":\"WebSite\",\"@id\":\"https:\/\/mhf.ro\/mm\/#website\",\"url\":\"https:\/\/mhf.ro\/mm\/\",\"name\":\"MHF Photography \u2013 Blog de fotografie, natur\u0103 \u0219i tehnic\u0103 divers\u0103\",\"description\":\"Aventur\u0103 \u00een fiecare cadru.\",\"publisher\":{\"@id\":\"https:\/\/mhf.ro\/mm\/#\/schema\/person\/a3bebf7bdb4bf12f698aff73c7e46c21\"},\"potentialAction\":[{\"@type\":\"SearchAction\",\"target\":{\"@type\":\"EntryPoint\",\"urlTemplate\":\"https:\/\/mhf.ro\/mm\/?s={search_term_string}\"},\"query-input\":{\"@type\":\"PropertyValueSpecification\",\"valueRequired\":true,\"valueName\":\"search_term_string\"}}],\"inLanguage\":\"ro-RO\"},{\"@type\":[\"Person\",\"Organization\"],\"@id\":\"https:\/\/mhf.ro\/mm\/#\/schema\/person\/a3bebf7bdb4bf12f698aff73c7e46c21\",\"name\":\"Marius Marcu\",\"image\":{\"@type\":\"ImageObject\",\"inLanguage\":\"ro-RO\",\"@id\":\"https:\/\/mhf.ro\/mm\/#\/schema\/person\/image\/\",\"url\":\"https:\/\/mhf.ro\/mm\/wp-content\/uploads\/2025\/12\/cropped-logo_mhf_2.png\",\"contentUrl\":\"https:\/\/mhf.ro\/mm\/wp-content\/uploads\/2025\/12\/cropped-logo_mhf_2.png\",\"width\":1096,\"height\":457,\"caption\":\"Marius Marcu\"},\"logo\":{\"@id\":\"https:\/\/mhf.ro\/mm\/#\/schema\/person\/image\/\"},\"sameAs\":[\"https:\/\/mhf.ro\/mm\"],\"url\":\"https:\/\/mhf.ro\/mm\/author\/mihai\/\"}]}<\/script>\n<!-- \/ Yoast SEO plugin. -->","yoast_head_json":{"title":"E.ON Rom\u00e2nia propune scaderea TVA la energie - MHF Photography","robots":{"index":"index","follow":"follow","max-snippet":"max-snippet:-1","max-image-preview":"max-image-preview:large","max-video-preview":"max-video-preview:-1"},"canonical":"https:\/\/mhf.ro\/mm\/e-on-romania-propune-scaderea-tva-la-energie\/","og_locale":"ro_RO","og_type":"article","og_title":"E.ON Rom\u00e2nia propune scaderea TVA la energie - MHF Photography","og_description":"Facturile rom\u00e2nilor ar sc\u0103dea dac\u0103 Guvernul ar reduce TVA la energie pe l\u00e2ng\u0103 celelalte m\u0103suri pe care le-au anun\u0163at. Aceasta","og_url":"https:\/\/mhf.ro\/mm\/e-on-romania-propune-scaderea-tva-la-energie\/","og_site_name":"MHF Photography","article_published_time":"2021-10-17T05:25:07+00:00","og_image":[{"width":700,"height":368,"url":"https:\/\/mhf.ro\/mm\/wp-content\/uploads\/2021\/10\/bani-factura-eon-e1589528123316.jpg","type":"image\/jpeg"}],"author":"Marius Marcu","twitter_card":"summary_large_image","twitter_misc":{"Scris de":"Marius Marcu","Timp estimat pentru citire":"2 minute"},"schema":{"@context":"https:\/\/schema.org","@graph":[{"@type":"Article","@id":"https:\/\/mhf.ro\/mm\/e-on-romania-propune-scaderea-tva-la-energie\/#article","isPartOf":{"@id":"https:\/\/mhf.ro\/mm\/e-on-romania-propune-scaderea-tva-la-energie\/"},"author":{"name":"Marius Marcu","@id":"https:\/\/mhf.ro\/mm\/#\/schema\/person\/a3bebf7bdb4bf12f698aff73c7e46c21"},"headline":"E.ON Rom\u00e2nia propune scaderea TVA la energie","datePublished":"2021-10-17T05:25:07+00:00","mainEntityOfPage":{"@id":"https:\/\/mhf.ro\/mm\/e-on-romania-propune-scaderea-tva-la-energie\/"},"wordCount":375,"commentCount":0,"publisher":{"@id":"https:\/\/mhf.ro\/mm\/#\/schema\/person\/a3bebf7bdb4bf12f698aff73c7e46c21"},"image":{"@id":"https:\/\/mhf.ro\/mm\/e-on-romania-propune-scaderea-tva-la-energie\/#primaryimage"},"thumbnailUrl":"https:\/\/mhf.ro\/mm\/wp-content\/uploads\/2021\/10\/bani-factura-eon-e1589528123316.jpg","articleSection":["Diverse"],"inLanguage":"ro-RO","potentialAction":[{"@type":"CommentAction","name":"Comment","target":["https:\/\/mhf.ro\/mm\/e-on-romania-propune-scaderea-tva-la-energie\/#respond"]}]},{"@type":"WebPage","@id":"https:\/\/mhf.ro\/mm\/e-on-romania-propune-scaderea-tva-la-energie\/","url":"https:\/\/mhf.ro\/mm\/e-on-romania-propune-scaderea-tva-la-energie\/","name":"E.ON Rom\u00e2nia propune scaderea TVA la energie - MHF Photography","isPartOf":{"@id":"https:\/\/mhf.ro\/mm\/#website"},"primaryImageOfPage":{"@id":"https:\/\/mhf.ro\/mm\/e-on-romania-propune-scaderea-tva-la-energie\/#primaryimage"},"image":{"@id":"https:\/\/mhf.ro\/mm\/e-on-romania-propune-scaderea-tva-la-energie\/#primaryimage"},"thumbnailUrl":"https:\/\/mhf.ro\/mm\/wp-content\/uploads\/2021\/10\/bani-factura-eon-e1589528123316.jpg","datePublished":"2021-10-17T05:25:07+00:00","breadcrumb":{"@id":"https:\/\/mhf.ro\/mm\/e-on-romania-propune-scaderea-tva-la-energie\/#breadcrumb"},"inLanguage":"ro-RO","potentialAction":[{"@type":"ReadAction","target":["https:\/\/mhf.ro\/mm\/e-on-romania-propune-scaderea-tva-la-energie\/"]}]},{"@type":"ImageObject","inLanguage":"ro-RO","@id":"https:\/\/mhf.ro\/mm\/e-on-romania-propune-scaderea-tva-la-energie\/#primaryimage","url":"https:\/\/mhf.ro\/mm\/wp-content\/uploads\/2021\/10\/bani-factura-eon-e1589528123316.jpg","contentUrl":"https:\/\/mhf.ro\/mm\/wp-content\/uploads\/2021\/10\/bani-factura-eon-e1589528123316.jpg","width":700,"height":368},{"@type":"BreadcrumbList","@id":"https:\/\/mhf.ro\/mm\/e-on-romania-propune-scaderea-tva-la-energie\/#breadcrumb","itemListElement":[{"@type":"ListItem","position":1,"name":"Prima pagin\u0103","item":"https:\/\/mhf.ro\/mm\/"},{"@type":"ListItem","position":2,"name":"E.ON Rom\u00e2nia propune scaderea TVA la energie"}]},{"@type":"WebSite","@id":"https:\/\/mhf.ro\/mm\/#website","url":"https:\/\/mhf.ro\/mm\/","name":"MHF Photography \u2013 Blog de fotografie, natur\u0103 \u0219i tehnic\u0103 divers\u0103","description":"Aventur\u0103 \u00een fiecare cadru.","publisher":{"@id":"https:\/\/mhf.ro\/mm\/#\/schema\/person\/a3bebf7bdb4bf12f698aff73c7e46c21"},"potentialAction":[{"@type":"SearchAction","target":{"@type":"EntryPoint","urlTemplate":"https:\/\/mhf.ro\/mm\/?s={search_term_string}"},"query-input":{"@type":"PropertyValueSpecification","valueRequired":true,"valueName":"search_term_string"}}],"inLanguage":"ro-RO"},{"@type":["Person","Organization"],"@id":"https:\/\/mhf.ro\/mm\/#\/schema\/person\/a3bebf7bdb4bf12f698aff73c7e46c21","name":"Marius Marcu","image":{"@type":"ImageObject","inLanguage":"ro-RO","@id":"https:\/\/mhf.ro\/mm\/#\/schema\/person\/image\/","url":"https:\/\/mhf.ro\/mm\/wp-content\/uploads\/2025\/12\/cropped-logo_mhf_2.png","contentUrl":"https:\/\/mhf.ro\/mm\/wp-content\/uploads\/2025\/12\/cropped-logo_mhf_2.png","width":1096,"height":457,"caption":"Marius Marcu"},"logo":{"@id":"https:\/\/mhf.ro\/mm\/#\/schema\/person\/image\/"},"sameAs":["https:\/\/mhf.ro\/mm"],"url":"https:\/\/mhf.ro\/mm\/author\/mihai\/"}]}},"_links":{"self":[{"href":"https:\/\/mhf.ro\/mm\/wp-json\/wp\/v2\/posts\/5414","targetHints":{"allow":["GET"]}}],"collection":[{"href":"https:\/\/mhf.ro\/mm\/wp-json\/wp\/v2\/posts"}],"about":[{"href":"https:\/\/mhf.ro\/mm\/wp-json\/wp\/v2\/types\/post"}],"author":[{"embeddable":true,"href":"https:\/\/mhf.ro\/mm\/wp-json\/wp\/v2\/users\/1"}],"replies":[{"embeddable":true,"href":"https:\/\/mhf.ro\/mm\/wp-json\/wp\/v2\/comments?post=5414"}],"version-history":[{"count":1,"href":"https:\/\/mhf.ro\/mm\/wp-json\/wp\/v2\/posts\/5414\/revisions"}],"predecessor-version":[{"id":5416,"href":"https:\/\/mhf.ro\/mm\/wp-json\/wp\/v2\/posts\/5414\/revisions\/5416"}],"wp:featuredmedia":[{"embeddable":true,"href":"https:\/\/mhf.ro\/mm\/wp-json\/wp\/v2\/media\/5415"}],"wp:attachment":[{"href":"https:\/\/mhf.ro\/mm\/wp-json\/wp\/v2\/media?parent=5414"}],"wp:term":[{"taxonomy":"category","embeddable":true,"href":"https:\/\/mhf.ro\/mm\/wp-json\/wp\/v2\/categories?post=5414"},{"taxonomy":"post_tag","embeddable":true,"href":"https:\/\/mhf.ro\/mm\/wp-json\/wp\/v2\/tags?post=5414"}],"curies":[{"name":"wp","href":"https:\/\/api.w.org\/{rel}","templated":true}]}}