{"id":5439,"date":"2021-10-18T08:13:45","date_gmt":"2021-10-18T06:13:45","guid":{"rendered":"https:\/\/mhf.ro\/mm\/?p=5439"},"modified":"2021-10-18T08:13:45","modified_gmt":"2021-10-18T06:13:45","slug":"medicii-vor-fi-suspendati-daca-prezinta-teorii-ce-induc-in-eroare-populatia","status":"publish","type":"post","link":"https:\/\/mhf.ro\/mm\/medicii-vor-fi-suspendati-daca-prezinta-teorii-ce-induc-in-eroare-populatia\/","title":{"rendered":"Medicii vor fi suspenda\u021bi dac\u0103 prezint\u0103 teorii ce induc \u00een eroare popula\u0163ia"},"content":{"rendered":"<div class=\"lead-articol\">\n<p>Pre\u015fedintele Colegiului Medicilor din Rom\u00e2nia (CMR), prof. dr. Daniel Coriu, anun\u0163\u0103 c\u0103 va suspenda medicii care prezint\u0103 public teorii care nu sunt validate \u015ftiin\u0163ific \u0219i induc \u00een eroare popula\u0163ia.<\/p>\n<\/div>\n<p>\u201cCa medic \u015fi ca pre\u015fedinte al Colegiului Medicilor din Rom\u00e2nia, analiz\u00e2nd \u015fi v\u0103z\u00e2nd situa\u0163ia dramatic\u0103 a pandemiei din Rom\u00e2nia, voi sus\u0163ine din acest moment cu toat\u0103 t\u0103ria sanc\u0163ionarea oric\u0103rui medic, prin suspendarea exercit\u0103rii profesiei, dac\u0103 medicul prezint\u0103 \u00een spa\u0163iul public teorii care nu sunt validate \u015ftiin\u0163ific, iar prin informa\u0163iile transmise poate duce \u00een eroare popula\u0163ia \u00een privin\u0163a st\u0103rii de s\u0103n\u0103tate \u015fi periclita s\u0103n\u0103tatea public\u0103\u201d.<\/p>\n<p>Dup\u0103 p\u0103rerea acestuia, \u00een contextul pandemiei de COVID-19 trebuie s\u0103 existe un mecanism rapid de suspendare a dreptului de exercitare a profesiei de c\u0103tre astfel de medici. \u00cen acest moment prerogativele CMR sunt limitate.\u00a0 Pentru astfel de situa\u0163ii acum procvedurile sunt de lung\u0103 durat\u0103.<\/p>\n<p>\u2033\u015etiu c\u0103 mul\u0163i dintre dumneavoastr\u0103, at\u00e2t colegi medici, c\u00e2t \u015fi cet\u0103\u0163eni, a\u0163i considerat c\u0103 astfel de decizii trebuiau luate p\u00e2n\u0103 acum \u015fi cu siguran\u0163\u0103 ave\u0163i dreptate. Din p\u0103cate, prerogativele mele \u015fi ale CMR sunt limitate, iar pentru astfel de situa\u0163ii se parcurg proceduri disciplinare de lung\u0103 durat\u0103 p\u00e2n\u0103 a se ajunge la o decizie. Pentru a exista o astfel de cale legal\u0103, trebuie s\u0103 existe o nou\u0103 prevedere \u00een Legea 95\/2006. Apreciez c\u0103 \u00een contextul pandemiei cu SARS-CoV-2, situa\u0163ie excep\u0163ional\u0103 \u00een care se afl\u0103 \u00eentregul sistem medical, se impune existen\u0163a unui mecanism rapid de suspendare a dreptului de exercitare a profesiei de c\u0103tre medicii care propag\u0103, prin orice mijloace de comunicare, \u00een spa\u0163iul public sau \u00een timpul exercit\u0103rii profesiei, opinii nefundamentate \u015ftiin\u0163ific, false \u015fi care pericliteaz\u0103 s\u0103n\u0103tatea public\u0103. Apreciez \u015fi sus\u0163in dreptul la liber\u0103 exprimare \u015fi la liber\u0103 informare, dar pe de alt\u0103 parte trebuie s\u0103 existe dreptul de a avea acces la informa\u0163ie corect\u0103\u201d.<\/p>\n<p>Medicii care fac astfel de afirma\u021bii trebuie s\u0103 se bazeze, pentru a avea fundament, pe \u015ftiin\u0163\u0103, pe medicina bazat\u0103 pe dovezi, pe studii clinice.<\/p>\n<p>\u201cDa, \u015fi \u00een medicin\u0103 \u015fi \u015ftiin\u0163\u0103 se poate gre\u015fi, dar atunci lucrurile trebuie recunoscute \u015fi v\u0103zut ce este de f\u0103cut. Am citit \u015fi am auzit \u00een spa\u0163iul public teorii de genul \u2018pandemia nu exist\u0103\u2019, \u2018este o banal\u0103 r\u0103ceal\u0103\u2019, \u2018prin vaccin ne cipeaz\u0103\u2019, \u2018vaccinul ne omoar\u0103\u2019. Care este rezultatul? C\u0103, ast\u0103zi, Rom\u00e2nia este pe locul 2 \u00een lume la num\u0103rul de decese la un milion de locuitori provocate de virusul SARS-CoV-2. Mor \u015fi se \u00eemboln\u0103vesc colegi medici, mor pacien\u0163i \u015fi avem foarte multe cazuri de \u00eemboln\u0103viri \u00een r\u00e2ndul popula\u0163iei, sistemul medical este la limit\u0103 din cauza acestei pandemii, iar din p\u0103cate mul\u0163i \u00ee\u015fi fundamenteaz\u0103 decizia \u00een privin\u0163a s\u0103n\u0103t\u0103\u0163ii lor pe informa\u0163ii care nu au baz\u0103 \u015ftiin\u0163ific\u0103. Noi, ca reprezentan\u0163i ai corpului medical, trebuie s\u0103 fim un exemplu \u00een privin\u0163a conduitei legate de s\u0103n\u0103tatea public\u0103\u201d, le transmite prof. dr. Coriu. (conf. Jurnalist.ro)<\/p>\n","protected":false},"excerpt":{"rendered":"<p>Pre\u015fedintele Colegiului Medicilor din Rom\u00e2nia (CMR), prof. dr. Daniel Coriu, anun\u0163\u0103 c\u0103 va suspenda medicii care prezint\u0103 public teorii care<\/p>\n","protected":false},"author":1,"featured_media":5440,"comment_status":"open","ping_status":"open","sticky":false,"template":"","format":"standard","meta":{"colormag_page_container_layout":"default_layout","colormag_page_sidebar_layout":"default_layout","footnotes":""},"categories":[5],"tags":[],"class_list":["post-5439","post","type-post","status-publish","format-standard","has-post-thumbnail","hentry","category-locale"],"yoast_head":"<!-- This site is optimized with the Yoast SEO plugin v27.0 - https:\/\/yoast.com\/product\/yoast-seo-wordpress\/ -->\n<title>Medicii vor fi suspenda\u021bi dac\u0103 prezint\u0103 teorii ce induc \u00een eroare popula\u0163ia - MHF Photography<\/title>\n<meta name=\"robots\" content=\"index, follow, max-snippet:-1, max-image-preview:large, max-video-preview:-1\" \/>\n<link rel=\"canonical\" href=\"https:\/\/mhf.ro\/mm\/medicii-vor-fi-suspendati-daca-prezinta-teorii-ce-induc-in-eroare-populatia\/\" \/>\n<meta property=\"og:locale\" content=\"ro_RO\" \/>\n<meta property=\"og:type\" content=\"article\" \/>\n<meta property=\"og:title\" content=\"Medicii vor fi suspenda\u021bi dac\u0103 prezint\u0103 teorii ce induc \u00een eroare popula\u0163ia - MHF Photography\" \/>\n<meta property=\"og:description\" content=\"Pre\u015fedintele Colegiului Medicilor din Rom\u00e2nia (CMR), prof. dr. Daniel Coriu, anun\u0163\u0103 c\u0103 va suspenda medicii care prezint\u0103 public teorii care\" \/>\n<meta property=\"og:url\" content=\"https:\/\/mhf.ro\/mm\/medicii-vor-fi-suspendati-daca-prezinta-teorii-ce-induc-in-eroare-populatia\/\" \/>\n<meta property=\"og:site_name\" content=\"MHF Photography\" \/>\n<meta property=\"article:published_time\" content=\"2021-10-18T06:13:45+00:00\" \/>\n<meta property=\"og:image\" content=\"https:\/\/mhf.ro\/mm\/wp-content\/uploads\/2021\/10\/daniel_coriu_medic.jpg\" \/>\n\t<meta property=\"og:image:width\" content=\"1070\" \/>\n\t<meta property=\"og:image:height\" content=\"420\" \/>\n\t<meta property=\"og:image:type\" content=\"image\/jpeg\" \/>\n<meta name=\"author\" content=\"Marius Marcu\" \/>\n<meta name=\"twitter:card\" content=\"summary_large_image\" \/>\n<meta name=\"twitter:label1\" content=\"Scris de\" \/>\n\t<meta name=\"twitter:data1\" content=\"Marius Marcu\" \/>\n\t<meta name=\"twitter:label2\" content=\"Timp estimat pentru citire\" \/>\n\t<meta name=\"twitter:data2\" content=\"3 minute\" \/>\n<script type=\"application\/ld+json\" class=\"yoast-schema-graph\">{\"@context\":\"https:\/\/schema.org\",\"@graph\":[{\"@type\":\"Article\",\"@id\":\"https:\/\/mhf.ro\/mm\/medicii-vor-fi-suspendati-daca-prezinta-teorii-ce-induc-in-eroare-populatia\/#article\",\"isPartOf\":{\"@id\":\"https:\/\/mhf.ro\/mm\/medicii-vor-fi-suspendati-daca-prezinta-teorii-ce-induc-in-eroare-populatia\/\"},\"author\":{\"name\":\"Marius Marcu\",\"@id\":\"https:\/\/mhf.ro\/mm\/#\/schema\/person\/a3bebf7bdb4bf12f698aff73c7e46c21\"},\"headline\":\"Medicii vor fi suspenda\u021bi dac\u0103 prezint\u0103 teorii ce induc \u00een eroare popula\u0163ia\",\"datePublished\":\"2021-10-18T06:13:45+00:00\",\"mainEntityOfPage\":{\"@id\":\"https:\/\/mhf.ro\/mm\/medicii-vor-fi-suspendati-daca-prezinta-teorii-ce-induc-in-eroare-populatia\/\"},\"wordCount\":545,\"commentCount\":0,\"publisher\":{\"@id\":\"https:\/\/mhf.ro\/mm\/#\/schema\/person\/a3bebf7bdb4bf12f698aff73c7e46c21\"},\"image\":{\"@id\":\"https:\/\/mhf.ro\/mm\/medicii-vor-fi-suspendati-daca-prezinta-teorii-ce-induc-in-eroare-populatia\/#primaryimage\"},\"thumbnailUrl\":\"https:\/\/mhf.ro\/mm\/wp-content\/uploads\/2021\/10\/daniel_coriu_medic.jpg\",\"articleSection\":[\"Locale\"],\"inLanguage\":\"ro-RO\",\"potentialAction\":[{\"@type\":\"CommentAction\",\"name\":\"Comment\",\"target\":[\"https:\/\/mhf.ro\/mm\/medicii-vor-fi-suspendati-daca-prezinta-teorii-ce-induc-in-eroare-populatia\/#respond\"]}]},{\"@type\":\"WebPage\",\"@id\":\"https:\/\/mhf.ro\/mm\/medicii-vor-fi-suspendati-daca-prezinta-teorii-ce-induc-in-eroare-populatia\/\",\"url\":\"https:\/\/mhf.ro\/mm\/medicii-vor-fi-suspendati-daca-prezinta-teorii-ce-induc-in-eroare-populatia\/\",\"name\":\"Medicii vor fi suspenda\u021bi dac\u0103 prezint\u0103 teorii ce induc \u00een eroare popula\u0163ia - MHF Photography\",\"isPartOf\":{\"@id\":\"https:\/\/mhf.ro\/mm\/#website\"},\"primaryImageOfPage\":{\"@id\":\"https:\/\/mhf.ro\/mm\/medicii-vor-fi-suspendati-daca-prezinta-teorii-ce-induc-in-eroare-populatia\/#primaryimage\"},\"image\":{\"@id\":\"https:\/\/mhf.ro\/mm\/medicii-vor-fi-suspendati-daca-prezinta-teorii-ce-induc-in-eroare-populatia\/#primaryimage\"},\"thumbnailUrl\":\"https:\/\/mhf.ro\/mm\/wp-content\/uploads\/2021\/10\/daniel_coriu_medic.jpg\",\"datePublished\":\"2021-10-18T06:13:45+00:00\",\"breadcrumb\":{\"@id\":\"https:\/\/mhf.ro\/mm\/medicii-vor-fi-suspendati-daca-prezinta-teorii-ce-induc-in-eroare-populatia\/#breadcrumb\"},\"inLanguage\":\"ro-RO\",\"potentialAction\":[{\"@type\":\"ReadAction\",\"target\":[\"https:\/\/mhf.ro\/mm\/medicii-vor-fi-suspendati-daca-prezinta-teorii-ce-induc-in-eroare-populatia\/\"]}]},{\"@type\":\"ImageObject\",\"inLanguage\":\"ro-RO\",\"@id\":\"https:\/\/mhf.ro\/mm\/medicii-vor-fi-suspendati-daca-prezinta-teorii-ce-induc-in-eroare-populatia\/#primaryimage\",\"url\":\"https:\/\/mhf.ro\/mm\/wp-content\/uploads\/2021\/10\/daniel_coriu_medic.jpg\",\"contentUrl\":\"https:\/\/mhf.ro\/mm\/wp-content\/uploads\/2021\/10\/daniel_coriu_medic.jpg\",\"width\":1070,\"height\":420},{\"@type\":\"BreadcrumbList\",\"@id\":\"https:\/\/mhf.ro\/mm\/medicii-vor-fi-suspendati-daca-prezinta-teorii-ce-induc-in-eroare-populatia\/#breadcrumb\",\"itemListElement\":[{\"@type\":\"ListItem\",\"position\":1,\"name\":\"Prima pagin\u0103\",\"item\":\"https:\/\/mhf.ro\/mm\/\"},{\"@type\":\"ListItem\",\"position\":2,\"name\":\"Medicii vor fi suspenda\u021bi dac\u0103 prezint\u0103 teorii ce induc \u00een eroare popula\u0163ia\"}]},{\"@type\":\"WebSite\",\"@id\":\"https:\/\/mhf.ro\/mm\/#website\",\"url\":\"https:\/\/mhf.ro\/mm\/\",\"name\":\"MHF Photography \u2013 Blog de fotografie, natur\u0103 \u0219i tehnic\u0103 divers\u0103\",\"description\":\"Aventur\u0103 \u00een fiecare cadru.\",\"publisher\":{\"@id\":\"https:\/\/mhf.ro\/mm\/#\/schema\/person\/a3bebf7bdb4bf12f698aff73c7e46c21\"},\"potentialAction\":[{\"@type\":\"SearchAction\",\"target\":{\"@type\":\"EntryPoint\",\"urlTemplate\":\"https:\/\/mhf.ro\/mm\/?s={search_term_string}\"},\"query-input\":{\"@type\":\"PropertyValueSpecification\",\"valueRequired\":true,\"valueName\":\"search_term_string\"}}],\"inLanguage\":\"ro-RO\"},{\"@type\":[\"Person\",\"Organization\"],\"@id\":\"https:\/\/mhf.ro\/mm\/#\/schema\/person\/a3bebf7bdb4bf12f698aff73c7e46c21\",\"name\":\"Marius Marcu\",\"image\":{\"@type\":\"ImageObject\",\"inLanguage\":\"ro-RO\",\"@id\":\"https:\/\/mhf.ro\/mm\/#\/schema\/person\/image\/\",\"url\":\"https:\/\/mhf.ro\/mm\/wp-content\/uploads\/2025\/12\/cropped-logo_mhf_2.png\",\"contentUrl\":\"https:\/\/mhf.ro\/mm\/wp-content\/uploads\/2025\/12\/cropped-logo_mhf_2.png\",\"width\":1096,\"height\":457,\"caption\":\"Marius Marcu\"},\"logo\":{\"@id\":\"https:\/\/mhf.ro\/mm\/#\/schema\/person\/image\/\"},\"sameAs\":[\"https:\/\/mhf.ro\/mm\"],\"url\":\"https:\/\/mhf.ro\/mm\/author\/mihai\/\"}]}<\/script>\n<!-- \/ Yoast SEO plugin. -->","yoast_head_json":{"title":"Medicii vor fi suspenda\u021bi dac\u0103 prezint\u0103 teorii ce induc \u00een eroare popula\u0163ia - MHF Photography","robots":{"index":"index","follow":"follow","max-snippet":"max-snippet:-1","max-image-preview":"max-image-preview:large","max-video-preview":"max-video-preview:-1"},"canonical":"https:\/\/mhf.ro\/mm\/medicii-vor-fi-suspendati-daca-prezinta-teorii-ce-induc-in-eroare-populatia\/","og_locale":"ro_RO","og_type":"article","og_title":"Medicii vor fi suspenda\u021bi dac\u0103 prezint\u0103 teorii ce induc \u00een eroare popula\u0163ia - MHF Photography","og_description":"Pre\u015fedintele Colegiului Medicilor din Rom\u00e2nia (CMR), prof. dr. Daniel Coriu, anun\u0163\u0103 c\u0103 va suspenda medicii care prezint\u0103 public teorii care","og_url":"https:\/\/mhf.ro\/mm\/medicii-vor-fi-suspendati-daca-prezinta-teorii-ce-induc-in-eroare-populatia\/","og_site_name":"MHF Photography","article_published_time":"2021-10-18T06:13:45+00:00","og_image":[{"width":1070,"height":420,"url":"https:\/\/mhf.ro\/mm\/wp-content\/uploads\/2021\/10\/daniel_coriu_medic.jpg","type":"image\/jpeg"}],"author":"Marius Marcu","twitter_card":"summary_large_image","twitter_misc":{"Scris de":"Marius Marcu","Timp estimat pentru citire":"3 minute"},"schema":{"@context":"https:\/\/schema.org","@graph":[{"@type":"Article","@id":"https:\/\/mhf.ro\/mm\/medicii-vor-fi-suspendati-daca-prezinta-teorii-ce-induc-in-eroare-populatia\/#article","isPartOf":{"@id":"https:\/\/mhf.ro\/mm\/medicii-vor-fi-suspendati-daca-prezinta-teorii-ce-induc-in-eroare-populatia\/"},"author":{"name":"Marius Marcu","@id":"https:\/\/mhf.ro\/mm\/#\/schema\/person\/a3bebf7bdb4bf12f698aff73c7e46c21"},"headline":"Medicii vor fi suspenda\u021bi dac\u0103 prezint\u0103 teorii ce induc \u00een eroare popula\u0163ia","datePublished":"2021-10-18T06:13:45+00:00","mainEntityOfPage":{"@id":"https:\/\/mhf.ro\/mm\/medicii-vor-fi-suspendati-daca-prezinta-teorii-ce-induc-in-eroare-populatia\/"},"wordCount":545,"commentCount":0,"publisher":{"@id":"https:\/\/mhf.ro\/mm\/#\/schema\/person\/a3bebf7bdb4bf12f698aff73c7e46c21"},"image":{"@id":"https:\/\/mhf.ro\/mm\/medicii-vor-fi-suspendati-daca-prezinta-teorii-ce-induc-in-eroare-populatia\/#primaryimage"},"thumbnailUrl":"https:\/\/mhf.ro\/mm\/wp-content\/uploads\/2021\/10\/daniel_coriu_medic.jpg","articleSection":["Locale"],"inLanguage":"ro-RO","potentialAction":[{"@type":"CommentAction","name":"Comment","target":["https:\/\/mhf.ro\/mm\/medicii-vor-fi-suspendati-daca-prezinta-teorii-ce-induc-in-eroare-populatia\/#respond"]}]},{"@type":"WebPage","@id":"https:\/\/mhf.ro\/mm\/medicii-vor-fi-suspendati-daca-prezinta-teorii-ce-induc-in-eroare-populatia\/","url":"https:\/\/mhf.ro\/mm\/medicii-vor-fi-suspendati-daca-prezinta-teorii-ce-induc-in-eroare-populatia\/","name":"Medicii vor fi suspenda\u021bi dac\u0103 prezint\u0103 teorii ce induc \u00een eroare popula\u0163ia - MHF Photography","isPartOf":{"@id":"https:\/\/mhf.ro\/mm\/#website"},"primaryImageOfPage":{"@id":"https:\/\/mhf.ro\/mm\/medicii-vor-fi-suspendati-daca-prezinta-teorii-ce-induc-in-eroare-populatia\/#primaryimage"},"image":{"@id":"https:\/\/mhf.ro\/mm\/medicii-vor-fi-suspendati-daca-prezinta-teorii-ce-induc-in-eroare-populatia\/#primaryimage"},"thumbnailUrl":"https:\/\/mhf.ro\/mm\/wp-content\/uploads\/2021\/10\/daniel_coriu_medic.jpg","datePublished":"2021-10-18T06:13:45+00:00","breadcrumb":{"@id":"https:\/\/mhf.ro\/mm\/medicii-vor-fi-suspendati-daca-prezinta-teorii-ce-induc-in-eroare-populatia\/#breadcrumb"},"inLanguage":"ro-RO","potentialAction":[{"@type":"ReadAction","target":["https:\/\/mhf.ro\/mm\/medicii-vor-fi-suspendati-daca-prezinta-teorii-ce-induc-in-eroare-populatia\/"]}]},{"@type":"ImageObject","inLanguage":"ro-RO","@id":"https:\/\/mhf.ro\/mm\/medicii-vor-fi-suspendati-daca-prezinta-teorii-ce-induc-in-eroare-populatia\/#primaryimage","url":"https:\/\/mhf.ro\/mm\/wp-content\/uploads\/2021\/10\/daniel_coriu_medic.jpg","contentUrl":"https:\/\/mhf.ro\/mm\/wp-content\/uploads\/2021\/10\/daniel_coriu_medic.jpg","width":1070,"height":420},{"@type":"BreadcrumbList","@id":"https:\/\/mhf.ro\/mm\/medicii-vor-fi-suspendati-daca-prezinta-teorii-ce-induc-in-eroare-populatia\/#breadcrumb","itemListElement":[{"@type":"ListItem","position":1,"name":"Prima pagin\u0103","item":"https:\/\/mhf.ro\/mm\/"},{"@type":"ListItem","position":2,"name":"Medicii vor fi suspenda\u021bi dac\u0103 prezint\u0103 teorii ce induc \u00een eroare popula\u0163ia"}]},{"@type":"WebSite","@id":"https:\/\/mhf.ro\/mm\/#website","url":"https:\/\/mhf.ro\/mm\/","name":"MHF Photography \u2013 Blog de fotografie, natur\u0103 \u0219i tehnic\u0103 divers\u0103","description":"Aventur\u0103 \u00een fiecare cadru.","publisher":{"@id":"https:\/\/mhf.ro\/mm\/#\/schema\/person\/a3bebf7bdb4bf12f698aff73c7e46c21"},"potentialAction":[{"@type":"SearchAction","target":{"@type":"EntryPoint","urlTemplate":"https:\/\/mhf.ro\/mm\/?s={search_term_string}"},"query-input":{"@type":"PropertyValueSpecification","valueRequired":true,"valueName":"search_term_string"}}],"inLanguage":"ro-RO"},{"@type":["Person","Organization"],"@id":"https:\/\/mhf.ro\/mm\/#\/schema\/person\/a3bebf7bdb4bf12f698aff73c7e46c21","name":"Marius Marcu","image":{"@type":"ImageObject","inLanguage":"ro-RO","@id":"https:\/\/mhf.ro\/mm\/#\/schema\/person\/image\/","url":"https:\/\/mhf.ro\/mm\/wp-content\/uploads\/2025\/12\/cropped-logo_mhf_2.png","contentUrl":"https:\/\/mhf.ro\/mm\/wp-content\/uploads\/2025\/12\/cropped-logo_mhf_2.png","width":1096,"height":457,"caption":"Marius Marcu"},"logo":{"@id":"https:\/\/mhf.ro\/mm\/#\/schema\/person\/image\/"},"sameAs":["https:\/\/mhf.ro\/mm"],"url":"https:\/\/mhf.ro\/mm\/author\/mihai\/"}]}},"_links":{"self":[{"href":"https:\/\/mhf.ro\/mm\/wp-json\/wp\/v2\/posts\/5439","targetHints":{"allow":["GET"]}}],"collection":[{"href":"https:\/\/mhf.ro\/mm\/wp-json\/wp\/v2\/posts"}],"about":[{"href":"https:\/\/mhf.ro\/mm\/wp-json\/wp\/v2\/types\/post"}],"author":[{"embeddable":true,"href":"https:\/\/mhf.ro\/mm\/wp-json\/wp\/v2\/users\/1"}],"replies":[{"embeddable":true,"href":"https:\/\/mhf.ro\/mm\/wp-json\/wp\/v2\/comments?post=5439"}],"version-history":[{"count":1,"href":"https:\/\/mhf.ro\/mm\/wp-json\/wp\/v2\/posts\/5439\/revisions"}],"predecessor-version":[{"id":5441,"href":"https:\/\/mhf.ro\/mm\/wp-json\/wp\/v2\/posts\/5439\/revisions\/5441"}],"wp:featuredmedia":[{"embeddable":true,"href":"https:\/\/mhf.ro\/mm\/wp-json\/wp\/v2\/media\/5440"}],"wp:attachment":[{"href":"https:\/\/mhf.ro\/mm\/wp-json\/wp\/v2\/media?parent=5439"}],"wp:term":[{"taxonomy":"category","embeddable":true,"href":"https:\/\/mhf.ro\/mm\/wp-json\/wp\/v2\/categories?post=5439"},{"taxonomy":"post_tag","embeddable":true,"href":"https:\/\/mhf.ro\/mm\/wp-json\/wp\/v2\/tags?post=5439"}],"curies":[{"name":"wp","href":"https:\/\/api.w.org\/{rel}","templated":true}]}}