{"id":5444,"date":"2021-10-18T08:19:29","date_gmt":"2021-10-18T06:19:29","guid":{"rendered":"https:\/\/mhf.ro\/mm\/?p=5444"},"modified":"2021-10-18T08:19:29","modified_gmt":"2021-10-18T06:19:29","slug":"a-fost-emis-ordinul-de-incepere-a-lucrarilor-de-executie-aferente-lotului-3-din-autostrada-de-centura-bucuresti-sud","status":"publish","type":"post","link":"https:\/\/mhf.ro\/mm\/a-fost-emis-ordinul-de-incepere-a-lucrarilor-de-executie-aferente-lotului-3-din-autostrada-de-centura-bucuresti-sud\/","title":{"rendered":"A fost emis Ordinul de \u00cencepere a Lucr\u0103rilor de execu\u021bie aferente lotului 3 din Autostrada de Centur\u0103 Bucure\u0219ti Sud"},"content":{"rendered":"<p><strong>Joi, 14.10.2021, CNAIR a dat Ordinul de \u00cencepere a Lucr\u0103rilor pentru contractul \u201cProiectare \u0219i Execu\u021bie Autostrada de Centura Bucure\u0219ti Sud, LOTUL 3, Sector 1, km 85+300 &#8211; km 100- 765, aferent Centura Sud \u0219i Sector 2, km 0+000- km 2+500, aferent Centura Nord\u201d.<\/strong><\/p>\n<p><strong>Antreprenorul General este ASOCIEREA AKTOR S.A. \u2013 EUROCONSTRUCT TRADING \u201998 SRL.<\/strong><\/p>\n<p><strong>Perioada pentru execu\u021bia lucr\u0103rilor este de 30 de luni, iar garan\u021bia oferit\u0103 de Antreprenor este de 60 de luni.<\/strong><\/p>\n<p><strong>Valoarea total\u0103 a contractului este 853,422,022.52 lei f\u0103r\u0103 TVA.<\/strong><\/p>\n<p><strong>Sursa de finan\u021bare: Fondul de Coeziune prin Programul Opera\u021bional Infrastructur\u0103 Mare 2014 -2020 \u0219i Guvernul Rom\u00e2niei.(conf cnadnr.ro\/)<\/strong><\/p>\n","protected":false},"excerpt":{"rendered":"<p>Joi, 14.10.2021, CNAIR a dat Ordinul de \u00cencepere a Lucr\u0103rilor pentru contractul \u201cProiectare \u0219i Execu\u021bie Autostrada de Centura Bucure\u0219ti Sud,<\/p>\n","protected":false},"author":1,"featured_media":3586,"comment_status":"open","ping_status":"open","sticky":false,"template":"","format":"standard","meta":{"colormag_page_container_layout":"default_layout","colormag_page_sidebar_layout":"default_layout","footnotes":""},"categories":[8],"tags":[],"class_list":["post-5444","post","type-post","status-publish","format-standard","has-post-thumbnail","hentry","category-div"],"yoast_head":"<!-- This site is optimized with the Yoast SEO plugin v27.0 - https:\/\/yoast.com\/product\/yoast-seo-wordpress\/ -->\n<title>A fost emis Ordinul de \u00cencepere a Lucr\u0103rilor de execu\u021bie aferente lotului 3 din Autostrada de Centur\u0103 Bucure\u0219ti Sud - MHF Photography<\/title>\n<meta name=\"robots\" content=\"index, follow, max-snippet:-1, max-image-preview:large, max-video-preview:-1\" \/>\n<link rel=\"canonical\" href=\"https:\/\/mhf.ro\/mm\/a-fost-emis-ordinul-de-incepere-a-lucrarilor-de-executie-aferente-lotului-3-din-autostrada-de-centura-bucuresti-sud\/\" \/>\n<meta property=\"og:locale\" content=\"ro_RO\" \/>\n<meta property=\"og:type\" content=\"article\" \/>\n<meta property=\"og:title\" content=\"A fost emis Ordinul de \u00cencepere a Lucr\u0103rilor de execu\u021bie aferente lotului 3 din Autostrada de Centur\u0103 Bucure\u0219ti Sud - MHF Photography\" \/>\n<meta property=\"og:description\" content=\"Joi, 14.10.2021, CNAIR a dat Ordinul de \u00cencepere a Lucr\u0103rilor pentru contractul \u201cProiectare \u0219i Execu\u021bie Autostrada de Centura Bucure\u0219ti Sud,\" \/>\n<meta property=\"og:url\" content=\"https:\/\/mhf.ro\/mm\/a-fost-emis-ordinul-de-incepere-a-lucrarilor-de-executie-aferente-lotului-3-din-autostrada-de-centura-bucuresti-sud\/\" \/>\n<meta property=\"og:site_name\" content=\"MHF Photography\" \/>\n<meta property=\"article:published_time\" content=\"2021-10-18T06:19:29+00:00\" \/>\n<meta property=\"og:image\" content=\"https:\/\/mhf.ro\/mm\/wp-content\/uploads\/2021\/01\/zapada_drum.jpg\" \/>\n\t<meta property=\"og:image:width\" content=\"1280\" \/>\n\t<meta property=\"og:image:height\" content=\"685\" \/>\n\t<meta property=\"og:image:type\" content=\"image\/jpeg\" \/>\n<meta name=\"author\" content=\"Marius Marcu\" \/>\n<meta name=\"twitter:card\" content=\"summary_large_image\" \/>\n<meta name=\"twitter:label1\" content=\"Scris de\" \/>\n\t<meta name=\"twitter:data1\" content=\"Marius Marcu\" \/>\n<script type=\"application\/ld+json\" class=\"yoast-schema-graph\">{\"@context\":\"https:\/\/schema.org\",\"@graph\":[{\"@type\":\"Article\",\"@id\":\"https:\/\/mhf.ro\/mm\/a-fost-emis-ordinul-de-incepere-a-lucrarilor-de-executie-aferente-lotului-3-din-autostrada-de-centura-bucuresti-sud\/#article\",\"isPartOf\":{\"@id\":\"https:\/\/mhf.ro\/mm\/a-fost-emis-ordinul-de-incepere-a-lucrarilor-de-executie-aferente-lotului-3-din-autostrada-de-centura-bucuresti-sud\/\"},\"author\":{\"name\":\"Marius Marcu\",\"@id\":\"https:\/\/mhf.ro\/mm\/#\/schema\/person\/a3bebf7bdb4bf12f698aff73c7e46c21\"},\"headline\":\"A fost emis Ordinul de \u00cencepere a Lucr\u0103rilor de execu\u021bie aferente lotului 3 din Autostrada de Centur\u0103 Bucure\u0219ti Sud\",\"datePublished\":\"2021-10-18T06:19:29+00:00\",\"mainEntityOfPage\":{\"@id\":\"https:\/\/mhf.ro\/mm\/a-fost-emis-ordinul-de-incepere-a-lucrarilor-de-executie-aferente-lotului-3-din-autostrada-de-centura-bucuresti-sud\/\"},\"wordCount\":120,\"commentCount\":0,\"publisher\":{\"@id\":\"https:\/\/mhf.ro\/mm\/#\/schema\/person\/a3bebf7bdb4bf12f698aff73c7e46c21\"},\"image\":{\"@id\":\"https:\/\/mhf.ro\/mm\/a-fost-emis-ordinul-de-incepere-a-lucrarilor-de-executie-aferente-lotului-3-din-autostrada-de-centura-bucuresti-sud\/#primaryimage\"},\"thumbnailUrl\":\"https:\/\/mhf.ro\/mm\/wp-content\/uploads\/2021\/01\/zapada_drum.jpg\",\"articleSection\":[\"Diverse\"],\"inLanguage\":\"ro-RO\",\"potentialAction\":[{\"@type\":\"CommentAction\",\"name\":\"Comment\",\"target\":[\"https:\/\/mhf.ro\/mm\/a-fost-emis-ordinul-de-incepere-a-lucrarilor-de-executie-aferente-lotului-3-din-autostrada-de-centura-bucuresti-sud\/#respond\"]}]},{\"@type\":\"WebPage\",\"@id\":\"https:\/\/mhf.ro\/mm\/a-fost-emis-ordinul-de-incepere-a-lucrarilor-de-executie-aferente-lotului-3-din-autostrada-de-centura-bucuresti-sud\/\",\"url\":\"https:\/\/mhf.ro\/mm\/a-fost-emis-ordinul-de-incepere-a-lucrarilor-de-executie-aferente-lotului-3-din-autostrada-de-centura-bucuresti-sud\/\",\"name\":\"A fost emis Ordinul de \u00cencepere a Lucr\u0103rilor de execu\u021bie aferente lotului 3 din Autostrada de Centur\u0103 Bucure\u0219ti Sud - MHF Photography\",\"isPartOf\":{\"@id\":\"https:\/\/mhf.ro\/mm\/#website\"},\"primaryImageOfPage\":{\"@id\":\"https:\/\/mhf.ro\/mm\/a-fost-emis-ordinul-de-incepere-a-lucrarilor-de-executie-aferente-lotului-3-din-autostrada-de-centura-bucuresti-sud\/#primaryimage\"},\"image\":{\"@id\":\"https:\/\/mhf.ro\/mm\/a-fost-emis-ordinul-de-incepere-a-lucrarilor-de-executie-aferente-lotului-3-din-autostrada-de-centura-bucuresti-sud\/#primaryimage\"},\"thumbnailUrl\":\"https:\/\/mhf.ro\/mm\/wp-content\/uploads\/2021\/01\/zapada_drum.jpg\",\"datePublished\":\"2021-10-18T06:19:29+00:00\",\"breadcrumb\":{\"@id\":\"https:\/\/mhf.ro\/mm\/a-fost-emis-ordinul-de-incepere-a-lucrarilor-de-executie-aferente-lotului-3-din-autostrada-de-centura-bucuresti-sud\/#breadcrumb\"},\"inLanguage\":\"ro-RO\",\"potentialAction\":[{\"@type\":\"ReadAction\",\"target\":[\"https:\/\/mhf.ro\/mm\/a-fost-emis-ordinul-de-incepere-a-lucrarilor-de-executie-aferente-lotului-3-din-autostrada-de-centura-bucuresti-sud\/\"]}]},{\"@type\":\"ImageObject\",\"inLanguage\":\"ro-RO\",\"@id\":\"https:\/\/mhf.ro\/mm\/a-fost-emis-ordinul-de-incepere-a-lucrarilor-de-executie-aferente-lotului-3-din-autostrada-de-centura-bucuresti-sud\/#primaryimage\",\"url\":\"https:\/\/mhf.ro\/mm\/wp-content\/uploads\/2021\/01\/zapada_drum.jpg\",\"contentUrl\":\"https:\/\/mhf.ro\/mm\/wp-content\/uploads\/2021\/01\/zapada_drum.jpg\",\"width\":1280,\"height\":685},{\"@type\":\"BreadcrumbList\",\"@id\":\"https:\/\/mhf.ro\/mm\/a-fost-emis-ordinul-de-incepere-a-lucrarilor-de-executie-aferente-lotului-3-din-autostrada-de-centura-bucuresti-sud\/#breadcrumb\",\"itemListElement\":[{\"@type\":\"ListItem\",\"position\":1,\"name\":\"Prima pagin\u0103\",\"item\":\"https:\/\/mhf.ro\/mm\/\"},{\"@type\":\"ListItem\",\"position\":2,\"name\":\"A fost emis Ordinul de \u00cencepere a Lucr\u0103rilor de execu\u021bie aferente lotului 3 din Autostrada de Centur\u0103 Bucure\u0219ti Sud\"}]},{\"@type\":\"WebSite\",\"@id\":\"https:\/\/mhf.ro\/mm\/#website\",\"url\":\"https:\/\/mhf.ro\/mm\/\",\"name\":\"MHF Photography \u2013 Blog de fotografie, natur\u0103 \u0219i tehnic\u0103 divers\u0103\",\"description\":\"Aventur\u0103 \u00een fiecare cadru.\",\"publisher\":{\"@id\":\"https:\/\/mhf.ro\/mm\/#\/schema\/person\/a3bebf7bdb4bf12f698aff73c7e46c21\"},\"potentialAction\":[{\"@type\":\"SearchAction\",\"target\":{\"@type\":\"EntryPoint\",\"urlTemplate\":\"https:\/\/mhf.ro\/mm\/?s={search_term_string}\"},\"query-input\":{\"@type\":\"PropertyValueSpecification\",\"valueRequired\":true,\"valueName\":\"search_term_string\"}}],\"inLanguage\":\"ro-RO\"},{\"@type\":[\"Person\",\"Organization\"],\"@id\":\"https:\/\/mhf.ro\/mm\/#\/schema\/person\/a3bebf7bdb4bf12f698aff73c7e46c21\",\"name\":\"Marius Marcu\",\"image\":{\"@type\":\"ImageObject\",\"inLanguage\":\"ro-RO\",\"@id\":\"https:\/\/mhf.ro\/mm\/#\/schema\/person\/image\/\",\"url\":\"https:\/\/mhf.ro\/mm\/wp-content\/uploads\/2025\/12\/cropped-logo_mhf_2.png\",\"contentUrl\":\"https:\/\/mhf.ro\/mm\/wp-content\/uploads\/2025\/12\/cropped-logo_mhf_2.png\",\"width\":1096,\"height\":457,\"caption\":\"Marius Marcu\"},\"logo\":{\"@id\":\"https:\/\/mhf.ro\/mm\/#\/schema\/person\/image\/\"},\"sameAs\":[\"https:\/\/mhf.ro\/mm\"],\"url\":\"https:\/\/mhf.ro\/mm\/author\/mihai\/\"}]}<\/script>\n<!-- \/ Yoast SEO plugin. -->","yoast_head_json":{"title":"A fost emis Ordinul de \u00cencepere a Lucr\u0103rilor de execu\u021bie aferente lotului 3 din Autostrada de Centur\u0103 Bucure\u0219ti Sud - MHF Photography","robots":{"index":"index","follow":"follow","max-snippet":"max-snippet:-1","max-image-preview":"max-image-preview:large","max-video-preview":"max-video-preview:-1"},"canonical":"https:\/\/mhf.ro\/mm\/a-fost-emis-ordinul-de-incepere-a-lucrarilor-de-executie-aferente-lotului-3-din-autostrada-de-centura-bucuresti-sud\/","og_locale":"ro_RO","og_type":"article","og_title":"A fost emis Ordinul de \u00cencepere a Lucr\u0103rilor de execu\u021bie aferente lotului 3 din Autostrada de Centur\u0103 Bucure\u0219ti Sud - MHF Photography","og_description":"Joi, 14.10.2021, CNAIR a dat Ordinul de \u00cencepere a Lucr\u0103rilor pentru contractul \u201cProiectare \u0219i Execu\u021bie Autostrada de Centura Bucure\u0219ti Sud,","og_url":"https:\/\/mhf.ro\/mm\/a-fost-emis-ordinul-de-incepere-a-lucrarilor-de-executie-aferente-lotului-3-din-autostrada-de-centura-bucuresti-sud\/","og_site_name":"MHF Photography","article_published_time":"2021-10-18T06:19:29+00:00","og_image":[{"width":1280,"height":685,"url":"https:\/\/mhf.ro\/mm\/wp-content\/uploads\/2021\/01\/zapada_drum.jpg","type":"image\/jpeg"}],"author":"Marius Marcu","twitter_card":"summary_large_image","twitter_misc":{"Scris de":"Marius Marcu"},"schema":{"@context":"https:\/\/schema.org","@graph":[{"@type":"Article","@id":"https:\/\/mhf.ro\/mm\/a-fost-emis-ordinul-de-incepere-a-lucrarilor-de-executie-aferente-lotului-3-din-autostrada-de-centura-bucuresti-sud\/#article","isPartOf":{"@id":"https:\/\/mhf.ro\/mm\/a-fost-emis-ordinul-de-incepere-a-lucrarilor-de-executie-aferente-lotului-3-din-autostrada-de-centura-bucuresti-sud\/"},"author":{"name":"Marius Marcu","@id":"https:\/\/mhf.ro\/mm\/#\/schema\/person\/a3bebf7bdb4bf12f698aff73c7e46c21"},"headline":"A fost emis Ordinul de \u00cencepere a Lucr\u0103rilor de execu\u021bie aferente lotului 3 din Autostrada de Centur\u0103 Bucure\u0219ti Sud","datePublished":"2021-10-18T06:19:29+00:00","mainEntityOfPage":{"@id":"https:\/\/mhf.ro\/mm\/a-fost-emis-ordinul-de-incepere-a-lucrarilor-de-executie-aferente-lotului-3-din-autostrada-de-centura-bucuresti-sud\/"},"wordCount":120,"commentCount":0,"publisher":{"@id":"https:\/\/mhf.ro\/mm\/#\/schema\/person\/a3bebf7bdb4bf12f698aff73c7e46c21"},"image":{"@id":"https:\/\/mhf.ro\/mm\/a-fost-emis-ordinul-de-incepere-a-lucrarilor-de-executie-aferente-lotului-3-din-autostrada-de-centura-bucuresti-sud\/#primaryimage"},"thumbnailUrl":"https:\/\/mhf.ro\/mm\/wp-content\/uploads\/2021\/01\/zapada_drum.jpg","articleSection":["Diverse"],"inLanguage":"ro-RO","potentialAction":[{"@type":"CommentAction","name":"Comment","target":["https:\/\/mhf.ro\/mm\/a-fost-emis-ordinul-de-incepere-a-lucrarilor-de-executie-aferente-lotului-3-din-autostrada-de-centura-bucuresti-sud\/#respond"]}]},{"@type":"WebPage","@id":"https:\/\/mhf.ro\/mm\/a-fost-emis-ordinul-de-incepere-a-lucrarilor-de-executie-aferente-lotului-3-din-autostrada-de-centura-bucuresti-sud\/","url":"https:\/\/mhf.ro\/mm\/a-fost-emis-ordinul-de-incepere-a-lucrarilor-de-executie-aferente-lotului-3-din-autostrada-de-centura-bucuresti-sud\/","name":"A fost emis Ordinul de \u00cencepere a Lucr\u0103rilor de execu\u021bie aferente lotului 3 din Autostrada de Centur\u0103 Bucure\u0219ti Sud - MHF Photography","isPartOf":{"@id":"https:\/\/mhf.ro\/mm\/#website"},"primaryImageOfPage":{"@id":"https:\/\/mhf.ro\/mm\/a-fost-emis-ordinul-de-incepere-a-lucrarilor-de-executie-aferente-lotului-3-din-autostrada-de-centura-bucuresti-sud\/#primaryimage"},"image":{"@id":"https:\/\/mhf.ro\/mm\/a-fost-emis-ordinul-de-incepere-a-lucrarilor-de-executie-aferente-lotului-3-din-autostrada-de-centura-bucuresti-sud\/#primaryimage"},"thumbnailUrl":"https:\/\/mhf.ro\/mm\/wp-content\/uploads\/2021\/01\/zapada_drum.jpg","datePublished":"2021-10-18T06:19:29+00:00","breadcrumb":{"@id":"https:\/\/mhf.ro\/mm\/a-fost-emis-ordinul-de-incepere-a-lucrarilor-de-executie-aferente-lotului-3-din-autostrada-de-centura-bucuresti-sud\/#breadcrumb"},"inLanguage":"ro-RO","potentialAction":[{"@type":"ReadAction","target":["https:\/\/mhf.ro\/mm\/a-fost-emis-ordinul-de-incepere-a-lucrarilor-de-executie-aferente-lotului-3-din-autostrada-de-centura-bucuresti-sud\/"]}]},{"@type":"ImageObject","inLanguage":"ro-RO","@id":"https:\/\/mhf.ro\/mm\/a-fost-emis-ordinul-de-incepere-a-lucrarilor-de-executie-aferente-lotului-3-din-autostrada-de-centura-bucuresti-sud\/#primaryimage","url":"https:\/\/mhf.ro\/mm\/wp-content\/uploads\/2021\/01\/zapada_drum.jpg","contentUrl":"https:\/\/mhf.ro\/mm\/wp-content\/uploads\/2021\/01\/zapada_drum.jpg","width":1280,"height":685},{"@type":"BreadcrumbList","@id":"https:\/\/mhf.ro\/mm\/a-fost-emis-ordinul-de-incepere-a-lucrarilor-de-executie-aferente-lotului-3-din-autostrada-de-centura-bucuresti-sud\/#breadcrumb","itemListElement":[{"@type":"ListItem","position":1,"name":"Prima pagin\u0103","item":"https:\/\/mhf.ro\/mm\/"},{"@type":"ListItem","position":2,"name":"A fost emis Ordinul de \u00cencepere a Lucr\u0103rilor de execu\u021bie aferente lotului 3 din Autostrada de Centur\u0103 Bucure\u0219ti Sud"}]},{"@type":"WebSite","@id":"https:\/\/mhf.ro\/mm\/#website","url":"https:\/\/mhf.ro\/mm\/","name":"MHF Photography \u2013 Blog de fotografie, natur\u0103 \u0219i tehnic\u0103 divers\u0103","description":"Aventur\u0103 \u00een fiecare cadru.","publisher":{"@id":"https:\/\/mhf.ro\/mm\/#\/schema\/person\/a3bebf7bdb4bf12f698aff73c7e46c21"},"potentialAction":[{"@type":"SearchAction","target":{"@type":"EntryPoint","urlTemplate":"https:\/\/mhf.ro\/mm\/?s={search_term_string}"},"query-input":{"@type":"PropertyValueSpecification","valueRequired":true,"valueName":"search_term_string"}}],"inLanguage":"ro-RO"},{"@type":["Person","Organization"],"@id":"https:\/\/mhf.ro\/mm\/#\/schema\/person\/a3bebf7bdb4bf12f698aff73c7e46c21","name":"Marius Marcu","image":{"@type":"ImageObject","inLanguage":"ro-RO","@id":"https:\/\/mhf.ro\/mm\/#\/schema\/person\/image\/","url":"https:\/\/mhf.ro\/mm\/wp-content\/uploads\/2025\/12\/cropped-logo_mhf_2.png","contentUrl":"https:\/\/mhf.ro\/mm\/wp-content\/uploads\/2025\/12\/cropped-logo_mhf_2.png","width":1096,"height":457,"caption":"Marius Marcu"},"logo":{"@id":"https:\/\/mhf.ro\/mm\/#\/schema\/person\/image\/"},"sameAs":["https:\/\/mhf.ro\/mm"],"url":"https:\/\/mhf.ro\/mm\/author\/mihai\/"}]}},"_links":{"self":[{"href":"https:\/\/mhf.ro\/mm\/wp-json\/wp\/v2\/posts\/5444","targetHints":{"allow":["GET"]}}],"collection":[{"href":"https:\/\/mhf.ro\/mm\/wp-json\/wp\/v2\/posts"}],"about":[{"href":"https:\/\/mhf.ro\/mm\/wp-json\/wp\/v2\/types\/post"}],"author":[{"embeddable":true,"href":"https:\/\/mhf.ro\/mm\/wp-json\/wp\/v2\/users\/1"}],"replies":[{"embeddable":true,"href":"https:\/\/mhf.ro\/mm\/wp-json\/wp\/v2\/comments?post=5444"}],"version-history":[{"count":1,"href":"https:\/\/mhf.ro\/mm\/wp-json\/wp\/v2\/posts\/5444\/revisions"}],"predecessor-version":[{"id":5445,"href":"https:\/\/mhf.ro\/mm\/wp-json\/wp\/v2\/posts\/5444\/revisions\/5445"}],"wp:featuredmedia":[{"embeddable":true,"href":"https:\/\/mhf.ro\/mm\/wp-json\/wp\/v2\/media\/3586"}],"wp:attachment":[{"href":"https:\/\/mhf.ro\/mm\/wp-json\/wp\/v2\/media?parent=5444"}],"wp:term":[{"taxonomy":"category","embeddable":true,"href":"https:\/\/mhf.ro\/mm\/wp-json\/wp\/v2\/categories?post=5444"},{"taxonomy":"post_tag","embeddable":true,"href":"https:\/\/mhf.ro\/mm\/wp-json\/wp\/v2\/tags?post=5444"}],"curies":[{"name":"wp","href":"https:\/\/api.w.org\/{rel}","templated":true}]}}