{"id":5466,"date":"2021-10-20T05:48:15","date_gmt":"2021-10-20T03:48:15","guid":{"rendered":"https:\/\/mhf.ro\/mm\/?p=5466"},"modified":"2021-10-20T05:48:15","modified_gmt":"2021-10-20T03:48:15","slug":"ierusalim-oras-sfant","status":"publish","type":"post","link":"https:\/\/mhf.ro\/mm\/ierusalim-oras-sfant\/","title":{"rendered":"Ierusalim-ora\u0219 sf\u00e2nt"},"content":{"rendered":"<p>,,R\u0103zboiul\u201d cu actualul virus face ca pelerinajele s\u0103 fie o probabilitate foarte \u00eendep\u0103rtat\u0103. De aceea ne mul\u021bumim doar s\u0103 ne amintim. C\u00e2nd p\u0103rintele rom\u00e2n de la Morm\u00e2ntul Maicii Domnului spunea \u00een urm\u0103 cu c\u00e2\u021biva ani c\u0103 ,,vine vremea c\u00e2nd nu va mai fi voie s\u0103 veni\u021bi aici\u201d nu l-am \u00een\u021beles. Dar vorba sfin\u021biei sale s-a adeverit!<\/p>\n<p>Cu mult timp \u00een urm\u0103 am descris succint locuri de pelerinaj din Israel. Mai recent am enumerat, ca remember, acele locuri. Au r\u0103mas de enumerat ce este important pentru noi, cre\u0219tinii, \u00een Ierusalim. Acestea urmeaz\u0103 \u00een ordine geografic\u0103, parcurg\u00e2nd imaginar un traseu care fizic dureaz\u0103 cel pu\u021bin dou\u0103 zile, astfel:<\/p>\n<ol>\n<li>M\u0103n\u0103stirea ruseasc\u0103 de pe Eleon;<\/li>\n<li>Locul \u00cen\u0103l\u021b\u0103rii (mica moschee pe locul bisericii bizantine) sau m\u0103n\u0103stirea greceasc\u0103 de vis-a-vis;<\/li>\n<li>Biserica ,,Pater noster\u201d care consemneaz\u0103 predarea rug\u0103ciunii Tat\u0103l Nostru;<\/li>\n<li>Biserica ,,Dominus flevit\u201d-Domnul a pl\u00e2ns;<\/li>\n<li>M\u0103n\u0103stirea ruseasc\u0103 Sf. Maria Magdalena;<\/li>\n<li>Gr\u0103dina Ghe\u021bimani;<\/li>\n<li>Morm\u00e2ntul Maicii Domnului;<\/li>\n<li>Biserica Sf. \u0218tefan-locul primului martiraj pentru Hristos;<\/li>\n<li>Poarta oilor sau leilor;<\/li>\n<li>Vitezda;<\/li>\n<li>Biserica Na\u0219terii Maicii Domnului;<\/li>\n<li>Calea Crucii, de la locul condamn\u0103rii lui Iisus la moarte p\u00e2n\u0103 la Golgota, \u00een incinta bisericii Sf. Morm\u00e2nt;<\/li>\n<li>Piatra ungerii;<\/li>\n<li>Sf. Morm\u00e2nt al M\u00e2ntuitorului;<\/li>\n<li>Locul g\u0103sirii Sfintei Cruci;<\/li>\n<li>Sionul-Adormirea Maicii Domnului;<\/li>\n<li>Foi\u0219orul Cinei de tain\u0103.<\/li>\n<\/ol>\n","protected":false},"excerpt":{"rendered":"<p>,,R\u0103zboiul\u201d cu actualul virus face ca pelerinajele s\u0103 fie o probabilitate foarte \u00eendep\u0103rtat\u0103. De aceea ne mul\u021bumim doar s\u0103 ne<\/p>\n","protected":false},"author":4,"featured_media":4775,"comment_status":"open","ping_status":"open","sticky":false,"template":"","format":"standard","meta":{"colormag_page_container_layout":"default_layout","colormag_page_sidebar_layout":"default_layout","footnotes":""},"categories":[5,34],"tags":[],"class_list":["post-5466","post","type-post","status-publish","format-standard","has-post-thumbnail","hentry","category-locale","category-religie"],"yoast_head":"<!-- This site is optimized with the Yoast SEO plugin v27.0 - https:\/\/yoast.com\/product\/yoast-seo-wordpress\/ -->\n<title>Ierusalim-ora\u0219 sf\u00e2nt - MHF Photography<\/title>\n<meta name=\"robots\" content=\"index, follow, max-snippet:-1, max-image-preview:large, max-video-preview:-1\" \/>\n<link rel=\"canonical\" href=\"https:\/\/mhf.ro\/mm\/ierusalim-oras-sfant\/\" \/>\n<meta property=\"og:locale\" content=\"ro_RO\" \/>\n<meta property=\"og:type\" content=\"article\" \/>\n<meta property=\"og:title\" content=\"Ierusalim-ora\u0219 sf\u00e2nt - MHF Photography\" \/>\n<meta property=\"og:description\" content=\",,R\u0103zboiul\u201d cu actualul virus face ca pelerinajele s\u0103 fie o probabilitate foarte \u00eendep\u0103rtat\u0103. De aceea ne mul\u021bumim doar s\u0103 ne\" \/>\n<meta property=\"og:url\" content=\"https:\/\/mhf.ro\/mm\/ierusalim-oras-sfant\/\" \/>\n<meta property=\"og:site_name\" content=\"MHF Photography\" \/>\n<meta property=\"article:published_time\" content=\"2021-10-20T03:48:15+00:00\" \/>\n<meta property=\"og:image\" content=\"https:\/\/mhf.ro\/mm\/wp-content\/uploads\/2021\/05\/biserica-sf-mormant.jpg\" \/>\n\t<meta property=\"og:image:width\" content=\"299\" \/>\n\t<meta property=\"og:image:height\" content=\"168\" \/>\n\t<meta property=\"og:image:type\" content=\"image\/jpeg\" \/>\n<meta name=\"author\" content=\"Preot paroh Horvat Petru\" \/>\n<meta name=\"twitter:card\" content=\"summary_large_image\" \/>\n<meta name=\"twitter:label1\" content=\"Scris de\" \/>\n\t<meta name=\"twitter:data1\" content=\"Preot paroh Horvat Petru\" \/>\n\t<meta name=\"twitter:label2\" content=\"Timp estimat pentru citire\" \/>\n\t<meta name=\"twitter:data2\" content=\"1 minut\" \/>\n<script type=\"application\/ld+json\" class=\"yoast-schema-graph\">{\"@context\":\"https:\/\/schema.org\",\"@graph\":[{\"@type\":\"Article\",\"@id\":\"https:\/\/mhf.ro\/mm\/ierusalim-oras-sfant\/#article\",\"isPartOf\":{\"@id\":\"https:\/\/mhf.ro\/mm\/ierusalim-oras-sfant\/\"},\"author\":{\"name\":\"Preot paroh Horvat Petru\",\"@id\":\"https:\/\/mhf.ro\/mm\/#\/schema\/person\/4c8c06c801b7b666e81ed44550086900\"},\"headline\":\"Ierusalim-ora\u0219 sf\u00e2nt\",\"datePublished\":\"2021-10-20T03:48:15+00:00\",\"mainEntityOfPage\":{\"@id\":\"https:\/\/mhf.ro\/mm\/ierusalim-oras-sfant\/\"},\"wordCount\":241,\"commentCount\":0,\"publisher\":{\"@id\":\"https:\/\/mhf.ro\/mm\/#\/schema\/person\/a3bebf7bdb4bf12f698aff73c7e46c21\"},\"image\":{\"@id\":\"https:\/\/mhf.ro\/mm\/ierusalim-oras-sfant\/#primaryimage\"},\"thumbnailUrl\":\"https:\/\/mhf.ro\/mm\/wp-content\/uploads\/2021\/05\/biserica-sf-mormant.jpg\",\"articleSection\":[\"Locale\",\"Religie\"],\"inLanguage\":\"ro-RO\",\"potentialAction\":[{\"@type\":\"CommentAction\",\"name\":\"Comment\",\"target\":[\"https:\/\/mhf.ro\/mm\/ierusalim-oras-sfant\/#respond\"]}]},{\"@type\":\"WebPage\",\"@id\":\"https:\/\/mhf.ro\/mm\/ierusalim-oras-sfant\/\",\"url\":\"https:\/\/mhf.ro\/mm\/ierusalim-oras-sfant\/\",\"name\":\"Ierusalim-ora\u0219 sf\u00e2nt - MHF Photography\",\"isPartOf\":{\"@id\":\"https:\/\/mhf.ro\/mm\/#website\"},\"primaryImageOfPage\":{\"@id\":\"https:\/\/mhf.ro\/mm\/ierusalim-oras-sfant\/#primaryimage\"},\"image\":{\"@id\":\"https:\/\/mhf.ro\/mm\/ierusalim-oras-sfant\/#primaryimage\"},\"thumbnailUrl\":\"https:\/\/mhf.ro\/mm\/wp-content\/uploads\/2021\/05\/biserica-sf-mormant.jpg\",\"datePublished\":\"2021-10-20T03:48:15+00:00\",\"breadcrumb\":{\"@id\":\"https:\/\/mhf.ro\/mm\/ierusalim-oras-sfant\/#breadcrumb\"},\"inLanguage\":\"ro-RO\",\"potentialAction\":[{\"@type\":\"ReadAction\",\"target\":[\"https:\/\/mhf.ro\/mm\/ierusalim-oras-sfant\/\"]}]},{\"@type\":\"ImageObject\",\"inLanguage\":\"ro-RO\",\"@id\":\"https:\/\/mhf.ro\/mm\/ierusalim-oras-sfant\/#primaryimage\",\"url\":\"https:\/\/mhf.ro\/mm\/wp-content\/uploads\/2021\/05\/biserica-sf-mormant.jpg\",\"contentUrl\":\"https:\/\/mhf.ro\/mm\/wp-content\/uploads\/2021\/05\/biserica-sf-mormant.jpg\",\"width\":299,\"height\":168},{\"@type\":\"BreadcrumbList\",\"@id\":\"https:\/\/mhf.ro\/mm\/ierusalim-oras-sfant\/#breadcrumb\",\"itemListElement\":[{\"@type\":\"ListItem\",\"position\":1,\"name\":\"Prima pagin\u0103\",\"item\":\"https:\/\/mhf.ro\/mm\/\"},{\"@type\":\"ListItem\",\"position\":2,\"name\":\"Ierusalim-ora\u0219 sf\u00e2nt\"}]},{\"@type\":\"WebSite\",\"@id\":\"https:\/\/mhf.ro\/mm\/#website\",\"url\":\"https:\/\/mhf.ro\/mm\/\",\"name\":\"MHF Photography \u2013 Blog de fotografie, natur\u0103 \u0219i tehnic\u0103 divers\u0103\",\"description\":\"Aventur\u0103 \u00een fiecare cadru.\",\"publisher\":{\"@id\":\"https:\/\/mhf.ro\/mm\/#\/schema\/person\/a3bebf7bdb4bf12f698aff73c7e46c21\"},\"potentialAction\":[{\"@type\":\"SearchAction\",\"target\":{\"@type\":\"EntryPoint\",\"urlTemplate\":\"https:\/\/mhf.ro\/mm\/?s={search_term_string}\"},\"query-input\":{\"@type\":\"PropertyValueSpecification\",\"valueRequired\":true,\"valueName\":\"search_term_string\"}}],\"inLanguage\":\"ro-RO\"},{\"@type\":[\"Person\",\"Organization\"],\"@id\":\"https:\/\/mhf.ro\/mm\/#\/schema\/person\/a3bebf7bdb4bf12f698aff73c7e46c21\",\"name\":\"Marius Marcu\",\"image\":{\"@type\":\"ImageObject\",\"inLanguage\":\"ro-RO\",\"@id\":\"https:\/\/mhf.ro\/mm\/#\/schema\/person\/image\/\",\"url\":\"https:\/\/mhf.ro\/mm\/wp-content\/uploads\/2025\/12\/cropped-logo_mhf_2.png\",\"contentUrl\":\"https:\/\/mhf.ro\/mm\/wp-content\/uploads\/2025\/12\/cropped-logo_mhf_2.png\",\"width\":1096,\"height\":457,\"caption\":\"Marius Marcu\"},\"logo\":{\"@id\":\"https:\/\/mhf.ro\/mm\/#\/schema\/person\/image\/\"},\"sameAs\":[\"https:\/\/mhf.ro\/mm\"]},{\"@type\":\"Person\",\"@id\":\"https:\/\/mhf.ro\/mm\/#\/schema\/person\/4c8c06c801b7b666e81ed44550086900\",\"name\":\"Preot paroh Horvat Petru\",\"image\":{\"@type\":\"ImageObject\",\"inLanguage\":\"ro-RO\",\"@id\":\"https:\/\/mhf.ro\/mm\/#\/schema\/person\/image\/\",\"url\":\"https:\/\/secure.gravatar.com\/avatar\/c2d2dcdf21c6f41aad486d71768c144cd6e23cb7b63bae9bd6fab542b26ad321?s=96&d=monsterid&r=g\",\"contentUrl\":\"https:\/\/secure.gravatar.com\/avatar\/c2d2dcdf21c6f41aad486d71768c144cd6e23cb7b63bae9bd6fab542b26ad321?s=96&d=monsterid&r=g\",\"caption\":\"Preot paroh Horvat Petru\"},\"sameAs\":[\"https:\/\/mhf.ro\/mm\"],\"url\":\"https:\/\/mhf.ro\/mm\/author\/petrica\/\"}]}<\/script>\n<!-- \/ Yoast SEO plugin. -->","yoast_head_json":{"title":"Ierusalim-ora\u0219 sf\u00e2nt - MHF Photography","robots":{"index":"index","follow":"follow","max-snippet":"max-snippet:-1","max-image-preview":"max-image-preview:large","max-video-preview":"max-video-preview:-1"},"canonical":"https:\/\/mhf.ro\/mm\/ierusalim-oras-sfant\/","og_locale":"ro_RO","og_type":"article","og_title":"Ierusalim-ora\u0219 sf\u00e2nt - MHF Photography","og_description":",,R\u0103zboiul\u201d cu actualul virus face ca pelerinajele s\u0103 fie o probabilitate foarte \u00eendep\u0103rtat\u0103. De aceea ne mul\u021bumim doar s\u0103 ne","og_url":"https:\/\/mhf.ro\/mm\/ierusalim-oras-sfant\/","og_site_name":"MHF Photography","article_published_time":"2021-10-20T03:48:15+00:00","og_image":[{"width":299,"height":168,"url":"https:\/\/mhf.ro\/mm\/wp-content\/uploads\/2021\/05\/biserica-sf-mormant.jpg","type":"image\/jpeg"}],"author":"Preot paroh Horvat Petru","twitter_card":"summary_large_image","twitter_misc":{"Scris de":"Preot paroh Horvat Petru","Timp estimat pentru citire":"1 minut"},"schema":{"@context":"https:\/\/schema.org","@graph":[{"@type":"Article","@id":"https:\/\/mhf.ro\/mm\/ierusalim-oras-sfant\/#article","isPartOf":{"@id":"https:\/\/mhf.ro\/mm\/ierusalim-oras-sfant\/"},"author":{"name":"Preot paroh Horvat Petru","@id":"https:\/\/mhf.ro\/mm\/#\/schema\/person\/4c8c06c801b7b666e81ed44550086900"},"headline":"Ierusalim-ora\u0219 sf\u00e2nt","datePublished":"2021-10-20T03:48:15+00:00","mainEntityOfPage":{"@id":"https:\/\/mhf.ro\/mm\/ierusalim-oras-sfant\/"},"wordCount":241,"commentCount":0,"publisher":{"@id":"https:\/\/mhf.ro\/mm\/#\/schema\/person\/a3bebf7bdb4bf12f698aff73c7e46c21"},"image":{"@id":"https:\/\/mhf.ro\/mm\/ierusalim-oras-sfant\/#primaryimage"},"thumbnailUrl":"https:\/\/mhf.ro\/mm\/wp-content\/uploads\/2021\/05\/biserica-sf-mormant.jpg","articleSection":["Locale","Religie"],"inLanguage":"ro-RO","potentialAction":[{"@type":"CommentAction","name":"Comment","target":["https:\/\/mhf.ro\/mm\/ierusalim-oras-sfant\/#respond"]}]},{"@type":"WebPage","@id":"https:\/\/mhf.ro\/mm\/ierusalim-oras-sfant\/","url":"https:\/\/mhf.ro\/mm\/ierusalim-oras-sfant\/","name":"Ierusalim-ora\u0219 sf\u00e2nt - MHF Photography","isPartOf":{"@id":"https:\/\/mhf.ro\/mm\/#website"},"primaryImageOfPage":{"@id":"https:\/\/mhf.ro\/mm\/ierusalim-oras-sfant\/#primaryimage"},"image":{"@id":"https:\/\/mhf.ro\/mm\/ierusalim-oras-sfant\/#primaryimage"},"thumbnailUrl":"https:\/\/mhf.ro\/mm\/wp-content\/uploads\/2021\/05\/biserica-sf-mormant.jpg","datePublished":"2021-10-20T03:48:15+00:00","breadcrumb":{"@id":"https:\/\/mhf.ro\/mm\/ierusalim-oras-sfant\/#breadcrumb"},"inLanguage":"ro-RO","potentialAction":[{"@type":"ReadAction","target":["https:\/\/mhf.ro\/mm\/ierusalim-oras-sfant\/"]}]},{"@type":"ImageObject","inLanguage":"ro-RO","@id":"https:\/\/mhf.ro\/mm\/ierusalim-oras-sfant\/#primaryimage","url":"https:\/\/mhf.ro\/mm\/wp-content\/uploads\/2021\/05\/biserica-sf-mormant.jpg","contentUrl":"https:\/\/mhf.ro\/mm\/wp-content\/uploads\/2021\/05\/biserica-sf-mormant.jpg","width":299,"height":168},{"@type":"BreadcrumbList","@id":"https:\/\/mhf.ro\/mm\/ierusalim-oras-sfant\/#breadcrumb","itemListElement":[{"@type":"ListItem","position":1,"name":"Prima pagin\u0103","item":"https:\/\/mhf.ro\/mm\/"},{"@type":"ListItem","position":2,"name":"Ierusalim-ora\u0219 sf\u00e2nt"}]},{"@type":"WebSite","@id":"https:\/\/mhf.ro\/mm\/#website","url":"https:\/\/mhf.ro\/mm\/","name":"MHF Photography \u2013 Blog de fotografie, natur\u0103 \u0219i tehnic\u0103 divers\u0103","description":"Aventur\u0103 \u00een fiecare cadru.","publisher":{"@id":"https:\/\/mhf.ro\/mm\/#\/schema\/person\/a3bebf7bdb4bf12f698aff73c7e46c21"},"potentialAction":[{"@type":"SearchAction","target":{"@type":"EntryPoint","urlTemplate":"https:\/\/mhf.ro\/mm\/?s={search_term_string}"},"query-input":{"@type":"PropertyValueSpecification","valueRequired":true,"valueName":"search_term_string"}}],"inLanguage":"ro-RO"},{"@type":["Person","Organization"],"@id":"https:\/\/mhf.ro\/mm\/#\/schema\/person\/a3bebf7bdb4bf12f698aff73c7e46c21","name":"Marius Marcu","image":{"@type":"ImageObject","inLanguage":"ro-RO","@id":"https:\/\/mhf.ro\/mm\/#\/schema\/person\/image\/","url":"https:\/\/mhf.ro\/mm\/wp-content\/uploads\/2025\/12\/cropped-logo_mhf_2.png","contentUrl":"https:\/\/mhf.ro\/mm\/wp-content\/uploads\/2025\/12\/cropped-logo_mhf_2.png","width":1096,"height":457,"caption":"Marius Marcu"},"logo":{"@id":"https:\/\/mhf.ro\/mm\/#\/schema\/person\/image\/"},"sameAs":["https:\/\/mhf.ro\/mm"]},{"@type":"Person","@id":"https:\/\/mhf.ro\/mm\/#\/schema\/person\/4c8c06c801b7b666e81ed44550086900","name":"Preot paroh Horvat Petru","image":{"@type":"ImageObject","inLanguage":"ro-RO","@id":"https:\/\/mhf.ro\/mm\/#\/schema\/person\/image\/","url":"https:\/\/secure.gravatar.com\/avatar\/c2d2dcdf21c6f41aad486d71768c144cd6e23cb7b63bae9bd6fab542b26ad321?s=96&d=monsterid&r=g","contentUrl":"https:\/\/secure.gravatar.com\/avatar\/c2d2dcdf21c6f41aad486d71768c144cd6e23cb7b63bae9bd6fab542b26ad321?s=96&d=monsterid&r=g","caption":"Preot paroh Horvat Petru"},"sameAs":["https:\/\/mhf.ro\/mm"],"url":"https:\/\/mhf.ro\/mm\/author\/petrica\/"}]}},"_links":{"self":[{"href":"https:\/\/mhf.ro\/mm\/wp-json\/wp\/v2\/posts\/5466","targetHints":{"allow":["GET"]}}],"collection":[{"href":"https:\/\/mhf.ro\/mm\/wp-json\/wp\/v2\/posts"}],"about":[{"href":"https:\/\/mhf.ro\/mm\/wp-json\/wp\/v2\/types\/post"}],"author":[{"embeddable":true,"href":"https:\/\/mhf.ro\/mm\/wp-json\/wp\/v2\/users\/4"}],"replies":[{"embeddable":true,"href":"https:\/\/mhf.ro\/mm\/wp-json\/wp\/v2\/comments?post=5466"}],"version-history":[{"count":1,"href":"https:\/\/mhf.ro\/mm\/wp-json\/wp\/v2\/posts\/5466\/revisions"}],"predecessor-version":[{"id":5468,"href":"https:\/\/mhf.ro\/mm\/wp-json\/wp\/v2\/posts\/5466\/revisions\/5468"}],"wp:featuredmedia":[{"embeddable":true,"href":"https:\/\/mhf.ro\/mm\/wp-json\/wp\/v2\/media\/4775"}],"wp:attachment":[{"href":"https:\/\/mhf.ro\/mm\/wp-json\/wp\/v2\/media?parent=5466"}],"wp:term":[{"taxonomy":"category","embeddable":true,"href":"https:\/\/mhf.ro\/mm\/wp-json\/wp\/v2\/categories?post=5466"},{"taxonomy":"post_tag","embeddable":true,"href":"https:\/\/mhf.ro\/mm\/wp-json\/wp\/v2\/tags?post=5466"}],"curies":[{"name":"wp","href":"https:\/\/api.w.org\/{rel}","templated":true}]}}