{"id":5469,"date":"2021-10-20T09:26:49","date_gmt":"2021-10-20T07:26:49","guid":{"rendered":"https:\/\/mhf.ro\/mm\/?p=5469"},"modified":"2021-10-20T09:26:49","modified_gmt":"2021-10-20T07:26:49","slug":"cel-mai-negru-bilant-covid-in-romania","status":"publish","type":"post","link":"https:\/\/mhf.ro\/mm\/cel-mai-negru-bilant-covid-in-romania\/","title":{"rendered":"Cel mai negru bilan\u021b COVID \u00een Rom\u00e2nia"},"content":{"rendered":"<p class=\"title\">\u201eAcum, \u00een Rom\u00e2nia suntem ca \u00eentr-un camion plin cu bolovani lansat spre pr\u0103pastie. E necesar rapid lockdown\u201d, spune R\u0103zvan Chereche\u0219- profesor de s\u0103n\u0103tate public\u0103 la Universitatea Babe\u0219-Bolyai din Cluj-Napoca. Iar datele confirm\u0103! Mar\u021bi, a fost cel mai negru bilan\u021b COVID \u00een Rom\u00e2nia.<\/p>\n<p class=\"title\">Nu mai pu\u021bin de 18.863 cazuri noi de coronavirus au fost raportate \u00een ultimele 24 de ore, un nou record absolut de cazuri noi de la \u00eenceputul pandemiei. 561 de oameni au murit, iar 1.805 sunt \u00een stare grav\u0103, \u00een sec\u021biile ATI.<\/p>\n<p>\u00cen ultima zi s-au efectuat 81.054 de teste \u2013 27.819 teste RT-PCR \u0219i 53.235 teste rapide antigen \u2013 ceea ce \u00eenseamn\u0103 o rat\u0103 de pozitivare de 23,27%, potrivit datelor furnizate de Grupul de Comunicare Strategic\u0103.<\/p>\n<p>\u00cen total, de la debutul pandemiei \u00een Rom\u00e2nia au fost \u00eenregistrate 1.486.264 de cazuri. Totodat\u0103, p\u00e2n\u0103 ast\u0103zi, 42.616 persoane diagnosticate cu infec\u021bie cu SARS \u2013 CoV \u2013 2 au decedat. (conf Jurnalist.ro)<\/p>\n<p><img fetchpriority=\"high\" decoding=\"async\" class=\"alignnone size-full wp-image-19442 jetpack-lazy-image jetpack-lazy-image--handled td-animation-stack-type0-2\" src=\"https:\/\/jurnalist.ro\/wp-content\/uploads\/2021\/10\/marti-jpg.png\" sizes=\"(max-width: 540px) 100vw, 540px\" srcset=\"https:\/\/jurnalist.ro\/wp-content\/uploads\/2021\/10\/marti-jpg.png 540w, https:\/\/jurnalist.ro\/wp-content\/uploads\/2021\/10\/marti-jpg-300x186.png 300w, https:\/\/jurnalist.ro\/wp-content\/uploads\/2021\/10\/marti-jpg-150x93.png 150w, https:\/\/jurnalist.ro\/wp-content\/uploads\/2021\/10\/marti-jpg-356x220.png 356w\" alt=\"\" width=\"540\" height=\"335\" data-lazy-loaded=\"1\" \/><\/p>\n","protected":false},"excerpt":{"rendered":"<p>\u201eAcum, \u00een Rom\u00e2nia suntem ca \u00eentr-un camion plin cu bolovani lansat spre pr\u0103pastie. E necesar rapid lockdown\u201d, spune R\u0103zvan Chereche\u0219-<\/p>\n","protected":false},"author":1,"featured_media":5470,"comment_status":"open","ping_status":"open","sticky":false,"template":"","format":"standard","meta":{"colormag_page_container_layout":"default_layout","colormag_page_sidebar_layout":"default_layout","footnotes":""},"categories":[5],"tags":[],"class_list":["post-5469","post","type-post","status-publish","format-standard","has-post-thumbnail","hentry","category-locale"],"yoast_head":"<!-- This site is optimized with the Yoast SEO plugin v27.0 - https:\/\/yoast.com\/product\/yoast-seo-wordpress\/ -->\n<title>Cel mai negru bilan\u021b COVID \u00een Rom\u00e2nia - MHF Photography<\/title>\n<meta name=\"robots\" content=\"index, follow, max-snippet:-1, max-image-preview:large, max-video-preview:-1\" \/>\n<link rel=\"canonical\" href=\"https:\/\/mhf.ro\/mm\/cel-mai-negru-bilant-covid-in-romania\/\" \/>\n<meta property=\"og:locale\" content=\"ro_RO\" \/>\n<meta property=\"og:type\" content=\"article\" \/>\n<meta property=\"og:title\" content=\"Cel mai negru bilan\u021b COVID \u00een Rom\u00e2nia - MHF Photography\" \/>\n<meta property=\"og:description\" content=\"\u201eAcum, \u00een Rom\u00e2nia suntem ca \u00eentr-un camion plin cu bolovani lansat spre pr\u0103pastie. E necesar rapid lockdown\u201d, spune R\u0103zvan Chereche\u0219-\" \/>\n<meta property=\"og:url\" content=\"https:\/\/mhf.ro\/mm\/cel-mai-negru-bilant-covid-in-romania\/\" \/>\n<meta property=\"og:site_name\" content=\"MHF Photography\" \/>\n<meta property=\"article:published_time\" content=\"2021-10-20T07:26:49+00:00\" \/>\n<meta property=\"og:image\" content=\"https:\/\/mhf.ro\/mm\/wp-content\/uploads\/2021\/10\/covid.png\" \/>\n\t<meta property=\"og:image:width\" content=\"1000\" \/>\n\t<meta property=\"og:image:height\" content=\"465\" \/>\n\t<meta property=\"og:image:type\" content=\"image\/png\" \/>\n<meta name=\"author\" content=\"Marius Marcu\" \/>\n<meta name=\"twitter:card\" content=\"summary_large_image\" \/>\n<meta name=\"twitter:label1\" content=\"Scris de\" \/>\n\t<meta name=\"twitter:data1\" content=\"Marius Marcu\" \/>\n\t<meta name=\"twitter:label2\" content=\"Timp estimat pentru citire\" \/>\n\t<meta name=\"twitter:data2\" content=\"1 minut\" \/>\n<script type=\"application\/ld+json\" class=\"yoast-schema-graph\">{\"@context\":\"https:\/\/schema.org\",\"@graph\":[{\"@type\":\"Article\",\"@id\":\"https:\/\/mhf.ro\/mm\/cel-mai-negru-bilant-covid-in-romania\/#article\",\"isPartOf\":{\"@id\":\"https:\/\/mhf.ro\/mm\/cel-mai-negru-bilant-covid-in-romania\/\"},\"author\":{\"name\":\"Marius Marcu\",\"@id\":\"https:\/\/mhf.ro\/mm\/#\/schema\/person\/a3bebf7bdb4bf12f698aff73c7e46c21\"},\"headline\":\"Cel mai negru bilan\u021b COVID \u00een Rom\u00e2nia\",\"datePublished\":\"2021-10-20T07:26:49+00:00\",\"mainEntityOfPage\":{\"@id\":\"https:\/\/mhf.ro\/mm\/cel-mai-negru-bilant-covid-in-romania\/\"},\"wordCount\":160,\"commentCount\":0,\"publisher\":{\"@id\":\"https:\/\/mhf.ro\/mm\/#\/schema\/person\/a3bebf7bdb4bf12f698aff73c7e46c21\"},\"image\":{\"@id\":\"https:\/\/mhf.ro\/mm\/cel-mai-negru-bilant-covid-in-romania\/#primaryimage\"},\"thumbnailUrl\":\"https:\/\/mhf.ro\/mm\/wp-content\/uploads\/2021\/10\/covid.png\",\"articleSection\":[\"Locale\"],\"inLanguage\":\"ro-RO\",\"potentialAction\":[{\"@type\":\"CommentAction\",\"name\":\"Comment\",\"target\":[\"https:\/\/mhf.ro\/mm\/cel-mai-negru-bilant-covid-in-romania\/#respond\"]}]},{\"@type\":\"WebPage\",\"@id\":\"https:\/\/mhf.ro\/mm\/cel-mai-negru-bilant-covid-in-romania\/\",\"url\":\"https:\/\/mhf.ro\/mm\/cel-mai-negru-bilant-covid-in-romania\/\",\"name\":\"Cel mai negru bilan\u021b COVID \u00een Rom\u00e2nia - MHF Photography\",\"isPartOf\":{\"@id\":\"https:\/\/mhf.ro\/mm\/#website\"},\"primaryImageOfPage\":{\"@id\":\"https:\/\/mhf.ro\/mm\/cel-mai-negru-bilant-covid-in-romania\/#primaryimage\"},\"image\":{\"@id\":\"https:\/\/mhf.ro\/mm\/cel-mai-negru-bilant-covid-in-romania\/#primaryimage\"},\"thumbnailUrl\":\"https:\/\/mhf.ro\/mm\/wp-content\/uploads\/2021\/10\/covid.png\",\"datePublished\":\"2021-10-20T07:26:49+00:00\",\"breadcrumb\":{\"@id\":\"https:\/\/mhf.ro\/mm\/cel-mai-negru-bilant-covid-in-romania\/#breadcrumb\"},\"inLanguage\":\"ro-RO\",\"potentialAction\":[{\"@type\":\"ReadAction\",\"target\":[\"https:\/\/mhf.ro\/mm\/cel-mai-negru-bilant-covid-in-romania\/\"]}]},{\"@type\":\"ImageObject\",\"inLanguage\":\"ro-RO\",\"@id\":\"https:\/\/mhf.ro\/mm\/cel-mai-negru-bilant-covid-in-romania\/#primaryimage\",\"url\":\"https:\/\/mhf.ro\/mm\/wp-content\/uploads\/2021\/10\/covid.png\",\"contentUrl\":\"https:\/\/mhf.ro\/mm\/wp-content\/uploads\/2021\/10\/covid.png\",\"width\":1000,\"height\":465},{\"@type\":\"BreadcrumbList\",\"@id\":\"https:\/\/mhf.ro\/mm\/cel-mai-negru-bilant-covid-in-romania\/#breadcrumb\",\"itemListElement\":[{\"@type\":\"ListItem\",\"position\":1,\"name\":\"Prima pagin\u0103\",\"item\":\"https:\/\/mhf.ro\/mm\/\"},{\"@type\":\"ListItem\",\"position\":2,\"name\":\"Cel mai negru bilan\u021b COVID \u00een Rom\u00e2nia\"}]},{\"@type\":\"WebSite\",\"@id\":\"https:\/\/mhf.ro\/mm\/#website\",\"url\":\"https:\/\/mhf.ro\/mm\/\",\"name\":\"MHF Photography \u2013 Blog de fotografie, natur\u0103 \u0219i tehnic\u0103 divers\u0103\",\"description\":\"Aventur\u0103 \u00een fiecare cadru.\",\"publisher\":{\"@id\":\"https:\/\/mhf.ro\/mm\/#\/schema\/person\/a3bebf7bdb4bf12f698aff73c7e46c21\"},\"potentialAction\":[{\"@type\":\"SearchAction\",\"target\":{\"@type\":\"EntryPoint\",\"urlTemplate\":\"https:\/\/mhf.ro\/mm\/?s={search_term_string}\"},\"query-input\":{\"@type\":\"PropertyValueSpecification\",\"valueRequired\":true,\"valueName\":\"search_term_string\"}}],\"inLanguage\":\"ro-RO\"},{\"@type\":[\"Person\",\"Organization\"],\"@id\":\"https:\/\/mhf.ro\/mm\/#\/schema\/person\/a3bebf7bdb4bf12f698aff73c7e46c21\",\"name\":\"Marius Marcu\",\"image\":{\"@type\":\"ImageObject\",\"inLanguage\":\"ro-RO\",\"@id\":\"https:\/\/mhf.ro\/mm\/#\/schema\/person\/image\/\",\"url\":\"https:\/\/mhf.ro\/mm\/wp-content\/uploads\/2025\/12\/cropped-logo_mhf_2.png\",\"contentUrl\":\"https:\/\/mhf.ro\/mm\/wp-content\/uploads\/2025\/12\/cropped-logo_mhf_2.png\",\"width\":1096,\"height\":457,\"caption\":\"Marius Marcu\"},\"logo\":{\"@id\":\"https:\/\/mhf.ro\/mm\/#\/schema\/person\/image\/\"},\"sameAs\":[\"https:\/\/mhf.ro\/mm\"],\"url\":\"https:\/\/mhf.ro\/mm\/author\/mihai\/\"}]}<\/script>\n<!-- \/ Yoast SEO plugin. -->","yoast_head_json":{"title":"Cel mai negru bilan\u021b COVID \u00een Rom\u00e2nia - MHF Photography","robots":{"index":"index","follow":"follow","max-snippet":"max-snippet:-1","max-image-preview":"max-image-preview:large","max-video-preview":"max-video-preview:-1"},"canonical":"https:\/\/mhf.ro\/mm\/cel-mai-negru-bilant-covid-in-romania\/","og_locale":"ro_RO","og_type":"article","og_title":"Cel mai negru bilan\u021b COVID \u00een Rom\u00e2nia - MHF Photography","og_description":"\u201eAcum, \u00een Rom\u00e2nia suntem ca \u00eentr-un camion plin cu bolovani lansat spre pr\u0103pastie. E necesar rapid lockdown\u201d, spune R\u0103zvan Chereche\u0219-","og_url":"https:\/\/mhf.ro\/mm\/cel-mai-negru-bilant-covid-in-romania\/","og_site_name":"MHF Photography","article_published_time":"2021-10-20T07:26:49+00:00","og_image":[{"width":1000,"height":465,"url":"https:\/\/mhf.ro\/mm\/wp-content\/uploads\/2021\/10\/covid.png","type":"image\/png"}],"author":"Marius Marcu","twitter_card":"summary_large_image","twitter_misc":{"Scris de":"Marius Marcu","Timp estimat pentru citire":"1 minut"},"schema":{"@context":"https:\/\/schema.org","@graph":[{"@type":"Article","@id":"https:\/\/mhf.ro\/mm\/cel-mai-negru-bilant-covid-in-romania\/#article","isPartOf":{"@id":"https:\/\/mhf.ro\/mm\/cel-mai-negru-bilant-covid-in-romania\/"},"author":{"name":"Marius Marcu","@id":"https:\/\/mhf.ro\/mm\/#\/schema\/person\/a3bebf7bdb4bf12f698aff73c7e46c21"},"headline":"Cel mai negru bilan\u021b COVID \u00een Rom\u00e2nia","datePublished":"2021-10-20T07:26:49+00:00","mainEntityOfPage":{"@id":"https:\/\/mhf.ro\/mm\/cel-mai-negru-bilant-covid-in-romania\/"},"wordCount":160,"commentCount":0,"publisher":{"@id":"https:\/\/mhf.ro\/mm\/#\/schema\/person\/a3bebf7bdb4bf12f698aff73c7e46c21"},"image":{"@id":"https:\/\/mhf.ro\/mm\/cel-mai-negru-bilant-covid-in-romania\/#primaryimage"},"thumbnailUrl":"https:\/\/mhf.ro\/mm\/wp-content\/uploads\/2021\/10\/covid.png","articleSection":["Locale"],"inLanguage":"ro-RO","potentialAction":[{"@type":"CommentAction","name":"Comment","target":["https:\/\/mhf.ro\/mm\/cel-mai-negru-bilant-covid-in-romania\/#respond"]}]},{"@type":"WebPage","@id":"https:\/\/mhf.ro\/mm\/cel-mai-negru-bilant-covid-in-romania\/","url":"https:\/\/mhf.ro\/mm\/cel-mai-negru-bilant-covid-in-romania\/","name":"Cel mai negru bilan\u021b COVID \u00een Rom\u00e2nia - MHF Photography","isPartOf":{"@id":"https:\/\/mhf.ro\/mm\/#website"},"primaryImageOfPage":{"@id":"https:\/\/mhf.ro\/mm\/cel-mai-negru-bilant-covid-in-romania\/#primaryimage"},"image":{"@id":"https:\/\/mhf.ro\/mm\/cel-mai-negru-bilant-covid-in-romania\/#primaryimage"},"thumbnailUrl":"https:\/\/mhf.ro\/mm\/wp-content\/uploads\/2021\/10\/covid.png","datePublished":"2021-10-20T07:26:49+00:00","breadcrumb":{"@id":"https:\/\/mhf.ro\/mm\/cel-mai-negru-bilant-covid-in-romania\/#breadcrumb"},"inLanguage":"ro-RO","potentialAction":[{"@type":"ReadAction","target":["https:\/\/mhf.ro\/mm\/cel-mai-negru-bilant-covid-in-romania\/"]}]},{"@type":"ImageObject","inLanguage":"ro-RO","@id":"https:\/\/mhf.ro\/mm\/cel-mai-negru-bilant-covid-in-romania\/#primaryimage","url":"https:\/\/mhf.ro\/mm\/wp-content\/uploads\/2021\/10\/covid.png","contentUrl":"https:\/\/mhf.ro\/mm\/wp-content\/uploads\/2021\/10\/covid.png","width":1000,"height":465},{"@type":"BreadcrumbList","@id":"https:\/\/mhf.ro\/mm\/cel-mai-negru-bilant-covid-in-romania\/#breadcrumb","itemListElement":[{"@type":"ListItem","position":1,"name":"Prima pagin\u0103","item":"https:\/\/mhf.ro\/mm\/"},{"@type":"ListItem","position":2,"name":"Cel mai negru bilan\u021b COVID \u00een Rom\u00e2nia"}]},{"@type":"WebSite","@id":"https:\/\/mhf.ro\/mm\/#website","url":"https:\/\/mhf.ro\/mm\/","name":"MHF Photography \u2013 Blog de fotografie, natur\u0103 \u0219i tehnic\u0103 divers\u0103","description":"Aventur\u0103 \u00een fiecare cadru.","publisher":{"@id":"https:\/\/mhf.ro\/mm\/#\/schema\/person\/a3bebf7bdb4bf12f698aff73c7e46c21"},"potentialAction":[{"@type":"SearchAction","target":{"@type":"EntryPoint","urlTemplate":"https:\/\/mhf.ro\/mm\/?s={search_term_string}"},"query-input":{"@type":"PropertyValueSpecification","valueRequired":true,"valueName":"search_term_string"}}],"inLanguage":"ro-RO"},{"@type":["Person","Organization"],"@id":"https:\/\/mhf.ro\/mm\/#\/schema\/person\/a3bebf7bdb4bf12f698aff73c7e46c21","name":"Marius Marcu","image":{"@type":"ImageObject","inLanguage":"ro-RO","@id":"https:\/\/mhf.ro\/mm\/#\/schema\/person\/image\/","url":"https:\/\/mhf.ro\/mm\/wp-content\/uploads\/2025\/12\/cropped-logo_mhf_2.png","contentUrl":"https:\/\/mhf.ro\/mm\/wp-content\/uploads\/2025\/12\/cropped-logo_mhf_2.png","width":1096,"height":457,"caption":"Marius Marcu"},"logo":{"@id":"https:\/\/mhf.ro\/mm\/#\/schema\/person\/image\/"},"sameAs":["https:\/\/mhf.ro\/mm"],"url":"https:\/\/mhf.ro\/mm\/author\/mihai\/"}]}},"_links":{"self":[{"href":"https:\/\/mhf.ro\/mm\/wp-json\/wp\/v2\/posts\/5469","targetHints":{"allow":["GET"]}}],"collection":[{"href":"https:\/\/mhf.ro\/mm\/wp-json\/wp\/v2\/posts"}],"about":[{"href":"https:\/\/mhf.ro\/mm\/wp-json\/wp\/v2\/types\/post"}],"author":[{"embeddable":true,"href":"https:\/\/mhf.ro\/mm\/wp-json\/wp\/v2\/users\/1"}],"replies":[{"embeddable":true,"href":"https:\/\/mhf.ro\/mm\/wp-json\/wp\/v2\/comments?post=5469"}],"version-history":[{"count":1,"href":"https:\/\/mhf.ro\/mm\/wp-json\/wp\/v2\/posts\/5469\/revisions"}],"predecessor-version":[{"id":5471,"href":"https:\/\/mhf.ro\/mm\/wp-json\/wp\/v2\/posts\/5469\/revisions\/5471"}],"wp:featuredmedia":[{"embeddable":true,"href":"https:\/\/mhf.ro\/mm\/wp-json\/wp\/v2\/media\/5470"}],"wp:attachment":[{"href":"https:\/\/mhf.ro\/mm\/wp-json\/wp\/v2\/media?parent=5469"}],"wp:term":[{"taxonomy":"category","embeddable":true,"href":"https:\/\/mhf.ro\/mm\/wp-json\/wp\/v2\/categories?post=5469"},{"taxonomy":"post_tag","embeddable":true,"href":"https:\/\/mhf.ro\/mm\/wp-json\/wp\/v2\/tags?post=5469"}],"curies":[{"name":"wp","href":"https:\/\/api.w.org\/{rel}","templated":true}]}}