{"id":5474,"date":"2021-10-21T08:18:33","date_gmt":"2021-10-21T06:18:33","guid":{"rendered":"https:\/\/mhf.ro\/mm\/?p=5474"},"modified":"2021-10-21T09:12:43","modified_gmt":"2021-10-21T07:12:43","slug":"spital-cu-3-ore-apa-calda-si-5-de-caldura-pe-zi","status":"publish","type":"post","link":"https:\/\/mhf.ro\/mm\/spital-cu-3-ore-apa-calda-si-5-de-caldura-pe-zi\/","title":{"rendered":"Spital cu 3 ore ap\u0103 cald\u0103 \u0219i 5 de c\u0103ldur\u0103 pe zi"},"content":{"rendered":"<p class=\"western\" align=\"left\"><span lang=\"ro-RO\">Sistemul sanitar este \u00een colaps. Nu doar din cauza Covid-19, ci \u0219i a facturilor uria\u0219e la gaze.\u00a0<\/span><span lang=\"ro-RO\">Spitalul<\/span><span lang=\"ro-RO\">\u00a0<\/span><span lang=\"ro-RO\">Jude\u021bean din Foc\u0219ani prime\u0219te trei ore de ap\u0103 cald\u0103 pe zi \u0219i cinci ore are c\u0103ldur\u0103,<\/span><span lang=\"ro-RO\">\u00a0din cauza faptului c\u0103 managerii nu fac fa\u021b\u0103 facturilor la gaz metan.<\/span><\/p>\n<p align=\"left\"><span lang=\"ro-RO\">Situa\u021bii similare sunt la Timi\u0219oara, Ia\u0219i, Bra\u0219ov, Craiova, Oradea, Bac\u0103u, municipii care se preg\u0103tesc s\u0103 taie investi\u021biile pentru a trece iarna, scrie\u00a0Europa Liber\u0103.<\/span><\/p>\n<p align=\"left\"><span lang=\"ro-RO\">Pre\u021bul gazelor<\/span><span lang=\"ro-RO\">\u00a0a crescut de peste cinci ori \u00een ultimul an. Pre\u021bul c\u0103rbunelui s-a dublat fa\u021b\u0103 de anul trecut. Marile municipii se uit\u0103 cu \u00eengrijorare la sezonul rece care a \u00eenceput. Nu sunt bani.<\/span><\/p>\n<p align=\"left\">\u201e<span lang=\"ro-RO\">Municipiul Ia\u0219i apeleaz\u0103 la Ambasada Poloniei pentru a face rost rapid de c\u0103rbune. Timi\u0219oara \u00ee\u0219i pl\u0103te\u0219te gazul zilnic, nu mai este considerat\u0103 solvabil\u0103, iar riscul s\u0103 nu mai existe bani pentru plata gazului \u00een spitale, \u0219coli \u0219i pentru popula\u021bie este unul real.<\/span><\/p>\n<p align=\"left\"><span lang=\"ro-RO\">Craiova taie 2,8 milioane de euro de la investi\u021bii pentru a se asigura c\u0103 locuitorii nu stau \u00een frig la iarn\u0103.<\/span><\/p>\n<p align=\"left\"><span lang=\"ro-RO\">La Foc\u0219ani, cele trei ore de ap\u0103 cald\u0103 \u0219i cinci ore de c\u0103ldur\u0103 sunt o realitate p\u00e2n\u0103 pe 25 octombrie\u201d, scrie sursa citat\u0103.(conf. <a href=\"http:\/\/Jurnalist.ro\">Jurnalist.ro<\/a>)<\/span><\/p>\n","protected":false},"excerpt":{"rendered":"<p>Sistemul sanitar este \u00een colaps. Nu doar din cauza Covid-19, ci \u0219i a facturilor uria\u0219e la gaze.\u00a0Spitalul\u00a0Jude\u021bean din Foc\u0219ani prime\u0219te<\/p>\n","protected":false},"author":1,"featured_media":5475,"comment_status":"open","ping_status":"open","sticky":false,"template":"","format":"standard","meta":{"colormag_page_container_layout":"default_layout","colormag_page_sidebar_layout":"default_layout","footnotes":""},"categories":[8],"tags":[],"class_list":["post-5474","post","type-post","status-publish","format-standard","has-post-thumbnail","hentry","category-div"],"yoast_head":"<!-- This site is optimized with the Yoast SEO plugin v27.0 - https:\/\/yoast.com\/product\/yoast-seo-wordpress\/ -->\n<title>Spital cu 3 ore ap\u0103 cald\u0103 \u0219i 5 de c\u0103ldur\u0103 pe zi - MHF Photography<\/title>\n<meta name=\"robots\" content=\"index, follow, max-snippet:-1, max-image-preview:large, max-video-preview:-1\" \/>\n<link rel=\"canonical\" href=\"https:\/\/mhf.ro\/mm\/spital-cu-3-ore-apa-calda-si-5-de-caldura-pe-zi\/\" \/>\n<meta property=\"og:locale\" content=\"ro_RO\" \/>\n<meta property=\"og:type\" content=\"article\" \/>\n<meta property=\"og:title\" content=\"Spital cu 3 ore ap\u0103 cald\u0103 \u0219i 5 de c\u0103ldur\u0103 pe zi - MHF Photography\" \/>\n<meta property=\"og:description\" content=\"Sistemul sanitar este \u00een colaps. Nu doar din cauza Covid-19, ci \u0219i a facturilor uria\u0219e la gaze.\u00a0Spitalul\u00a0Jude\u021bean din Foc\u0219ani prime\u0219te\" \/>\n<meta property=\"og:url\" content=\"https:\/\/mhf.ro\/mm\/spital-cu-3-ore-apa-calda-si-5-de-caldura-pe-zi\/\" \/>\n<meta property=\"og:site_name\" content=\"MHF Photography\" \/>\n<meta property=\"article:published_time\" content=\"2021-10-21T06:18:33+00:00\" \/>\n<meta property=\"article:modified_time\" content=\"2021-10-21T07:12:43+00:00\" \/>\n<meta property=\"og:image\" content=\"https:\/\/mhf.ro\/mm\/wp-content\/uploads\/2021\/10\/spitale-1.jpg\" \/>\n\t<meta property=\"og:image:width\" content=\"800\" \/>\n\t<meta property=\"og:image:height\" content=\"450\" \/>\n\t<meta property=\"og:image:type\" content=\"image\/jpeg\" \/>\n<meta name=\"author\" content=\"Marius Marcu\" \/>\n<meta name=\"twitter:card\" content=\"summary_large_image\" \/>\n<meta name=\"twitter:label1\" content=\"Scris de\" \/>\n\t<meta name=\"twitter:data1\" content=\"Marius Marcu\" \/>\n\t<meta name=\"twitter:label2\" content=\"Timp estimat pentru citire\" \/>\n\t<meta name=\"twitter:data2\" content=\"1 minut\" \/>\n<script type=\"application\/ld+json\" class=\"yoast-schema-graph\">{\"@context\":\"https:\/\/schema.org\",\"@graph\":[{\"@type\":\"Article\",\"@id\":\"https:\/\/mhf.ro\/mm\/spital-cu-3-ore-apa-calda-si-5-de-caldura-pe-zi\/#article\",\"isPartOf\":{\"@id\":\"https:\/\/mhf.ro\/mm\/spital-cu-3-ore-apa-calda-si-5-de-caldura-pe-zi\/\"},\"author\":{\"name\":\"Marius Marcu\",\"@id\":\"https:\/\/mhf.ro\/mm\/#\/schema\/person\/a3bebf7bdb4bf12f698aff73c7e46c21\"},\"headline\":\"Spital cu 3 ore ap\u0103 cald\u0103 \u0219i 5 de c\u0103ldur\u0103 pe zi\",\"datePublished\":\"2021-10-21T06:18:33+00:00\",\"dateModified\":\"2021-10-21T07:12:43+00:00\",\"mainEntityOfPage\":{\"@id\":\"https:\/\/mhf.ro\/mm\/spital-cu-3-ore-apa-calda-si-5-de-caldura-pe-zi\/\"},\"wordCount\":227,\"commentCount\":0,\"publisher\":{\"@id\":\"https:\/\/mhf.ro\/mm\/#\/schema\/person\/a3bebf7bdb4bf12f698aff73c7e46c21\"},\"image\":{\"@id\":\"https:\/\/mhf.ro\/mm\/spital-cu-3-ore-apa-calda-si-5-de-caldura-pe-zi\/#primaryimage\"},\"thumbnailUrl\":\"https:\/\/mhf.ro\/mm\/wp-content\/uploads\/2021\/10\/spitale-1.jpg\",\"articleSection\":[\"Diverse\"],\"inLanguage\":\"ro-RO\",\"potentialAction\":[{\"@type\":\"CommentAction\",\"name\":\"Comment\",\"target\":[\"https:\/\/mhf.ro\/mm\/spital-cu-3-ore-apa-calda-si-5-de-caldura-pe-zi\/#respond\"]}]},{\"@type\":\"WebPage\",\"@id\":\"https:\/\/mhf.ro\/mm\/spital-cu-3-ore-apa-calda-si-5-de-caldura-pe-zi\/\",\"url\":\"https:\/\/mhf.ro\/mm\/spital-cu-3-ore-apa-calda-si-5-de-caldura-pe-zi\/\",\"name\":\"Spital cu 3 ore ap\u0103 cald\u0103 \u0219i 5 de c\u0103ldur\u0103 pe zi - MHF Photography\",\"isPartOf\":{\"@id\":\"https:\/\/mhf.ro\/mm\/#website\"},\"primaryImageOfPage\":{\"@id\":\"https:\/\/mhf.ro\/mm\/spital-cu-3-ore-apa-calda-si-5-de-caldura-pe-zi\/#primaryimage\"},\"image\":{\"@id\":\"https:\/\/mhf.ro\/mm\/spital-cu-3-ore-apa-calda-si-5-de-caldura-pe-zi\/#primaryimage\"},\"thumbnailUrl\":\"https:\/\/mhf.ro\/mm\/wp-content\/uploads\/2021\/10\/spitale-1.jpg\",\"datePublished\":\"2021-10-21T06:18:33+00:00\",\"dateModified\":\"2021-10-21T07:12:43+00:00\",\"breadcrumb\":{\"@id\":\"https:\/\/mhf.ro\/mm\/spital-cu-3-ore-apa-calda-si-5-de-caldura-pe-zi\/#breadcrumb\"},\"inLanguage\":\"ro-RO\",\"potentialAction\":[{\"@type\":\"ReadAction\",\"target\":[\"https:\/\/mhf.ro\/mm\/spital-cu-3-ore-apa-calda-si-5-de-caldura-pe-zi\/\"]}]},{\"@type\":\"ImageObject\",\"inLanguage\":\"ro-RO\",\"@id\":\"https:\/\/mhf.ro\/mm\/spital-cu-3-ore-apa-calda-si-5-de-caldura-pe-zi\/#primaryimage\",\"url\":\"https:\/\/mhf.ro\/mm\/wp-content\/uploads\/2021\/10\/spitale-1.jpg\",\"contentUrl\":\"https:\/\/mhf.ro\/mm\/wp-content\/uploads\/2021\/10\/spitale-1.jpg\",\"width\":800,\"height\":450},{\"@type\":\"BreadcrumbList\",\"@id\":\"https:\/\/mhf.ro\/mm\/spital-cu-3-ore-apa-calda-si-5-de-caldura-pe-zi\/#breadcrumb\",\"itemListElement\":[{\"@type\":\"ListItem\",\"position\":1,\"name\":\"Prima pagin\u0103\",\"item\":\"https:\/\/mhf.ro\/mm\/\"},{\"@type\":\"ListItem\",\"position\":2,\"name\":\"Spital cu 3 ore ap\u0103 cald\u0103 \u0219i 5 de c\u0103ldur\u0103 pe zi\"}]},{\"@type\":\"WebSite\",\"@id\":\"https:\/\/mhf.ro\/mm\/#website\",\"url\":\"https:\/\/mhf.ro\/mm\/\",\"name\":\"MHF Photography \u2013 Blog de fotografie, natur\u0103 \u0219i tehnic\u0103 divers\u0103\",\"description\":\"Aventur\u0103 \u00een fiecare cadru.\",\"publisher\":{\"@id\":\"https:\/\/mhf.ro\/mm\/#\/schema\/person\/a3bebf7bdb4bf12f698aff73c7e46c21\"},\"potentialAction\":[{\"@type\":\"SearchAction\",\"target\":{\"@type\":\"EntryPoint\",\"urlTemplate\":\"https:\/\/mhf.ro\/mm\/?s={search_term_string}\"},\"query-input\":{\"@type\":\"PropertyValueSpecification\",\"valueRequired\":true,\"valueName\":\"search_term_string\"}}],\"inLanguage\":\"ro-RO\"},{\"@type\":[\"Person\",\"Organization\"],\"@id\":\"https:\/\/mhf.ro\/mm\/#\/schema\/person\/a3bebf7bdb4bf12f698aff73c7e46c21\",\"name\":\"Marius Marcu\",\"image\":{\"@type\":\"ImageObject\",\"inLanguage\":\"ro-RO\",\"@id\":\"https:\/\/mhf.ro\/mm\/#\/schema\/person\/image\/\",\"url\":\"https:\/\/mhf.ro\/mm\/wp-content\/uploads\/2025\/12\/cropped-logo_mhf_2.png\",\"contentUrl\":\"https:\/\/mhf.ro\/mm\/wp-content\/uploads\/2025\/12\/cropped-logo_mhf_2.png\",\"width\":1096,\"height\":457,\"caption\":\"Marius Marcu\"},\"logo\":{\"@id\":\"https:\/\/mhf.ro\/mm\/#\/schema\/person\/image\/\"},\"sameAs\":[\"https:\/\/mhf.ro\/mm\"],\"url\":\"https:\/\/mhf.ro\/mm\/author\/mihai\/\"}]}<\/script>\n<!-- \/ Yoast SEO plugin. -->","yoast_head_json":{"title":"Spital cu 3 ore ap\u0103 cald\u0103 \u0219i 5 de c\u0103ldur\u0103 pe zi - MHF Photography","robots":{"index":"index","follow":"follow","max-snippet":"max-snippet:-1","max-image-preview":"max-image-preview:large","max-video-preview":"max-video-preview:-1"},"canonical":"https:\/\/mhf.ro\/mm\/spital-cu-3-ore-apa-calda-si-5-de-caldura-pe-zi\/","og_locale":"ro_RO","og_type":"article","og_title":"Spital cu 3 ore ap\u0103 cald\u0103 \u0219i 5 de c\u0103ldur\u0103 pe zi - MHF Photography","og_description":"Sistemul sanitar este \u00een colaps. Nu doar din cauza Covid-19, ci \u0219i a facturilor uria\u0219e la gaze.\u00a0Spitalul\u00a0Jude\u021bean din Foc\u0219ani prime\u0219te","og_url":"https:\/\/mhf.ro\/mm\/spital-cu-3-ore-apa-calda-si-5-de-caldura-pe-zi\/","og_site_name":"MHF Photography","article_published_time":"2021-10-21T06:18:33+00:00","article_modified_time":"2021-10-21T07:12:43+00:00","og_image":[{"width":800,"height":450,"url":"https:\/\/mhf.ro\/mm\/wp-content\/uploads\/2021\/10\/spitale-1.jpg","type":"image\/jpeg"}],"author":"Marius Marcu","twitter_card":"summary_large_image","twitter_misc":{"Scris de":"Marius Marcu","Timp estimat pentru citire":"1 minut"},"schema":{"@context":"https:\/\/schema.org","@graph":[{"@type":"Article","@id":"https:\/\/mhf.ro\/mm\/spital-cu-3-ore-apa-calda-si-5-de-caldura-pe-zi\/#article","isPartOf":{"@id":"https:\/\/mhf.ro\/mm\/spital-cu-3-ore-apa-calda-si-5-de-caldura-pe-zi\/"},"author":{"name":"Marius Marcu","@id":"https:\/\/mhf.ro\/mm\/#\/schema\/person\/a3bebf7bdb4bf12f698aff73c7e46c21"},"headline":"Spital cu 3 ore ap\u0103 cald\u0103 \u0219i 5 de c\u0103ldur\u0103 pe zi","datePublished":"2021-10-21T06:18:33+00:00","dateModified":"2021-10-21T07:12:43+00:00","mainEntityOfPage":{"@id":"https:\/\/mhf.ro\/mm\/spital-cu-3-ore-apa-calda-si-5-de-caldura-pe-zi\/"},"wordCount":227,"commentCount":0,"publisher":{"@id":"https:\/\/mhf.ro\/mm\/#\/schema\/person\/a3bebf7bdb4bf12f698aff73c7e46c21"},"image":{"@id":"https:\/\/mhf.ro\/mm\/spital-cu-3-ore-apa-calda-si-5-de-caldura-pe-zi\/#primaryimage"},"thumbnailUrl":"https:\/\/mhf.ro\/mm\/wp-content\/uploads\/2021\/10\/spitale-1.jpg","articleSection":["Diverse"],"inLanguage":"ro-RO","potentialAction":[{"@type":"CommentAction","name":"Comment","target":["https:\/\/mhf.ro\/mm\/spital-cu-3-ore-apa-calda-si-5-de-caldura-pe-zi\/#respond"]}]},{"@type":"WebPage","@id":"https:\/\/mhf.ro\/mm\/spital-cu-3-ore-apa-calda-si-5-de-caldura-pe-zi\/","url":"https:\/\/mhf.ro\/mm\/spital-cu-3-ore-apa-calda-si-5-de-caldura-pe-zi\/","name":"Spital cu 3 ore ap\u0103 cald\u0103 \u0219i 5 de c\u0103ldur\u0103 pe zi - MHF Photography","isPartOf":{"@id":"https:\/\/mhf.ro\/mm\/#website"},"primaryImageOfPage":{"@id":"https:\/\/mhf.ro\/mm\/spital-cu-3-ore-apa-calda-si-5-de-caldura-pe-zi\/#primaryimage"},"image":{"@id":"https:\/\/mhf.ro\/mm\/spital-cu-3-ore-apa-calda-si-5-de-caldura-pe-zi\/#primaryimage"},"thumbnailUrl":"https:\/\/mhf.ro\/mm\/wp-content\/uploads\/2021\/10\/spitale-1.jpg","datePublished":"2021-10-21T06:18:33+00:00","dateModified":"2021-10-21T07:12:43+00:00","breadcrumb":{"@id":"https:\/\/mhf.ro\/mm\/spital-cu-3-ore-apa-calda-si-5-de-caldura-pe-zi\/#breadcrumb"},"inLanguage":"ro-RO","potentialAction":[{"@type":"ReadAction","target":["https:\/\/mhf.ro\/mm\/spital-cu-3-ore-apa-calda-si-5-de-caldura-pe-zi\/"]}]},{"@type":"ImageObject","inLanguage":"ro-RO","@id":"https:\/\/mhf.ro\/mm\/spital-cu-3-ore-apa-calda-si-5-de-caldura-pe-zi\/#primaryimage","url":"https:\/\/mhf.ro\/mm\/wp-content\/uploads\/2021\/10\/spitale-1.jpg","contentUrl":"https:\/\/mhf.ro\/mm\/wp-content\/uploads\/2021\/10\/spitale-1.jpg","width":800,"height":450},{"@type":"BreadcrumbList","@id":"https:\/\/mhf.ro\/mm\/spital-cu-3-ore-apa-calda-si-5-de-caldura-pe-zi\/#breadcrumb","itemListElement":[{"@type":"ListItem","position":1,"name":"Prima pagin\u0103","item":"https:\/\/mhf.ro\/mm\/"},{"@type":"ListItem","position":2,"name":"Spital cu 3 ore ap\u0103 cald\u0103 \u0219i 5 de c\u0103ldur\u0103 pe zi"}]},{"@type":"WebSite","@id":"https:\/\/mhf.ro\/mm\/#website","url":"https:\/\/mhf.ro\/mm\/","name":"MHF Photography \u2013 Blog de fotografie, natur\u0103 \u0219i tehnic\u0103 divers\u0103","description":"Aventur\u0103 \u00een fiecare cadru.","publisher":{"@id":"https:\/\/mhf.ro\/mm\/#\/schema\/person\/a3bebf7bdb4bf12f698aff73c7e46c21"},"potentialAction":[{"@type":"SearchAction","target":{"@type":"EntryPoint","urlTemplate":"https:\/\/mhf.ro\/mm\/?s={search_term_string}"},"query-input":{"@type":"PropertyValueSpecification","valueRequired":true,"valueName":"search_term_string"}}],"inLanguage":"ro-RO"},{"@type":["Person","Organization"],"@id":"https:\/\/mhf.ro\/mm\/#\/schema\/person\/a3bebf7bdb4bf12f698aff73c7e46c21","name":"Marius Marcu","image":{"@type":"ImageObject","inLanguage":"ro-RO","@id":"https:\/\/mhf.ro\/mm\/#\/schema\/person\/image\/","url":"https:\/\/mhf.ro\/mm\/wp-content\/uploads\/2025\/12\/cropped-logo_mhf_2.png","contentUrl":"https:\/\/mhf.ro\/mm\/wp-content\/uploads\/2025\/12\/cropped-logo_mhf_2.png","width":1096,"height":457,"caption":"Marius Marcu"},"logo":{"@id":"https:\/\/mhf.ro\/mm\/#\/schema\/person\/image\/"},"sameAs":["https:\/\/mhf.ro\/mm"],"url":"https:\/\/mhf.ro\/mm\/author\/mihai\/"}]}},"_links":{"self":[{"href":"https:\/\/mhf.ro\/mm\/wp-json\/wp\/v2\/posts\/5474","targetHints":{"allow":["GET"]}}],"collection":[{"href":"https:\/\/mhf.ro\/mm\/wp-json\/wp\/v2\/posts"}],"about":[{"href":"https:\/\/mhf.ro\/mm\/wp-json\/wp\/v2\/types\/post"}],"author":[{"embeddable":true,"href":"https:\/\/mhf.ro\/mm\/wp-json\/wp\/v2\/users\/1"}],"replies":[{"embeddable":true,"href":"https:\/\/mhf.ro\/mm\/wp-json\/wp\/v2\/comments?post=5474"}],"version-history":[{"count":1,"href":"https:\/\/mhf.ro\/mm\/wp-json\/wp\/v2\/posts\/5474\/revisions"}],"predecessor-version":[{"id":5476,"href":"https:\/\/mhf.ro\/mm\/wp-json\/wp\/v2\/posts\/5474\/revisions\/5476"}],"wp:featuredmedia":[{"embeddable":true,"href":"https:\/\/mhf.ro\/mm\/wp-json\/wp\/v2\/media\/5475"}],"wp:attachment":[{"href":"https:\/\/mhf.ro\/mm\/wp-json\/wp\/v2\/media?parent=5474"}],"wp:term":[{"taxonomy":"category","embeddable":true,"href":"https:\/\/mhf.ro\/mm\/wp-json\/wp\/v2\/categories?post=5474"},{"taxonomy":"post_tag","embeddable":true,"href":"https:\/\/mhf.ro\/mm\/wp-json\/wp\/v2\/tags?post=5474"}],"curies":[{"name":"wp","href":"https:\/\/api.w.org\/{rel}","templated":true}]}}