{"id":5479,"date":"2021-10-22T08:45:55","date_gmt":"2021-10-22T06:45:55","guid":{"rendered":"https:\/\/mhf.ro\/mm\/?p=5479"},"modified":"2021-10-22T08:45:55","modified_gmt":"2021-10-22T06:45:55","slug":"nunta-fara-mire-din-cauza-covid-la-botosani","status":"publish","type":"post","link":"https:\/\/mhf.ro\/mm\/nunta-fara-mire-din-cauza-covid-la-botosani\/","title":{"rendered":"Nunt\u0103 f\u0103r\u0103 mire din cauza COVID, la Boto\u0219ani"},"content":{"rendered":"<p>Situa\u021bie tragi-comic\u0103 la Boto\u0219ani. Doi tineri \u00eensur\u0103\u0163ei \u015fi-au stricat nunta pentru c\u0103 nu s-au vaccinat, iar mirele a picat testul Covid.<\/p>\n<p>Astfel, gineric\u0103 a aflat \u00een ziua nun\u0163ii c\u0103 testul PCR a ie\u015fit pozitiv, astfel c\u0103 cei de la sal\u0103 nu i-au dat voie s\u0103 participe la propria petrecere de nunt\u0103.<\/p>\n<p>Petrecerea atipic\u0103 a avut loc s\u00e2mb\u0103t\u0103, \u00eentr-unul dintre cele mai apreciate localuri de petreceri din Boto\u015fani, scrie\u00a0monitorulbt.ro.<\/p>\n<p>De\u015fi \u00een Boto\u015fani petrecerile se organizeaz\u0103 \u00een prezent doar cu persoane vaccinate, organizatorii nun\u0163ii respective au decis s\u0103 le cear\u0103 mirilor teste PCR, ambii fiind neimuniza\u0163i. Siguri c\u0103 totul va fi \u00een ordine \u015fi mai ales pentru c\u0103 testul nu putea fi mai vechi de 72 de ore, cei doi au ales s\u0103 se testeze chiar cu o zi \u00eenainte de nunt\u0103.<\/p>\n<p>Pu\u015fi \u00een fa\u0163a faptului \u00eemplinit, cei doi miri nu aveau prea multe op\u0163iuni. Dec\u00e2t s\u0103 anuleze nunta, cu tot ce \u00eensemna, cu o mul\u0163ime de invita\u0163i care deja erau preg\u0103ti\u0163i s\u0103 vin\u0103, sala pl\u0103tit\u0103, muzica, m\u00e2ncarea, ace\u015ftia au ales o variant\u0103 mai pu\u0163in \u201eortodox\u0103\u201d, \u015fi anume aceea de a continua nunta f\u0103r\u0103 mire. (conf. Jurnalist.ro)<\/p>\n","protected":false},"excerpt":{"rendered":"<p>Situa\u021bie tragi-comic\u0103 la Boto\u0219ani. Doi tineri \u00eensur\u0103\u0163ei \u015fi-au stricat nunta pentru c\u0103 nu s-au vaccinat, iar mirele a picat testul<\/p>\n","protected":false},"author":1,"featured_media":5480,"comment_status":"open","ping_status":"open","sticky":false,"template":"","format":"standard","meta":{"colormag_page_container_layout":"default_layout","colormag_page_sidebar_layout":"default_layout","footnotes":""},"categories":[8],"tags":[],"class_list":["post-5479","post","type-post","status-publish","format-standard","has-post-thumbnail","hentry","category-div"],"yoast_head":"<!-- This site is optimized with the Yoast SEO plugin v27.0 - https:\/\/yoast.com\/product\/yoast-seo-wordpress\/ -->\n<title>Nunt\u0103 f\u0103r\u0103 mire din cauza COVID, la Boto\u0219ani - MHF Photography<\/title>\n<meta name=\"robots\" content=\"index, follow, max-snippet:-1, max-image-preview:large, max-video-preview:-1\" \/>\n<link rel=\"canonical\" href=\"https:\/\/mhf.ro\/mm\/nunta-fara-mire-din-cauza-covid-la-botosani\/\" \/>\n<meta property=\"og:locale\" content=\"ro_RO\" \/>\n<meta property=\"og:type\" content=\"article\" \/>\n<meta property=\"og:title\" content=\"Nunt\u0103 f\u0103r\u0103 mire din cauza COVID, la Boto\u0219ani - MHF Photography\" \/>\n<meta property=\"og:description\" content=\"Situa\u021bie tragi-comic\u0103 la Boto\u0219ani. Doi tineri \u00eensur\u0103\u0163ei \u015fi-au stricat nunta pentru c\u0103 nu s-au vaccinat, iar mirele a picat testul\" \/>\n<meta property=\"og:url\" content=\"https:\/\/mhf.ro\/mm\/nunta-fara-mire-din-cauza-covid-la-botosani\/\" \/>\n<meta property=\"og:site_name\" content=\"MHF Photography\" \/>\n<meta property=\"article:published_time\" content=\"2021-10-22T06:45:55+00:00\" \/>\n<meta property=\"og:image\" content=\"https:\/\/mhf.ro\/mm\/wp-content\/uploads\/2021\/10\/nunta.jpg\" \/>\n\t<meta property=\"og:image:width\" content=\"950\" \/>\n\t<meta property=\"og:image:height\" content=\"553\" \/>\n\t<meta property=\"og:image:type\" content=\"image\/jpeg\" \/>\n<meta name=\"author\" content=\"Marius Marcu\" \/>\n<meta name=\"twitter:card\" content=\"summary_large_image\" \/>\n<meta name=\"twitter:label1\" content=\"Scris de\" \/>\n\t<meta name=\"twitter:data1\" content=\"Marius Marcu\" \/>\n\t<meta name=\"twitter:label2\" content=\"Timp estimat pentru citire\" \/>\n\t<meta name=\"twitter:data2\" content=\"1 minut\" \/>\n<script type=\"application\/ld+json\" class=\"yoast-schema-graph\">{\"@context\":\"https:\/\/schema.org\",\"@graph\":[{\"@type\":\"Article\",\"@id\":\"https:\/\/mhf.ro\/mm\/nunta-fara-mire-din-cauza-covid-la-botosani\/#article\",\"isPartOf\":{\"@id\":\"https:\/\/mhf.ro\/mm\/nunta-fara-mire-din-cauza-covid-la-botosani\/\"},\"author\":{\"name\":\"Marius Marcu\",\"@id\":\"https:\/\/mhf.ro\/mm\/#\/schema\/person\/a3bebf7bdb4bf12f698aff73c7e46c21\"},\"headline\":\"Nunt\u0103 f\u0103r\u0103 mire din cauza COVID, la Boto\u0219ani\",\"datePublished\":\"2021-10-22T06:45:55+00:00\",\"mainEntityOfPage\":{\"@id\":\"https:\/\/mhf.ro\/mm\/nunta-fara-mire-din-cauza-covid-la-botosani\/\"},\"wordCount\":222,\"commentCount\":0,\"publisher\":{\"@id\":\"https:\/\/mhf.ro\/mm\/#\/schema\/person\/a3bebf7bdb4bf12f698aff73c7e46c21\"},\"image\":{\"@id\":\"https:\/\/mhf.ro\/mm\/nunta-fara-mire-din-cauza-covid-la-botosani\/#primaryimage\"},\"thumbnailUrl\":\"https:\/\/mhf.ro\/mm\/wp-content\/uploads\/2021\/10\/nunta.jpg\",\"articleSection\":[\"Diverse\"],\"inLanguage\":\"ro-RO\",\"potentialAction\":[{\"@type\":\"CommentAction\",\"name\":\"Comment\",\"target\":[\"https:\/\/mhf.ro\/mm\/nunta-fara-mire-din-cauza-covid-la-botosani\/#respond\"]}]},{\"@type\":\"WebPage\",\"@id\":\"https:\/\/mhf.ro\/mm\/nunta-fara-mire-din-cauza-covid-la-botosani\/\",\"url\":\"https:\/\/mhf.ro\/mm\/nunta-fara-mire-din-cauza-covid-la-botosani\/\",\"name\":\"Nunt\u0103 f\u0103r\u0103 mire din cauza COVID, la Boto\u0219ani - MHF Photography\",\"isPartOf\":{\"@id\":\"https:\/\/mhf.ro\/mm\/#website\"},\"primaryImageOfPage\":{\"@id\":\"https:\/\/mhf.ro\/mm\/nunta-fara-mire-din-cauza-covid-la-botosani\/#primaryimage\"},\"image\":{\"@id\":\"https:\/\/mhf.ro\/mm\/nunta-fara-mire-din-cauza-covid-la-botosani\/#primaryimage\"},\"thumbnailUrl\":\"https:\/\/mhf.ro\/mm\/wp-content\/uploads\/2021\/10\/nunta.jpg\",\"datePublished\":\"2021-10-22T06:45:55+00:00\",\"breadcrumb\":{\"@id\":\"https:\/\/mhf.ro\/mm\/nunta-fara-mire-din-cauza-covid-la-botosani\/#breadcrumb\"},\"inLanguage\":\"ro-RO\",\"potentialAction\":[{\"@type\":\"ReadAction\",\"target\":[\"https:\/\/mhf.ro\/mm\/nunta-fara-mire-din-cauza-covid-la-botosani\/\"]}]},{\"@type\":\"ImageObject\",\"inLanguage\":\"ro-RO\",\"@id\":\"https:\/\/mhf.ro\/mm\/nunta-fara-mire-din-cauza-covid-la-botosani\/#primaryimage\",\"url\":\"https:\/\/mhf.ro\/mm\/wp-content\/uploads\/2021\/10\/nunta.jpg\",\"contentUrl\":\"https:\/\/mhf.ro\/mm\/wp-content\/uploads\/2021\/10\/nunta.jpg\",\"width\":950,\"height\":553},{\"@type\":\"BreadcrumbList\",\"@id\":\"https:\/\/mhf.ro\/mm\/nunta-fara-mire-din-cauza-covid-la-botosani\/#breadcrumb\",\"itemListElement\":[{\"@type\":\"ListItem\",\"position\":1,\"name\":\"Prima pagin\u0103\",\"item\":\"https:\/\/mhf.ro\/mm\/\"},{\"@type\":\"ListItem\",\"position\":2,\"name\":\"Nunt\u0103 f\u0103r\u0103 mire din cauza COVID, la Boto\u0219ani\"}]},{\"@type\":\"WebSite\",\"@id\":\"https:\/\/mhf.ro\/mm\/#website\",\"url\":\"https:\/\/mhf.ro\/mm\/\",\"name\":\"MHF Photography \u2013 Blog de fotografie, natur\u0103 \u0219i tehnic\u0103 divers\u0103\",\"description\":\"Aventur\u0103 \u00een fiecare cadru.\",\"publisher\":{\"@id\":\"https:\/\/mhf.ro\/mm\/#\/schema\/person\/a3bebf7bdb4bf12f698aff73c7e46c21\"},\"potentialAction\":[{\"@type\":\"SearchAction\",\"target\":{\"@type\":\"EntryPoint\",\"urlTemplate\":\"https:\/\/mhf.ro\/mm\/?s={search_term_string}\"},\"query-input\":{\"@type\":\"PropertyValueSpecification\",\"valueRequired\":true,\"valueName\":\"search_term_string\"}}],\"inLanguage\":\"ro-RO\"},{\"@type\":[\"Person\",\"Organization\"],\"@id\":\"https:\/\/mhf.ro\/mm\/#\/schema\/person\/a3bebf7bdb4bf12f698aff73c7e46c21\",\"name\":\"Marius Marcu\",\"image\":{\"@type\":\"ImageObject\",\"inLanguage\":\"ro-RO\",\"@id\":\"https:\/\/mhf.ro\/mm\/#\/schema\/person\/image\/\",\"url\":\"https:\/\/mhf.ro\/mm\/wp-content\/uploads\/2025\/12\/cropped-logo_mhf_2.png\",\"contentUrl\":\"https:\/\/mhf.ro\/mm\/wp-content\/uploads\/2025\/12\/cropped-logo_mhf_2.png\",\"width\":1096,\"height\":457,\"caption\":\"Marius Marcu\"},\"logo\":{\"@id\":\"https:\/\/mhf.ro\/mm\/#\/schema\/person\/image\/\"},\"sameAs\":[\"https:\/\/mhf.ro\/mm\"],\"url\":\"https:\/\/mhf.ro\/mm\/author\/mihai\/\"}]}<\/script>\n<!-- \/ Yoast SEO plugin. -->","yoast_head_json":{"title":"Nunt\u0103 f\u0103r\u0103 mire din cauza COVID, la Boto\u0219ani - MHF Photography","robots":{"index":"index","follow":"follow","max-snippet":"max-snippet:-1","max-image-preview":"max-image-preview:large","max-video-preview":"max-video-preview:-1"},"canonical":"https:\/\/mhf.ro\/mm\/nunta-fara-mire-din-cauza-covid-la-botosani\/","og_locale":"ro_RO","og_type":"article","og_title":"Nunt\u0103 f\u0103r\u0103 mire din cauza COVID, la Boto\u0219ani - MHF Photography","og_description":"Situa\u021bie tragi-comic\u0103 la Boto\u0219ani. Doi tineri \u00eensur\u0103\u0163ei \u015fi-au stricat nunta pentru c\u0103 nu s-au vaccinat, iar mirele a picat testul","og_url":"https:\/\/mhf.ro\/mm\/nunta-fara-mire-din-cauza-covid-la-botosani\/","og_site_name":"MHF Photography","article_published_time":"2021-10-22T06:45:55+00:00","og_image":[{"width":950,"height":553,"url":"https:\/\/mhf.ro\/mm\/wp-content\/uploads\/2021\/10\/nunta.jpg","type":"image\/jpeg"}],"author":"Marius Marcu","twitter_card":"summary_large_image","twitter_misc":{"Scris de":"Marius Marcu","Timp estimat pentru citire":"1 minut"},"schema":{"@context":"https:\/\/schema.org","@graph":[{"@type":"Article","@id":"https:\/\/mhf.ro\/mm\/nunta-fara-mire-din-cauza-covid-la-botosani\/#article","isPartOf":{"@id":"https:\/\/mhf.ro\/mm\/nunta-fara-mire-din-cauza-covid-la-botosani\/"},"author":{"name":"Marius Marcu","@id":"https:\/\/mhf.ro\/mm\/#\/schema\/person\/a3bebf7bdb4bf12f698aff73c7e46c21"},"headline":"Nunt\u0103 f\u0103r\u0103 mire din cauza COVID, la Boto\u0219ani","datePublished":"2021-10-22T06:45:55+00:00","mainEntityOfPage":{"@id":"https:\/\/mhf.ro\/mm\/nunta-fara-mire-din-cauza-covid-la-botosani\/"},"wordCount":222,"commentCount":0,"publisher":{"@id":"https:\/\/mhf.ro\/mm\/#\/schema\/person\/a3bebf7bdb4bf12f698aff73c7e46c21"},"image":{"@id":"https:\/\/mhf.ro\/mm\/nunta-fara-mire-din-cauza-covid-la-botosani\/#primaryimage"},"thumbnailUrl":"https:\/\/mhf.ro\/mm\/wp-content\/uploads\/2021\/10\/nunta.jpg","articleSection":["Diverse"],"inLanguage":"ro-RO","potentialAction":[{"@type":"CommentAction","name":"Comment","target":["https:\/\/mhf.ro\/mm\/nunta-fara-mire-din-cauza-covid-la-botosani\/#respond"]}]},{"@type":"WebPage","@id":"https:\/\/mhf.ro\/mm\/nunta-fara-mire-din-cauza-covid-la-botosani\/","url":"https:\/\/mhf.ro\/mm\/nunta-fara-mire-din-cauza-covid-la-botosani\/","name":"Nunt\u0103 f\u0103r\u0103 mire din cauza COVID, la Boto\u0219ani - MHF Photography","isPartOf":{"@id":"https:\/\/mhf.ro\/mm\/#website"},"primaryImageOfPage":{"@id":"https:\/\/mhf.ro\/mm\/nunta-fara-mire-din-cauza-covid-la-botosani\/#primaryimage"},"image":{"@id":"https:\/\/mhf.ro\/mm\/nunta-fara-mire-din-cauza-covid-la-botosani\/#primaryimage"},"thumbnailUrl":"https:\/\/mhf.ro\/mm\/wp-content\/uploads\/2021\/10\/nunta.jpg","datePublished":"2021-10-22T06:45:55+00:00","breadcrumb":{"@id":"https:\/\/mhf.ro\/mm\/nunta-fara-mire-din-cauza-covid-la-botosani\/#breadcrumb"},"inLanguage":"ro-RO","potentialAction":[{"@type":"ReadAction","target":["https:\/\/mhf.ro\/mm\/nunta-fara-mire-din-cauza-covid-la-botosani\/"]}]},{"@type":"ImageObject","inLanguage":"ro-RO","@id":"https:\/\/mhf.ro\/mm\/nunta-fara-mire-din-cauza-covid-la-botosani\/#primaryimage","url":"https:\/\/mhf.ro\/mm\/wp-content\/uploads\/2021\/10\/nunta.jpg","contentUrl":"https:\/\/mhf.ro\/mm\/wp-content\/uploads\/2021\/10\/nunta.jpg","width":950,"height":553},{"@type":"BreadcrumbList","@id":"https:\/\/mhf.ro\/mm\/nunta-fara-mire-din-cauza-covid-la-botosani\/#breadcrumb","itemListElement":[{"@type":"ListItem","position":1,"name":"Prima pagin\u0103","item":"https:\/\/mhf.ro\/mm\/"},{"@type":"ListItem","position":2,"name":"Nunt\u0103 f\u0103r\u0103 mire din cauza COVID, la Boto\u0219ani"}]},{"@type":"WebSite","@id":"https:\/\/mhf.ro\/mm\/#website","url":"https:\/\/mhf.ro\/mm\/","name":"MHF Photography \u2013 Blog de fotografie, natur\u0103 \u0219i tehnic\u0103 divers\u0103","description":"Aventur\u0103 \u00een fiecare cadru.","publisher":{"@id":"https:\/\/mhf.ro\/mm\/#\/schema\/person\/a3bebf7bdb4bf12f698aff73c7e46c21"},"potentialAction":[{"@type":"SearchAction","target":{"@type":"EntryPoint","urlTemplate":"https:\/\/mhf.ro\/mm\/?s={search_term_string}"},"query-input":{"@type":"PropertyValueSpecification","valueRequired":true,"valueName":"search_term_string"}}],"inLanguage":"ro-RO"},{"@type":["Person","Organization"],"@id":"https:\/\/mhf.ro\/mm\/#\/schema\/person\/a3bebf7bdb4bf12f698aff73c7e46c21","name":"Marius Marcu","image":{"@type":"ImageObject","inLanguage":"ro-RO","@id":"https:\/\/mhf.ro\/mm\/#\/schema\/person\/image\/","url":"https:\/\/mhf.ro\/mm\/wp-content\/uploads\/2025\/12\/cropped-logo_mhf_2.png","contentUrl":"https:\/\/mhf.ro\/mm\/wp-content\/uploads\/2025\/12\/cropped-logo_mhf_2.png","width":1096,"height":457,"caption":"Marius Marcu"},"logo":{"@id":"https:\/\/mhf.ro\/mm\/#\/schema\/person\/image\/"},"sameAs":["https:\/\/mhf.ro\/mm"],"url":"https:\/\/mhf.ro\/mm\/author\/mihai\/"}]}},"_links":{"self":[{"href":"https:\/\/mhf.ro\/mm\/wp-json\/wp\/v2\/posts\/5479","targetHints":{"allow":["GET"]}}],"collection":[{"href":"https:\/\/mhf.ro\/mm\/wp-json\/wp\/v2\/posts"}],"about":[{"href":"https:\/\/mhf.ro\/mm\/wp-json\/wp\/v2\/types\/post"}],"author":[{"embeddable":true,"href":"https:\/\/mhf.ro\/mm\/wp-json\/wp\/v2\/users\/1"}],"replies":[{"embeddable":true,"href":"https:\/\/mhf.ro\/mm\/wp-json\/wp\/v2\/comments?post=5479"}],"version-history":[{"count":1,"href":"https:\/\/mhf.ro\/mm\/wp-json\/wp\/v2\/posts\/5479\/revisions"}],"predecessor-version":[{"id":5481,"href":"https:\/\/mhf.ro\/mm\/wp-json\/wp\/v2\/posts\/5479\/revisions\/5481"}],"wp:featuredmedia":[{"embeddable":true,"href":"https:\/\/mhf.ro\/mm\/wp-json\/wp\/v2\/media\/5480"}],"wp:attachment":[{"href":"https:\/\/mhf.ro\/mm\/wp-json\/wp\/v2\/media?parent=5479"}],"wp:term":[{"taxonomy":"category","embeddable":true,"href":"https:\/\/mhf.ro\/mm\/wp-json\/wp\/v2\/categories?post=5479"},{"taxonomy":"post_tag","embeddable":true,"href":"https:\/\/mhf.ro\/mm\/wp-json\/wp\/v2\/tags?post=5479"}],"curies":[{"name":"wp","href":"https:\/\/api.w.org\/{rel}","templated":true}]}}