{"id":5490,"date":"2021-10-23T09:08:13","date_gmt":"2021-10-23T07:08:13","guid":{"rendered":"https:\/\/mhf.ro\/mm\/?p=5490"},"modified":"2021-10-23T10:37:07","modified_gmt":"2021-10-23T08:37:07","slug":"fara-certificat-de-vaccinare-in-biserici","status":"publish","type":"post","link":"https:\/\/mhf.ro\/mm\/fara-certificat-de-vaccinare-in-biserici\/","title":{"rendered":"F\u0103r\u0103 certificat de vaccinare \u00een biserici"},"content":{"rendered":"<p>Persoanelor nevaccinate nu li se va cere certificatul verde la intrarea \u00een biseric\u0103. La intrarea \u00eentr-un teatru sau \u00een institu\u021biile statului sunt obliga\u021bi s\u0103 prezinte dovada vaccin\u0103rii, dar nu \u0219i la biseric\u0103.<\/p>\n<p>Persoanele nevaccinate vor avea acces numai \u00een magazinele alimentare, farmacii, dar \u0219i la biseric\u0103. Decizia de a include la \u201eactivit\u0103\u021bi esen\u021biale\u201d biserica a apar\u021binut CNSU, a explicat Raed Arafat.<\/p>\n<p>\u201eAm sus\u021binut, \u00een final, decizia care s-a luat de c\u0103tre toat\u0103 lumea\u201d, a afirmat \u0219eful DSU.<\/p>\n<p>Raed Arafat a fost \u00eentrebat dac\u0103 \u0219i \u00een alte \u021b\u0103ri afectate de pandemia de COVID, precum Italia, se poate intra \u00eentr-o biseric\u0103 f\u0103r\u0103 s\u0103 prezin\u021bi certificatul verde<\/p>\n<p>\u201eNu \u0219tiu, crede\u021bi-m\u0103, nu \u0219tiu. \u0218tiu c\u0103 situa\u021bia cu bisericile a fost discutat\u0103, este decizia CNSU de a se l\u0103sa activitatea s\u0103 se desf\u0103\u0219oare, dar cu limitarea de 2 metri p\u0103tra\u021bi de persoan\u0103, cu masc\u0103. Asta este decizia CNSU. Nu \u0219tiu dac\u0103 \u00een alte \u021b\u0103ri la intrare \u00een biseric\u0103 se verific\u0103 sau nu certificatul verde. Chiar nu \u0219tiu. Este o hot\u0103r\u00e2re de Guvern, se discut\u0103, se voteaz\u0103 \u0219i da, am sus\u021binut \u00een final decizia care s-a luat de c\u0103tre toat\u0103 lumea. Deci, nu vreau s\u0103 intru \u00een discu\u021bii despre biserici \u0219i religie\u201d.<\/p>\n<p>Din 25 octombrie Comitetul Na\u021bional pentru Situa\u021bii de Urgen\u021b\u0103 a aprobat vineri, 22 octombrie, noi restric\u021bii. Acestea au fost aprobate \u00een \u0219edin\u021ba de Guvern.<\/p>\n<p>\u00cencep\u00e2nd de luni, accesul va fi permis doar cu certificat verde \u00een institu\u021bii, malluri, hoteluri, dar \u0219i pentru a ie\u0219i din cas\u0103, dup\u0103 ora 22.00.<\/p>\n<p>Nun\u021bile \u0219i botezurile sunt interzise 30 de zile, iar masca de protec\u021bie devine obligatorie peste tot.<\/p>\n<p>Carantina de noapte este instituit\u0103 \u00eentre orele 22.00 \u0219i 5.00 pentru persoanele nevaccinate. Magazinele se vor \u00eenchide de la ora 21.00. Persoanele nevaccinate care ies din cas\u0103 pe timpul nop\u021bii trebuie s\u0103 aib\u0103 un motiv \u00eentemeiat \u0219i o declara\u021bie pe propria r\u0103spundere completat\u0103 \u0219i semnat\u0103.(conf. Jurnalist.ro)<\/p>\n","protected":false},"excerpt":{"rendered":"<p>Persoanelor nevaccinate nu li se va cere certificatul verde la intrarea \u00een biseric\u0103. La intrarea \u00eentr-un teatru sau \u00een institu\u021biile<\/p>\n","protected":false},"author":1,"featured_media":5491,"comment_status":"open","ping_status":"open","sticky":false,"template":"","format":"standard","meta":{"colormag_page_container_layout":"default_layout","colormag_page_sidebar_layout":"default_layout","footnotes":""},"categories":[32,5],"tags":[],"class_list":["post-5490","post","type-post","status-publish","format-standard","has-post-thumbnail","hentry","category-comunicate","category-locale"],"yoast_head":"<!-- This site is optimized with the Yoast SEO plugin v27.0 - https:\/\/yoast.com\/product\/yoast-seo-wordpress\/ -->\n<title>F\u0103r\u0103 certificat de vaccinare \u00een biserici - MHF Photography<\/title>\n<meta name=\"robots\" content=\"index, follow, max-snippet:-1, max-image-preview:large, max-video-preview:-1\" \/>\n<link rel=\"canonical\" href=\"https:\/\/mhf.ro\/mm\/fara-certificat-de-vaccinare-in-biserici\/\" \/>\n<meta property=\"og:locale\" content=\"ro_RO\" \/>\n<meta property=\"og:type\" content=\"article\" \/>\n<meta property=\"og:title\" content=\"F\u0103r\u0103 certificat de vaccinare \u00een biserici - MHF Photography\" \/>\n<meta property=\"og:description\" content=\"Persoanelor nevaccinate nu li se va cere certificatul verde la intrarea \u00een biseric\u0103. La intrarea \u00eentr-un teatru sau \u00een institu\u021biile\" \/>\n<meta property=\"og:url\" content=\"https:\/\/mhf.ro\/mm\/fara-certificat-de-vaccinare-in-biserici\/\" \/>\n<meta property=\"og:site_name\" content=\"MHF Photography\" \/>\n<meta property=\"article:published_time\" content=\"2021-10-23T07:08:13+00:00\" \/>\n<meta property=\"article:modified_time\" content=\"2021-10-23T08:37:07+00:00\" \/>\n<meta property=\"og:image\" content=\"https:\/\/mhf.ro\/mm\/wp-content\/uploads\/2021\/10\/pelerinaj-nicula_0_0.jpg\" \/>\n\t<meta property=\"og:image:width\" content=\"740\" \/>\n\t<meta property=\"og:image:height\" content=\"463\" \/>\n\t<meta property=\"og:image:type\" content=\"image\/jpeg\" \/>\n<meta name=\"author\" content=\"Marius Marcu\" \/>\n<meta name=\"twitter:card\" content=\"summary_large_image\" \/>\n<meta name=\"twitter:label1\" content=\"Scris de\" \/>\n\t<meta name=\"twitter:data1\" content=\"Marius Marcu\" \/>\n\t<meta name=\"twitter:label2\" content=\"Timp estimat pentru citire\" \/>\n\t<meta name=\"twitter:data2\" content=\"2 minute\" \/>\n<script type=\"application\/ld+json\" class=\"yoast-schema-graph\">{\"@context\":\"https:\/\/schema.org\",\"@graph\":[{\"@type\":\"Article\",\"@id\":\"https:\/\/mhf.ro\/mm\/fara-certificat-de-vaccinare-in-biserici\/#article\",\"isPartOf\":{\"@id\":\"https:\/\/mhf.ro\/mm\/fara-certificat-de-vaccinare-in-biserici\/\"},\"author\":{\"name\":\"Marius Marcu\",\"@id\":\"https:\/\/mhf.ro\/mm\/#\/schema\/person\/a3bebf7bdb4bf12f698aff73c7e46c21\"},\"headline\":\"F\u0103r\u0103 certificat de vaccinare \u00een biserici\",\"datePublished\":\"2021-10-23T07:08:13+00:00\",\"dateModified\":\"2021-10-23T08:37:07+00:00\",\"mainEntityOfPage\":{\"@id\":\"https:\/\/mhf.ro\/mm\/fara-certificat-de-vaccinare-in-biserici\/\"},\"wordCount\":341,\"commentCount\":0,\"publisher\":{\"@id\":\"https:\/\/mhf.ro\/mm\/#\/schema\/person\/a3bebf7bdb4bf12f698aff73c7e46c21\"},\"image\":{\"@id\":\"https:\/\/mhf.ro\/mm\/fara-certificat-de-vaccinare-in-biserici\/#primaryimage\"},\"thumbnailUrl\":\"https:\/\/mhf.ro\/mm\/wp-content\/uploads\/2021\/10\/pelerinaj-nicula_0_0.jpg\",\"articleSection\":[\"Comunicate\",\"Locale\"],\"inLanguage\":\"ro-RO\",\"potentialAction\":[{\"@type\":\"CommentAction\",\"name\":\"Comment\",\"target\":[\"https:\/\/mhf.ro\/mm\/fara-certificat-de-vaccinare-in-biserici\/#respond\"]}]},{\"@type\":\"WebPage\",\"@id\":\"https:\/\/mhf.ro\/mm\/fara-certificat-de-vaccinare-in-biserici\/\",\"url\":\"https:\/\/mhf.ro\/mm\/fara-certificat-de-vaccinare-in-biserici\/\",\"name\":\"F\u0103r\u0103 certificat de vaccinare \u00een biserici - MHF Photography\",\"isPartOf\":{\"@id\":\"https:\/\/mhf.ro\/mm\/#website\"},\"primaryImageOfPage\":{\"@id\":\"https:\/\/mhf.ro\/mm\/fara-certificat-de-vaccinare-in-biserici\/#primaryimage\"},\"image\":{\"@id\":\"https:\/\/mhf.ro\/mm\/fara-certificat-de-vaccinare-in-biserici\/#primaryimage\"},\"thumbnailUrl\":\"https:\/\/mhf.ro\/mm\/wp-content\/uploads\/2021\/10\/pelerinaj-nicula_0_0.jpg\",\"datePublished\":\"2021-10-23T07:08:13+00:00\",\"dateModified\":\"2021-10-23T08:37:07+00:00\",\"breadcrumb\":{\"@id\":\"https:\/\/mhf.ro\/mm\/fara-certificat-de-vaccinare-in-biserici\/#breadcrumb\"},\"inLanguage\":\"ro-RO\",\"potentialAction\":[{\"@type\":\"ReadAction\",\"target\":[\"https:\/\/mhf.ro\/mm\/fara-certificat-de-vaccinare-in-biserici\/\"]}]},{\"@type\":\"ImageObject\",\"inLanguage\":\"ro-RO\",\"@id\":\"https:\/\/mhf.ro\/mm\/fara-certificat-de-vaccinare-in-biserici\/#primaryimage\",\"url\":\"https:\/\/mhf.ro\/mm\/wp-content\/uploads\/2021\/10\/pelerinaj-nicula_0_0.jpg\",\"contentUrl\":\"https:\/\/mhf.ro\/mm\/wp-content\/uploads\/2021\/10\/pelerinaj-nicula_0_0.jpg\",\"width\":740,\"height\":463},{\"@type\":\"BreadcrumbList\",\"@id\":\"https:\/\/mhf.ro\/mm\/fara-certificat-de-vaccinare-in-biserici\/#breadcrumb\",\"itemListElement\":[{\"@type\":\"ListItem\",\"position\":1,\"name\":\"Prima pagin\u0103\",\"item\":\"https:\/\/mhf.ro\/mm\/\"},{\"@type\":\"ListItem\",\"position\":2,\"name\":\"F\u0103r\u0103 certificat de vaccinare \u00een biserici\"}]},{\"@type\":\"WebSite\",\"@id\":\"https:\/\/mhf.ro\/mm\/#website\",\"url\":\"https:\/\/mhf.ro\/mm\/\",\"name\":\"MHF Photography \u2013 Blog de fotografie, natur\u0103 \u0219i tehnic\u0103 divers\u0103\",\"description\":\"Aventur\u0103 \u00een fiecare cadru.\",\"publisher\":{\"@id\":\"https:\/\/mhf.ro\/mm\/#\/schema\/person\/a3bebf7bdb4bf12f698aff73c7e46c21\"},\"potentialAction\":[{\"@type\":\"SearchAction\",\"target\":{\"@type\":\"EntryPoint\",\"urlTemplate\":\"https:\/\/mhf.ro\/mm\/?s={search_term_string}\"},\"query-input\":{\"@type\":\"PropertyValueSpecification\",\"valueRequired\":true,\"valueName\":\"search_term_string\"}}],\"inLanguage\":\"ro-RO\"},{\"@type\":[\"Person\",\"Organization\"],\"@id\":\"https:\/\/mhf.ro\/mm\/#\/schema\/person\/a3bebf7bdb4bf12f698aff73c7e46c21\",\"name\":\"Marius Marcu\",\"image\":{\"@type\":\"ImageObject\",\"inLanguage\":\"ro-RO\",\"@id\":\"https:\/\/mhf.ro\/mm\/#\/schema\/person\/image\/\",\"url\":\"https:\/\/mhf.ro\/mm\/wp-content\/uploads\/2025\/12\/cropped-logo_mhf_2.png\",\"contentUrl\":\"https:\/\/mhf.ro\/mm\/wp-content\/uploads\/2025\/12\/cropped-logo_mhf_2.png\",\"width\":1096,\"height\":457,\"caption\":\"Marius Marcu\"},\"logo\":{\"@id\":\"https:\/\/mhf.ro\/mm\/#\/schema\/person\/image\/\"},\"sameAs\":[\"https:\/\/mhf.ro\/mm\"],\"url\":\"https:\/\/mhf.ro\/mm\/author\/mihai\/\"}]}<\/script>\n<!-- \/ Yoast SEO plugin. -->","yoast_head_json":{"title":"F\u0103r\u0103 certificat de vaccinare \u00een biserici - MHF Photography","robots":{"index":"index","follow":"follow","max-snippet":"max-snippet:-1","max-image-preview":"max-image-preview:large","max-video-preview":"max-video-preview:-1"},"canonical":"https:\/\/mhf.ro\/mm\/fara-certificat-de-vaccinare-in-biserici\/","og_locale":"ro_RO","og_type":"article","og_title":"F\u0103r\u0103 certificat de vaccinare \u00een biserici - MHF Photography","og_description":"Persoanelor nevaccinate nu li se va cere certificatul verde la intrarea \u00een biseric\u0103. La intrarea \u00eentr-un teatru sau \u00een institu\u021biile","og_url":"https:\/\/mhf.ro\/mm\/fara-certificat-de-vaccinare-in-biserici\/","og_site_name":"MHF Photography","article_published_time":"2021-10-23T07:08:13+00:00","article_modified_time":"2021-10-23T08:37:07+00:00","og_image":[{"width":740,"height":463,"url":"https:\/\/mhf.ro\/mm\/wp-content\/uploads\/2021\/10\/pelerinaj-nicula_0_0.jpg","type":"image\/jpeg"}],"author":"Marius Marcu","twitter_card":"summary_large_image","twitter_misc":{"Scris de":"Marius Marcu","Timp estimat pentru citire":"2 minute"},"schema":{"@context":"https:\/\/schema.org","@graph":[{"@type":"Article","@id":"https:\/\/mhf.ro\/mm\/fara-certificat-de-vaccinare-in-biserici\/#article","isPartOf":{"@id":"https:\/\/mhf.ro\/mm\/fara-certificat-de-vaccinare-in-biserici\/"},"author":{"name":"Marius Marcu","@id":"https:\/\/mhf.ro\/mm\/#\/schema\/person\/a3bebf7bdb4bf12f698aff73c7e46c21"},"headline":"F\u0103r\u0103 certificat de vaccinare \u00een biserici","datePublished":"2021-10-23T07:08:13+00:00","dateModified":"2021-10-23T08:37:07+00:00","mainEntityOfPage":{"@id":"https:\/\/mhf.ro\/mm\/fara-certificat-de-vaccinare-in-biserici\/"},"wordCount":341,"commentCount":0,"publisher":{"@id":"https:\/\/mhf.ro\/mm\/#\/schema\/person\/a3bebf7bdb4bf12f698aff73c7e46c21"},"image":{"@id":"https:\/\/mhf.ro\/mm\/fara-certificat-de-vaccinare-in-biserici\/#primaryimage"},"thumbnailUrl":"https:\/\/mhf.ro\/mm\/wp-content\/uploads\/2021\/10\/pelerinaj-nicula_0_0.jpg","articleSection":["Comunicate","Locale"],"inLanguage":"ro-RO","potentialAction":[{"@type":"CommentAction","name":"Comment","target":["https:\/\/mhf.ro\/mm\/fara-certificat-de-vaccinare-in-biserici\/#respond"]}]},{"@type":"WebPage","@id":"https:\/\/mhf.ro\/mm\/fara-certificat-de-vaccinare-in-biserici\/","url":"https:\/\/mhf.ro\/mm\/fara-certificat-de-vaccinare-in-biserici\/","name":"F\u0103r\u0103 certificat de vaccinare \u00een biserici - MHF Photography","isPartOf":{"@id":"https:\/\/mhf.ro\/mm\/#website"},"primaryImageOfPage":{"@id":"https:\/\/mhf.ro\/mm\/fara-certificat-de-vaccinare-in-biserici\/#primaryimage"},"image":{"@id":"https:\/\/mhf.ro\/mm\/fara-certificat-de-vaccinare-in-biserici\/#primaryimage"},"thumbnailUrl":"https:\/\/mhf.ro\/mm\/wp-content\/uploads\/2021\/10\/pelerinaj-nicula_0_0.jpg","datePublished":"2021-10-23T07:08:13+00:00","dateModified":"2021-10-23T08:37:07+00:00","breadcrumb":{"@id":"https:\/\/mhf.ro\/mm\/fara-certificat-de-vaccinare-in-biserici\/#breadcrumb"},"inLanguage":"ro-RO","potentialAction":[{"@type":"ReadAction","target":["https:\/\/mhf.ro\/mm\/fara-certificat-de-vaccinare-in-biserici\/"]}]},{"@type":"ImageObject","inLanguage":"ro-RO","@id":"https:\/\/mhf.ro\/mm\/fara-certificat-de-vaccinare-in-biserici\/#primaryimage","url":"https:\/\/mhf.ro\/mm\/wp-content\/uploads\/2021\/10\/pelerinaj-nicula_0_0.jpg","contentUrl":"https:\/\/mhf.ro\/mm\/wp-content\/uploads\/2021\/10\/pelerinaj-nicula_0_0.jpg","width":740,"height":463},{"@type":"BreadcrumbList","@id":"https:\/\/mhf.ro\/mm\/fara-certificat-de-vaccinare-in-biserici\/#breadcrumb","itemListElement":[{"@type":"ListItem","position":1,"name":"Prima pagin\u0103","item":"https:\/\/mhf.ro\/mm\/"},{"@type":"ListItem","position":2,"name":"F\u0103r\u0103 certificat de vaccinare \u00een biserici"}]},{"@type":"WebSite","@id":"https:\/\/mhf.ro\/mm\/#website","url":"https:\/\/mhf.ro\/mm\/","name":"MHF Photography \u2013 Blog de fotografie, natur\u0103 \u0219i tehnic\u0103 divers\u0103","description":"Aventur\u0103 \u00een fiecare cadru.","publisher":{"@id":"https:\/\/mhf.ro\/mm\/#\/schema\/person\/a3bebf7bdb4bf12f698aff73c7e46c21"},"potentialAction":[{"@type":"SearchAction","target":{"@type":"EntryPoint","urlTemplate":"https:\/\/mhf.ro\/mm\/?s={search_term_string}"},"query-input":{"@type":"PropertyValueSpecification","valueRequired":true,"valueName":"search_term_string"}}],"inLanguage":"ro-RO"},{"@type":["Person","Organization"],"@id":"https:\/\/mhf.ro\/mm\/#\/schema\/person\/a3bebf7bdb4bf12f698aff73c7e46c21","name":"Marius Marcu","image":{"@type":"ImageObject","inLanguage":"ro-RO","@id":"https:\/\/mhf.ro\/mm\/#\/schema\/person\/image\/","url":"https:\/\/mhf.ro\/mm\/wp-content\/uploads\/2025\/12\/cropped-logo_mhf_2.png","contentUrl":"https:\/\/mhf.ro\/mm\/wp-content\/uploads\/2025\/12\/cropped-logo_mhf_2.png","width":1096,"height":457,"caption":"Marius Marcu"},"logo":{"@id":"https:\/\/mhf.ro\/mm\/#\/schema\/person\/image\/"},"sameAs":["https:\/\/mhf.ro\/mm"],"url":"https:\/\/mhf.ro\/mm\/author\/mihai\/"}]}},"_links":{"self":[{"href":"https:\/\/mhf.ro\/mm\/wp-json\/wp\/v2\/posts\/5490","targetHints":{"allow":["GET"]}}],"collection":[{"href":"https:\/\/mhf.ro\/mm\/wp-json\/wp\/v2\/posts"}],"about":[{"href":"https:\/\/mhf.ro\/mm\/wp-json\/wp\/v2\/types\/post"}],"author":[{"embeddable":true,"href":"https:\/\/mhf.ro\/mm\/wp-json\/wp\/v2\/users\/1"}],"replies":[{"embeddable":true,"href":"https:\/\/mhf.ro\/mm\/wp-json\/wp\/v2\/comments?post=5490"}],"version-history":[{"count":1,"href":"https:\/\/mhf.ro\/mm\/wp-json\/wp\/v2\/posts\/5490\/revisions"}],"predecessor-version":[{"id":5492,"href":"https:\/\/mhf.ro\/mm\/wp-json\/wp\/v2\/posts\/5490\/revisions\/5492"}],"wp:featuredmedia":[{"embeddable":true,"href":"https:\/\/mhf.ro\/mm\/wp-json\/wp\/v2\/media\/5491"}],"wp:attachment":[{"href":"https:\/\/mhf.ro\/mm\/wp-json\/wp\/v2\/media?parent=5490"}],"wp:term":[{"taxonomy":"category","embeddable":true,"href":"https:\/\/mhf.ro\/mm\/wp-json\/wp\/v2\/categories?post=5490"},{"taxonomy":"post_tag","embeddable":true,"href":"https:\/\/mhf.ro\/mm\/wp-json\/wp\/v2\/tags?post=5490"}],"curies":[{"name":"wp","href":"https:\/\/api.w.org\/{rel}","templated":true}]}}