{"id":5493,"date":"2021-10-23T08:23:55","date_gmt":"2021-10-23T06:23:55","guid":{"rendered":"https:\/\/mhf.ro\/mm\/?p=5493"},"modified":"2021-10-23T10:36:42","modified_gmt":"2021-10-23T08:36:42","slug":"restrictii-in-vigoare-de-luni-la-mall-doar-cu-certificat-verde","status":"publish","type":"post","link":"https:\/\/mhf.ro\/mm\/restrictii-in-vigoare-de-luni-la-mall-doar-cu-certificat-verde\/","title":{"rendered":"Restric\u021bii \u00een vigoare de luni: La mall, doar cu certificat verde"},"content":{"rendered":"<p align=\"left\"><strong>UPDATE:\u00a0Noile restric\u021bii care vor intra luni \u00een vigoare \u00een Rom\u00e2nia:<\/strong><\/p>\n<div>\n<ul>\n<li><strong>Sunt interzise evenimentele private, nun\u021bi, botezuri, pe durata de 30 de zile<\/strong><\/li>\n<li><strong>Restric\u021bii la magazine, limitarea programului \u00eentre 5 \u0219i 21.<\/strong><\/li>\n<li><strong>De la ora 22 va fi interzis\u0103 circula\u021bia, cu anumite excep\u021bii. Sunt exceptate pesoanele vaccinate sau trecute prin boal\u0103.<\/strong><\/li>\n<li><strong>Accesul \u00een toate zonele care nu sunt esen\u021biale, deci f\u0103r\u0103 farmacii, magazine alimentare, se face numai certificatul verde \u2013 persoane vccinate sau trecute prin boal\u0103.<\/strong><\/li>\n<li><strong>Pentru magazinele esen\u021biale se intr\u0103 cu m\u0103surile de s\u0103n\u0103tate public\u0103, dar f\u0103r\u0103 certificat<\/strong><\/li>\n<li><strong>Copiii care sunt sub v\u00e2rsta vaccin\u0103rii nu pot intra \u00een spa\u021biile respective dec\u00e2t dac\u0103 sunt \u00eenso\u021bi\u021bi de un adult cu certificat de vaccinare<\/strong><\/li>\n<li><strong>Pentru magazinele aliemntare din mall-uri se va intra numai cu certificatul verde, pentru c\u0103 \u00een mall nu se va putea intra dec\u00e2t cu certificatul verde<\/strong><\/li>\n<li><strong>S-a abilitat Ministerul Educa\u021biei s\u0103 emit\u0103 ordinul pentru introducerea vacan\u021bei de 14 zile \u00een tot sistemul \u0219colar, inclusiv \u00een after-school-uri. Cre\u0219ele r\u0103m\u00e2n singurele deschise<\/strong><\/li>\n<li><strong>R\u0103m\u00e2ne valabil\u0103 livrarea la domiciu \u0219i pe durata nop\u021bii<\/strong><\/li>\n<li><strong>La intrare \u00een cl\u0103dirile publice, oficiale e obligatorie prezentarea certificatului verde pentru vaccinat sau trecut prin boal\u0103 sau testat, pentru to\u021bi cei care sunt din afara sistemului care lucreaz\u0103, adic\u0103 vizitatorii.<\/strong><\/li>\n<li><strong>La nivelul cl\u0103dirilor private, pentru cele cu peste 50 de persoane, se va prezenta la fel cetificatul verde pentru vaccina\u021bi, trecu\u021bi prin boal\u0103 sau testa\u021bi<\/strong><\/li>\n<li><strong>Aplicarea regulilor pentru angaja\u021bi nu se poate prin Hot\u0103r\u00e2re de Guvern, ci doar prin lege, propunera legislativ\u0103 e deja la Parlament<\/strong><br \/>\n<strong>Activit\u0103\u021bile sportive se vor desf\u0103\u0219ura f\u0103r\u0103 public<\/strong><\/li>\n<li><strong>Sunt interzise concertele, spectacolele \u00een aer liber<\/strong><\/li>\n<li><strong>La cinematografe \u0219i teatre, capacitate 30% doar cu certificat verde<\/strong><\/li>\n<li><strong>Restaurantele func\u021bioneaz\u0103 ca p\u00e2n\u0103 acum, dar cu limitarea programului la ora 21<\/strong><\/li>\n<li><strong>Cea mai important\u0103: masca devine obligatorie peste tot, se elimin\u0103 orice excep\u021bie. \u00cen exterior doar activit\u0103\u021bile sportive sunt exceptate.<\/strong><\/li>\n<li><strong>\u00cen hoteluri se intr\u0103 doar cu certificat verde;<\/strong><\/li>\n<\/ul>\n<\/div>\n<div><\/div>\n<div><\/div>\n<div>Stirea initiala<\/div>\n<div><\/div>\n<p align=\"left\"><span lang=\"ro-RO\">Din cauza num\u0103rului mare de pacien\u021bi infecta\u021bi cu SARS-CoV-2, de luni, 25 octombrie, \u00een Rom\u00e2nia intr\u0103 \u00een vigoare noi restric\u021bii.\u00a0<\/span><span lang=\"ro-RO\">Evenimentele private, nun\u0163i, botezuri \u015fi orice fel de evenimente, vor fi interzise total, nici m\u0103car persoanele vaccinate nu vor mai avea voie s\u0103 organizeze astfel de \u00eent\u00e2lniri, a anun\u021bat ministrul interimar al S\u0103n\u0103t\u0103\u021bii, Cseke Attila.\u00a0<\/span><span lang=\"ro-RO\">De asemenea, certificatul verde va fi impus\u00a0<\/span><span lang=\"ro-RO\">\u00een aproape toate locurile, mai pu\u0163in la magazinele alimentare \u015fi la farmacii.<\/span><\/p>\n<p align=\"left\">\u201d<span lang=\"ro-RO\">\u00cen afar\u0103 de magazinele alimentare, de farmacii (\u2026) \u00een toate celelalte institu\u0163ii, \u015fi \u00een institu\u0163ii publice pentru to\u0163i vizitatorii care se duc \u00een administra\u0163ia public\u0103 central\u0103 \u015fi local\u0103. \u015ei \u00een sfera privat\u0103 probabil o s\u0103 propunem, pentru birouri, pentru cl\u0103diri, firme care au mai mult de 50 de angaja\u0163i \u2013 pentru cei care sunt vizitatori.<\/span><\/p>\n<p align=\"left\"><span lang=\"ro-RO\">Pe partea de evenimente private \u2013 nun\u0163i, botezuri \u015fi orice fel de evenimente va fi o interdic\u0163ie total\u0103.\u201d, a declarat ministrul interimar al S\u0103n\u0103t\u0103\u021bii, Cseke Attila, la un post de televiziune, scrie News.ro.<\/span><\/p>\n<p align=\"left\"><span lang=\"ro-RO\">Ministrul a precizat c\u0103 m\u0103sura se poate impune doar vizitatorilor, nu \u015fi angaja\u0163ilor.<\/span><\/p>\n<p>\u201dDin p\u0103cate, pentru angaja\u0163i nu putem s\u0103 propunem pentru c\u0103 trebuie s\u0103 mergem \u00een Parlament, fiind vorba despre dreptul constitu\u0163ional la munc\u0103\u201d, a mai declarat ministrul.<\/p>\n<p>Acesta a precizat c\u0103 restaurantele \u015fi cafenelele r\u0103m\u00e2n deschise, dar doar pentru vaccina\u0163i.<\/p>\n<p>Carantina de noapte va fi doar pentru cei nevaccina\u0163i.<\/p>\n<p>\u201eNoaptea excep\u0163iile se vor referi la cei care sunt vaccina\u0163i, au trecut prin boal\u0103 sau sunt testa\u0163i \u2013 au certificat verde. Cei care nu au acest certificat dar se duc \/ se \u00eentorc de la un loc de munc\u0103, dac\u0103 este o urgen\u0163\u0103 medical\u0103 \u2013 cam acestea sunt excep\u0163iile posibile\u201d, a mai precizat ministrul.<\/p>\n<p><span lang=\"ro-RO\">Se \u0219tie deja c\u0103, de luni to\u0163i elevii intr\u0103 dou\u0103 s\u0103pt\u0103m\u00e2ni \u00een vacan\u0163\u0103. (conf. Jurnalist.ro)<\/span><\/p>\n","protected":false},"excerpt":{"rendered":"<p>UPDATE:\u00a0Noile restric\u021bii care vor intra luni \u00een vigoare \u00een Rom\u00e2nia: Sunt interzise evenimentele private, nun\u021bi, botezuri, pe durata de 30<\/p>\n","protected":false},"author":1,"featured_media":5494,"comment_status":"open","ping_status":"open","sticky":false,"template":"","format":"standard","meta":{"colormag_page_container_layout":"default_layout","colormag_page_sidebar_layout":"default_layout","footnotes":""},"categories":[32,8],"tags":[],"class_list":["post-5493","post","type-post","status-publish","format-standard","has-post-thumbnail","hentry","category-comunicate","category-div"],"yoast_head":"<!-- This site is optimized with the Yoast SEO plugin v27.0 - https:\/\/yoast.com\/product\/yoast-seo-wordpress\/ -->\n<title>Restric\u021bii \u00een vigoare de luni: La mall, doar cu certificat verde - MHF Photography<\/title>\n<meta name=\"robots\" content=\"index, follow, max-snippet:-1, max-image-preview:large, max-video-preview:-1\" \/>\n<link rel=\"canonical\" href=\"https:\/\/mhf.ro\/mm\/restrictii-in-vigoare-de-luni-la-mall-doar-cu-certificat-verde\/\" \/>\n<meta property=\"og:locale\" content=\"ro_RO\" \/>\n<meta property=\"og:type\" content=\"article\" \/>\n<meta property=\"og:title\" content=\"Restric\u021bii \u00een vigoare de luni: La mall, doar cu certificat verde - MHF Photography\" \/>\n<meta property=\"og:description\" content=\"UPDATE:\u00a0Noile restric\u021bii care vor intra luni \u00een vigoare \u00een Rom\u00e2nia: Sunt interzise evenimentele private, nun\u021bi, botezuri, pe durata de 30\" \/>\n<meta property=\"og:url\" content=\"https:\/\/mhf.ro\/mm\/restrictii-in-vigoare-de-luni-la-mall-doar-cu-certificat-verde\/\" \/>\n<meta property=\"og:site_name\" content=\"MHF Photography\" \/>\n<meta property=\"article:published_time\" content=\"2021-10-23T06:23:55+00:00\" \/>\n<meta property=\"article:modified_time\" content=\"2021-10-23T08:36:42+00:00\" \/>\n<meta property=\"og:image\" content=\"https:\/\/mhf.ro\/mm\/wp-content\/uploads\/2021\/10\/carantina.jpg\" \/>\n\t<meta property=\"og:image:width\" content=\"800\" \/>\n\t<meta property=\"og:image:height\" content=\"450\" \/>\n\t<meta property=\"og:image:type\" content=\"image\/jpeg\" \/>\n<meta name=\"author\" content=\"Marius Marcu\" \/>\n<meta name=\"twitter:card\" content=\"summary_large_image\" \/>\n<meta name=\"twitter:label1\" content=\"Scris de\" \/>\n\t<meta name=\"twitter:data1\" content=\"Marius Marcu\" \/>\n\t<meta name=\"twitter:label2\" content=\"Timp estimat pentru citire\" \/>\n\t<meta name=\"twitter:data2\" content=\"3 minute\" \/>\n<script type=\"application\/ld+json\" class=\"yoast-schema-graph\">{\"@context\":\"https:\/\/schema.org\",\"@graph\":[{\"@type\":\"Article\",\"@id\":\"https:\/\/mhf.ro\/mm\/restrictii-in-vigoare-de-luni-la-mall-doar-cu-certificat-verde\/#article\",\"isPartOf\":{\"@id\":\"https:\/\/mhf.ro\/mm\/restrictii-in-vigoare-de-luni-la-mall-doar-cu-certificat-verde\/\"},\"author\":{\"name\":\"Marius Marcu\",\"@id\":\"https:\/\/mhf.ro\/mm\/#\/schema\/person\/a3bebf7bdb4bf12f698aff73c7e46c21\"},\"headline\":\"Restric\u021bii \u00een vigoare de luni: La mall, doar cu certificat verde\",\"datePublished\":\"2021-10-23T06:23:55+00:00\",\"dateModified\":\"2021-10-23T08:36:42+00:00\",\"mainEntityOfPage\":{\"@id\":\"https:\/\/mhf.ro\/mm\/restrictii-in-vigoare-de-luni-la-mall-doar-cu-certificat-verde\/\"},\"wordCount\":686,\"commentCount\":0,\"publisher\":{\"@id\":\"https:\/\/mhf.ro\/mm\/#\/schema\/person\/a3bebf7bdb4bf12f698aff73c7e46c21\"},\"image\":{\"@id\":\"https:\/\/mhf.ro\/mm\/restrictii-in-vigoare-de-luni-la-mall-doar-cu-certificat-verde\/#primaryimage\"},\"thumbnailUrl\":\"https:\/\/mhf.ro\/mm\/wp-content\/uploads\/2021\/10\/carantina.jpg\",\"articleSection\":[\"Comunicate\",\"Diverse\"],\"inLanguage\":\"ro-RO\",\"potentialAction\":[{\"@type\":\"CommentAction\",\"name\":\"Comment\",\"target\":[\"https:\/\/mhf.ro\/mm\/restrictii-in-vigoare-de-luni-la-mall-doar-cu-certificat-verde\/#respond\"]}]},{\"@type\":\"WebPage\",\"@id\":\"https:\/\/mhf.ro\/mm\/restrictii-in-vigoare-de-luni-la-mall-doar-cu-certificat-verde\/\",\"url\":\"https:\/\/mhf.ro\/mm\/restrictii-in-vigoare-de-luni-la-mall-doar-cu-certificat-verde\/\",\"name\":\"Restric\u021bii \u00een vigoare de luni: La mall, doar cu certificat verde - MHF Photography\",\"isPartOf\":{\"@id\":\"https:\/\/mhf.ro\/mm\/#website\"},\"primaryImageOfPage\":{\"@id\":\"https:\/\/mhf.ro\/mm\/restrictii-in-vigoare-de-luni-la-mall-doar-cu-certificat-verde\/#primaryimage\"},\"image\":{\"@id\":\"https:\/\/mhf.ro\/mm\/restrictii-in-vigoare-de-luni-la-mall-doar-cu-certificat-verde\/#primaryimage\"},\"thumbnailUrl\":\"https:\/\/mhf.ro\/mm\/wp-content\/uploads\/2021\/10\/carantina.jpg\",\"datePublished\":\"2021-10-23T06:23:55+00:00\",\"dateModified\":\"2021-10-23T08:36:42+00:00\",\"breadcrumb\":{\"@id\":\"https:\/\/mhf.ro\/mm\/restrictii-in-vigoare-de-luni-la-mall-doar-cu-certificat-verde\/#breadcrumb\"},\"inLanguage\":\"ro-RO\",\"potentialAction\":[{\"@type\":\"ReadAction\",\"target\":[\"https:\/\/mhf.ro\/mm\/restrictii-in-vigoare-de-luni-la-mall-doar-cu-certificat-verde\/\"]}]},{\"@type\":\"ImageObject\",\"inLanguage\":\"ro-RO\",\"@id\":\"https:\/\/mhf.ro\/mm\/restrictii-in-vigoare-de-luni-la-mall-doar-cu-certificat-verde\/#primaryimage\",\"url\":\"https:\/\/mhf.ro\/mm\/wp-content\/uploads\/2021\/10\/carantina.jpg\",\"contentUrl\":\"https:\/\/mhf.ro\/mm\/wp-content\/uploads\/2021\/10\/carantina.jpg\",\"width\":800,\"height\":450},{\"@type\":\"BreadcrumbList\",\"@id\":\"https:\/\/mhf.ro\/mm\/restrictii-in-vigoare-de-luni-la-mall-doar-cu-certificat-verde\/#breadcrumb\",\"itemListElement\":[{\"@type\":\"ListItem\",\"position\":1,\"name\":\"Prima pagin\u0103\",\"item\":\"https:\/\/mhf.ro\/mm\/\"},{\"@type\":\"ListItem\",\"position\":2,\"name\":\"Restric\u021bii \u00een vigoare de luni: La mall, doar cu certificat verde\"}]},{\"@type\":\"WebSite\",\"@id\":\"https:\/\/mhf.ro\/mm\/#website\",\"url\":\"https:\/\/mhf.ro\/mm\/\",\"name\":\"MHF Photography \u2013 Blog de fotografie, natur\u0103 \u0219i tehnic\u0103 divers\u0103\",\"description\":\"Aventur\u0103 \u00een fiecare cadru.\",\"publisher\":{\"@id\":\"https:\/\/mhf.ro\/mm\/#\/schema\/person\/a3bebf7bdb4bf12f698aff73c7e46c21\"},\"potentialAction\":[{\"@type\":\"SearchAction\",\"target\":{\"@type\":\"EntryPoint\",\"urlTemplate\":\"https:\/\/mhf.ro\/mm\/?s={search_term_string}\"},\"query-input\":{\"@type\":\"PropertyValueSpecification\",\"valueRequired\":true,\"valueName\":\"search_term_string\"}}],\"inLanguage\":\"ro-RO\"},{\"@type\":[\"Person\",\"Organization\"],\"@id\":\"https:\/\/mhf.ro\/mm\/#\/schema\/person\/a3bebf7bdb4bf12f698aff73c7e46c21\",\"name\":\"Marius Marcu\",\"image\":{\"@type\":\"ImageObject\",\"inLanguage\":\"ro-RO\",\"@id\":\"https:\/\/mhf.ro\/mm\/#\/schema\/person\/image\/\",\"url\":\"https:\/\/mhf.ro\/mm\/wp-content\/uploads\/2025\/12\/cropped-logo_mhf_2.png\",\"contentUrl\":\"https:\/\/mhf.ro\/mm\/wp-content\/uploads\/2025\/12\/cropped-logo_mhf_2.png\",\"width\":1096,\"height\":457,\"caption\":\"Marius Marcu\"},\"logo\":{\"@id\":\"https:\/\/mhf.ro\/mm\/#\/schema\/person\/image\/\"},\"sameAs\":[\"https:\/\/mhf.ro\/mm\"],\"url\":\"https:\/\/mhf.ro\/mm\/author\/mihai\/\"}]}<\/script>\n<!-- \/ Yoast SEO plugin. -->","yoast_head_json":{"title":"Restric\u021bii \u00een vigoare de luni: La mall, doar cu certificat verde - MHF Photography","robots":{"index":"index","follow":"follow","max-snippet":"max-snippet:-1","max-image-preview":"max-image-preview:large","max-video-preview":"max-video-preview:-1"},"canonical":"https:\/\/mhf.ro\/mm\/restrictii-in-vigoare-de-luni-la-mall-doar-cu-certificat-verde\/","og_locale":"ro_RO","og_type":"article","og_title":"Restric\u021bii \u00een vigoare de luni: La mall, doar cu certificat verde - MHF Photography","og_description":"UPDATE:\u00a0Noile restric\u021bii care vor intra luni \u00een vigoare \u00een Rom\u00e2nia: Sunt interzise evenimentele private, nun\u021bi, botezuri, pe durata de 30","og_url":"https:\/\/mhf.ro\/mm\/restrictii-in-vigoare-de-luni-la-mall-doar-cu-certificat-verde\/","og_site_name":"MHF Photography","article_published_time":"2021-10-23T06:23:55+00:00","article_modified_time":"2021-10-23T08:36:42+00:00","og_image":[{"width":800,"height":450,"url":"https:\/\/mhf.ro\/mm\/wp-content\/uploads\/2021\/10\/carantina.jpg","type":"image\/jpeg"}],"author":"Marius Marcu","twitter_card":"summary_large_image","twitter_misc":{"Scris de":"Marius Marcu","Timp estimat pentru citire":"3 minute"},"schema":{"@context":"https:\/\/schema.org","@graph":[{"@type":"Article","@id":"https:\/\/mhf.ro\/mm\/restrictii-in-vigoare-de-luni-la-mall-doar-cu-certificat-verde\/#article","isPartOf":{"@id":"https:\/\/mhf.ro\/mm\/restrictii-in-vigoare-de-luni-la-mall-doar-cu-certificat-verde\/"},"author":{"name":"Marius Marcu","@id":"https:\/\/mhf.ro\/mm\/#\/schema\/person\/a3bebf7bdb4bf12f698aff73c7e46c21"},"headline":"Restric\u021bii \u00een vigoare de luni: La mall, doar cu certificat verde","datePublished":"2021-10-23T06:23:55+00:00","dateModified":"2021-10-23T08:36:42+00:00","mainEntityOfPage":{"@id":"https:\/\/mhf.ro\/mm\/restrictii-in-vigoare-de-luni-la-mall-doar-cu-certificat-verde\/"},"wordCount":686,"commentCount":0,"publisher":{"@id":"https:\/\/mhf.ro\/mm\/#\/schema\/person\/a3bebf7bdb4bf12f698aff73c7e46c21"},"image":{"@id":"https:\/\/mhf.ro\/mm\/restrictii-in-vigoare-de-luni-la-mall-doar-cu-certificat-verde\/#primaryimage"},"thumbnailUrl":"https:\/\/mhf.ro\/mm\/wp-content\/uploads\/2021\/10\/carantina.jpg","articleSection":["Comunicate","Diverse"],"inLanguage":"ro-RO","potentialAction":[{"@type":"CommentAction","name":"Comment","target":["https:\/\/mhf.ro\/mm\/restrictii-in-vigoare-de-luni-la-mall-doar-cu-certificat-verde\/#respond"]}]},{"@type":"WebPage","@id":"https:\/\/mhf.ro\/mm\/restrictii-in-vigoare-de-luni-la-mall-doar-cu-certificat-verde\/","url":"https:\/\/mhf.ro\/mm\/restrictii-in-vigoare-de-luni-la-mall-doar-cu-certificat-verde\/","name":"Restric\u021bii \u00een vigoare de luni: La mall, doar cu certificat verde - MHF Photography","isPartOf":{"@id":"https:\/\/mhf.ro\/mm\/#website"},"primaryImageOfPage":{"@id":"https:\/\/mhf.ro\/mm\/restrictii-in-vigoare-de-luni-la-mall-doar-cu-certificat-verde\/#primaryimage"},"image":{"@id":"https:\/\/mhf.ro\/mm\/restrictii-in-vigoare-de-luni-la-mall-doar-cu-certificat-verde\/#primaryimage"},"thumbnailUrl":"https:\/\/mhf.ro\/mm\/wp-content\/uploads\/2021\/10\/carantina.jpg","datePublished":"2021-10-23T06:23:55+00:00","dateModified":"2021-10-23T08:36:42+00:00","breadcrumb":{"@id":"https:\/\/mhf.ro\/mm\/restrictii-in-vigoare-de-luni-la-mall-doar-cu-certificat-verde\/#breadcrumb"},"inLanguage":"ro-RO","potentialAction":[{"@type":"ReadAction","target":["https:\/\/mhf.ro\/mm\/restrictii-in-vigoare-de-luni-la-mall-doar-cu-certificat-verde\/"]}]},{"@type":"ImageObject","inLanguage":"ro-RO","@id":"https:\/\/mhf.ro\/mm\/restrictii-in-vigoare-de-luni-la-mall-doar-cu-certificat-verde\/#primaryimage","url":"https:\/\/mhf.ro\/mm\/wp-content\/uploads\/2021\/10\/carantina.jpg","contentUrl":"https:\/\/mhf.ro\/mm\/wp-content\/uploads\/2021\/10\/carantina.jpg","width":800,"height":450},{"@type":"BreadcrumbList","@id":"https:\/\/mhf.ro\/mm\/restrictii-in-vigoare-de-luni-la-mall-doar-cu-certificat-verde\/#breadcrumb","itemListElement":[{"@type":"ListItem","position":1,"name":"Prima pagin\u0103","item":"https:\/\/mhf.ro\/mm\/"},{"@type":"ListItem","position":2,"name":"Restric\u021bii \u00een vigoare de luni: La mall, doar cu certificat verde"}]},{"@type":"WebSite","@id":"https:\/\/mhf.ro\/mm\/#website","url":"https:\/\/mhf.ro\/mm\/","name":"MHF Photography \u2013 Blog de fotografie, natur\u0103 \u0219i tehnic\u0103 divers\u0103","description":"Aventur\u0103 \u00een fiecare cadru.","publisher":{"@id":"https:\/\/mhf.ro\/mm\/#\/schema\/person\/a3bebf7bdb4bf12f698aff73c7e46c21"},"potentialAction":[{"@type":"SearchAction","target":{"@type":"EntryPoint","urlTemplate":"https:\/\/mhf.ro\/mm\/?s={search_term_string}"},"query-input":{"@type":"PropertyValueSpecification","valueRequired":true,"valueName":"search_term_string"}}],"inLanguage":"ro-RO"},{"@type":["Person","Organization"],"@id":"https:\/\/mhf.ro\/mm\/#\/schema\/person\/a3bebf7bdb4bf12f698aff73c7e46c21","name":"Marius Marcu","image":{"@type":"ImageObject","inLanguage":"ro-RO","@id":"https:\/\/mhf.ro\/mm\/#\/schema\/person\/image\/","url":"https:\/\/mhf.ro\/mm\/wp-content\/uploads\/2025\/12\/cropped-logo_mhf_2.png","contentUrl":"https:\/\/mhf.ro\/mm\/wp-content\/uploads\/2025\/12\/cropped-logo_mhf_2.png","width":1096,"height":457,"caption":"Marius Marcu"},"logo":{"@id":"https:\/\/mhf.ro\/mm\/#\/schema\/person\/image\/"},"sameAs":["https:\/\/mhf.ro\/mm"],"url":"https:\/\/mhf.ro\/mm\/author\/mihai\/"}]}},"_links":{"self":[{"href":"https:\/\/mhf.ro\/mm\/wp-json\/wp\/v2\/posts\/5493","targetHints":{"allow":["GET"]}}],"collection":[{"href":"https:\/\/mhf.ro\/mm\/wp-json\/wp\/v2\/posts"}],"about":[{"href":"https:\/\/mhf.ro\/mm\/wp-json\/wp\/v2\/types\/post"}],"author":[{"embeddable":true,"href":"https:\/\/mhf.ro\/mm\/wp-json\/wp\/v2\/users\/1"}],"replies":[{"embeddable":true,"href":"https:\/\/mhf.ro\/mm\/wp-json\/wp\/v2\/comments?post=5493"}],"version-history":[{"count":1,"href":"https:\/\/mhf.ro\/mm\/wp-json\/wp\/v2\/posts\/5493\/revisions"}],"predecessor-version":[{"id":5495,"href":"https:\/\/mhf.ro\/mm\/wp-json\/wp\/v2\/posts\/5493\/revisions\/5495"}],"wp:featuredmedia":[{"embeddable":true,"href":"https:\/\/mhf.ro\/mm\/wp-json\/wp\/v2\/media\/5494"}],"wp:attachment":[{"href":"https:\/\/mhf.ro\/mm\/wp-json\/wp\/v2\/media?parent=5493"}],"wp:term":[{"taxonomy":"category","embeddable":true,"href":"https:\/\/mhf.ro\/mm\/wp-json\/wp\/v2\/categories?post=5493"},{"taxonomy":"post_tag","embeddable":true,"href":"https:\/\/mhf.ro\/mm\/wp-json\/wp\/v2\/tags?post=5493"}],"curies":[{"name":"wp","href":"https:\/\/api.w.org\/{rel}","templated":true}]}}