{"id":5500,"date":"2021-10-24T15:26:08","date_gmt":"2021-10-24T13:26:08","guid":{"rendered":"https:\/\/mhf.ro\/mm\/?p=5500"},"modified":"2021-10-24T15:26:08","modified_gmt":"2021-10-24T13:26:08","slug":"sfintii-ardeleni-trecut-si-prezent","status":"publish","type":"post","link":"https:\/\/mhf.ro\/mm\/sfintii-ardeleni-trecut-si-prezent\/","title":{"rendered":"Sfin\u021bii Ardeleni-trecut \u0219i prezent"},"content":{"rendered":"<p>La 21 octombrie al fiec\u0103rui an sunt comemora\u021bii Sfin\u021bii m\u0103rturisitori pentru ortodoxie. C\u00e2\u021biva sunt numi\u021bi, cunoscu\u021bi din documentele vremii: c\u0103lug\u0103rii Visarion \u0219i Sofronie, \u021b\u0103ranul Nicolae Oprea, preo\u021bii Ioan \u0219i Moise. La \u00eenceputul sec. XVIII \u00een Transilvania, dup\u0103 cum se \u0219tie, a luat fiin\u021b\u0103 Biserica Unit\u0103 adic\u0103 rom\u00e2nii ortodoc\u0219i se unesc cu Biserica Catolica, atra\u0219i de avantajele Diplomei Leopldine. Semnatarii actului au precizat ,,a\u0219a ne unim cu Biserica Romei cea Catoliceasc\u0103 dac\u0103 s\u0103rb\u0103torile \u0219i obiceiurile noastre r\u0103m\u00e2n neschimbate. De se va schiumba ceva din ele nici aceste pece\u021bi s\u0103 nu mai aib\u0103 nici o putere asupra noastr\u0103\u201d. Dar unirea nu a fost primit\u0103 peste tot cu bra\u021bele descise. Mai mult, autorit\u0103\u021bile austriece au implementat cu for\u021ba unirea. Pe l\u00e2ng\u0103 m\u0103rturisitorii de mai sus, \u0219i al\u021bi ortodoc\u0219i au c\u0103zut victime catoliciz\u0103rii for\u021bate. Ex. \u00cen p\u0103durea dintre Jidvei \u0219i B\u0103lcaciu au fost \u00eempu\u0219ca\u021bi preo\u021bii ortodoc\u0219i din \u00eemprejurimi care refuzaser\u0103 s\u0103 treac\u0103 la uni\u021bi. \u00cen Cr\u0103ciunelu de Sus r\u0103m\u0103sese un preot ortodox b\u0103tr\u00e2n. O bunicu\u021b\u0103 din Feisa, Livia lui Onaca \u0219tia c\u0103 bunica ei a fost dus\u0103 s\u0103 fie botezat\u0103 acolo, confirm\u00e2nd existen\u021ba ultimului preot ortodox \u00een zon\u0103.<\/p>\n<p>A se citi \u0219i romanul <em>Plecarea vla\u0219inilor <\/em>de Ioana Postelicu-bazat pe amintiri din familie.<\/p>\n<p>Persecutarea de atunci a ortodoc\u0219ilor a fost \u00eenf\u0103ptuit\u0103 de autorit\u0103\u021bile austriece. Nu poate fi incriminat\u0103 Biserica Unit\u0103 de atunci, cu at\u00e2t mai pu\u021bin cea de acum.<\/p>\n<p>Ca o simetrie a istoriei, Biserica unit\u0103 a fost desfiin\u021bat\u0103 tot for\u021bat, \u00een 1948. De data aceasta de c\u0103tre statul comunist ateu. Nici \u00een acest caz nu poate fi incriminat\u0103, a\u0219a cum au \u00eencercat unii, Biserica Ortodox\u0103, ea av\u00e2nd la r\u00e2ndul ei mii de victime. Ex Arhimandritul ortodox Chesarie Georgescu era coleg de celul\u0103 cu cardinalul greco-catolic Alexandru Todea. Ortodoc\u0219ii \u0219i greco-catoilicii din \u00eenchisorile comuniste sunt, \u00een egal\u0103 m\u0103sur\u0103, vrednici de admira\u021bia noastr\u0103 \u0219i a genera\u021biilor viitoare.<\/p>\n<p>&nbsp;<\/p>\n","protected":false},"excerpt":{"rendered":"<p>La 21 octombrie al fiec\u0103rui an sunt comemora\u021bii Sfin\u021bii m\u0103rturisitori pentru ortodoxie. C\u00e2\u021biva sunt numi\u021bi, cunoscu\u021bi din documentele vremii: c\u0103lug\u0103rii<\/p>\n","protected":false},"author":4,"featured_media":5501,"comment_status":"open","ping_status":"open","sticky":false,"template":"","format":"standard","meta":{"colormag_page_container_layout":"default_layout","colormag_page_sidebar_layout":"default_layout","footnotes":""},"categories":[34],"tags":[],"class_list":["post-5500","post","type-post","status-publish","format-standard","has-post-thumbnail","hentry","category-religie"],"yoast_head":"<!-- This site is optimized with the Yoast SEO plugin v27.0 - https:\/\/yoast.com\/product\/yoast-seo-wordpress\/ -->\n<title>Sfin\u021bii Ardeleni-trecut \u0219i prezent - MHF Photography<\/title>\n<meta name=\"robots\" content=\"index, follow, max-snippet:-1, max-image-preview:large, max-video-preview:-1\" \/>\n<link rel=\"canonical\" href=\"https:\/\/mhf.ro\/mm\/sfintii-ardeleni-trecut-si-prezent\/\" \/>\n<meta property=\"og:locale\" content=\"ro_RO\" \/>\n<meta property=\"og:type\" content=\"article\" \/>\n<meta property=\"og:title\" content=\"Sfin\u021bii Ardeleni-trecut \u0219i prezent - MHF Photography\" \/>\n<meta property=\"og:description\" content=\"La 21 octombrie al fiec\u0103rui an sunt comemora\u021bii Sfin\u021bii m\u0103rturisitori pentru ortodoxie. C\u00e2\u021biva sunt numi\u021bi, cunoscu\u021bi din documentele vremii: c\u0103lug\u0103rii\" \/>\n<meta property=\"og:url\" content=\"https:\/\/mhf.ro\/mm\/sfintii-ardeleni-trecut-si-prezent\/\" \/>\n<meta property=\"og:site_name\" content=\"MHF Photography\" \/>\n<meta property=\"article:published_time\" content=\"2021-10-24T13:26:08+00:00\" \/>\n<meta property=\"og:image\" content=\"https:\/\/mhf.ro\/mm\/wp-content\/uploads\/2021\/10\/sf_marturisitori.jpg\" \/>\n\t<meta property=\"og:image:width\" content=\"640\" \/>\n\t<meta property=\"og:image:height\" content=\"379\" \/>\n\t<meta property=\"og:image:type\" content=\"image\/jpeg\" \/>\n<meta name=\"author\" content=\"Preot paroh Horvat Petru\" \/>\n<meta name=\"twitter:card\" content=\"summary_large_image\" \/>\n<meta name=\"twitter:label1\" content=\"Scris de\" \/>\n\t<meta name=\"twitter:data1\" content=\"Preot paroh Horvat Petru\" \/>\n\t<meta name=\"twitter:label2\" content=\"Timp estimat pentru citire\" \/>\n\t<meta name=\"twitter:data2\" content=\"2 minute\" \/>\n<script type=\"application\/ld+json\" class=\"yoast-schema-graph\">{\"@context\":\"https:\/\/schema.org\",\"@graph\":[{\"@type\":\"Article\",\"@id\":\"https:\/\/mhf.ro\/mm\/sfintii-ardeleni-trecut-si-prezent\/#article\",\"isPartOf\":{\"@id\":\"https:\/\/mhf.ro\/mm\/sfintii-ardeleni-trecut-si-prezent\/\"},\"author\":{\"name\":\"Preot paroh Horvat Petru\",\"@id\":\"https:\/\/mhf.ro\/mm\/#\/schema\/person\/4c8c06c801b7b666e81ed44550086900\"},\"headline\":\"Sfin\u021bii Ardeleni-trecut \u0219i prezent\",\"datePublished\":\"2021-10-24T13:26:08+00:00\",\"mainEntityOfPage\":{\"@id\":\"https:\/\/mhf.ro\/mm\/sfintii-ardeleni-trecut-si-prezent\/\"},\"wordCount\":364,\"commentCount\":0,\"publisher\":{\"@id\":\"https:\/\/mhf.ro\/mm\/#\/schema\/person\/a3bebf7bdb4bf12f698aff73c7e46c21\"},\"image\":{\"@id\":\"https:\/\/mhf.ro\/mm\/sfintii-ardeleni-trecut-si-prezent\/#primaryimage\"},\"thumbnailUrl\":\"https:\/\/mhf.ro\/mm\/wp-content\/uploads\/2021\/10\/sf_marturisitori.jpg\",\"articleSection\":[\"Religie\"],\"inLanguage\":\"ro-RO\",\"potentialAction\":[{\"@type\":\"CommentAction\",\"name\":\"Comment\",\"target\":[\"https:\/\/mhf.ro\/mm\/sfintii-ardeleni-trecut-si-prezent\/#respond\"]}]},{\"@type\":\"WebPage\",\"@id\":\"https:\/\/mhf.ro\/mm\/sfintii-ardeleni-trecut-si-prezent\/\",\"url\":\"https:\/\/mhf.ro\/mm\/sfintii-ardeleni-trecut-si-prezent\/\",\"name\":\"Sfin\u021bii Ardeleni-trecut \u0219i prezent - MHF Photography\",\"isPartOf\":{\"@id\":\"https:\/\/mhf.ro\/mm\/#website\"},\"primaryImageOfPage\":{\"@id\":\"https:\/\/mhf.ro\/mm\/sfintii-ardeleni-trecut-si-prezent\/#primaryimage\"},\"image\":{\"@id\":\"https:\/\/mhf.ro\/mm\/sfintii-ardeleni-trecut-si-prezent\/#primaryimage\"},\"thumbnailUrl\":\"https:\/\/mhf.ro\/mm\/wp-content\/uploads\/2021\/10\/sf_marturisitori.jpg\",\"datePublished\":\"2021-10-24T13:26:08+00:00\",\"breadcrumb\":{\"@id\":\"https:\/\/mhf.ro\/mm\/sfintii-ardeleni-trecut-si-prezent\/#breadcrumb\"},\"inLanguage\":\"ro-RO\",\"potentialAction\":[{\"@type\":\"ReadAction\",\"target\":[\"https:\/\/mhf.ro\/mm\/sfintii-ardeleni-trecut-si-prezent\/\"]}]},{\"@type\":\"ImageObject\",\"inLanguage\":\"ro-RO\",\"@id\":\"https:\/\/mhf.ro\/mm\/sfintii-ardeleni-trecut-si-prezent\/#primaryimage\",\"url\":\"https:\/\/mhf.ro\/mm\/wp-content\/uploads\/2021\/10\/sf_marturisitori.jpg\",\"contentUrl\":\"https:\/\/mhf.ro\/mm\/wp-content\/uploads\/2021\/10\/sf_marturisitori.jpg\",\"width\":640,\"height\":379},{\"@type\":\"BreadcrumbList\",\"@id\":\"https:\/\/mhf.ro\/mm\/sfintii-ardeleni-trecut-si-prezent\/#breadcrumb\",\"itemListElement\":[{\"@type\":\"ListItem\",\"position\":1,\"name\":\"Prima pagin\u0103\",\"item\":\"https:\/\/mhf.ro\/mm\/\"},{\"@type\":\"ListItem\",\"position\":2,\"name\":\"Sfin\u021bii Ardeleni-trecut \u0219i prezent\"}]},{\"@type\":\"WebSite\",\"@id\":\"https:\/\/mhf.ro\/mm\/#website\",\"url\":\"https:\/\/mhf.ro\/mm\/\",\"name\":\"MHF Photography \u2013 Blog de fotografie, natur\u0103 \u0219i tehnic\u0103 divers\u0103\",\"description\":\"Aventur\u0103 \u00een fiecare cadru.\",\"publisher\":{\"@id\":\"https:\/\/mhf.ro\/mm\/#\/schema\/person\/a3bebf7bdb4bf12f698aff73c7e46c21\"},\"potentialAction\":[{\"@type\":\"SearchAction\",\"target\":{\"@type\":\"EntryPoint\",\"urlTemplate\":\"https:\/\/mhf.ro\/mm\/?s={search_term_string}\"},\"query-input\":{\"@type\":\"PropertyValueSpecification\",\"valueRequired\":true,\"valueName\":\"search_term_string\"}}],\"inLanguage\":\"ro-RO\"},{\"@type\":[\"Person\",\"Organization\"],\"@id\":\"https:\/\/mhf.ro\/mm\/#\/schema\/person\/a3bebf7bdb4bf12f698aff73c7e46c21\",\"name\":\"Marius Marcu\",\"image\":{\"@type\":\"ImageObject\",\"inLanguage\":\"ro-RO\",\"@id\":\"https:\/\/mhf.ro\/mm\/#\/schema\/person\/image\/\",\"url\":\"https:\/\/mhf.ro\/mm\/wp-content\/uploads\/2025\/12\/cropped-logo_mhf_2.png\",\"contentUrl\":\"https:\/\/mhf.ro\/mm\/wp-content\/uploads\/2025\/12\/cropped-logo_mhf_2.png\",\"width\":1096,\"height\":457,\"caption\":\"Marius Marcu\"},\"logo\":{\"@id\":\"https:\/\/mhf.ro\/mm\/#\/schema\/person\/image\/\"},\"sameAs\":[\"https:\/\/mhf.ro\/mm\"]},{\"@type\":\"Person\",\"@id\":\"https:\/\/mhf.ro\/mm\/#\/schema\/person\/4c8c06c801b7b666e81ed44550086900\",\"name\":\"Preot paroh Horvat Petru\",\"image\":{\"@type\":\"ImageObject\",\"inLanguage\":\"ro-RO\",\"@id\":\"https:\/\/mhf.ro\/mm\/#\/schema\/person\/image\/\",\"url\":\"https:\/\/secure.gravatar.com\/avatar\/c2d2dcdf21c6f41aad486d71768c144cd6e23cb7b63bae9bd6fab542b26ad321?s=96&d=monsterid&r=g\",\"contentUrl\":\"https:\/\/secure.gravatar.com\/avatar\/c2d2dcdf21c6f41aad486d71768c144cd6e23cb7b63bae9bd6fab542b26ad321?s=96&d=monsterid&r=g\",\"caption\":\"Preot paroh Horvat Petru\"},\"sameAs\":[\"https:\/\/mhf.ro\/mm\"],\"url\":\"https:\/\/mhf.ro\/mm\/author\/petrica\/\"}]}<\/script>\n<!-- \/ Yoast SEO plugin. -->","yoast_head_json":{"title":"Sfin\u021bii Ardeleni-trecut \u0219i prezent - MHF Photography","robots":{"index":"index","follow":"follow","max-snippet":"max-snippet:-1","max-image-preview":"max-image-preview:large","max-video-preview":"max-video-preview:-1"},"canonical":"https:\/\/mhf.ro\/mm\/sfintii-ardeleni-trecut-si-prezent\/","og_locale":"ro_RO","og_type":"article","og_title":"Sfin\u021bii Ardeleni-trecut \u0219i prezent - MHF Photography","og_description":"La 21 octombrie al fiec\u0103rui an sunt comemora\u021bii Sfin\u021bii m\u0103rturisitori pentru ortodoxie. C\u00e2\u021biva sunt numi\u021bi, cunoscu\u021bi din documentele vremii: c\u0103lug\u0103rii","og_url":"https:\/\/mhf.ro\/mm\/sfintii-ardeleni-trecut-si-prezent\/","og_site_name":"MHF Photography","article_published_time":"2021-10-24T13:26:08+00:00","og_image":[{"width":640,"height":379,"url":"https:\/\/mhf.ro\/mm\/wp-content\/uploads\/2021\/10\/sf_marturisitori.jpg","type":"image\/jpeg"}],"author":"Preot paroh Horvat Petru","twitter_card":"summary_large_image","twitter_misc":{"Scris de":"Preot paroh Horvat Petru","Timp estimat pentru citire":"2 minute"},"schema":{"@context":"https:\/\/schema.org","@graph":[{"@type":"Article","@id":"https:\/\/mhf.ro\/mm\/sfintii-ardeleni-trecut-si-prezent\/#article","isPartOf":{"@id":"https:\/\/mhf.ro\/mm\/sfintii-ardeleni-trecut-si-prezent\/"},"author":{"name":"Preot paroh Horvat Petru","@id":"https:\/\/mhf.ro\/mm\/#\/schema\/person\/4c8c06c801b7b666e81ed44550086900"},"headline":"Sfin\u021bii Ardeleni-trecut \u0219i prezent","datePublished":"2021-10-24T13:26:08+00:00","mainEntityOfPage":{"@id":"https:\/\/mhf.ro\/mm\/sfintii-ardeleni-trecut-si-prezent\/"},"wordCount":364,"commentCount":0,"publisher":{"@id":"https:\/\/mhf.ro\/mm\/#\/schema\/person\/a3bebf7bdb4bf12f698aff73c7e46c21"},"image":{"@id":"https:\/\/mhf.ro\/mm\/sfintii-ardeleni-trecut-si-prezent\/#primaryimage"},"thumbnailUrl":"https:\/\/mhf.ro\/mm\/wp-content\/uploads\/2021\/10\/sf_marturisitori.jpg","articleSection":["Religie"],"inLanguage":"ro-RO","potentialAction":[{"@type":"CommentAction","name":"Comment","target":["https:\/\/mhf.ro\/mm\/sfintii-ardeleni-trecut-si-prezent\/#respond"]}]},{"@type":"WebPage","@id":"https:\/\/mhf.ro\/mm\/sfintii-ardeleni-trecut-si-prezent\/","url":"https:\/\/mhf.ro\/mm\/sfintii-ardeleni-trecut-si-prezent\/","name":"Sfin\u021bii Ardeleni-trecut \u0219i prezent - MHF Photography","isPartOf":{"@id":"https:\/\/mhf.ro\/mm\/#website"},"primaryImageOfPage":{"@id":"https:\/\/mhf.ro\/mm\/sfintii-ardeleni-trecut-si-prezent\/#primaryimage"},"image":{"@id":"https:\/\/mhf.ro\/mm\/sfintii-ardeleni-trecut-si-prezent\/#primaryimage"},"thumbnailUrl":"https:\/\/mhf.ro\/mm\/wp-content\/uploads\/2021\/10\/sf_marturisitori.jpg","datePublished":"2021-10-24T13:26:08+00:00","breadcrumb":{"@id":"https:\/\/mhf.ro\/mm\/sfintii-ardeleni-trecut-si-prezent\/#breadcrumb"},"inLanguage":"ro-RO","potentialAction":[{"@type":"ReadAction","target":["https:\/\/mhf.ro\/mm\/sfintii-ardeleni-trecut-si-prezent\/"]}]},{"@type":"ImageObject","inLanguage":"ro-RO","@id":"https:\/\/mhf.ro\/mm\/sfintii-ardeleni-trecut-si-prezent\/#primaryimage","url":"https:\/\/mhf.ro\/mm\/wp-content\/uploads\/2021\/10\/sf_marturisitori.jpg","contentUrl":"https:\/\/mhf.ro\/mm\/wp-content\/uploads\/2021\/10\/sf_marturisitori.jpg","width":640,"height":379},{"@type":"BreadcrumbList","@id":"https:\/\/mhf.ro\/mm\/sfintii-ardeleni-trecut-si-prezent\/#breadcrumb","itemListElement":[{"@type":"ListItem","position":1,"name":"Prima pagin\u0103","item":"https:\/\/mhf.ro\/mm\/"},{"@type":"ListItem","position":2,"name":"Sfin\u021bii Ardeleni-trecut \u0219i prezent"}]},{"@type":"WebSite","@id":"https:\/\/mhf.ro\/mm\/#website","url":"https:\/\/mhf.ro\/mm\/","name":"MHF Photography \u2013 Blog de fotografie, natur\u0103 \u0219i tehnic\u0103 divers\u0103","description":"Aventur\u0103 \u00een fiecare cadru.","publisher":{"@id":"https:\/\/mhf.ro\/mm\/#\/schema\/person\/a3bebf7bdb4bf12f698aff73c7e46c21"},"potentialAction":[{"@type":"SearchAction","target":{"@type":"EntryPoint","urlTemplate":"https:\/\/mhf.ro\/mm\/?s={search_term_string}"},"query-input":{"@type":"PropertyValueSpecification","valueRequired":true,"valueName":"search_term_string"}}],"inLanguage":"ro-RO"},{"@type":["Person","Organization"],"@id":"https:\/\/mhf.ro\/mm\/#\/schema\/person\/a3bebf7bdb4bf12f698aff73c7e46c21","name":"Marius Marcu","image":{"@type":"ImageObject","inLanguage":"ro-RO","@id":"https:\/\/mhf.ro\/mm\/#\/schema\/person\/image\/","url":"https:\/\/mhf.ro\/mm\/wp-content\/uploads\/2025\/12\/cropped-logo_mhf_2.png","contentUrl":"https:\/\/mhf.ro\/mm\/wp-content\/uploads\/2025\/12\/cropped-logo_mhf_2.png","width":1096,"height":457,"caption":"Marius Marcu"},"logo":{"@id":"https:\/\/mhf.ro\/mm\/#\/schema\/person\/image\/"},"sameAs":["https:\/\/mhf.ro\/mm"]},{"@type":"Person","@id":"https:\/\/mhf.ro\/mm\/#\/schema\/person\/4c8c06c801b7b666e81ed44550086900","name":"Preot paroh Horvat Petru","image":{"@type":"ImageObject","inLanguage":"ro-RO","@id":"https:\/\/mhf.ro\/mm\/#\/schema\/person\/image\/","url":"https:\/\/secure.gravatar.com\/avatar\/c2d2dcdf21c6f41aad486d71768c144cd6e23cb7b63bae9bd6fab542b26ad321?s=96&d=monsterid&r=g","contentUrl":"https:\/\/secure.gravatar.com\/avatar\/c2d2dcdf21c6f41aad486d71768c144cd6e23cb7b63bae9bd6fab542b26ad321?s=96&d=monsterid&r=g","caption":"Preot paroh Horvat Petru"},"sameAs":["https:\/\/mhf.ro\/mm"],"url":"https:\/\/mhf.ro\/mm\/author\/petrica\/"}]}},"_links":{"self":[{"href":"https:\/\/mhf.ro\/mm\/wp-json\/wp\/v2\/posts\/5500","targetHints":{"allow":["GET"]}}],"collection":[{"href":"https:\/\/mhf.ro\/mm\/wp-json\/wp\/v2\/posts"}],"about":[{"href":"https:\/\/mhf.ro\/mm\/wp-json\/wp\/v2\/types\/post"}],"author":[{"embeddable":true,"href":"https:\/\/mhf.ro\/mm\/wp-json\/wp\/v2\/users\/4"}],"replies":[{"embeddable":true,"href":"https:\/\/mhf.ro\/mm\/wp-json\/wp\/v2\/comments?post=5500"}],"version-history":[{"count":1,"href":"https:\/\/mhf.ro\/mm\/wp-json\/wp\/v2\/posts\/5500\/revisions"}],"predecessor-version":[{"id":5502,"href":"https:\/\/mhf.ro\/mm\/wp-json\/wp\/v2\/posts\/5500\/revisions\/5502"}],"wp:featuredmedia":[{"embeddable":true,"href":"https:\/\/mhf.ro\/mm\/wp-json\/wp\/v2\/media\/5501"}],"wp:attachment":[{"href":"https:\/\/mhf.ro\/mm\/wp-json\/wp\/v2\/media?parent=5500"}],"wp:term":[{"taxonomy":"category","embeddable":true,"href":"https:\/\/mhf.ro\/mm\/wp-json\/wp\/v2\/categories?post=5500"},{"taxonomy":"post_tag","embeddable":true,"href":"https:\/\/mhf.ro\/mm\/wp-json\/wp\/v2\/tags?post=5500"}],"curies":[{"name":"wp","href":"https:\/\/api.w.org\/{rel}","templated":true}]}}