{"id":5504,"date":"2021-10-25T07:37:19","date_gmt":"2021-10-25T05:37:19","guid":{"rendered":"https:\/\/mhf.ro\/mm\/?p=5504"},"modified":"2021-10-25T07:37:19","modified_gmt":"2021-10-25T05:37:19","slug":"gazprom-sisteaza-livrarile-de-gaz-catre-republica-moldova","status":"publish","type":"post","link":"https:\/\/mhf.ro\/mm\/gazprom-sisteaza-livrarile-de-gaz-catre-republica-moldova\/","title":{"rendered":"Gazprom sisteaz\u0103 livr\u0103rile de gaz c\u0103tre Republica Moldova"},"content":{"rendered":"<div class=\"lead-articol\">\n<p>Republica Moldova a fost avertizat\u0103 de Gazprom c\u0103 dac\u0103 nu pl\u0103te\u015fte integral datoria pentru volumele de gaze contractate \u00een septembrie \u015fi octombrie, din decembrie livrarea va fi sistat\u0103.<\/p>\n<\/div>\n<p>Aceast\u0103 situa\u021bie a ap\u0103rut pe fondul intr\u0103rii \u00een impas a negocierilor dintre cele dou\u0103 p\u0103r\u0163i. Motivul: pre\u0163ului cerut de societatea rus\u0103 pentru un nou contract, relateaz\u0103 mass-media de peste Prut \u015fi agen\u0163ii interna\u0163ionale de pres\u0103.<\/p>\n<p>Purt\u0103torul de cuv\u00e2nt al Gazprom, Serghei Kuprianov a avertizat c\u0103 va suspenda furnizarea gazelor.<\/p>\n<p>\u201cDatoria ini\u0163ial\u0103 era de 433 de milioane de dolari, care ulterior din nerespectarea termenelor de achitare a crescut la 709 milioane de dolari. Cu toate acestea, autorit\u0103\u0163ile de la Chi\u015fin\u0103u nu vor s\u0103 recunoasc\u0103 aceast\u0103 datorie.<\/p>\n<p>Dac\u0103 nu sunt achitate integral livr\u0103rile de gaze \u015fi, \u00een consecin\u0163\u0103, nu va fi semnat un nou contract pentru perioada \u00eencep\u00e2nd din 1 decembrie, atunci Gazprom va suspenda furnizarea gazelor\u2033\u2063.<\/p>\n<p>Serghei Kuprianov sus\u021bine c\u0103 \u00een Republica Moldova situa\u021bia este \u2033\u2063foarte complicat\u0103\u2033\u2063, dar a estimat c\u0103 \u2033\u2063vina revine \u00een totalitate autorit\u0103\u0163ilor\u2033\u2063 de la Chi\u015fin\u0103u care \u2033\u2063au provocat criza cu m\u00e2na lor\u2033\u2063.<\/p>\n<p>Conform reprezentantului Gazprom autorit\u0103\u0163ile de la Chi\u0219in\u0103u inten\u0163ioneaz\u0103 s\u0103 lichideze compania Moldova-Gaz, cea prin care au fost contractate livr\u0103rile \u00een prezent datorate de Chi\u015fin\u0103u.<\/p>\n<p>Compania rus\u0103 a propus o reducere cu 25% a pre\u0163ului pentru livr\u0103rile de la 1 decembrie numai dac\u0103 se pl\u0103te\u0219te integral datoria. Chi\u015fin\u0103ul, pe de alt\u0103 parte, cere o reducere de 50%.<\/p>\n<p>Ministrul Infrastructurii \u015fi Dezvolt\u0103rii Regionale, Andrei Sp\u00eenu sus\u021bine c\u0103 nu poate accepta s\u0103 pl\u0103teasc\u0103 pentru gaze un pre\u0163 mai mare dec\u00e2t celelalte \u0163\u0103ri din regiune.<\/p>\n<p>Premierul Natalia Gavrili\u0163\u0103 a anun\u0163at c\u0103 guvernul s\u0103u negociaz\u0103 achizi\u0163ii de gaze din Ucraina, Rom\u00e2nia \u015fi Polonia.<\/p>\n<p>Republica Moldova a instituit starea de alert\u0103 \u00een sectorul energetic. (conf. Jurnalist.ro)<\/p>\n","protected":false},"excerpt":{"rendered":"<p>Republica Moldova a fost avertizat\u0103 de Gazprom c\u0103 dac\u0103 nu pl\u0103te\u015fte integral datoria pentru volumele de gaze contractate \u00een septembrie<\/p>\n","protected":false},"author":1,"featured_media":5505,"comment_status":"open","ping_status":"open","sticky":false,"template":"","format":"standard","meta":{"colormag_page_container_layout":"default_layout","colormag_page_sidebar_layout":"default_layout","footnotes":""},"categories":[8],"tags":[],"class_list":["post-5504","post","type-post","status-publish","format-standard","has-post-thumbnail","hentry","category-div"],"yoast_head":"<!-- This site is optimized with the Yoast SEO plugin v27.0 - https:\/\/yoast.com\/product\/yoast-seo-wordpress\/ -->\n<title>Gazprom sisteaz\u0103 livr\u0103rile de gaz c\u0103tre Republica Moldova - MHF Photography<\/title>\n<meta name=\"robots\" content=\"index, follow, max-snippet:-1, max-image-preview:large, max-video-preview:-1\" \/>\n<link rel=\"canonical\" href=\"https:\/\/mhf.ro\/mm\/gazprom-sisteaza-livrarile-de-gaz-catre-republica-moldova\/\" \/>\n<meta property=\"og:locale\" content=\"ro_RO\" \/>\n<meta property=\"og:type\" content=\"article\" \/>\n<meta property=\"og:title\" content=\"Gazprom sisteaz\u0103 livr\u0103rile de gaz c\u0103tre Republica Moldova - MHF Photography\" \/>\n<meta property=\"og:description\" content=\"Republica Moldova a fost avertizat\u0103 de Gazprom c\u0103 dac\u0103 nu pl\u0103te\u015fte integral datoria pentru volumele de gaze contractate \u00een septembrie\" \/>\n<meta property=\"og:url\" content=\"https:\/\/mhf.ro\/mm\/gazprom-sisteaza-livrarile-de-gaz-catre-republica-moldova\/\" \/>\n<meta property=\"og:site_name\" content=\"MHF Photography\" \/>\n<meta property=\"article:published_time\" content=\"2021-10-25T05:37:19+00:00\" \/>\n<meta property=\"og:image\" content=\"https:\/\/mhf.ro\/mm\/wp-content\/uploads\/2021\/10\/gazprom.jpg\" \/>\n\t<meta property=\"og:image:width\" content=\"809\" \/>\n\t<meta property=\"og:image:height\" content=\"456\" \/>\n\t<meta property=\"og:image:type\" content=\"image\/jpeg\" \/>\n<meta name=\"author\" content=\"Marius Marcu\" \/>\n<meta name=\"twitter:card\" content=\"summary_large_image\" \/>\n<meta name=\"twitter:label1\" content=\"Scris de\" \/>\n\t<meta name=\"twitter:data1\" content=\"Marius Marcu\" \/>\n\t<meta name=\"twitter:label2\" content=\"Timp estimat pentru citire\" \/>\n\t<meta name=\"twitter:data2\" content=\"2 minute\" \/>\n<script type=\"application\/ld+json\" class=\"yoast-schema-graph\">{\"@context\":\"https:\/\/schema.org\",\"@graph\":[{\"@type\":\"Article\",\"@id\":\"https:\/\/mhf.ro\/mm\/gazprom-sisteaza-livrarile-de-gaz-catre-republica-moldova\/#article\",\"isPartOf\":{\"@id\":\"https:\/\/mhf.ro\/mm\/gazprom-sisteaza-livrarile-de-gaz-catre-republica-moldova\/\"},\"author\":{\"name\":\"Marius Marcu\",\"@id\":\"https:\/\/mhf.ro\/mm\/#\/schema\/person\/a3bebf7bdb4bf12f698aff73c7e46c21\"},\"headline\":\"Gazprom sisteaz\u0103 livr\u0103rile de gaz c\u0103tre Republica Moldova\",\"datePublished\":\"2021-10-25T05:37:19+00:00\",\"mainEntityOfPage\":{\"@id\":\"https:\/\/mhf.ro\/mm\/gazprom-sisteaza-livrarile-de-gaz-catre-republica-moldova\/\"},\"wordCount\":334,\"commentCount\":0,\"publisher\":{\"@id\":\"https:\/\/mhf.ro\/mm\/#\/schema\/person\/a3bebf7bdb4bf12f698aff73c7e46c21\"},\"image\":{\"@id\":\"https:\/\/mhf.ro\/mm\/gazprom-sisteaza-livrarile-de-gaz-catre-republica-moldova\/#primaryimage\"},\"thumbnailUrl\":\"https:\/\/mhf.ro\/mm\/wp-content\/uploads\/2021\/10\/gazprom.jpg\",\"articleSection\":[\"Diverse\"],\"inLanguage\":\"ro-RO\",\"potentialAction\":[{\"@type\":\"CommentAction\",\"name\":\"Comment\",\"target\":[\"https:\/\/mhf.ro\/mm\/gazprom-sisteaza-livrarile-de-gaz-catre-republica-moldova\/#respond\"]}]},{\"@type\":\"WebPage\",\"@id\":\"https:\/\/mhf.ro\/mm\/gazprom-sisteaza-livrarile-de-gaz-catre-republica-moldova\/\",\"url\":\"https:\/\/mhf.ro\/mm\/gazprom-sisteaza-livrarile-de-gaz-catre-republica-moldova\/\",\"name\":\"Gazprom sisteaz\u0103 livr\u0103rile de gaz c\u0103tre Republica Moldova - MHF Photography\",\"isPartOf\":{\"@id\":\"https:\/\/mhf.ro\/mm\/#website\"},\"primaryImageOfPage\":{\"@id\":\"https:\/\/mhf.ro\/mm\/gazprom-sisteaza-livrarile-de-gaz-catre-republica-moldova\/#primaryimage\"},\"image\":{\"@id\":\"https:\/\/mhf.ro\/mm\/gazprom-sisteaza-livrarile-de-gaz-catre-republica-moldova\/#primaryimage\"},\"thumbnailUrl\":\"https:\/\/mhf.ro\/mm\/wp-content\/uploads\/2021\/10\/gazprom.jpg\",\"datePublished\":\"2021-10-25T05:37:19+00:00\",\"breadcrumb\":{\"@id\":\"https:\/\/mhf.ro\/mm\/gazprom-sisteaza-livrarile-de-gaz-catre-republica-moldova\/#breadcrumb\"},\"inLanguage\":\"ro-RO\",\"potentialAction\":[{\"@type\":\"ReadAction\",\"target\":[\"https:\/\/mhf.ro\/mm\/gazprom-sisteaza-livrarile-de-gaz-catre-republica-moldova\/\"]}]},{\"@type\":\"ImageObject\",\"inLanguage\":\"ro-RO\",\"@id\":\"https:\/\/mhf.ro\/mm\/gazprom-sisteaza-livrarile-de-gaz-catre-republica-moldova\/#primaryimage\",\"url\":\"https:\/\/mhf.ro\/mm\/wp-content\/uploads\/2021\/10\/gazprom.jpg\",\"contentUrl\":\"https:\/\/mhf.ro\/mm\/wp-content\/uploads\/2021\/10\/gazprom.jpg\",\"width\":809,\"height\":456},{\"@type\":\"BreadcrumbList\",\"@id\":\"https:\/\/mhf.ro\/mm\/gazprom-sisteaza-livrarile-de-gaz-catre-republica-moldova\/#breadcrumb\",\"itemListElement\":[{\"@type\":\"ListItem\",\"position\":1,\"name\":\"Prima pagin\u0103\",\"item\":\"https:\/\/mhf.ro\/mm\/\"},{\"@type\":\"ListItem\",\"position\":2,\"name\":\"Gazprom sisteaz\u0103 livr\u0103rile de gaz c\u0103tre Republica Moldova\"}]},{\"@type\":\"WebSite\",\"@id\":\"https:\/\/mhf.ro\/mm\/#website\",\"url\":\"https:\/\/mhf.ro\/mm\/\",\"name\":\"MHF Photography \u2013 Blog de fotografie, natur\u0103 \u0219i tehnic\u0103 divers\u0103\",\"description\":\"Aventur\u0103 \u00een fiecare cadru.\",\"publisher\":{\"@id\":\"https:\/\/mhf.ro\/mm\/#\/schema\/person\/a3bebf7bdb4bf12f698aff73c7e46c21\"},\"potentialAction\":[{\"@type\":\"SearchAction\",\"target\":{\"@type\":\"EntryPoint\",\"urlTemplate\":\"https:\/\/mhf.ro\/mm\/?s={search_term_string}\"},\"query-input\":{\"@type\":\"PropertyValueSpecification\",\"valueRequired\":true,\"valueName\":\"search_term_string\"}}],\"inLanguage\":\"ro-RO\"},{\"@type\":[\"Person\",\"Organization\"],\"@id\":\"https:\/\/mhf.ro\/mm\/#\/schema\/person\/a3bebf7bdb4bf12f698aff73c7e46c21\",\"name\":\"Marius Marcu\",\"image\":{\"@type\":\"ImageObject\",\"inLanguage\":\"ro-RO\",\"@id\":\"https:\/\/mhf.ro\/mm\/#\/schema\/person\/image\/\",\"url\":\"https:\/\/mhf.ro\/mm\/wp-content\/uploads\/2025\/12\/cropped-logo_mhf_2.png\",\"contentUrl\":\"https:\/\/mhf.ro\/mm\/wp-content\/uploads\/2025\/12\/cropped-logo_mhf_2.png\",\"width\":1096,\"height\":457,\"caption\":\"Marius Marcu\"},\"logo\":{\"@id\":\"https:\/\/mhf.ro\/mm\/#\/schema\/person\/image\/\"},\"sameAs\":[\"https:\/\/mhf.ro\/mm\"],\"url\":\"https:\/\/mhf.ro\/mm\/author\/mihai\/\"}]}<\/script>\n<!-- \/ Yoast SEO plugin. -->","yoast_head_json":{"title":"Gazprom sisteaz\u0103 livr\u0103rile de gaz c\u0103tre Republica Moldova - MHF Photography","robots":{"index":"index","follow":"follow","max-snippet":"max-snippet:-1","max-image-preview":"max-image-preview:large","max-video-preview":"max-video-preview:-1"},"canonical":"https:\/\/mhf.ro\/mm\/gazprom-sisteaza-livrarile-de-gaz-catre-republica-moldova\/","og_locale":"ro_RO","og_type":"article","og_title":"Gazprom sisteaz\u0103 livr\u0103rile de gaz c\u0103tre Republica Moldova - MHF Photography","og_description":"Republica Moldova a fost avertizat\u0103 de Gazprom c\u0103 dac\u0103 nu pl\u0103te\u015fte integral datoria pentru volumele de gaze contractate \u00een septembrie","og_url":"https:\/\/mhf.ro\/mm\/gazprom-sisteaza-livrarile-de-gaz-catre-republica-moldova\/","og_site_name":"MHF Photography","article_published_time":"2021-10-25T05:37:19+00:00","og_image":[{"width":809,"height":456,"url":"https:\/\/mhf.ro\/mm\/wp-content\/uploads\/2021\/10\/gazprom.jpg","type":"image\/jpeg"}],"author":"Marius Marcu","twitter_card":"summary_large_image","twitter_misc":{"Scris de":"Marius Marcu","Timp estimat pentru citire":"2 minute"},"schema":{"@context":"https:\/\/schema.org","@graph":[{"@type":"Article","@id":"https:\/\/mhf.ro\/mm\/gazprom-sisteaza-livrarile-de-gaz-catre-republica-moldova\/#article","isPartOf":{"@id":"https:\/\/mhf.ro\/mm\/gazprom-sisteaza-livrarile-de-gaz-catre-republica-moldova\/"},"author":{"name":"Marius Marcu","@id":"https:\/\/mhf.ro\/mm\/#\/schema\/person\/a3bebf7bdb4bf12f698aff73c7e46c21"},"headline":"Gazprom sisteaz\u0103 livr\u0103rile de gaz c\u0103tre Republica Moldova","datePublished":"2021-10-25T05:37:19+00:00","mainEntityOfPage":{"@id":"https:\/\/mhf.ro\/mm\/gazprom-sisteaza-livrarile-de-gaz-catre-republica-moldova\/"},"wordCount":334,"commentCount":0,"publisher":{"@id":"https:\/\/mhf.ro\/mm\/#\/schema\/person\/a3bebf7bdb4bf12f698aff73c7e46c21"},"image":{"@id":"https:\/\/mhf.ro\/mm\/gazprom-sisteaza-livrarile-de-gaz-catre-republica-moldova\/#primaryimage"},"thumbnailUrl":"https:\/\/mhf.ro\/mm\/wp-content\/uploads\/2021\/10\/gazprom.jpg","articleSection":["Diverse"],"inLanguage":"ro-RO","potentialAction":[{"@type":"CommentAction","name":"Comment","target":["https:\/\/mhf.ro\/mm\/gazprom-sisteaza-livrarile-de-gaz-catre-republica-moldova\/#respond"]}]},{"@type":"WebPage","@id":"https:\/\/mhf.ro\/mm\/gazprom-sisteaza-livrarile-de-gaz-catre-republica-moldova\/","url":"https:\/\/mhf.ro\/mm\/gazprom-sisteaza-livrarile-de-gaz-catre-republica-moldova\/","name":"Gazprom sisteaz\u0103 livr\u0103rile de gaz c\u0103tre Republica Moldova - MHF Photography","isPartOf":{"@id":"https:\/\/mhf.ro\/mm\/#website"},"primaryImageOfPage":{"@id":"https:\/\/mhf.ro\/mm\/gazprom-sisteaza-livrarile-de-gaz-catre-republica-moldova\/#primaryimage"},"image":{"@id":"https:\/\/mhf.ro\/mm\/gazprom-sisteaza-livrarile-de-gaz-catre-republica-moldova\/#primaryimage"},"thumbnailUrl":"https:\/\/mhf.ro\/mm\/wp-content\/uploads\/2021\/10\/gazprom.jpg","datePublished":"2021-10-25T05:37:19+00:00","breadcrumb":{"@id":"https:\/\/mhf.ro\/mm\/gazprom-sisteaza-livrarile-de-gaz-catre-republica-moldova\/#breadcrumb"},"inLanguage":"ro-RO","potentialAction":[{"@type":"ReadAction","target":["https:\/\/mhf.ro\/mm\/gazprom-sisteaza-livrarile-de-gaz-catre-republica-moldova\/"]}]},{"@type":"ImageObject","inLanguage":"ro-RO","@id":"https:\/\/mhf.ro\/mm\/gazprom-sisteaza-livrarile-de-gaz-catre-republica-moldova\/#primaryimage","url":"https:\/\/mhf.ro\/mm\/wp-content\/uploads\/2021\/10\/gazprom.jpg","contentUrl":"https:\/\/mhf.ro\/mm\/wp-content\/uploads\/2021\/10\/gazprom.jpg","width":809,"height":456},{"@type":"BreadcrumbList","@id":"https:\/\/mhf.ro\/mm\/gazprom-sisteaza-livrarile-de-gaz-catre-republica-moldova\/#breadcrumb","itemListElement":[{"@type":"ListItem","position":1,"name":"Prima pagin\u0103","item":"https:\/\/mhf.ro\/mm\/"},{"@type":"ListItem","position":2,"name":"Gazprom sisteaz\u0103 livr\u0103rile de gaz c\u0103tre Republica Moldova"}]},{"@type":"WebSite","@id":"https:\/\/mhf.ro\/mm\/#website","url":"https:\/\/mhf.ro\/mm\/","name":"MHF Photography \u2013 Blog de fotografie, natur\u0103 \u0219i tehnic\u0103 divers\u0103","description":"Aventur\u0103 \u00een fiecare cadru.","publisher":{"@id":"https:\/\/mhf.ro\/mm\/#\/schema\/person\/a3bebf7bdb4bf12f698aff73c7e46c21"},"potentialAction":[{"@type":"SearchAction","target":{"@type":"EntryPoint","urlTemplate":"https:\/\/mhf.ro\/mm\/?s={search_term_string}"},"query-input":{"@type":"PropertyValueSpecification","valueRequired":true,"valueName":"search_term_string"}}],"inLanguage":"ro-RO"},{"@type":["Person","Organization"],"@id":"https:\/\/mhf.ro\/mm\/#\/schema\/person\/a3bebf7bdb4bf12f698aff73c7e46c21","name":"Marius Marcu","image":{"@type":"ImageObject","inLanguage":"ro-RO","@id":"https:\/\/mhf.ro\/mm\/#\/schema\/person\/image\/","url":"https:\/\/mhf.ro\/mm\/wp-content\/uploads\/2025\/12\/cropped-logo_mhf_2.png","contentUrl":"https:\/\/mhf.ro\/mm\/wp-content\/uploads\/2025\/12\/cropped-logo_mhf_2.png","width":1096,"height":457,"caption":"Marius Marcu"},"logo":{"@id":"https:\/\/mhf.ro\/mm\/#\/schema\/person\/image\/"},"sameAs":["https:\/\/mhf.ro\/mm"],"url":"https:\/\/mhf.ro\/mm\/author\/mihai\/"}]}},"_links":{"self":[{"href":"https:\/\/mhf.ro\/mm\/wp-json\/wp\/v2\/posts\/5504","targetHints":{"allow":["GET"]}}],"collection":[{"href":"https:\/\/mhf.ro\/mm\/wp-json\/wp\/v2\/posts"}],"about":[{"href":"https:\/\/mhf.ro\/mm\/wp-json\/wp\/v2\/types\/post"}],"author":[{"embeddable":true,"href":"https:\/\/mhf.ro\/mm\/wp-json\/wp\/v2\/users\/1"}],"replies":[{"embeddable":true,"href":"https:\/\/mhf.ro\/mm\/wp-json\/wp\/v2\/comments?post=5504"}],"version-history":[{"count":1,"href":"https:\/\/mhf.ro\/mm\/wp-json\/wp\/v2\/posts\/5504\/revisions"}],"predecessor-version":[{"id":5506,"href":"https:\/\/mhf.ro\/mm\/wp-json\/wp\/v2\/posts\/5504\/revisions\/5506"}],"wp:featuredmedia":[{"embeddable":true,"href":"https:\/\/mhf.ro\/mm\/wp-json\/wp\/v2\/media\/5505"}],"wp:attachment":[{"href":"https:\/\/mhf.ro\/mm\/wp-json\/wp\/v2\/media?parent=5504"}],"wp:term":[{"taxonomy":"category","embeddable":true,"href":"https:\/\/mhf.ro\/mm\/wp-json\/wp\/v2\/categories?post=5504"},{"taxonomy":"post_tag","embeddable":true,"href":"https:\/\/mhf.ro\/mm\/wp-json\/wp\/v2\/tags?post=5504"}],"curies":[{"name":"wp","href":"https:\/\/api.w.org\/{rel}","templated":true}]}}